{"id":55269,"date":"2023-07-19T19:34:56","date_gmt":"2023-07-19T23:34:56","guid":{"rendered":"https:\/\/lasprimeras.com.do\/?p=55269"},"modified":"2023-07-19T19:34:58","modified_gmt":"2023-07-19T23:34:58","slug":"regidor-de-sdn-inicia-retiro-de-vallas-propagandisticas-de-espacios-publicos","status":"publish","type":"post","link":"https:\/\/lasprimeras.com.do\/index.php\/2023\/07\/19\/regidor-de-sdn-inicia-retiro-de-vallas-propagandisticas-de-espacios-publicos\/","title":{"rendered":"Regidor de SDN inicia retiro de vallas propagand\u00edsticas de espacios p\u00fablicos"},"content":{"rendered":"\n<p><strong>Est\u00e1 estrictamente prohibida la instalaci\u00f3n de publicidad en postes el\u00e9ctricos o telef\u00f3nicos, \u00e1rboles o cualquier otro elemento que atente con la seguridad y\/o libre tr\u00e1nsito de los ciudadanos.<\/strong><\/p>\n\n\n\n<p>El presidente del Concejo de Regidores del municipio Santo Domingo Norte (SDN), Desiderio Mu\u00f1oz, inform\u00f3 que inici\u00f3 el retiro de todas las vallas y afiches propagand\u00edsticos pol\u00edticos que instal\u00f3 su equipo pol\u00edtico en espacios p\u00fablicos no permitidos.<\/p>\n\n\n\n<p>En respeto a las disposiciones legales y las normas establecidas en la Ordenanza 04-21 de la Alcald\u00eda de Santo Domingo Norte (ASDN), Mu\u00f1oz decidi\u00f3 desinstalar los anuncios propagand\u00edsticos que promov\u00edan su precandidatura como regidor.<\/p>\n\n\n\n<p>Desiderio Mu\u00f1oz tom\u00f3 la decisi\u00f3n a pocos d\u00edas de terminar el plazo de cinco d\u00edas otorgados de la ASDN, para que todos los aspirantes de cualquier partido pol\u00edtico respeten la ley en el municipio.<\/p>\n\n\n\n<p>\u201cComo somos respetuosos de todas las normas municipales, hemos tomado la decisi\u00f3n de retirar todas las vallas propagand\u00edstica del municipio\u201d, declar\u00f3 Mu\u00f1oz, en medio de un operativo.<\/p>\n\n\n\n<p>Con relaci\u00f3n a la propaganda electoral en espacios o lugares de dominio p\u00fablico, bienes p\u00fablicos y en inmuebles de propiedad privada, la Ordenanza 04-21 de la ASDN proh\u00edbe la instalaci\u00f3n de publicidad en postes el\u00e9ctricos o telef\u00f3nicos, \u00e1rboles o cualquier otro elemento que atente con la seguridad y\/o libre tr\u00e1nsito de los ciudadanos.<\/p>\n\n\n\n<p>Adem\u00e1s deja estrictamente prohibido la colocaci\u00f3n de cruza calles, carpas fijas en los espacios p\u00fablicos y pintar las paredes de las verjas y edificaciones para promover publicidad exterior.<\/p>\n\n\n\n<p>El pasado domingo la ASDN inform\u00f3 que daba un plazo 5 d\u00edas para que retiren todas las vallas publicitarias pol\u00edticas, se\u00f1alando que por disposici\u00f3n del alcalde Carlos Guzm\u00e1n, terminado dicho plazo se proceder\u00e1 a retirar todos los anuncios y publicidad propagand\u00edstica de cualquier partido pol\u00edtico.<\/p>\n\n\n\n<p>En un comunicado de prensa, la instituci\u00f3n municipal solicit\u00f3 a todos los precandidatos a diferentes cargos electivos a respetar la ley, recordando que est\u00e1 estrictamente prohibido la colocaci\u00f3n de afiches, cruza calles y publicidad adhesiva no permitida en espacios p\u00fablicos.<\/p>\n","protected":false},"excerpt":{"rendered":"<p>Est\u00e1 estrictamente prohibida la instalaci\u00f3n de publicidad en postes el\u00e9ctricos o telef\u00f3nicos, \u00e1rboles o cualquier otro elemento que atente con la seguridad y\/o libre tr\u00e1nsito de los ciudadanos. El presidente&hellip;<\/p>\n","protected":false},"author":2,"featured_media":55270,"comment_status":"open","ping_status":"open","sticky":false,"template":"","format":"standard","meta":{"content-type":"","jetpack_post_was_ever_published":false,"_jetpack_newsletter_access":"","_jetpack_dont_email_post_to_subs":false,"_jetpack_newsletter_tier_id":0,"_jetpack_memberships_contains_paywalled_content":false,"_jetpack_memberships_contains_paid_content":false,"footnotes":""},"categories":[35,25],"tags":[4983,4679,4771,296,32,2092,4524],"class_list":["post-55269","post","type-post","status-publish","format-standard","has-post-thumbnail","hentry","category-nacionales","category-portada","tag-desiderio-munoz","tag-espacios","tag-propagandisticas","tag-publicos","tag-regidor","tag-sdn","tag-vallas"],"jetpack_featured_media_url":"https:\/\/lasprimeras.com.do\/wp-content\/uploads\/2023\/07\/Desiderio-Arias.jpg","jetpack-related-posts":[{"id":54893,"url":"https:\/\/lasprimeras.com.do\/index.php\/2023\/07\/16\/asdn-da-plazo-de-5-dias-para-retirar-vallas-propagandisticas\/","url_meta":{"origin":55269,"position":0},"title":"ASDN da plazo de 5 d\u00edas para retirar vallas propagand\u00edsticas","author":"Nelson Feliz","date":"16 de julio de 2023","format":false,"excerpt":"Guzm\u00e1n dice no permitida vallas en espacios p\u00fablicos. La Alcald\u00eda de Santo Domingo Norte (ASDN), inform\u00f3 que dar\u00e1 un plazo de tres d\u00edas para que se retiren todas las vallas y afiches propagand\u00edsticos pol\u00edticos no permitidos en espacios p\u00fablicos del municipio, solicitando a todos los precandidatos a diferentes cargos electivos\u2026","rel":"","context":"En \u00abNACIONALES\u00bb","block_context":{"text":"NACIONALES","link":"https:\/\/lasprimeras.com.do\/index.php\/category\/nacionales\/"},"img":{"alt_text":"Alcald\u00eda de Santo Domingo Norte","src":"https:\/\/i0.wp.com\/lasprimeras.com.do\/wp-content\/uploads\/2023\/07\/Alcaldia-de-Santo-Domingo-Norte.jpg?resize=350%2C200&ssl=1","width":350,"height":200,"srcset":"https:\/\/i0.wp.com\/lasprimeras.com.do\/wp-content\/uploads\/2023\/07\/Alcaldia-de-Santo-Domingo-Norte.jpg?resize=350%2C200&ssl=1 1x, https:\/\/i0.wp.com\/lasprimeras.com.do\/wp-content\/uploads\/2023\/07\/Alcaldia-de-Santo-Domingo-Norte.jpg?resize=525%2C300&ssl=1 1.5x, https:\/\/i0.wp.com\/lasprimeras.com.do\/wp-content\/uploads\/2023\/07\/Alcaldia-de-Santo-Domingo-Norte.jpg?resize=700%2C400&ssl=1 2x"},"classes":[]},{"id":75244,"url":"https:\/\/lasprimeras.com.do\/index.php\/2024\/01\/30\/carlos-guzman-presenta-17-candidatos-a-regidores-de-la-fp-en-sdn\/","url_meta":{"origin":55269,"position":1},"title":"Carlos Guzm\u00e1n presenta 17 candidatos a regidores de la FP en SDN","author":"Nelson Feliz","date":"30 de enero de 2024","format":false,"excerpt":"Guzm\u00e1n se\u00f1al\u00f3 que todos los candidatos cuentan con un amplio respaldo y miles de seguidores en Villa Mella, Los Guaricanos, Sabana Perdida y zonas rurales del municipio. El alcalde de Santo Domingo Norte (SDN) y candidato a la misma posici\u00f3n por la Alianza Opositora Rescate RD, Carlos Guzm\u00e1n, present\u00f3 oficialmente\u2026","rel":"","context":"En \u00abPORTADA\u00bb","block_context":{"text":"PORTADA","link":"https:\/\/lasprimeras.com.do\/index.php\/category\/portada\/"},"img":{"alt_text":"Carlos Guzm\u00e1n","src":"https:\/\/i0.wp.com\/lasprimeras.com.do\/wp-content\/uploads\/2024\/01\/Carlos-Guzman-1-2.jpg?resize=350%2C200&ssl=1","width":350,"height":200,"srcset":"https:\/\/i0.wp.com\/lasprimeras.com.do\/wp-content\/uploads\/2024\/01\/Carlos-Guzman-1-2.jpg?resize=350%2C200&ssl=1 1x, https:\/\/i0.wp.com\/lasprimeras.com.do\/wp-content\/uploads\/2024\/01\/Carlos-Guzman-1-2.jpg?resize=525%2C300&ssl=1 1.5x"},"classes":[]},{"id":64322,"url":"https:\/\/lasprimeras.com.do\/index.php\/2023\/10\/19\/acusan-ejecutivos-ayuntamiento-sdn-de-aliarse-contra-comunidad\/","url_meta":{"origin":55269,"position":2},"title":"Acusan ejecutivos ayuntamiento SDN de aliarse contra comunidad","author":"Nelson Feliz","date":"19 de octubre de 2023","format":false,"excerpt":"Decenas de personas realizaron una protesta frente al Ayuntamiento de Santo Domingo Norte en demanda de que ese cabildo y sus autoridades desistan supuestamente de apoyar a un grupo de empresarios que buscan instalar un relleno sanitario en su sector Mata Gorda. Manifestaron que es un abuso que regidores y\u2026","rel":"","context":"En \u00abNACIONALES\u00bb","block_context":{"text":"NACIONALES","link":"https:\/\/lasprimeras.com.do\/index.php\/category\/nacionales\/"},"img":{"alt_text":"PROTESTA","src":"https:\/\/i0.wp.com\/lasprimeras.com.do\/wp-content\/uploads\/2023\/10\/PROTESTA-FOTO-2.jpg?resize=350%2C200&ssl=1","width":350,"height":200,"srcset":"https:\/\/i0.wp.com\/lasprimeras.com.do\/wp-content\/uploads\/2023\/10\/PROTESTA-FOTO-2.jpg?resize=350%2C200&ssl=1 1x, https:\/\/i0.wp.com\/lasprimeras.com.do\/wp-content\/uploads\/2023\/10\/PROTESTA-FOTO-2.jpg?resize=525%2C300&ssl=1 1.5x, https:\/\/i0.wp.com\/lasprimeras.com.do\/wp-content\/uploads\/2023\/10\/PROTESTA-FOTO-2.jpg?resize=700%2C400&ssl=1 2x"},"classes":[]},{"id":53134,"url":"https:\/\/lasprimeras.com.do\/index.php\/2023\/06\/23\/alcalde-carlos-guzman-elogia-y-resalta-trabajo-de-pastores-evangelicos-de-sdn\/","url_meta":{"origin":55269,"position":3},"title":"Alcalde Carlos Guzm\u00e1n elogia y resalta trabajo de pastores evang\u00e9licos de SDN","author":"Nelson Feliz","date":"23 de junio de 2023","format":false,"excerpt":"El Concejo de Regidores de la ASDN entreg\u00f3 placas de reconocimiento a Ezequiel Molina y a Juan Tiburcio. Por Martin Restituyo El alcalde Carlos Guzm\u00e1n reconoci\u00f3 el trabajo que realizan los pastores y obispos evang\u00e9licos de Santo Domingo Norte (SDN) a favor de la demarcaci\u00f3n, calific\u00e1ndolos de pilares en el\u2026","rel":"","context":"En \u00abNACIONALES\u00bb","block_context":{"text":"NACIONALES","link":"https:\/\/lasprimeras.com.do\/index.php\/category\/nacionales\/"},"img":{"alt_text":"El Concejo de Regidores de la ASDN entreg\u00f3 placas de reconocimiento a Ezequiel Molina y a Juan Tiburcio.","src":"https:\/\/i0.wp.com\/lasprimeras.com.do\/wp-content\/uploads\/2023\/06\/Carlos-Guzman.jpg?resize=350%2C200&ssl=1","width":350,"height":200,"srcset":"https:\/\/i0.wp.com\/lasprimeras.com.do\/wp-content\/uploads\/2023\/06\/Carlos-Guzman.jpg?resize=350%2C200&ssl=1 1x, https:\/\/i0.wp.com\/lasprimeras.com.do\/wp-content\/uploads\/2023\/06\/Carlos-Guzman.jpg?resize=525%2C300&ssl=1 1.5x, https:\/\/i0.wp.com\/lasprimeras.com.do\/wp-content\/uploads\/2023\/06\/Carlos-Guzman.jpg?resize=700%2C400&ssl=1 2x"},"classes":[]},{"id":102515,"url":"https:\/\/lasprimeras.com.do\/index.php\/2025\/07\/06\/inabie-lleva-servicios-de-salud-a-sdn-en-jornada-del-gobierno-en-las-provincias\/","url_meta":{"origin":55269,"position":4},"title":"INABIE lleva servicios de salud a SDN en jornada del Gobierno en las Provincias","author":"Nelson Feliz","date":"6 de julio de 2025","format":false,"excerpt":"En continuidad con el programa \u201cEl Gobierno en las Provincias\u201d, que se desarrolla desde la Presidencia de la Rep\u00fablica como pol\u00edtica de cercan\u00eda y acci\u00f3n directa con la ciudadan\u00eda, el Instituto Nacional de Bienestar Estudiantil (INABIE) realiz\u00f3 una jornada de salud integral dirigida a ni\u00f1os en edad escolar del municipio\u2026","rel":"","context":"En \u00abPORTADA\u00bb","block_context":{"text":"PORTADA","link":"https:\/\/lasprimeras.com.do\/index.php\/category\/portada\/"},"img":{"alt_text":"","src":"https:\/\/i0.wp.com\/lasprimeras.com.do\/wp-content\/uploads\/2025\/07\/FOTO-2.jpg?resize=350%2C200&ssl=1","width":350,"height":200,"srcset":"https:\/\/i0.wp.com\/lasprimeras.com.do\/wp-content\/uploads\/2025\/07\/FOTO-2.jpg?resize=350%2C200&ssl=1 1x, https:\/\/i0.wp.com\/lasprimeras.com.do\/wp-content\/uploads\/2025\/07\/FOTO-2.jpg?resize=525%2C300&ssl=1 1.5x, https:\/\/i0.wp.com\/lasprimeras.com.do\/wp-content\/uploads\/2025\/07\/FOTO-2.jpg?resize=700%2C400&ssl=1 2x"},"classes":[]},{"id":119397,"url":"https:\/\/lasprimeras.com.do\/index.php\/2026\/01\/12\/diputada-dulce-rojas-anuncia-aspiraciones-a-la-alcaldia-de-sdn\/","url_meta":{"origin":55269,"position":5},"title":"Diputada Dulce Rojas anuncia aspiraciones a la Alcald\u00eda de SDN","author":"Nelson Feliz","date":"12 de enero de 2026","format":false,"excerpt":"Dulce Rojas","rel":"","context":"En \u00abPOLITICA\u00bb","block_context":{"text":"POLITICA","link":"https:\/\/lasprimeras.com.do\/index.php\/category\/politica\/"},"img":{"alt_text":"","src":"https:\/\/i0.wp.com\/lasprimeras.com.do\/wp-content\/uploads\/2026\/01\/IMG-20260111-WA0259.jpg?resize=350%2C200&ssl=1","width":350,"height":200,"srcset":"https:\/\/i0.wp.com\/lasprimeras.com.do\/wp-content\/uploads\/2026\/01\/IMG-20260111-WA0259.jpg?resize=350%2C200&ssl=1 1x, https:\/\/i0.wp.com\/lasprimeras.com.do\/wp-content\/uploads\/2026\/01\/IMG-20260111-WA0259.jpg?resize=525%2C300&ssl=1 1.5x, https:\/\/i0.wp.com\/lasprimeras.com.do\/wp-content\/uploads\/2026\/01\/IMG-20260111-WA0259.jpg?resize=700%2C400&ssl=1 2x, https:\/\/i0.wp.com\/lasprimeras.com.do\/wp-content\/uploads\/2026\/01\/IMG-20260111-WA0259.jpg?resize=1050%2C600&ssl=1 3x, https:\/\/i0.wp.com\/lasprimeras.com.do\/wp-content\/uploads\/2026\/01\/IMG-20260111-WA0259.jpg?resize=1400%2C800&ssl=1 4x"},"classes":[]}],"jetpack_sharing_enabled":true,"_links":{"self":[{"href":"https:\/\/lasprimeras.com.do\/index.php\/wp-json\/wp\/v2\/posts\/55269","targetHints":{"allow":["GET"]}}],"collection":[{"href":"https:\/\/lasprimeras.com.do\/index.php\/wp-json\/wp\/v2\/posts"}],"about":[{"href":"https:\/\/lasprimeras.com.do\/index.php\/wp-json\/wp\/v2\/types\/post"}],"author":[{"embeddable":true,"href":"https:\/\/lasprimeras.com.do\/index.php\/wp-json\/wp\/v2\/users\/2"}],"replies":[{"embeddable":true,"href":"https:\/\/lasprimeras.com.do\/index.php\/wp-json\/wp\/v2\/comments?post=55269"}],"version-history":[{"count":1,"href":"https:\/\/lasprimeras.com.do\/index.php\/wp-json\/wp\/v2\/posts\/55269\/revisions"}],"predecessor-version":[{"id":55271,"href":"https:\/\/lasprimeras.com.do\/index.php\/wp-json\/wp\/v2\/posts\/55269\/revisions\/55271"}],"wp:featuredmedia":[{"embeddable":true,"href":"https:\/\/lasprimeras.com.do\/index.php\/wp-json\/wp\/v2\/media\/55270"}],"wp:attachment":[{"href":"https:\/\/lasprimeras.com.do\/index.php\/wp-json\/wp\/v2\/media?parent=55269"}],"wp:term":[{"taxonomy":"category","embeddable":true,"href":"https:\/\/lasprimeras.com.do\/index.php\/wp-json\/wp\/v2\/categories?post=55269"},{"taxonomy":"post_tag","embeddable":true,"href":"https:\/\/lasprimeras.com.do\/index.php\/wp-json\/wp\/v2\/tags?post=55269"}],"curies":[{"name":"wp","href":"https:\/\/api.w.org\/{rel}","templated":true}]}}