{"id":55290,"date":"2023-07-19T21:04:30","date_gmt":"2023-07-20T01:04:30","guid":{"rendered":"https:\/\/lasprimeras.com.do\/?p=55290"},"modified":"2023-07-19T21:04:31","modified_gmt":"2023-07-20T01:04:31","slug":"ramon-alburquerqueno-es-bueno-para-la-democracia-que-prm-compre-alcaldes","status":"publish","type":"post","link":"https:\/\/lasprimeras.com.do\/index.php\/2023\/07\/19\/ramon-alburquerqueno-es-bueno-para-la-democracia-que-prm-compre-alcaldes\/","title":{"rendered":"Ram\u00f3n Alburquerque:&#8221;No es bueno para la democracia que PRM compre alcaldes&#8221;"},"content":{"rendered":"\n<p>El dirigente del Partido Revolucionario Moderno (PRM) Ram\u00f3n Alburquerque, critic\u00f3 el mercado persa que tiene su partido comprando alcaldes y directores distritales de oposici\u00f3n en busca de pasar la reelecci\u00f3n de Luis Abinader.<\/p>\n\n\n\n<p>Alburquerque, se\u00f1al\u00f3 que tampoco fue sano para la democracia la compra-venta del Partido Revolucionario Dominicano (PRD) que hizo el Partido de la Liberaci\u00f3n Dominicana (PLD) en 2008.<\/p>\n\n\n\n<p>El precandidato presidencial del PRM apunt\u00f3 que las elecciones ser\u00e1n poco menos que un relajo.<\/p>\n\n\n\n<p>Otros tres alcaldes de la oposici\u00f3n se juramentar\u00e1n en los pr\u00f3ximos d\u00edas en el gobernante Partido Revolucionario Moderno, que ampliar\u00eda de 23 a 26 s\u00edndicos y 29 directores distritales conquistados desde organizaciones adversas.<\/p>\n","protected":false},"excerpt":{"rendered":"<p>El dirigente del Partido Revolucionario Moderno (PRM) Ram\u00f3n Alburquerque, critic\u00f3 el mercado persa que tiene su partido comprando alcaldes y directores distritales de oposici\u00f3n en busca de pasar la reelecci\u00f3n&hellip;<\/p>\n","protected":false},"author":2,"featured_media":55291,"comment_status":"open","ping_status":"open","sticky":false,"template":"","format":"standard","meta":{"content-type":"","jetpack_post_was_ever_published":false,"_jetpack_newsletter_access":"","_jetpack_dont_email_post_to_subs":false,"_jetpack_newsletter_tier_id":0,"_jetpack_memberships_contains_paywalled_content":false,"_jetpack_memberships_contains_paid_content":false,"footnotes":""},"categories":[1],"tags":[3856,607,31,2844],"class_list":["post-55290","post","type-post","status-publish","format-standard","has-post-thumbnail","hentry","category-sin-categoria","tag-alcaldes","tag-democracia","tag-prm","tag-ramon-alburquerque"],"jetpack_featured_media_url":"https:\/\/lasprimeras.com.do\/wp-content\/uploads\/2023\/07\/Ramon-Alburquerque.jpg","jetpack-related-posts":[{"id":121096,"url":"https:\/\/lasprimeras.com.do\/index.php\/2026\/01\/30\/el-pri-envia-condolencias-por-la-muerte-de-ramon-alburquerque\/","url_meta":{"origin":55290,"position":0},"title":"El PRI env\u00eda condolencias por la muerte de Ram\u00f3n Alburquerque","author":"Nelson Feliz","date":"30 de enero de 2026","format":false,"excerpt":"El Partido Revolucionario Independiente (PRI) expres\u00f3 hoy sus condolencias por la muerte del expresidente del Senado de la Rep\u00fablica, ingeniero Ram\u00f3n Alburquerque, a quien defini\u00f3 como unas de las figuras pol\u00edticas m\u00e1s regias y coherente de la historia dominicana reciente. Alburquerque, alto dirigente del partido Revolucionario Moderno (PRM), muri\u00f3 esta\u2026","rel":"","context":"En \u00abPOLITICA\u00bb","block_context":{"text":"POLITICA","link":"https:\/\/lasprimeras.com.do\/index.php\/category\/politica\/"},"img":{"alt_text":"","src":"https:\/\/i0.wp.com\/lasprimeras.com.do\/wp-content\/uploads\/2026\/01\/TRAJANO-SANTANA.jpg?resize=350%2C200&ssl=1","width":350,"height":200,"srcset":"https:\/\/i0.wp.com\/lasprimeras.com.do\/wp-content\/uploads\/2026\/01\/TRAJANO-SANTANA.jpg?resize=350%2C200&ssl=1 1x, https:\/\/i0.wp.com\/lasprimeras.com.do\/wp-content\/uploads\/2026\/01\/TRAJANO-SANTANA.jpg?resize=525%2C300&ssl=1 1.5x"},"classes":[]},{"id":121151,"url":"https:\/\/lasprimeras.com.do\/index.php\/2026\/01\/30\/senado-de-la-republica-rendira-honores-a-ramon-alburquerque-ramirez-este-domingo-en-la-asamblea-nacional\/","url_meta":{"origin":55290,"position":1},"title":"Senado de la Rep\u00fablica rendir\u00e1 honores a Ram\u00f3n Alburquerque Ram\u00edrez este domingo en la Asamblea Nacional","author":"Nelson Feliz","date":"30 de enero de 2026","format":false,"excerpt":"El Senado de la Rep\u00fablica informa que el pr\u00f3ximo domingo 1 de febrero, a las 10:00 A.M., se llevar\u00e1n a cabo las honras f\u00fanebres oficiales en memoria del ingeniero Ram\u00f3n Alburquerque Ram\u00edrez, expresidente de este \u00f3rgano legislativo. El acto solemne tendr\u00e1 lugar en el Sal\u00f3n de la Asamblea Nacional, donde\u2026","rel":"","context":"En \u00abNACIONALES\u00bb","block_context":{"text":"NACIONALES","link":"https:\/\/lasprimeras.com.do\/index.php\/category\/nacionales\/"},"img":{"alt_text":"","src":"https:\/\/i0.wp.com\/lasprimeras.com.do\/wp-content\/uploads\/2026\/02\/WhatsApp-Image-2026-01-30-at-1.37.11-PM.jpeg?resize=350%2C200&ssl=1","width":350,"height":200,"srcset":"https:\/\/i0.wp.com\/lasprimeras.com.do\/wp-content\/uploads\/2026\/02\/WhatsApp-Image-2026-01-30-at-1.37.11-PM.jpeg?resize=350%2C200&ssl=1 1x, https:\/\/i0.wp.com\/lasprimeras.com.do\/wp-content\/uploads\/2026\/02\/WhatsApp-Image-2026-01-30-at-1.37.11-PM.jpeg?resize=525%2C300&ssl=1 1.5x"},"classes":[]},{"id":121047,"url":"https:\/\/lasprimeras.com.do\/index.php\/2026\/01\/30\/entren-to-fallecio-el-dirigente-politico-ramon-albuquerque\/","url_meta":{"origin":55290,"position":2},"title":"Entren to: falleci\u00f3 el dirigente pol\u00edtico Ram\u00f3n Albuquerque","author":"Nelson Feliz","date":"30 de enero de 2026","format":false,"excerpt":"Falleci\u00f3 el ingeniero Ram\u00f3n Alburquerque Ram\u00edrez, figura de la vida p\u00fablica dominicana, inform\u00f3 este jueves su hija, M\u00f3nica Alburquerque, a trav\u00e9s de una publicaci\u00f3n en redes sociales. \u201cHoy, con el coraz\u00f3n en las manos, despedimos a nuestro amado padre, el Ing. Ram\u00f3n Alburquerque Ram\u00edrez, honrados de ser sus hijos\u201d, expres\u00f3.\u2026","rel":"","context":"En \u00abNACIONALES\u00bb","block_context":{"text":"NACIONALES","link":"https:\/\/lasprimeras.com.do\/index.php\/category\/nacionales\/"},"img":{"alt_text":"Ram\u00f3n Alburquerque","src":"https:\/\/i0.wp.com\/lasprimeras.com.do\/wp-content\/uploads\/2023\/10\/Ramon-Alburquerque.jpg?resize=350%2C200&ssl=1","width":350,"height":200,"srcset":"https:\/\/i0.wp.com\/lasprimeras.com.do\/wp-content\/uploads\/2023\/10\/Ramon-Alburquerque.jpg?resize=350%2C200&ssl=1 1x, https:\/\/i0.wp.com\/lasprimeras.com.do\/wp-content\/uploads\/2023\/10\/Ramon-Alburquerque.jpg?resize=525%2C300&ssl=1 1.5x, https:\/\/i0.wp.com\/lasprimeras.com.do\/wp-content\/uploads\/2023\/10\/Ramon-Alburquerque.jpg?resize=700%2C400&ssl=1 2x"},"classes":[]},{"id":121060,"url":"https:\/\/lasprimeras.com.do\/index.php\/2026\/01\/31\/comision-del-pld-en-velatorio-de-ramon-albuquerque\/","url_meta":{"origin":55290,"position":3},"title":"Comisi\u00f3n del PLD en velatorio de Ram\u00f3n Albuquerque","author":"Nelson Feliz","date":"31 de enero de 2026","format":false,"excerpt":"Comisi\u00f3n del PLD asiste al velatorio del ex Presidente del Senado Ram\u00f3n Alburquerque. Presentan sus condolencias a familiares y al PRM. El Partido de la Liberaci\u00f3n Dominicana (PLD) hizo acto de presencia en el velatorio del expresidente del Senado de la Rep\u00fablica, Ram\u00f3n Alburquerque, en la funeraria Jard\u00edn Memorial, localizada\u2026","rel":"","context":"En \u00abPOLITICA\u00bb","block_context":{"text":"POLITICA","link":"https:\/\/lasprimeras.com.do\/index.php\/category\/politica\/"},"img":{"alt_text":"VELATORIO","src":"https:\/\/i0.wp.com\/lasprimeras.com.do\/wp-content\/uploads\/2026\/01\/COMISION-EN-VELATORIO-DE-RA.jpg?resize=350%2C200&ssl=1","width":350,"height":200,"srcset":"https:\/\/i0.wp.com\/lasprimeras.com.do\/wp-content\/uploads\/2026\/01\/COMISION-EN-VELATORIO-DE-RA.jpg?resize=350%2C200&ssl=1 1x, https:\/\/i0.wp.com\/lasprimeras.com.do\/wp-content\/uploads\/2026\/01\/COMISION-EN-VELATORIO-DE-RA.jpg?resize=525%2C300&ssl=1 1.5x, https:\/\/i0.wp.com\/lasprimeras.com.do\/wp-content\/uploads\/2026\/01\/COMISION-EN-VELATORIO-DE-RA.jpg?resize=700%2C400&ssl=1 2x"},"classes":[]},{"id":60352,"url":"https:\/\/lasprimeras.com.do\/index.php\/2023\/09\/13\/alburquerque-rd-ha-hecho-malos-negocios-con-el-sistema-energetico\/","url_meta":{"origin":55290,"position":4},"title":"Alburquerque: RD ha hecho malos negocios con el sistema energ\u00e9tico","author":"Nelson Feliz","date":"13 de septiembre de 2023","format":false,"excerpt":"El dirigente y precandidato presidencial del Partido Revolucionario Moderno, Ram\u00f3n Alburquerque, declar\u00f3 que en el sistema energ\u00e9tico se han hecho malos negocios, favoreciendo a determinados grupos econ\u00f3micos. Alburquerque, expres\u00f3 que de no instalar la cantidad de megavatios que demanda el pa\u00eds, en las pr\u00f3ximas elecciones la Rep\u00fablica Dominicana estar\u00e1 apagado.\u2026","rel":"","context":"En \u00abPORTADA\u00bb","block_context":{"text":"PORTADA","link":"https:\/\/lasprimeras.com.do\/index.php\/category\/portada\/"},"img":{"alt_text":"Ram\u00f3n Alburquerque","src":"https:\/\/i0.wp.com\/lasprimeras.com.do\/wp-content\/uploads\/2023\/07\/Ramon-Alburquerque.jpg?resize=350%2C200&ssl=1","width":350,"height":200,"srcset":"https:\/\/i0.wp.com\/lasprimeras.com.do\/wp-content\/uploads\/2023\/07\/Ramon-Alburquerque.jpg?resize=350%2C200&ssl=1 1x, https:\/\/i0.wp.com\/lasprimeras.com.do\/wp-content\/uploads\/2023\/07\/Ramon-Alburquerque.jpg?resize=525%2C300&ssl=1 1.5x, https:\/\/i0.wp.com\/lasprimeras.com.do\/wp-content\/uploads\/2023\/07\/Ramon-Alburquerque.jpg?resize=700%2C400&ssl=1 2x"},"classes":[]},{"id":62037,"url":"https:\/\/lasprimeras.com.do\/index.php\/2023\/10\/02\/de-alburquerque-a-luis-abinader-felicitaciones-senor-presidente-marcharemos-junto-a-usted\/","url_meta":{"origin":55290,"position":5},"title":"De Alburquerque a Luis Abinader: &#8220;Felicitaciones se\u00f1or presidente, marcharemos junto a usted&#8221;","author":"BIMARY DE JES\u00daS Matos","date":"2 de octubre de 2023","format":false,"excerpt":"Santo Domingo.-Pese a las irregularidades que denunci\u00f3 en las primarias del Partido Revolucionario Moderno (PRM), el ex precandidato presidencial Ram\u00f3n Alburquerque felicit\u00f3 a Luis Abinader a quien expres\u00f3 se le unir\u00e1 a la campa\u00f1a para que gane la reelecci\u00f3n en las elecciones del 2024. \"Felicitaciones se\u00f1or presidente, marcharemos junto a\u2026","rel":"","context":"En \u00abPORTADA\u00bb","block_context":{"text":"PORTADA","link":"https:\/\/lasprimeras.com.do\/index.php\/category\/portada\/"},"img":{"alt_text":"","src":"https:\/\/i0.wp.com\/lasprimeras.com.do\/wp-content\/uploads\/2023\/10\/WhatsApp-Image-2023-09-28-at-11.50.30-PM-1-1-1.jpeg?resize=350%2C200&ssl=1","width":350,"height":200,"srcset":"https:\/\/i0.wp.com\/lasprimeras.com.do\/wp-content\/uploads\/2023\/10\/WhatsApp-Image-2023-09-28-at-11.50.30-PM-1-1-1.jpeg?resize=350%2C200&ssl=1 1x, https:\/\/i0.wp.com\/lasprimeras.com.do\/wp-content\/uploads\/2023\/10\/WhatsApp-Image-2023-09-28-at-11.50.30-PM-1-1-1.jpeg?resize=525%2C300&ssl=1 1.5x, https:\/\/i0.wp.com\/lasprimeras.com.do\/wp-content\/uploads\/2023\/10\/WhatsApp-Image-2023-09-28-at-11.50.30-PM-1-1-1.jpeg?resize=700%2C400&ssl=1 2x, https:\/\/i0.wp.com\/lasprimeras.com.do\/wp-content\/uploads\/2023\/10\/WhatsApp-Image-2023-09-28-at-11.50.30-PM-1-1-1.jpeg?resize=1050%2C600&ssl=1 3x"},"classes":[]}],"jetpack_sharing_enabled":true,"_links":{"self":[{"href":"https:\/\/lasprimeras.com.do\/index.php\/wp-json\/wp\/v2\/posts\/55290","targetHints":{"allow":["GET"]}}],"collection":[{"href":"https:\/\/lasprimeras.com.do\/index.php\/wp-json\/wp\/v2\/posts"}],"about":[{"href":"https:\/\/lasprimeras.com.do\/index.php\/wp-json\/wp\/v2\/types\/post"}],"author":[{"embeddable":true,"href":"https:\/\/lasprimeras.com.do\/index.php\/wp-json\/wp\/v2\/users\/2"}],"replies":[{"embeddable":true,"href":"https:\/\/lasprimeras.com.do\/index.php\/wp-json\/wp\/v2\/comments?post=55290"}],"version-history":[{"count":1,"href":"https:\/\/lasprimeras.com.do\/index.php\/wp-json\/wp\/v2\/posts\/55290\/revisions"}],"predecessor-version":[{"id":55292,"href":"https:\/\/lasprimeras.com.do\/index.php\/wp-json\/wp\/v2\/posts\/55290\/revisions\/55292"}],"wp:featuredmedia":[{"embeddable":true,"href":"https:\/\/lasprimeras.com.do\/index.php\/wp-json\/wp\/v2\/media\/55291"}],"wp:attachment":[{"href":"https:\/\/lasprimeras.com.do\/index.php\/wp-json\/wp\/v2\/media?parent=55290"}],"wp:term":[{"taxonomy":"category","embeddable":true,"href":"https:\/\/lasprimeras.com.do\/index.php\/wp-json\/wp\/v2\/categories?post=55290"},{"taxonomy":"post_tag","embeddable":true,"href":"https:\/\/lasprimeras.com.do\/index.php\/wp-json\/wp\/v2\/tags?post=55290"}],"curies":[{"name":"wp","href":"https:\/\/api.w.org\/{rel}","templated":true}]}}