{"id":55295,"date":"2023-07-19T21:24:22","date_gmt":"2023-07-20T01:24:22","guid":{"rendered":"https:\/\/lasprimeras.com.do\/?p=55295"},"modified":"2023-07-19T21:24:23","modified_gmt":"2023-07-20T01:24:23","slug":"consul-eligio-jaquez-da-toques-finales-para-los-juegos-patrios-dominicanos","status":"publish","type":"post","link":"https:\/\/lasprimeras.com.do\/index.php\/2023\/07\/19\/consul-eligio-jaquez-da-toques-finales-para-los-juegos-patrios-dominicanos\/","title":{"rendered":"C\u00f3nsul Eligio Jaquez da toques finales para los &#8220;Juegos Patrios Dominicanos&#8221;"},"content":{"rendered":"\n<p>El c\u00f3nsul general de Nueva York, Eligio Jaquez y otras las autoridades dominicanas de esta ciudad se llev\u00f3 a cabo en la Direcci\u00f3n de Cultura que encabeza Rey Andujar la rueda de prensa para ofrecer detalles de los Juegos Patrios Dominicanos que ser\u00e1n efectuados del 26 de agosto al 2 de septiembre.<\/p>\n\n\n\n<p>La cita multideportiva reunir\u00e1 a 1,600 atletas que competir\u00e1n en 26 disciplinas y actividades recreativas.<\/p>\n\n\n\n<p>En esta edici\u00f3n de los \u201cJuegos Patrios Dominicanos\u201d tendr\u00e1n representantes Estados de Nueva York, Nueva Jersey y Connecticut.<\/p>\n","protected":false},"excerpt":{"rendered":"<p>El c\u00f3nsul general de Nueva York, Eligio Jaquez y otras las autoridades dominicanas de esta ciudad se llev\u00f3 a cabo en la Direcci\u00f3n de Cultura que encabeza Rey Andujar la&hellip;<\/p>\n","protected":false},"author":2,"featured_media":55296,"comment_status":"open","ping_status":"open","sticky":false,"template":"","format":"standard","meta":{"content-type":"","jetpack_post_was_ever_published":false,"_jetpack_newsletter_access":"","_jetpack_dont_email_post_to_subs":false,"_jetpack_newsletter_tier_id":0,"_jetpack_memberships_contains_paywalled_content":false,"_jetpack_memberships_contains_paid_content":false,"footnotes":""},"categories":[1],"tags":[97,4991,4316,4993,4992],"class_list":["post-55295","post","type-post","status-publish","format-standard","has-post-thumbnail","hentry","category-sin-categoria","tag-consul","tag-eligio-jaquez","tag-juegos","tag-patrios","tag-toques"],"jetpack_featured_media_url":"https:\/\/lasprimeras.com.do\/wp-content\/uploads\/2023\/07\/Eligio-Jaquez.jpg","jetpack-related-posts":[{"id":59064,"url":"https:\/\/lasprimeras.com.do\/index.php\/2023\/08\/30\/asde-exoneraria-impuestos-a-proyecto-de-vivienda-de-dominicanos-en-el-exterior\/","url_meta":{"origin":55295,"position":0},"title":"ASDE exonerar\u00eda impuestos a proyecto de vivienda de dominicanos en el exterior","author":"Nelson Feliz","date":"30 de agosto de 2023","format":false,"excerpt":"EL ALCALDE MANUEL JIM\u00c9NEZ ASEGURA QUE EL MUNICIPIO TIENE TERRENOS IDEALES PARA EL PROYECTO ESPECIAL ANUNCIADO POR EL PRESIDENTE ABINADER Por Martin Restituyo Durante una visita oficial al c\u00f3nsul de Rep\u00fablica Dominicana en New York, el alcalde de Santo Domingo Este, Manuel Jim\u00e9nez, inform\u00f3 la disposici\u00f3n de exonerar de todos\u2026","rel":"","context":"En \u00abNACIONALES\u00bb","block_context":{"text":"NACIONALES","link":"https:\/\/lasprimeras.com.do\/index.php\/category\/nacionales\/"},"img":{"alt_text":"El c\u00f3nsul Eligio J\u00e1quez y el alcalde Manuel Jim\u00e9nez","src":"https:\/\/i0.wp.com\/lasprimeras.com.do\/wp-content\/uploads\/2023\/08\/El-consul-Eligio-Jaquez-y-el-alcalde-Manuel-Jimenez.jpg?resize=350%2C200&ssl=1","width":350,"height":200,"srcset":"https:\/\/i0.wp.com\/lasprimeras.com.do\/wp-content\/uploads\/2023\/08\/El-consul-Eligio-Jaquez-y-el-alcalde-Manuel-Jimenez.jpg?resize=350%2C200&ssl=1 1x, https:\/\/i0.wp.com\/lasprimeras.com.do\/wp-content\/uploads\/2023\/08\/El-consul-Eligio-Jaquez-y-el-alcalde-Manuel-Jimenez.jpg?resize=525%2C300&ssl=1 1.5x, https:\/\/i0.wp.com\/lasprimeras.com.do\/wp-content\/uploads\/2023\/08\/El-consul-Eligio-Jaquez-y-el-alcalde-Manuel-Jimenez.jpg?resize=700%2C400&ssl=1 2x"},"classes":[]},{"id":57889,"url":"https:\/\/lasprimeras.com.do\/index.php\/2023\/08\/17\/eligio-jaquez-expresa-pesar-por-la-tragedia-en-san-cristobal\/","url_meta":{"origin":55295,"position":1},"title":"Eligio J\u00e1quez expresa pesar por la tragedia en San Crist\u00f3bal","author":"Nelson Feliz","date":"17 de agosto de 2023","format":false,"excerpt":"El C\u00f3nsul de Rep\u00fablica Dominicana en Nueva York, Eligio J\u00e1quez, expres\u00f3 su consternaci\u00f3n y muestro pesar ante la tragedia ocurrida el pasado lunes en San Crist\u00f3bal, que ha ocasionado la muerte a 27 personas y caus\u00f3 heridas a otras 59, de acuerdo con el conteo oficial. J\u00e1quez, manifest\u00f3 que se\u2026","rel":"","context":"En \u00abNACIONALES\u00bb","block_context":{"text":"NACIONALES","link":"https:\/\/lasprimeras.com.do\/index.php\/category\/nacionales\/"},"img":{"alt_text":"Eligio Jaquez","src":"https:\/\/i0.wp.com\/lasprimeras.com.do\/wp-content\/uploads\/2023\/07\/Eligio-Jaquez.jpg?resize=350%2C200&ssl=1","width":350,"height":200},"classes":[]},{"id":86749,"url":"https:\/\/lasprimeras.com.do\/index.php\/2024\/07\/31\/jesus-vasquez-y-eligio-jaquez-reciben-nuevas-designaciones\/","url_meta":{"origin":55295,"position":2},"title":"Jes\u00fas V\u00e1squez y Eligio J\u00e1quez reciben nuevas designaciones","author":"Nelson Feliz","date":"31 de julio de 2024","format":false,"excerpt":"Designaciones Oficializadas Mediante el Decreto 420-24 El Presidente de la Rep\u00fablica, Luis Abinader, ha emitido el Decreto 420-24, mediante el cual se realizan nuevas designaciones para Jes\u00fas V\u00e1squez y Eligio J\u00e1quez, destacando sus continuos servicios al pa\u00eds en roles clave. Jes\u00fas V\u00e1squez, quien fungi\u00f3 como Ministro de Interior y Polic\u00eda\u2026","rel":"","context":"En \u00abNACIONALES\u00bb","block_context":{"text":"NACIONALES","link":"https:\/\/lasprimeras.com.do\/index.php\/category\/nacionales\/"},"img":{"alt_text":"Jes\u00fas V\u00e1squez y Eligio J\u00e1quez","src":"https:\/\/i0.wp.com\/lasprimeras.com.do\/wp-content\/uploads\/2024\/07\/Jesus-Vasquez-y-Eligio-Jaquez.jpg?resize=350%2C200&ssl=1","width":350,"height":200,"srcset":"https:\/\/i0.wp.com\/lasprimeras.com.do\/wp-content\/uploads\/2024\/07\/Jesus-Vasquez-y-Eligio-Jaquez.jpg?resize=350%2C200&ssl=1 1x, https:\/\/i0.wp.com\/lasprimeras.com.do\/wp-content\/uploads\/2024\/07\/Jesus-Vasquez-y-Eligio-Jaquez.jpg?resize=525%2C300&ssl=1 1.5x"},"classes":[]},{"id":71723,"url":"https:\/\/lasprimeras.com.do\/index.php\/2023\/12\/22\/consulado-de-rd-en-ny-no-estara-ofreciendo-servicios-el-25-de-diciembre-y-1-de-enero\/","url_meta":{"origin":55295,"position":3},"title":"Consulado de RD en NY no estar\u00e1 ofreciendo servicios el 25 de Diciembre y 1 de enero","author":"Nelson Feliz","date":"22 de diciembre de 2023","format":false,"excerpt":"Por Aquiles Rojas NUEVA YORK. -El Consulado General de la Rep\u00fablica dominicana en Nueva York anunci\u00f3 hoy que su sede central, como tambi\u00e9n las oficinas de operativos m\u00f3viles, las que operan en El Bronx, Alto Manhattan, Brooklyn, Connecticut y Long Island, no operaran los d\u00edas lunes 25 de diciembre ni\u2026","rel":"","context":"En \u00abSin categor\u00eda\u00bb","block_context":{"text":"Sin categor\u00eda","link":"https:\/\/lasprimeras.com.do\/index.php\/category\/sin-categoria\/"},"img":{"alt_text":"Eligio Jaquez","src":"https:\/\/i0.wp.com\/lasprimeras.com.do\/wp-content\/uploads\/2023\/07\/Eligio-Jaquez.jpg?resize=350%2C200&ssl=1","width":350,"height":200},"classes":[]},{"id":88600,"url":"https:\/\/lasprimeras.com.do\/index.php\/2024\/08\/31\/prm-ny-despide-a-eligio-jaquez-y-da-bienvenida-a-nuevo-consul-jesus-vazquez\/","url_meta":{"origin":55295,"position":4},"title":"PRM- NY despide a Eligio Jaquez y da bienvenida a nuevo c\u00f3nsul Jes\u00fas V\u00e1zquez","author":"Nelson Feliz","date":"31 de agosto de 2024","format":false,"excerpt":"Por Tom\u00e1s Aybar NUEVA YORK. -El Partido Revolucionario Moderno sessional Nueva York (PRM-NY), presidido por Julio C\u00e9sar (Yulin) Mateo, realiz\u00f3 un acto especial la noche de este s\u00e1bado para despedir a Eligio Jaquez y dar la bienvenida oficial a Jes\u00fas \u201c Chu \u201c V\u00e1zquez Mart\u00ednez que asume como nuevo C\u00f3nsul\u2026","rel":"","context":"En \u00abSin categor\u00eda\u00bb","block_context":{"text":"Sin categor\u00eda","link":"https:\/\/lasprimeras.com.do\/index.php\/category\/sin-categoria\/"},"img":{"alt_text":"","src":"https:\/\/i0.wp.com\/lasprimeras.com.do\/wp-content\/uploads\/2024\/08\/jesus-vasquez.jpg?resize=350%2C200&ssl=1","width":350,"height":200,"srcset":"https:\/\/i0.wp.com\/lasprimeras.com.do\/wp-content\/uploads\/2024\/08\/jesus-vasquez.jpg?resize=350%2C200&ssl=1 1x, https:\/\/i0.wp.com\/lasprimeras.com.do\/wp-content\/uploads\/2024\/08\/jesus-vasquez.jpg?resize=525%2C300&ssl=1 1.5x"},"classes":[]},{"id":57628,"url":"https:\/\/lasprimeras.com.do\/index.php\/2023\/08\/14\/eligio-defiende-acuerdo-entre-rd-y-guyana\/","url_meta":{"origin":55295,"position":5},"title":"Eligio defiende acuerdo entre RD y Guyana","author":"Nelson Feliz","date":"14 de agosto de 2023","format":false,"excerpt":"El ex secretario de agricultura, Eligio J\u00e1quez, sali\u00f3 en defensa de la firma del acuerdo entre Rep\u00fablica Dominicana y Guyana para siembra de 10 millones de tareas de tierras destinadas a la cosecha de ma\u00edz. El ex funcionario agr\u00edcola y actual c\u00f3nsul general en Nueva York, dice que quienes de\u2026","rel":"","context":"En \u00abECONOM\u00cdA\u00bb","block_context":{"text":"ECONOM\u00cdA","link":"https:\/\/lasprimeras.com.do\/index.php\/category\/economia\/"},"img":{"alt_text":"Eligio Jaquez","src":"https:\/\/i0.wp.com\/lasprimeras.com.do\/wp-content\/uploads\/2023\/07\/Eligio-Jaquez.jpg?resize=350%2C200&ssl=1","width":350,"height":200},"classes":[]}],"jetpack_sharing_enabled":true,"_links":{"self":[{"href":"https:\/\/lasprimeras.com.do\/index.php\/wp-json\/wp\/v2\/posts\/55295","targetHints":{"allow":["GET"]}}],"collection":[{"href":"https:\/\/lasprimeras.com.do\/index.php\/wp-json\/wp\/v2\/posts"}],"about":[{"href":"https:\/\/lasprimeras.com.do\/index.php\/wp-json\/wp\/v2\/types\/post"}],"author":[{"embeddable":true,"href":"https:\/\/lasprimeras.com.do\/index.php\/wp-json\/wp\/v2\/users\/2"}],"replies":[{"embeddable":true,"href":"https:\/\/lasprimeras.com.do\/index.php\/wp-json\/wp\/v2\/comments?post=55295"}],"version-history":[{"count":1,"href":"https:\/\/lasprimeras.com.do\/index.php\/wp-json\/wp\/v2\/posts\/55295\/revisions"}],"predecessor-version":[{"id":55297,"href":"https:\/\/lasprimeras.com.do\/index.php\/wp-json\/wp\/v2\/posts\/55295\/revisions\/55297"}],"wp:featuredmedia":[{"embeddable":true,"href":"https:\/\/lasprimeras.com.do\/index.php\/wp-json\/wp\/v2\/media\/55296"}],"wp:attachment":[{"href":"https:\/\/lasprimeras.com.do\/index.php\/wp-json\/wp\/v2\/media?parent=55295"}],"wp:term":[{"taxonomy":"category","embeddable":true,"href":"https:\/\/lasprimeras.com.do\/index.php\/wp-json\/wp\/v2\/categories?post=55295"},{"taxonomy":"post_tag","embeddable":true,"href":"https:\/\/lasprimeras.com.do\/index.php\/wp-json\/wp\/v2\/tags?post=55295"}],"curies":[{"name":"wp","href":"https:\/\/api.w.org\/{rel}","templated":true}]}}