{"id":55304,"date":"2023-07-19T22:05:46","date_gmt":"2023-07-20T02:05:46","guid":{"rendered":"https:\/\/lasprimeras.com.do\/?p=55304"},"modified":"2023-07-19T22:05:47","modified_gmt":"2023-07-20T02:05:47","slug":"juez-declara-rebeldia-contra-varios-ejecutivos-bancarios","status":"publish","type":"post","link":"https:\/\/lasprimeras.com.do\/index.php\/2023\/07\/19\/juez-declara-rebeldia-contra-varios-ejecutivos-bancarios\/","title":{"rendered":"Juez declara rebeld\u00eda contra varios ejecutivos bancarios"},"content":{"rendered":"\n<p><strong>&#8220;Cuando se declara una rebeld\u00eda no pueden revocarla si no se presentan los imputados&#8221;.<\/strong><\/p>\n\n\n\n<p>El Juez de la Cuarta Sala de la C\u00e1mara Penal del Distrito Nacional Edward A. Abreu Acevedo declar\u00f3 la rebeld\u00eda contra varios ejecutivos bancarios que no asistieron a una audiencia a pesar de estar debidamente citados.<\/p>\n\n\n\n<p>La rebeld\u00eda fue declarada mediante la resoluci\u00f3n 042-2023-TREB-00042 de fecha 22 de junio 2023 de la Cuarta Sala de la C\u00e1mara Penal del Distrito Nacional contra los se\u00f1ores Jos\u00e9 Armando Berm\u00fadez Madera, Marino Donato Espinal, Cynthia Vega Guerra, Manuel Grull\u00f3n Vi\u00f1as, Manuel Grull\u00f3n Hern\u00e1ndez, Rafael A. Del Toro, Pedro G. Brache, Christopher Paniagua, Alex Pimentel, Erich Schumann, Marcial Marino Najri Cesap\u00ed, y las entidades Banco Popular, Fertilizantes Qu\u00edmicos Dominicanos (Ferquido) y Auto Brit\u00e1nica.<\/p>\n\n\n\n<p>El doctor Jorge Lora Castillo dijo que conoci\u00f3 la revocaci\u00f3n&nbsp; mediante una audiencia p\u00fablica oral y contradictoria levantamiento de rebeld\u00eda.<\/p>\n\n\n\n<p>Explic\u00f3 que se trata de una querella de acci\u00f3n p\u00fablica a instancia privada presentada por Eduardo Jos\u00e9 Pellerano Nadal, por distracci\u00f3n de bienes embargados que envuelven 355 mil d\u00f3lares contra los ejecutivos bancarios, Ferquido y Auto Brit\u00e1nica.<\/p>\n\n\n\n<p>El juez Abreu Acevedo, que nunca notific\u00f3 la decisi\u00f3n de rebeld\u00eda luego de emitirla, conoci\u00f3 administrativamente ,&nbsp; una solicitud de reposici\u00f3n de plazo y escrito de excepciones y cuestiones incidentales presentada ante el Centro de Servicio Presidencial del Palacio de Justicia de Ciudad Nueva en fecha 27 de junio 2023, por Erich Schumann, uno de los imputados, a trav\u00e9s de sus abogados Juan&nbsp; Antonio Delgado, Olivo Rodr\u00edguez Huertas y Chanel Liranzo Montero, remitido a la Cuarta Sala Penal el 28 de junio del 2023.<\/p>\n\n\n\n<p>El magistrado acogi\u00f3 el incidente presentado por Schumann, y declar\u00f3 inadmisible administrativamente la acusaci\u00f3n penal privada presentada por Pellerano Nadal, en contra de los ejecutivos bancarios y dos empresas.<\/p>\n\n\n\n<p>La instancia incidental acogida por el juez dej\u00f3 sin efecto la resoluci\u00f3n que declar\u00f3 la rebeld\u00eda sin haber escuchado al querellante violentando el debido proceso y el derecho de defensa y m\u00e1s a\u00fan dej\u00f3 sin efecto la audiencia fijada para este jueves 20 de julio en la Cuarta Sala de la C\u00e1mara Penal del Juzgado de Primera Instancia.<\/p>\n\n\n\n<p>La querella de acci\u00f3n privada fue presentada a trav\u00e9s de sus abogados el doctor Jorge Lora Castillo y Jorge G. Lora Olivares, y se conocieron dos audiencias&nbsp; el mi\u00e9rcoles 24 de mayo,&nbsp; y&nbsp; el 22 de junio del 2023, contra Manuel Alejandro Grull\u00f3n Vi\u00f1as, Marino Donato Espinal, Manuel A. Grull\u00f3n Hern\u00e1ndez, Cynthia Vega Guerra, Jos\u00e9 Armando Berm\u00fadez Madera, Rafael A. del Toro, Pedro G. Brache, Christopher Paniagua, Erich Schumann, Alex Pimentel, Marcial Marino Najri Cesani, Adriano Bordas,&nbsp; las compa\u00f1\u00edas Auto Brit\u00e1nica LTD y Fertilizantes Qu\u00edmicos Dominicanos, los ejecutivos bancarios nunca acudieron a la audiencia por lo que el juez dispuso la rebeld\u00eda.&nbsp;&nbsp;<\/p>\n\n\n\n<p>Seg\u00fan la querella de las cuentas de Auto Brit\u00e1nica en d\u00f3lares, el banco transfiri\u00f3 370 mil d\u00f3lares y de la cuenta en pesos 5 millones 448 mil pesos y 670 mil pesos, a Fertilizantes Qu\u00edmicos Dominicanos, posterior al embargo.&nbsp;&nbsp;<\/p>\n\n\n\n<p>Est\u00e1n acusados de violar el art\u00edculo 400 del C\u00f3digo Penal, p\u00e1rrafos 3 y 4. Pellerano Nadal reclama el pago de 355 mil d\u00f3lares a la empresa Auto Brit\u00e1nica, con la que arrib\u00f3 a un acuerdo al que se comprometi\u00f3 a pagar y ante la morosidad injustificada inici\u00f3 acciones para el cobro.<\/p>\n","protected":false},"excerpt":{"rendered":"<p>&#8220;Cuando se declara una rebeld\u00eda no pueden revocarla si no se presentan los imputados&#8221;. El Juez de la Cuarta Sala de la C\u00e1mara Penal del Distrito Nacional Edward A. Abreu&hellip;<\/p>\n","protected":false},"author":2,"featured_media":53050,"comment_status":"open","ping_status":"open","sticky":false,"template":"","format":"standard","meta":{"content-type":"","jetpack_post_was_ever_published":false,"_jetpack_newsletter_access":"","_jetpack_dont_email_post_to_subs":false,"_jetpack_newsletter_tier_id":0,"_jetpack_memberships_contains_paywalled_content":false,"_jetpack_memberships_contains_paid_content":false,"footnotes":""},"categories":[289],"tags":[730,4996,4995,1355,664,4997,1593,2303],"class_list":["post-55304","post","type-post","status-publish","format-standard","has-post-thumbnail","hentry","category-justicia","tag-administrativo","tag-bancarios","tag-ejecutivos","tag-juez","tag-proceso","tag-rebeldia","tag-recurso","tag-revoca"],"jetpack_featured_media_url":"https:\/\/lasprimeras.com.do\/wp-content\/uploads\/2023\/06\/Mallete.jpg","jetpack-related-posts":[{"id":75511,"url":"https:\/\/lasprimeras.com.do\/index.php\/2024\/02\/02\/jueza-ordena-arresto-a-bachatero-anthony-santos\/","url_meta":{"origin":55304,"position":0},"title":"Jueza ordena arresto a bachatero Anthony Santos","author":"BIMARY DE JES\u00daS Matos","date":"2 de febrero de 2024","format":false,"excerpt":"SANTO DOMINGO.- La jueza de la Segunda Sala de la C\u00e1mara Penal del Distrito Nacional, Clara Luz Almonte, emite orden de arresto al bachatero Domingo Antonio Santos (Anthony Santos), al ser declararlo en rebeld\u00eda al no presentarse en la audiencia por presunta violaci\u00f3n a la ley de derecho de autor.\u2026","rel":"","context":"En \u00abENTRETENIMIENTO\u00bb","block_context":{"text":"ENTRETENIMIENTO","link":"https:\/\/lasprimeras.com.do\/index.php\/category\/entretenimiento\/"},"img":{"alt_text":"","src":"","width":0,"height":0},"classes":[]},{"id":82417,"url":"https:\/\/lasprimeras.com.do\/index.php\/2024\/05\/02\/emiten-rebeldia-orden-de-arresto-e-impedimento-de-salida-del-pais-al-funcionario\/","url_meta":{"origin":55304,"position":1},"title":"Emiten rebeld\u00eda, orden de arresto e impedimento de salida del pa\u00eds al funcionario","author":"Nelson Feliz","date":"2 de mayo de 2024","format":false,"excerpt":"La jueza de la Primera Sala de la C\u00e1mara Penal de Santo Domingo Este, Dra. Dolores Gal\u00e1n de la Cruz impuso rebeld\u00eda y orden de arresto al dirigente del Partido Revolucionario Moderno Anthony Brito Cordero. De igual modo ordena a la Procuradur\u00eda General de la Rep\u00fablica y a la Direcci\u00f3n\u2026","rel":"","context":"En \u00abJUSTICIA\u00bb","block_context":{"text":"JUSTICIA","link":"https:\/\/lasprimeras.com.do\/index.php\/category\/justicia\/"},"img":{"alt_text":"Anthony Brito Cordero","src":"https:\/\/i0.wp.com\/lasprimeras.com.do\/wp-content\/uploads\/2024\/05\/Anthony-Brito-Cordero.jpg?resize=350%2C200&ssl=1","width":350,"height":200,"srcset":"https:\/\/i0.wp.com\/lasprimeras.com.do\/wp-content\/uploads\/2024\/05\/Anthony-Brito-Cordero.jpg?resize=350%2C200&ssl=1 1x, https:\/\/i0.wp.com\/lasprimeras.com.do\/wp-content\/uploads\/2024\/05\/Anthony-Brito-Cordero.jpg?resize=525%2C300&ssl=1 1.5x, https:\/\/i0.wp.com\/lasprimeras.com.do\/wp-content\/uploads\/2024\/05\/Anthony-Brito-Cordero.jpg?resize=700%2C400&ssl=1 2x"},"classes":[]},{"id":58746,"url":"https:\/\/lasprimeras.com.do\/index.php\/2023\/08\/28\/declaran-en-rebeldia-a-quirinitocondenado-por-asesinato-en-2013\/","url_meta":{"origin":55304,"position":2},"title":"Declaran en rebeld\u00eda a Quirinito,condenado por asesinato en 2013","author":"Nelson Feliz","date":"28 de agosto de 2023","format":false,"excerpt":"La C\u00e1mara Penal de la Corte de Apelaci\u00f3n de San Francisco de Macor\u00eds declar\u00f3 en rebeld\u00eda al imputado Pedro Alejandro Castillo Paniagua (alias Quirinito), condenado por el asesinato de un ciudadano espa\u00f1ol y fugado cuando se encontraba en prisi\u00f3n domiciliaria. La decisi\u00f3n, amparada que el art\u00edculo 100 del C\u00f3digo Procesal\u2026","rel":"","context":"En \u00abJUSTICIA\u00bb","block_context":{"text":"JUSTICIA","link":"https:\/\/lasprimeras.com.do\/index.php\/category\/justicia\/"},"img":{"alt_text":"Pedro Alejandro Castillo Paniagua","src":"https:\/\/i0.wp.com\/lasprimeras.com.do\/wp-content\/uploads\/2023\/08\/Pedro-Alejandro-Castillo-Paniagua-Quirinito.jpg?resize=350%2C200&ssl=1","width":350,"height":200,"srcset":"https:\/\/i0.wp.com\/lasprimeras.com.do\/wp-content\/uploads\/2023\/08\/Pedro-Alejandro-Castillo-Paniagua-Quirinito.jpg?resize=350%2C200&ssl=1 1x, https:\/\/i0.wp.com\/lasprimeras.com.do\/wp-content\/uploads\/2023\/08\/Pedro-Alejandro-Castillo-Paniagua-Quirinito.jpg?resize=525%2C300&ssl=1 1.5x"},"classes":[]},{"id":107645,"url":"https:\/\/lasprimeras.com.do\/index.php\/2025\/08\/28\/levantan-rebeldia-a-rafael-guerrero-pero-le-imponen-grillete-e-impedimento-de-salida-del-pais\/","url_meta":{"origin":55304,"position":3},"title":"Levantan rebeld\u00eda a Rafael Guerrero, pero le imponen grillete e impedimento de salida del pa\u00eds","author":"Nelson Feliz","date":"28 de agosto de 2025","format":false,"excerpt":"El juez de la Cuarta Sala Penal del Distrito Nacional, Franny Gonz\u00e1lez Castillo, levant\u00f3 este jueves la orden de rebeld\u00eda contra Rafael Guerrero, conductor del programa \"Corrupci\u00f3n al Desnudo\", por lo que ser\u00e1 puesto en libertad condicional. Cuando fue llevado al tribunal, Guerrero fue trasladado con esposas ocultas bajo un\u2026","rel":"","context":"En \u00abJUSTICIA\u00bb","block_context":{"text":"JUSTICIA","link":"https:\/\/lasprimeras.com.do\/index.php\/category\/justicia\/"},"img":{"alt_text":"","src":"https:\/\/i0.wp.com\/lasprimeras.com.do\/wp-content\/uploads\/2025\/08\/Rafael-Guerrero-Mendez.jpg?resize=350%2C200&ssl=1","width":350,"height":200,"srcset":"https:\/\/i0.wp.com\/lasprimeras.com.do\/wp-content\/uploads\/2025\/08\/Rafael-Guerrero-Mendez.jpg?resize=350%2C200&ssl=1 1x, https:\/\/i0.wp.com\/lasprimeras.com.do\/wp-content\/uploads\/2025\/08\/Rafael-Guerrero-Mendez.jpg?resize=525%2C300&ssl=1 1.5x, https:\/\/i0.wp.com\/lasprimeras.com.do\/wp-content\/uploads\/2025\/08\/Rafael-Guerrero-Mendez.jpg?resize=700%2C400&ssl=1 2x"},"classes":[]},{"id":50145,"url":"https:\/\/lasprimeras.com.do\/index.php\/2023\/05\/17\/tribunal-levanta-estado-de-rebeldia-a-el-gallero-pareja-de-amelia-alcantara\/","url_meta":{"origin":55304,"position":4},"title":"Tribunal levanta estado de rebeld\u00eda a \u00abEl Gallero\u00bb, pareja de Amelia Alc\u00e1ntara","author":"prenxa100","date":"17 de mayo de 2023","format":false,"excerpt":"SANTO DOMINGO.-. Un tribunal de San Francisco de Macoris levant\u00f3 el estado de rebeld\u00eda que ordenaba la captura del empresario Wagner Taveras Taveras (El Gallero), pareja sentimental de Amelia Alc\u00e1ntara, quien fue detenido ayer mi\u00e9rcoles por un caso de tr\u00e1nsito. De acuerdo a lo informado por el abogado Juan Jos\u00e9\u2026","rel":"","context":"En \u00abJUSTICIA\u00bb","block_context":{"text":"JUSTICIA","link":"https:\/\/lasprimeras.com.do\/index.php\/category\/justicia\/"},"img":{"alt_text":"","src":"","width":0,"height":0},"classes":[]},{"id":98489,"url":"https:\/\/lasprimeras.com.do\/index.php\/2025\/05\/08\/tribunal-ordena-arresto-de-empresaria-espanola-en-caso-de-fraude-millonario\/","url_meta":{"origin":55304,"position":5},"title":"Tribunal ordena arresto de empresaria espa\u00f1ola en caso de fraude millonario","author":"Nelson Feliz","date":"8 de mayo de 2025","format":false,"excerpt":"Monta\u00f1\u00e9s Ubieto no compareci\u00f3 ante la justicia por acusaciones de distracci\u00f3n de fondos y otros delitos financieros La Segunda Sala de la C\u00e1mara Penal del Juzgado de Primera Instancia del Distrito Nacional declar\u00f3 en rebeld\u00eda y dict\u00f3 orden de arresto contra la empresaria espa\u00f1ola Rosa Mar\u00eda Monta\u00f1\u00e9s Ubieto, quien no\u2026","rel":"","context":"En \u00abJUSTICIA\u00bb","block_context":{"text":"JUSTICIA","link":"https:\/\/lasprimeras.com.do\/index.php\/category\/justicia\/"},"img":{"alt_text":"","src":"https:\/\/i0.wp.com\/lasprimeras.com.do\/wp-content\/uploads\/2025\/05\/Clara-Luz-Almonte-Gomez.jpg?resize=350%2C200&ssl=1","width":350,"height":200,"srcset":"https:\/\/i0.wp.com\/lasprimeras.com.do\/wp-content\/uploads\/2025\/05\/Clara-Luz-Almonte-Gomez.jpg?resize=350%2C200&ssl=1 1x, https:\/\/i0.wp.com\/lasprimeras.com.do\/wp-content\/uploads\/2025\/05\/Clara-Luz-Almonte-Gomez.jpg?resize=525%2C300&ssl=1 1.5x, https:\/\/i0.wp.com\/lasprimeras.com.do\/wp-content\/uploads\/2025\/05\/Clara-Luz-Almonte-Gomez.jpg?resize=700%2C400&ssl=1 2x"},"classes":[]}],"jetpack_sharing_enabled":true,"_links":{"self":[{"href":"https:\/\/lasprimeras.com.do\/index.php\/wp-json\/wp\/v2\/posts\/55304","targetHints":{"allow":["GET"]}}],"collection":[{"href":"https:\/\/lasprimeras.com.do\/index.php\/wp-json\/wp\/v2\/posts"}],"about":[{"href":"https:\/\/lasprimeras.com.do\/index.php\/wp-json\/wp\/v2\/types\/post"}],"author":[{"embeddable":true,"href":"https:\/\/lasprimeras.com.do\/index.php\/wp-json\/wp\/v2\/users\/2"}],"replies":[{"embeddable":true,"href":"https:\/\/lasprimeras.com.do\/index.php\/wp-json\/wp\/v2\/comments?post=55304"}],"version-history":[{"count":1,"href":"https:\/\/lasprimeras.com.do\/index.php\/wp-json\/wp\/v2\/posts\/55304\/revisions"}],"predecessor-version":[{"id":55305,"href":"https:\/\/lasprimeras.com.do\/index.php\/wp-json\/wp\/v2\/posts\/55304\/revisions\/55305"}],"wp:featuredmedia":[{"embeddable":true,"href":"https:\/\/lasprimeras.com.do\/index.php\/wp-json\/wp\/v2\/media\/53050"}],"wp:attachment":[{"href":"https:\/\/lasprimeras.com.do\/index.php\/wp-json\/wp\/v2\/media?parent=55304"}],"wp:term":[{"taxonomy":"category","embeddable":true,"href":"https:\/\/lasprimeras.com.do\/index.php\/wp-json\/wp\/v2\/categories?post=55304"},{"taxonomy":"post_tag","embeddable":true,"href":"https:\/\/lasprimeras.com.do\/index.php\/wp-json\/wp\/v2\/tags?post=55304"}],"curies":[{"name":"wp","href":"https:\/\/api.w.org\/{rel}","templated":true}]}}