{"id":55306,"date":"2023-07-19T22:40:50","date_gmt":"2023-07-20T02:40:50","guid":{"rendered":"https:\/\/lasprimeras.com.do\/?p=55306"},"modified":"2023-07-19T22:40:51","modified_gmt":"2023-07-20T02:40:51","slug":"hispano-limpiador-de-supermercado-murio-a-golpes-en-calle-de-nueva-york","status":"publish","type":"post","link":"https:\/\/lasprimeras.com.do\/index.php\/2023\/07\/19\/hispano-limpiador-de-supermercado-murio-a-golpes-en-calle-de-nueva-york\/","title":{"rendered":"Hispano limpiador de supermercado muri\u00f3 a golpes en calle de Nueva York"},"content":{"rendered":"\n<p>Un hispano sin hogar fue acusado de matar a golpes con una tabla de madera a Bernardo Gonz\u00e1lez P\u00e9rez, empleado de 63 a\u00f1os que barr\u00eda la acera frente a un supermercado en Harlem (NYC). La v\u00edctima sufri\u00f3 varios cortes y contusiones en la cabeza.<\/p>\n\n\n\n<p>Carlos Ram\u00edrez, un hombre sin hogar, fue detenido como sospechoso de matar a golpes con una tabla de madera a Bernardo Gonz\u00e1lez P\u00e9rez, empleado de 63 a\u00f1os que barr\u00eda la acera frente a un supermercado en Harlem (NYC).<\/p>\n\n\n\n<p>El crimen ocurri\u00f3 alrededor del mediod\u00eda del pasado 7 de junio afuera de \u201cFood Universe\u201d en W. 138th St. cerca de Broadway, dijo la polic\u00eda de Nueva York. La semana pasada el m\u00e9dico forense determin\u00f3 que la muerte fue homicidio.<\/p>\n\n\n\n<p>Ram\u00edrez, hombre peque\u00f1o de 5 pies y 5 pulgadas, fue originalmente acusado de agresi\u00f3n grave. Se espera que los cargos se actualicen en su pr\u00f3xima comparecencia ante el tribunal el 27 de julio, dijeron fuentes policiales.<\/p>\n\n\n\n<p>Al momento del ataque la v\u00edctima s\u00f3lo hab\u00eda estado empleado en ese supermercado durante un par de semanas, detall\u00f3 Daily News.<\/p>\n\n\n\n<p>Al parecer Ram\u00edrez, de 48 a\u00f1os, tom\u00f3 una \u201ctabla grande de madera\u201d y golpe\u00f3 a Gonz\u00e1lez P\u00e9rez \u201cvarias veces\u201d en medio de una discusi\u00f3n mientras los peatones pasaban, seg\u00fan la denuncia penal contra el sospechoso. La v\u00edctima sufri\u00f3 varios cortes y contusiones en la cabeza durante el ataque y \u201cno pod\u00eda comunicarse porque segu\u00eda perdiendo el conocimiento\u201d, dicen los documentos judiciales.<\/p>\n\n\n\n<p>Una c\u00e1mara de seguridad afuera de la tienda captur\u00f3 el inquietante asalto. Incluso despu\u00e9s de que Gonz\u00e1lez P\u00e9rez cay\u00f3 al suelo el atacante volvi\u00f3 a levantar la tabla y a golpearlo una vez m\u00e1s. La escoba del trabajador de limpieza yac\u00eda en el suelo junto a \u00e9l.<\/p>\n\n\n\n<p>Param\u00e9dicos llevaron a Gonz\u00e1lez P\u00e9rez al Mount Sinai Morningside, donde muri\u00f3 cuatro d\u00edas despu\u00e9s. Viv\u00eda cerca de St. James Park en El Bronx, seg\u00fan la polic\u00eda. Ram\u00edrez sali\u00f3 corriendo despu\u00e9s del ataque, pero los polic\u00edas que respondieron lo localizaron y lo agarraron ese mismo d\u00eda.<\/p>\n\n\n\n<p>Pamela Santana, subgerente del supermercado, dijo que sali\u00f3 corriendo tan pronto como escuch\u00f3 la conmoci\u00f3n. \u201cNo creo que discutieran\u201d, dijo. \u201cEl atacante no parec\u00eda mentalmente inestable porque estaba haciendo declaraciones como, \u2018Te lo mereces&#8217;\u201d.<\/p>\n\n\n\n<p>Todos los cargos son meras acusaciones y se presume que las personas procesadas son inocentes hasta que se pruebe su culpabilidad en un tribunal.<\/p>\n\n\n\n<p>En marzo una pareja golpe\u00f3 a un trabajador que quiso evitar un supuesto robo en un supermercado en El Bronx. A fines de febrero, en un caso similar, una cajera hispana de 25 a\u00f1os fue violentamente atacada por varias mujeres en otro supermercado en ese mismo condado.<\/p>\n\n\n\n<p>81% m\u00e1s raterismo este a\u00f1o en tiendas de Nueva York, muchos casos con ataques violentos a empleados: due\u00f1os piden leyes m\u00e1s estrictas.<\/p>\n\n\n\n<p>Fuente Diariony.com<\/p>\n","protected":false},"excerpt":{"rendered":"<p>Un hispano sin hogar fue acusado de matar a golpes con una tabla de madera a Bernardo Gonz\u00e1lez P\u00e9rez, empleado de 63 a\u00f1os que barr\u00eda la acera frente a un&hellip;<\/p>\n","protected":false},"author":2,"featured_media":55307,"comment_status":"open","ping_status":"open","sticky":false,"template":"","format":"standard","meta":{"content-type":"","jetpack_post_was_ever_published":false,"_jetpack_newsletter_access":"","_jetpack_dont_email_post_to_subs":false,"_jetpack_newsletter_tier_id":0,"_jetpack_memberships_contains_paywalled_content":false,"_jetpack_memberships_contains_paid_content":false,"footnotes":""},"categories":[1],"tags":[4977,4998,4255,4999,4927,104,5000],"class_list":["post-55306","post","type-post","status-publish","format-standard","has-post-thumbnail","hentry","category-sin-categoria","tag-calle","tag-golpes","tag-hispano","tag-limpiador","tag-murio","tag-nueva-york","tag-supermercado"],"jetpack_featured_media_url":"https:\/\/lasprimeras.com.do\/wp-content\/uploads\/2023\/07\/West.jpg","jetpack-related-posts":[{"id":99322,"url":"https:\/\/lasprimeras.com.do\/index.php\/2025\/05\/20\/hombre-asesinado-de-un-tiro-frente-a-un-cuartel-en-harlem-otros-hechos-violentos-en-nyc\/","url_meta":{"origin":55306,"position":0},"title":"Hombre asesinado de un tiro frente a un cuartel en Harlem; otros hechos violentos en NYC","author":"Nelson Feliz","date":"20 de mayo de 2025","format":false,"excerpt":"Por Ram\u00f3n Mercedes NUEVA YORK.- Un hombre fue asesinado de un tiro en la cabeza frente a un cuartel de la polic\u00eda en el sector de Harlem, en esta ciudad, publica la prensa neoyorkina. El Departamento de Polic\u00eda de NYC inform\u00f3 que el hecho sucedi\u00f3 este domingo a las 11:40\u2026","rel":"","context":"En \u00abINTERNACIONALES\u00bb","block_context":{"text":"INTERNACIONALES","link":"https:\/\/lasprimeras.com.do\/index.php\/category\/sin-categoria\/internacionales\/"},"img":{"alt_text":"","src":"https:\/\/i0.wp.com\/lasprimeras.com.do\/wp-content\/uploads\/2025\/05\/WhatsApp-Image-2025-05-20-at-6.32.53-AM.jpeg?resize=350%2C200&ssl=1","width":350,"height":200,"srcset":"https:\/\/i0.wp.com\/lasprimeras.com.do\/wp-content\/uploads\/2025\/05\/WhatsApp-Image-2025-05-20-at-6.32.53-AM.jpeg?resize=350%2C200&ssl=1 1x, https:\/\/i0.wp.com\/lasprimeras.com.do\/wp-content\/uploads\/2025\/05\/WhatsApp-Image-2025-05-20-at-6.32.53-AM.jpeg?resize=525%2C300&ssl=1 1.5x"},"classes":[]},{"id":94932,"url":"https:\/\/lasprimeras.com.do\/index.php\/2025\/03\/07\/hallan-cadaver-de-hispana-en-una-maleta-en-nueva-york-ex-novio-arrestado\/","url_meta":{"origin":55306,"position":1},"title":"Hallan cad\u00e1ver de hispana en una maleta en Nueva York; ex novio arrestado","author":"Nelson Feliz","date":"7 de marzo de 2025","format":false,"excerpt":"Una joven latina que hab\u00eda sido reportada desaparecida en NYC fue encontrada muerta en una maleta en Yonkers. Su ex novio fue detenido como sospechoso. Pamela Alc\u00e1ntara, joven de 26 a\u00f1os que hab\u00eda sido reportada desaparecida el domingo en El Bronx (NYC), fue encontrada muerta en una maleta en Yonkers\u2026","rel":"","context":"En \u00abINTERNACIONALES\u00bb","block_context":{"text":"INTERNACIONALES","link":"https:\/\/lasprimeras.com.do\/index.php\/category\/sin-categoria\/internacionales\/"},"img":{"alt_text":"","src":"https:\/\/i0.wp.com\/lasprimeras.com.do\/wp-content\/uploads\/2025\/03\/HISPA.png?resize=350%2C200&ssl=1","width":350,"height":200},"classes":[]},{"id":69076,"url":"https:\/\/lasprimeras.com.do\/index.php\/2023\/11\/29\/93-de-los-supermercados-de-nueva-york-han-sido-robados-este-ano-raterismo-desbordado\/","url_meta":{"origin":55306,"position":2},"title":"93% de los supermercados de Nueva York han sido robados este a\u00f1o: raterismo desbordado","author":"Nelson Feliz","date":"29 de noviembre de 2023","format":false,"excerpt":"Casi todos los 3,000 supermercados que existen en NYC han sido atacados por ladrones en los \u00faltimos meses y muchos est\u00e1n siendo robados a diario a\u00fan habiendo redoblado las medidas de seguridad. Casi todos los 3,000 supermercados que existen en la Ciudad de Nueva York han sido atacados por ladrones\u2026","rel":"","context":"En \u00abSin categor\u00eda\u00bb","block_context":{"text":"Sin categor\u00eda","link":"https:\/\/lasprimeras.com.do\/index.php\/category\/sin-categoria\/"},"img":{"alt_text":"supermercados de Nueva York","src":"https:\/\/i0.wp.com\/lasprimeras.com.do\/wp-content\/uploads\/2023\/11\/SUPER.jpg?resize=350%2C200&ssl=1","width":350,"height":200,"srcset":"https:\/\/i0.wp.com\/lasprimeras.com.do\/wp-content\/uploads\/2023\/11\/SUPER.jpg?resize=350%2C200&ssl=1 1x, https:\/\/i0.wp.com\/lasprimeras.com.do\/wp-content\/uploads\/2023\/11\/SUPER.jpg?resize=525%2C300&ssl=1 1.5x, https:\/\/i0.wp.com\/lasprimeras.com.do\/wp-content\/uploads\/2023\/11\/SUPER.jpg?resize=700%2C400&ssl=1 2x"},"classes":[]},{"id":97943,"url":"https:\/\/lasprimeras.com.do\/index.php\/2025\/04\/29\/acusan-hispano-violar-cadaver-humano-en-tren-nyc-presuntamente-es-dominicano\/","url_meta":{"origin":55306,"position":3},"title":"Acusan hispano violar cad\u00e1ver humano en tren NYC; presuntamente es dominicano","author":"Nelson Feliz","date":"29 de abril de 2025","format":false,"excerpt":"Por Ram\u00f3n Mercedes NUEVA YORK.- El hispano F\u00e9lix Rojas, de 44 a\u00f1os, residente en Brooklyn y presuntamente dominicano, apresado el pasado domingo, fue acusado de violar un cad\u00e1ver humano en un vag\u00f3n del tren R en la estaci\u00f3n de la calle Whitehall-Manhattan. La instituci\u00f3n del orden ven\u00eda d\u00e1ndole seguimiento, desde\u2026","rel":"","context":"En \u00abINTERNACIONALES\u00bb","block_context":{"text":"INTERNACIONALES","link":"https:\/\/lasprimeras.com.do\/index.php\/category\/sin-categoria\/internacionales\/"},"img":{"alt_text":"Apresan y acusan hispano violar cad\u00e1ver humano en tren NYC","src":"https:\/\/i0.wp.com\/lasprimeras.com.do\/wp-content\/uploads\/2025\/04\/WhatsApp-Image-2025-04-29-at-5.43.41-AM.jpeg?resize=350%2C200&ssl=1","width":350,"height":200,"srcset":"https:\/\/i0.wp.com\/lasprimeras.com.do\/wp-content\/uploads\/2025\/04\/WhatsApp-Image-2025-04-29-at-5.43.41-AM.jpeg?resize=350%2C200&ssl=1 1x, https:\/\/i0.wp.com\/lasprimeras.com.do\/wp-content\/uploads\/2025\/04\/WhatsApp-Image-2025-04-29-at-5.43.41-AM.jpeg?resize=525%2C300&ssl=1 1.5x"},"classes":[]},{"id":98151,"url":"https:\/\/lasprimeras.com.do\/index.php\/2025\/05\/02\/violaciones-sexuales-en-trenes-se-estan-volviendo-recurrentes-otros-hechos-muestran-a-un-nyc-salvaje\/","url_meta":{"origin":55306,"position":4},"title":"Violaciones sexuales en trenes se est\u00e1n volviendo recurrentes; otros hechos muestran a un NYC salvaje","author":"Nelson Feliz","date":"2 de mayo de 2025","format":false,"excerpt":"Por Ram\u00f3n Mercedes NUEVA YORK.- Acontecimientos sucedidos en los \u00faltimos d\u00edas en esta ciudad muestran y dan la percepci\u00f3n de un NYC salvaje por las caracter\u00edsticas de los hechos. El pasado mes, el hispano F\u00e9lix Rojas, de 44 a\u00f1os, rob\u00f3 y viol\u00f3 el cad\u00e1ver de un hombre que muriera por\u2026","rel":"","context":"En \u00abINTERNACIONALES\u00bb","block_context":{"text":"INTERNACIONALES","link":"https:\/\/lasprimeras.com.do\/index.php\/category\/sin-categoria\/internacionales\/"},"img":{"alt_text":"Violaciones sexuales en trenes se est\u00e1n volviendo recurrentes","src":"https:\/\/i0.wp.com\/lasprimeras.com.do\/wp-content\/uploads\/2025\/05\/WhatsApp-Image-2025-05-02-at-6.11.52-AM.jpeg?resize=350%2C200&ssl=1","width":350,"height":200,"srcset":"https:\/\/i0.wp.com\/lasprimeras.com.do\/wp-content\/uploads\/2025\/05\/WhatsApp-Image-2025-05-02-at-6.11.52-AM.jpeg?resize=350%2C200&ssl=1 1x, https:\/\/i0.wp.com\/lasprimeras.com.do\/wp-content\/uploads\/2025\/05\/WhatsApp-Image-2025-05-02-at-6.11.52-AM.jpeg?resize=525%2C300&ssl=1 1.5x, https:\/\/i0.wp.com\/lasprimeras.com.do\/wp-content\/uploads\/2025\/05\/WhatsApp-Image-2025-05-02-at-6.11.52-AM.jpeg?resize=700%2C400&ssl=1 2x"},"classes":[]},{"id":58891,"url":"https:\/\/lasprimeras.com.do\/index.php\/2023\/08\/29\/latino-mato-a-su-esposa-dos-bebes-y-luego-a-si-mismo-en-su-hogar-en-nueva-york\/","url_meta":{"origin":55306,"position":5},"title":"Latino mat\u00f3 a su esposa, dos beb\u00e9s y luego a s\u00ed mismo en su hogar en Nueva York","author":"Nelson Feliz","date":"29 de agosto de 2023","format":false,"excerpt":"Un hispano de 41 a\u00f1os fue identificado por NYPD como el hombre que acuchill\u00f3 fatalmente a su esposa, sus dos beb\u00e9s y luego a s\u00ed mismo en su hogar en el edificio donde laboraba como \"s\u00faper\" en el UWS de Manhattan. Edison L\u00f3pez fue identificado por la polic\u00eda de Nueva\u2026","rel":"","context":"En \u00abSin categor\u00eda\u00bb","block_context":{"text":"Sin categor\u00eda","link":"https:\/\/lasprimeras.com.do\/index.php\/category\/sin-categoria\/"},"img":{"alt_text":"","src":"https:\/\/i0.wp.com\/lasprimeras.com.do\/wp-content\/uploads\/2023\/08\/NY.jpg?resize=350%2C200&ssl=1","width":350,"height":200,"srcset":"https:\/\/i0.wp.com\/lasprimeras.com.do\/wp-content\/uploads\/2023\/08\/NY.jpg?resize=350%2C200&ssl=1 1x, https:\/\/i0.wp.com\/lasprimeras.com.do\/wp-content\/uploads\/2023\/08\/NY.jpg?resize=525%2C300&ssl=1 1.5x, https:\/\/i0.wp.com\/lasprimeras.com.do\/wp-content\/uploads\/2023\/08\/NY.jpg?resize=700%2C400&ssl=1 2x"},"classes":[]}],"jetpack_sharing_enabled":true,"_links":{"self":[{"href":"https:\/\/lasprimeras.com.do\/index.php\/wp-json\/wp\/v2\/posts\/55306","targetHints":{"allow":["GET"]}}],"collection":[{"href":"https:\/\/lasprimeras.com.do\/index.php\/wp-json\/wp\/v2\/posts"}],"about":[{"href":"https:\/\/lasprimeras.com.do\/index.php\/wp-json\/wp\/v2\/types\/post"}],"author":[{"embeddable":true,"href":"https:\/\/lasprimeras.com.do\/index.php\/wp-json\/wp\/v2\/users\/2"}],"replies":[{"embeddable":true,"href":"https:\/\/lasprimeras.com.do\/index.php\/wp-json\/wp\/v2\/comments?post=55306"}],"version-history":[{"count":1,"href":"https:\/\/lasprimeras.com.do\/index.php\/wp-json\/wp\/v2\/posts\/55306\/revisions"}],"predecessor-version":[{"id":55308,"href":"https:\/\/lasprimeras.com.do\/index.php\/wp-json\/wp\/v2\/posts\/55306\/revisions\/55308"}],"wp:featuredmedia":[{"embeddable":true,"href":"https:\/\/lasprimeras.com.do\/index.php\/wp-json\/wp\/v2\/media\/55307"}],"wp:attachment":[{"href":"https:\/\/lasprimeras.com.do\/index.php\/wp-json\/wp\/v2\/media?parent=55306"}],"wp:term":[{"taxonomy":"category","embeddable":true,"href":"https:\/\/lasprimeras.com.do\/index.php\/wp-json\/wp\/v2\/categories?post=55306"},{"taxonomy":"post_tag","embeddable":true,"href":"https:\/\/lasprimeras.com.do\/index.php\/wp-json\/wp\/v2\/tags?post=55306"}],"curies":[{"name":"wp","href":"https:\/\/api.w.org\/{rel}","templated":true}]}}