{"id":55317,"date":"2023-07-19T23:05:11","date_gmt":"2023-07-20T03:05:11","guid":{"rendered":"https:\/\/lasprimeras.com.do\/?p=55317"},"modified":"2023-07-19T23:05:13","modified_gmt":"2023-07-20T03:05:13","slug":"luis-el-gallo-considera-grandes-potencias-deben-cooperar-en-solucion-a-pobreza-y-desigualdades","status":"publish","type":"post","link":"https:\/\/lasprimeras.com.do\/index.php\/2023\/07\/19\/luis-el-gallo-considera-grandes-potencias-deben-cooperar-en-solucion-a-pobreza-y-desigualdades\/","title":{"rendered":"Luis \u201cEl Gallo\u201d considera grandes potencias deben cooperar en soluci\u00f3n a pobreza y desigualdades"},"content":{"rendered":"\n<p>La Uni\u00f3n Dem\u00f3crata Cristiana \u2013UDC- muy realistas y ajustados a las necesidades de los pa\u00edses del tercer mundo, los pronunciamientos del presidente Luis Abinader en el sentido de que las grandes potencias aborden juntos los desaf\u00edos de la pobreza y las desigualdades.<\/p>\n\n\n\n<p>El presidente de la UDC, Luis Acosta Moreta, Luis \u201cEl Gallo\u201d, dijo que los representantes de los grandes foros europeos deben al Presidente Abinader escuchar cuando plantea que se tomen las medidas que fomentan el empoderamiento econ\u00f3mico y pol\u00edtico de las mujeres.<\/p>\n\n\n\n<p>Resalt\u00f3 que el presidente Abinader ha sabido defender el pa\u00eds en los foros internacionales, planteando las necesidades nacionales, y rechazando que se quiere echar sobre los hombros de los dominicanos la crisis haitiana.<\/p>\n\n\n\n<p>Asegur\u00f3 que en los pa\u00edses subdesarrollados el fardo de la miseria y la exclusi\u00f3n es pesado, y en muy pocas ocasiones llega una ayuda desinteresada de las grandes potencias.<\/p>\n\n\n\n<p>Es el caso de Hait\u00ed, donde hoy las Naciones Unidas dicen que no tienen recursos econ\u00f3micos para continuar suministrando alimentos a la mayor parte de la poblaci\u00f3n. Una declaraci\u00f3n que se presta a poner mucho cuidado ya prestarle atenci\u00f3n.<\/p>\n\n\n\n<p>Para las Naciones Unidas y los Estados Unidos la v\u00e1lvula de escape a la problem\u00e1tica haitiana, es que contin\u00faa la migraci\u00f3n de indocumentados hacia la Rep\u00fablica Dominicana.<\/p>\n\n\n\n<p>Reconocen las Naciones Unidas que casi todos los hospitales haitianos han colapsado, y la totalidad de las escuelas est\u00e1n cerradas, o solo trabajan en forma muy ocasional.<\/p>\n\n\n\n<p>Apunt\u00f3 que hay que tener mucho cuidado y mantener la alerta, porque en cada reuni\u00f3n internacional donde se trata el tema haitiano est\u00e1 en el tapete que la apertura de la frontera dominicana es la soluci\u00f3n.<\/p>\n\n\n\n<p>Record\u00f3 que la crisis actual haitiana no es responsabilidad de los dominicanos, que es un pueblo solidario, que siempre ha estado presto a dar la mano amiga, pero ello no puede significar que el pa\u00eds se llene de haitianos indocumentados.<\/p>\n\n\n\n<p>Los Estados Unidos y las Naciones Unidas propiciaron esta crisis que hoy sacude a Hait\u00ed. intervinieron a ese pa\u00eds por casi 20 a\u00f1os, y solo ellos abandonaron violaciones, el c\u00f3lera, el desmantelamiento del ej\u00e9rcito, y el rompimiento institucional.<\/p>\n","protected":false},"excerpt":{"rendered":"<p>La Uni\u00f3n Dem\u00f3crata Cristiana \u2013UDC- muy realistas y ajustados a las necesidades de los pa\u00edses del tercer mundo, los pronunciamientos del presidente Luis Abinader en el sentido de que las&hellip;<\/p>\n","protected":false},"author":2,"featured_media":53109,"comment_status":"open","ping_status":"open","sticky":false,"template":"","format":"standard","meta":{"content-type":"","jetpack_post_was_ever_published":false,"_jetpack_newsletter_access":"","_jetpack_dont_email_post_to_subs":false,"_jetpack_newsletter_tier_id":0,"_jetpack_memberships_contains_paywalled_content":false,"_jetpack_memberships_contains_paid_content":false,"footnotes":""},"categories":[1],"tags":[5007,5009,5008,561,1436,1848],"class_list":["post-55317","post","type-post","status-publish","format-standard","has-post-thumbnail","hentry","category-sin-categoria","tag-cooperar","tag-desigualdades","tag-grandes-potencias","tag-luis-acosta-moreta","tag-pobreza","tag-solucion"],"jetpack_featured_media_url":"https:\/\/lasprimeras.com.do\/wp-content\/uploads\/2023\/06\/Luis-Acosta-Moreta-3.jpg","jetpack-related-posts":[{"id":110091,"url":"https:\/\/lasprimeras.com.do\/index.php\/2025\/09\/25\/udc-respalda-a-presidente-abinader-al-pedir-comunidad-internacional-acuda-en-auxilio-de-haiti\/","url_meta":{"origin":55317,"position":0},"title":"UDC respalda a presidente Abinader, al pedir comunidad internacional acuda en auxilio de Hait\u00ed","author":"Nelson Feliz","date":"25 de septiembre de 2025","format":false,"excerpt":"El presidente de la Uni\u00f3n Dem\u00f3crata Cristiana \u2013UDC-, Luis Acosta Moreta, Luis \u201cEl Gallo\u201d salud\u00f3 y apoy\u00f3 hoy los pronunciamientos hechos por el presidente Luis Abinader de que una fuerza multinacional es la que debe buscar la paz y la soluci\u00f3n de los problemas haitianos. Tambi\u00e9n se\u00f1al\u00f3 como trascendente la\u2026","rel":"","context":"En \u00abPOLITICA\u00bb","block_context":{"text":"POLITICA","link":"https:\/\/lasprimeras.com.do\/index.php\/category\/politica\/"},"img":{"alt_text":"","src":"https:\/\/i0.wp.com\/lasprimeras.com.do\/wp-content\/uploads\/2025\/09\/Luis-Abinader-3-1.jpg?resize=350%2C200&ssl=1","width":350,"height":200,"srcset":"https:\/\/i0.wp.com\/lasprimeras.com.do\/wp-content\/uploads\/2025\/09\/Luis-Abinader-3-1.jpg?resize=350%2C200&ssl=1 1x, https:\/\/i0.wp.com\/lasprimeras.com.do\/wp-content\/uploads\/2025\/09\/Luis-Abinader-3-1.jpg?resize=525%2C300&ssl=1 1.5x, https:\/\/i0.wp.com\/lasprimeras.com.do\/wp-content\/uploads\/2025\/09\/Luis-Abinader-3-1.jpg?resize=700%2C400&ssl=1 2x"},"classes":[]},{"id":120393,"url":"https:\/\/lasprimeras.com.do\/index.php\/2026\/01\/23\/luis-el-gallo-destaca-presidente-abinader-trabaja-para-acabar-con-la-miseria-y-la-corrupcion\/","url_meta":{"origin":55317,"position":1},"title":"Luis \u201cEl Gallo\u201d destaca presidente Abinader trabaja para acabar con la miseria y la corrupci\u00f3n","author":"Nelson Feliz","date":"23 de enero de 2026","format":false,"excerpt":"El l\u00edder de la Uni\u00f3n Dem\u00f3crata Cristiana \u2013UDC-, Luis Acosta Moreta, Luis \u201cEl Gallo\u201d, consider\u00f3 hoy que el presidente Luis Abinader est\u00e1 trabajando a tiempo completo para acabar con la marginalidad social, y mejorar los niveles de vida de la poblaci\u00f3n. Asimismo, se\u00f1al\u00f3 que el mandatario ha dicho en varias\u2026","rel":"","context":"En \u00abPOLITICA\u00bb","block_context":{"text":"POLITICA","link":"https:\/\/lasprimeras.com.do\/index.php\/category\/politica\/"},"img":{"alt_text":"Luis Acosta Moreta","src":"https:\/\/i0.wp.com\/lasprimeras.com.do\/wp-content\/uploads\/2025\/06\/Luis-Acosta-Moreta-1.jpg?resize=350%2C200&ssl=1","width":350,"height":200,"srcset":"https:\/\/i0.wp.com\/lasprimeras.com.do\/wp-content\/uploads\/2025\/06\/Luis-Acosta-Moreta-1.jpg?resize=350%2C200&ssl=1 1x, https:\/\/i0.wp.com\/lasprimeras.com.do\/wp-content\/uploads\/2025\/06\/Luis-Acosta-Moreta-1.jpg?resize=525%2C300&ssl=1 1.5x, https:\/\/i0.wp.com\/lasprimeras.com.do\/wp-content\/uploads\/2025\/06\/Luis-Acosta-Moreta-1.jpg?resize=700%2C400&ssl=1 2x"},"classes":[]},{"id":125512,"url":"https:\/\/lasprimeras.com.do\/index.php\/2026\/03\/23\/udc-apoya-medidas-de-abinader-para-enfrentar-alza-de-combustibles\/","url_meta":{"origin":55317,"position":2},"title":"UDC apoya medidas de Abinader para enfrentar alza de combustibles","author":"Nelson Feliz","date":"23 de marzo de 2026","format":false,"excerpt":"El l\u00edder de la Uni\u00f3n Dem\u00f3crata Cristiana \u2013UDC, Luis Acosta Moreta, Luis \u201cEl Gallo\u201d, respald\u00f3 hoy las medidas tomadas por el presidente Luis Abinader para hacer frente a la crisis de los combustibles, y llam\u00f3 a un pacto nacional para buscar soluciones inmediatas. Destac\u00f3 que el presidente Abinader est\u00e1 trabajando\u2026","rel":"","context":"En \u00abPOLITICA\u00bb","block_context":{"text":"POLITICA","link":"https:\/\/lasprimeras.com.do\/index.php\/category\/politica\/"},"img":{"alt_text":"Luis Acosta Moreta","src":"https:\/\/i0.wp.com\/lasprimeras.com.do\/wp-content\/uploads\/2025\/04\/Luis-Acosta-Moreta.jpg?resize=350%2C200&ssl=1","width":350,"height":200,"srcset":"https:\/\/i0.wp.com\/lasprimeras.com.do\/wp-content\/uploads\/2025\/04\/Luis-Acosta-Moreta.jpg?resize=350%2C200&ssl=1 1x, https:\/\/i0.wp.com\/lasprimeras.com.do\/wp-content\/uploads\/2025\/04\/Luis-Acosta-Moreta.jpg?resize=525%2C300&ssl=1 1.5x, https:\/\/i0.wp.com\/lasprimeras.com.do\/wp-content\/uploads\/2025\/04\/Luis-Acosta-Moreta.jpg?resize=700%2C400&ssl=1 2x"},"classes":[]},{"id":126950,"url":"https:\/\/lasprimeras.com.do\/index.php\/2026\/04\/07\/luis-el-gallo-respalda-propuesta-presidente-abinader-de-un-gran-acuerdo-nacional\/","url_meta":{"origin":55317,"position":3},"title":"Luis \u201cEl Gallo\u201d respalda propuesta presidente Abinader de un gran acuerdo nacional","author":"Nelson Feliz","date":"7 de abril de 2026","format":false,"excerpt":"El l\u00edder de la Uni\u00f3n Dem\u00f3crata Cristiana \u2013UDC-, Luis Acosta Moreta, Luis \u201cEl Gallo\u201d, apoy\u00f3 hoy la propuesta del presidente Luis Abinader de propiciar un gran acuerdo nacional para prevenir una crisis econ\u00f3mica, impulsada por problemas internacionales. Felicit\u00f3 y se adhiri\u00f3 a la propuesta del presidente Abinader, e hizo un\u2026","rel":"","context":"En \u00abPOLITICA\u00bb","block_context":{"text":"POLITICA","link":"https:\/\/lasprimeras.com.do\/index.php\/category\/politica\/"},"img":{"alt_text":"Luis Acosta Moreta","src":"https:\/\/i0.wp.com\/lasprimeras.com.do\/wp-content\/uploads\/2025\/07\/Luis-Acosta-Moreta.png?resize=350%2C200&ssl=1","width":350,"height":200},"classes":[]},{"id":103250,"url":"https:\/\/lasprimeras.com.do\/index.php\/2025\/07\/13\/luis-el-gallo-ve-preocupante-posicion-de-los-obispos-y-amnistia-internacional\/","url_meta":{"origin":55317,"position":4},"title":"Luis \u201cEl Gallo\u201d ve preocupante posici\u00f3n de los obispos y Amnist\u00eda Internacional","author":"Nelson Feliz","date":"13 de julio de 2025","format":false,"excerpt":"El presidente de la Uni\u00f3n Dem\u00f3crata Cristiana \u2013UDC-, Luis Acosta Moreta, Luis \u201cEl Gallo\u201d, pidi\u00f3 hoy el rechazo a las presiones para la fijaci\u00f3n de cuotas de braceros haitianos, que hacen los obispos cat\u00f3licos y Amnist\u00eda Internacional. Afirm\u00f3 que llama la atenci\u00f3n que al tratar el problema haitiano en el\u2026","rel":"","context":"En \u00abPOLITICA\u00bb","block_context":{"text":"POLITICA","link":"https:\/\/lasprimeras.com.do\/index.php\/category\/politica\/"},"img":{"alt_text":"","src":"https:\/\/i0.wp.com\/lasprimeras.com.do\/wp-content\/uploads\/2025\/07\/OBISPO.jpg?resize=350%2C200&ssl=1","width":350,"height":200,"srcset":"https:\/\/i0.wp.com\/lasprimeras.com.do\/wp-content\/uploads\/2025\/07\/OBISPO.jpg?resize=350%2C200&ssl=1 1x, https:\/\/i0.wp.com\/lasprimeras.com.do\/wp-content\/uploads\/2025\/07\/OBISPO.jpg?resize=525%2C300&ssl=1 1.5x, https:\/\/i0.wp.com\/lasprimeras.com.do\/wp-content\/uploads\/2025\/07\/OBISPO.jpg?resize=700%2C400&ssl=1 2x"},"classes":[]},{"id":119963,"url":"https:\/\/lasprimeras.com.do\/index.php\/2026\/01\/19\/luis-el-gallo-rechaza-de-forma-categorica-cualquier-sometimiento-a-la-cidh\/","url_meta":{"origin":55317,"position":5},"title":"Luis \u201cEl Gallo\u201d rechaza de forma categ\u00f3rica cualquier sometimiento a la CIDH","author":"Nelson Feliz","date":"19 de enero de 2026","format":false,"excerpt":"El presidente del Partido Uni\u00f3n Dem\u00f3crata Cristiana \u2013UDC-, Luis Acosta Moreta, Luis \u201cEl Gallo\u201d, lanz\u00f3 una en\u00e9rgica advertencia contra cualquier intento de someter nuevamente a la Rep\u00fablica Dominicana a la Corte Interamericana de Derechos Humanos (Corte IDH), al considerar que dicha pretensi\u00f3n constituye una agresi\u00f3n directa a la soberan\u00eda nacional,\u2026","rel":"","context":"En \u00abPOLITICA\u00bb","block_context":{"text":"POLITICA","link":"https:\/\/lasprimeras.com.do\/index.php\/category\/politica\/"},"img":{"alt_text":"Luis Acosta Moreta","src":"https:\/\/i0.wp.com\/lasprimeras.com.do\/wp-content\/uploads\/2025\/07\/WhatsApp-Image-2025-07-25-at-9.01.49-AM.jpeg?resize=350%2C200&ssl=1","width":350,"height":200,"srcset":"https:\/\/i0.wp.com\/lasprimeras.com.do\/wp-content\/uploads\/2025\/07\/WhatsApp-Image-2025-07-25-at-9.01.49-AM.jpeg?resize=350%2C200&ssl=1 1x, https:\/\/i0.wp.com\/lasprimeras.com.do\/wp-content\/uploads\/2025\/07\/WhatsApp-Image-2025-07-25-at-9.01.49-AM.jpeg?resize=525%2C300&ssl=1 1.5x, https:\/\/i0.wp.com\/lasprimeras.com.do\/wp-content\/uploads\/2025\/07\/WhatsApp-Image-2025-07-25-at-9.01.49-AM.jpeg?resize=700%2C400&ssl=1 2x"},"classes":[]}],"jetpack_sharing_enabled":true,"_links":{"self":[{"href":"https:\/\/lasprimeras.com.do\/index.php\/wp-json\/wp\/v2\/posts\/55317","targetHints":{"allow":["GET"]}}],"collection":[{"href":"https:\/\/lasprimeras.com.do\/index.php\/wp-json\/wp\/v2\/posts"}],"about":[{"href":"https:\/\/lasprimeras.com.do\/index.php\/wp-json\/wp\/v2\/types\/post"}],"author":[{"embeddable":true,"href":"https:\/\/lasprimeras.com.do\/index.php\/wp-json\/wp\/v2\/users\/2"}],"replies":[{"embeddable":true,"href":"https:\/\/lasprimeras.com.do\/index.php\/wp-json\/wp\/v2\/comments?post=55317"}],"version-history":[{"count":1,"href":"https:\/\/lasprimeras.com.do\/index.php\/wp-json\/wp\/v2\/posts\/55317\/revisions"}],"predecessor-version":[{"id":55318,"href":"https:\/\/lasprimeras.com.do\/index.php\/wp-json\/wp\/v2\/posts\/55317\/revisions\/55318"}],"wp:featuredmedia":[{"embeddable":true,"href":"https:\/\/lasprimeras.com.do\/index.php\/wp-json\/wp\/v2\/media\/53109"}],"wp:attachment":[{"href":"https:\/\/lasprimeras.com.do\/index.php\/wp-json\/wp\/v2\/media?parent=55317"}],"wp:term":[{"taxonomy":"category","embeddable":true,"href":"https:\/\/lasprimeras.com.do\/index.php\/wp-json\/wp\/v2\/categories?post=55317"},{"taxonomy":"post_tag","embeddable":true,"href":"https:\/\/lasprimeras.com.do\/index.php\/wp-json\/wp\/v2\/tags?post=55317"}],"curies":[{"name":"wp","href":"https:\/\/api.w.org\/{rel}","templated":true}]}}