{"id":55373,"date":"2023-07-20T13:46:23","date_gmt":"2023-07-20T17:46:23","guid":{"rendered":"https:\/\/lasprimeras.com.do\/?p=55373"},"modified":"2023-07-20T13:46:25","modified_gmt":"2023-07-20T17:46:25","slug":"cne-avanza-proceso-escogencia-candidatos-y-candidatas-del-pld","status":"publish","type":"post","link":"https:\/\/lasprimeras.com.do\/index.php\/2023\/07\/20\/cne-avanza-proceso-escogencia-candidatos-y-candidatas-del-pld\/","title":{"rendered":"CNE avanza proceso escogencia candidatos y candidatas del PLD"},"content":{"rendered":"\n<p><strong>CNE del PLD llama a los precandidatos (as) a activar sus aspiraciones porque en cualquier momento se programar\u00e1n encuestas en las demarcaciones que aplican para ese m\u00e9todo.<\/strong><\/p>\n\n\n\n<p>La Comisi\u00f3n Nacional Electoral (CNE) del Partido de la Liberaci\u00f3n Dominicana (PLD), exhort\u00f3 a las y los precandidatas y precandidatos en los niveles congresuales y municipales de esa organizaci\u00f3n, activar, en el marco del respeto lo establecido por las leyes vigentes, sus aspiraciones, porque en cualquier momento, a partir de este d\u00eda, se estar\u00e1n programando las encuestas en las demarcaciones que aplican para ese m\u00e9todo.<\/p>\n\n\n\n<p>La informaci\u00f3n fue dada por Rub\u00e9n Bichara en su calidad de Coordinador de la Comisi\u00f3n Nacional Electoral (CNE) en la rueda de prensa realizada en la Casa Nacional del PLD Reinaldo Pared P\u00e9rez este jueves, acompa\u00f1ado de Margarita Pimentel, Robert De la Cruz, Mayobanex Escoto, Sonia Bid\u00f3, Karina Raquel Flete, Lina Mercedes Tavares, Mar\u00eda Isabel Alc\u00e1ntara, Thelma Eusebio, El\u00edas Cornelio y Aquilina Figueroa.<\/p>\n\n\n\n<p>Revel\u00f3 que la CNE ya est\u00e1 lista para iniciar la organizaci\u00f3n, montaje y desarrollo de los procesos de encuestas y asambleas de delegados, para escoger, de acuerdo a la ley, los candidatos y candidatas que representar\u00e1n al PLD en las elecciones de 2024.<\/p>\n\n\n\n<p>\u201cLa Comisi\u00f3n Nacional Electoral ha estado realizando encuentros con aquellos compa\u00f1eros y compa\u00f1eras precandidatos que aspiran a ser seleccionados como los candidatos a alcaldes en los municipios donde el m\u00e9todo de elecci\u00f3n ser\u00e1 la encuesta\u201d, declar\u00f3 Bichara.<\/p>\n\n\n\n<p>Agreg\u00f3 que en estos encuentros ha primado la armon\u00eda, el compa\u00f1erismo y el compromiso para respetar los resultados de la medici\u00f3n donde uno de ellos ganar\u00e1 el derecho a ser el candidato del PLD para las elecciones de febrero de 2024.<\/p>\n\n\n\n<p>Explic\u00f3 que el proceso de inscripci\u00f3n y depuraci\u00f3n de la documentaci\u00f3n recibida la CNE se ha mantenido en sesi\u00f3n permanente y en contacto con los precandidatos para instruir sobre los procesos que corresponde a cada puesto de elecci\u00f3n popular.<\/p>\n\n\n\n<p>Record\u00f3 tambi\u00e9n que los m\u00e9todos de elecci\u00f3n aprobados por el Comit\u00e9 Central son las encuestas para la escogencia de senadores, diputados, alcaldes y directores, donde sea posible y asamblea de delegados para escoger a regidores y vocales.<\/p>\n\n\n\n<p>\u201cPara el nivel de senadores tenemos 11 reservas, 18 consensos y tres plazas donde el candidato ser\u00e1 escogido por encuestas. Para el nivel de diputados 60 plazas reservadas, 15 demarcaciones consensuadas y 34 demarcaciones para escoger los candidatos y candidatas a diputados por encuestas\u201d, aclar\u00f3.<\/p>\n\n\n\n<p>Dijo que para el nivel municipal en 43 municipios del pa\u00eds el Partido de la Liberaci\u00f3n Dominicana, se reserv\u00f3 la plaza para la alcald\u00eda y en 61 municipios del pa\u00eds se ha logrado consenso en torno a un precandidato a alcalde o alcaldesa.<\/p>\n\n\n\n<p>\u201cEn 54 de los 158 municipios del pa\u00eds, el candidato a alcalde o alcaldesa ser\u00e1 escogido por encuestas\u201d.<\/p>\n\n\n\n<p>Expres\u00f3 que en el caso de los distritos municipales el PLD se reserv\u00f3 61 plazas, existiendo en 112 de los distritos municipales del pa\u00eds ha habido consenso para presentar un solo candidato o candidata a Director de la Junta Distrital y en 62 de los distritos municipales el m\u00e9todo de elecci\u00f3n ser\u00e1 la encuesta.<\/p>\n\n\n\n<figure class=\"wp-block-embed is-type-rich is-provider-twitter wp-block-embed-twitter\"><div class=\"wp-block-embed__wrapper\">\n<div class=\"embed-twitter\"><blockquote class=\"twitter-tweet\" data-width=\"500\" data-dnt=\"true\"><p lang=\"es\" dir=\"ltr\">CNE del <a href=\"https:\/\/twitter.com\/PLDenlinea?ref_src=twsrc%5Etfw\">@PLDenlinea<\/a>\u00a0llama a los precandidatos (as)\u00a0a activar sus aspiraciones porque en cualquier momento se programar\u00e1n encuestas en las demarcaciones que aplican para ese m\u00e9todo. <a href=\"https:\/\/t.co\/whsFDR2o3P\">pic.twitter.com\/whsFDR2o3P<\/a><\/p>&mdash; PLD (@PLDenlinea) <a href=\"https:\/\/twitter.com\/PLDenlinea\/status\/1682072800356450314?ref_src=twsrc%5Etfw\">July 20, 2023<\/a><\/blockquote><script async src=\"https:\/\/platform.twitter.com\/widgets.js\" charset=\"utf-8\"><\/script><\/div>\n<\/div><\/figure>\n","protected":false},"excerpt":{"rendered":"<p>CNE del PLD llama a los precandidatos (as) a activar sus aspiraciones porque en cualquier momento se programar\u00e1n encuestas en las demarcaciones que aplican para ese m\u00e9todo. La Comisi\u00f3n Nacional&hellip;<\/p>\n","protected":false},"author":2,"featured_media":55374,"comment_status":"open","ping_status":"open","sticky":false,"template":"","format":"standard","meta":{"content-type":"","jetpack_post_was_ever_published":false,"_jetpack_newsletter_access":"","_jetpack_dont_email_post_to_subs":false,"_jetpack_newsletter_tier_id":0,"_jetpack_memberships_contains_paywalled_content":false,"_jetpack_memberships_contains_paid_content":false,"footnotes":""},"categories":[25],"tags":[609,5062,2621,3265,5061,269,664],"class_list":["post-55373","post","type-post","status-publish","format-standard","has-post-thumbnail","hentry","category-portada","tag-avanza","tag-candidatas","tag-candidatos","tag-cne","tag-escogencia","tag-pld","tag-proceso"],"jetpack_featured_media_url":"https:\/\/lasprimeras.com.do\/wp-content\/uploads\/2023\/07\/CNE-del-PLD.jpeg","jetpack-related-posts":[{"id":55636,"url":"https:\/\/lasprimeras.com.do\/index.php\/2023\/07\/23\/pld-afina-reglamento-para-las-encuestas-y-asamblea-de-delegados\/","url_meta":{"origin":55373,"position":0},"title":"PLD afina reglamento para las encuestas y asamblea de delegados","author":"Nelson Feliz","date":"23 de julio de 2023","format":false,"excerpt":"Transparencia y equidad son aspectos fundamentales del Reglamento que prepara la Comisi\u00f3n Nacional Electoral (CNE) del Partido de la Liberaci\u00f3n Dominicana (PLD) para la aplicaci\u00f3n de las encuestas y la celebraci\u00f3n de las asambleas de delegados, que escoger\u00e1n los candidatos y candidatas de esa organizaci\u00f3n para las elecciones municipales y\u2026","rel":"","context":"En \u00abSin categor\u00eda\u00bb","block_context":{"text":"Sin categor\u00eda","link":"https:\/\/lasprimeras.com.do\/index.php\/category\/sin-categoria\/"},"img":{"alt_text":"PLD","src":"https:\/\/i0.wp.com\/lasprimeras.com.do\/wp-content\/uploads\/2023\/07\/CNE-DOM-23JULIO-1.jpg?resize=350%2C200&ssl=1","width":350,"height":200,"srcset":"https:\/\/i0.wp.com\/lasprimeras.com.do\/wp-content\/uploads\/2023\/07\/CNE-DOM-23JULIO-1.jpg?resize=350%2C200&ssl=1 1x, https:\/\/i0.wp.com\/lasprimeras.com.do\/wp-content\/uploads\/2023\/07\/CNE-DOM-23JULIO-1.jpg?resize=525%2C300&ssl=1 1.5x, https:\/\/i0.wp.com\/lasprimeras.com.do\/wp-content\/uploads\/2023\/07\/CNE-DOM-23JULIO-1.jpg?resize=700%2C400&ssl=1 2x"},"classes":[]},{"id":59291,"url":"https:\/\/lasprimeras.com.do\/index.php\/2023\/09\/01\/pld-da-a-conocer-los-candidatos-para-alcaldias-y-distritos-municipales-de-cuatro-provincias\/","url_meta":{"origin":55373,"position":1},"title":"PLD da a conocer los candidatos para alcald\u00edas y distritos municipales de cuatro provincias","author":"Nelson Feliz","date":"1 de septiembre de 2023","format":false,"excerpt":"Tras recibir los resultados de encuestas aplicadas sobre los aspirantes del nivel de elecci\u00f3n municipal de las provincias Puerto Plata, Monte Plata y San Crist\u00f3bal, el Partido de la Liberaci\u00f3n Dominicana (PLD) escogi\u00f3 a los candidatos para las alcald\u00edas y distritos municipales de las referidas demarcaciones de cara a las\u2026","rel":"","context":"En \u00abPORTADA\u00bb","block_context":{"text":"PORTADA","link":"https:\/\/lasprimeras.com.do\/index.php\/category\/portada\/"},"img":{"alt_text":"Candidatos escogidos mediante encuesta junto a Radham\u00e9s Camacho","src":"https:\/\/i0.wp.com\/lasprimeras.com.do\/wp-content\/uploads\/2023\/09\/Candidatos-escogidos-mediante-encuesta-junto-a-Radhames-Camacho.jpg?resize=350%2C200&ssl=1","width":350,"height":200,"srcset":"https:\/\/i0.wp.com\/lasprimeras.com.do\/wp-content\/uploads\/2023\/09\/Candidatos-escogidos-mediante-encuesta-junto-a-Radhames-Camacho.jpg?resize=350%2C200&ssl=1 1x, https:\/\/i0.wp.com\/lasprimeras.com.do\/wp-content\/uploads\/2023\/09\/Candidatos-escogidos-mediante-encuesta-junto-a-Radhames-Camacho.jpg?resize=525%2C300&ssl=1 1.5x, https:\/\/i0.wp.com\/lasprimeras.com.do\/wp-content\/uploads\/2023\/09\/Candidatos-escogidos-mediante-encuesta-junto-a-Radhames-Camacho.jpg?resize=700%2C400&ssl=1 2x"},"classes":[]},{"id":53584,"url":"https:\/\/lasprimeras.com.do\/index.php\/2023\/06\/28\/pld-convoca-a-inscripcion-de-precandidatos\/","url_meta":{"origin":55373,"position":2},"title":"PLD convoca a inscripci\u00f3n de precandidatos","author":"Nelson Feliz","date":"28 de junio de 2023","format":false,"excerpt":"CNE del PLD oficializa convocatoria a inscripci\u00f3n a los miembros de esa organizaci\u00f3n que tienen el inter\u00e9s de participar como precandidatos o precandidatas. La Comisi\u00f3n Nacional Electoral (CNE) del Partido de la Liberaci\u00f3n Dominicana (PLD) oficializ\u00f3 mediante publicaci\u00f3n en los medios impresos de circulaci\u00f3n nacional el aviso de inscripci\u00f3n a\u2026","rel":"","context":"En \u00abSin categor\u00eda\u00bb","block_context":{"text":"Sin categor\u00eda","link":"https:\/\/lasprimeras.com.do\/index.php\/category\/sin-categoria\/"},"img":{"alt_text":"","src":"https:\/\/i0.wp.com\/lasprimeras.com.do\/wp-content\/uploads\/2023\/06\/Casa-Nacional-PLD.jpg?resize=350%2C200&ssl=1","width":350,"height":200,"srcset":"https:\/\/i0.wp.com\/lasprimeras.com.do\/wp-content\/uploads\/2023\/06\/Casa-Nacional-PLD.jpg?resize=350%2C200&ssl=1 1x, https:\/\/i0.wp.com\/lasprimeras.com.do\/wp-content\/uploads\/2023\/06\/Casa-Nacional-PLD.jpg?resize=525%2C300&ssl=1 1.5x, https:\/\/i0.wp.com\/lasprimeras.com.do\/wp-content\/uploads\/2023\/06\/Casa-Nacional-PLD.jpg?resize=700%2C400&ssl=1 2x"},"classes":[]},{"id":60901,"url":"https:\/\/lasprimeras.com.do\/index.php\/2023\/09\/19\/pld-escoge-otros-candidatos-y-candidatas-por-encuestas\/","url_meta":{"origin":55373,"position":3},"title":"PLD escoge otros candidatos y candidatas por encuestas","author":"Nelson Feliz","date":"19 de septiembre de 2023","format":false,"excerpt":"El PLD da a conocer resultados de encuestas en municipios y distritos municipales de las provincias Peravia, Monte Plata y Santo Domingo. La Comisi\u00f3n Nacional Electoral (CNE) del Partido de la Liberaci\u00f3n Dominicana (PLD), dio a conocer los resultados de nuevas encuestas aplicadas en diferentes demarcaciones territoriales del pa\u00eds para\u2026","rel":"","context":"En \u00abPORTADA\u00bb","block_context":{"text":"PORTADA","link":"https:\/\/lasprimeras.com.do\/index.php\/category\/portada\/"},"img":{"alt_text":"PLD","src":"https:\/\/i0.wp.com\/lasprimeras.com.do\/wp-content\/uploads\/2023\/09\/PLD.jpeg?resize=350%2C200&ssl=1","width":350,"height":200,"srcset":"https:\/\/i0.wp.com\/lasprimeras.com.do\/wp-content\/uploads\/2023\/09\/PLD.jpeg?resize=350%2C200&ssl=1 1x, https:\/\/i0.wp.com\/lasprimeras.com.do\/wp-content\/uploads\/2023\/09\/PLD.jpeg?resize=525%2C300&ssl=1 1.5x, https:\/\/i0.wp.com\/lasprimeras.com.do\/wp-content\/uploads\/2023\/09\/PLD.jpeg?resize=700%2C400&ssl=1 2x"},"classes":[]},{"id":64785,"url":"https:\/\/lasprimeras.com.do\/index.php\/2023\/10\/23\/fp-presenta-resultados-del-56-de-encuesta-para-escogencia-de-candidaturas\/","url_meta":{"origin":55373,"position":4},"title":"FP presenta resultados del 56% de encuesta para escogencia de candidaturas","author":"Nelson Feliz","date":"23 de octubre de 2023","format":false,"excerpt":"Esta semana contin\u00faa la segunda fase del ciclo de apertura de sobres y presentaci\u00f3n de resultados La Comisi\u00f3n Nacional Electoral de la Fuerza del Pueblo avanza en la apertura de los sobres lacrados que contienen los resultados, correspondientes a las diferentes demarcaciones electorales y niveles de elecci\u00f3n que fueron sometidos\u2026","rel":"","context":"En \u00abPORTADA\u00bb","block_context":{"text":"PORTADA","link":"https:\/\/lasprimeras.com.do\/index.php\/category\/portada\/"},"img":{"alt_text":"Henry Mer\u00e1n","src":"https:\/\/i0.wp.com\/lasprimeras.com.do\/wp-content\/uploads\/2023\/10\/Henry-Meran-1.jpg?resize=350%2C200&ssl=1","width":350,"height":200,"srcset":"https:\/\/i0.wp.com\/lasprimeras.com.do\/wp-content\/uploads\/2023\/10\/Henry-Meran-1.jpg?resize=350%2C200&ssl=1 1x, https:\/\/i0.wp.com\/lasprimeras.com.do\/wp-content\/uploads\/2023\/10\/Henry-Meran-1.jpg?resize=525%2C300&ssl=1 1.5x, https:\/\/i0.wp.com\/lasprimeras.com.do\/wp-content\/uploads\/2023\/10\/Henry-Meran-1.jpg?resize=700%2C400&ssl=1 2x"},"classes":[]},{"id":62473,"url":"https:\/\/lasprimeras.com.do\/index.php\/2023\/10\/05\/pld-celebrara-asambleas-de-delegados-para-escoger-candidatos-regidores-y-vocales\/","url_meta":{"origin":55373,"position":5},"title":"PLD celebrar\u00e1 Asambleas de Delegados para escoger candidatos Regidores y Vocales","author":"Nelson Feliz","date":"5 de octubre de 2023","format":false,"excerpt":"El PLD celebrar\u00e1 los d\u00edas 7 y 8 de octubre, 267 asambleas de delegados en los municipios y distritos municipales del pa\u00eds. El Partido de la Liberaci\u00f3n Dominicana (PLD) ultima los detalles organizativos y operativos para la celebraci\u00f3n, los d\u00edas s\u00e1bado 7 y domingo de octubre, las Asambleas de Delegados\u2026","rel":"","context":"En \u00abPORTADA\u00bb","block_context":{"text":"PORTADA","link":"https:\/\/lasprimeras.com.do\/index.php\/category\/portada\/"},"img":{"alt_text":"PLD","src":"https:\/\/i0.wp.com\/lasprimeras.com.do\/wp-content\/uploads\/2023\/10\/PLD.jpg?resize=350%2C200&ssl=1","width":350,"height":200,"srcset":"https:\/\/i0.wp.com\/lasprimeras.com.do\/wp-content\/uploads\/2023\/10\/PLD.jpg?resize=350%2C200&ssl=1 1x, https:\/\/i0.wp.com\/lasprimeras.com.do\/wp-content\/uploads\/2023\/10\/PLD.jpg?resize=525%2C300&ssl=1 1.5x, https:\/\/i0.wp.com\/lasprimeras.com.do\/wp-content\/uploads\/2023\/10\/PLD.jpg?resize=700%2C400&ssl=1 2x"},"classes":[]}],"jetpack_sharing_enabled":true,"_links":{"self":[{"href":"https:\/\/lasprimeras.com.do\/index.php\/wp-json\/wp\/v2\/posts\/55373","targetHints":{"allow":["GET"]}}],"collection":[{"href":"https:\/\/lasprimeras.com.do\/index.php\/wp-json\/wp\/v2\/posts"}],"about":[{"href":"https:\/\/lasprimeras.com.do\/index.php\/wp-json\/wp\/v2\/types\/post"}],"author":[{"embeddable":true,"href":"https:\/\/lasprimeras.com.do\/index.php\/wp-json\/wp\/v2\/users\/2"}],"replies":[{"embeddable":true,"href":"https:\/\/lasprimeras.com.do\/index.php\/wp-json\/wp\/v2\/comments?post=55373"}],"version-history":[{"count":1,"href":"https:\/\/lasprimeras.com.do\/index.php\/wp-json\/wp\/v2\/posts\/55373\/revisions"}],"predecessor-version":[{"id":55375,"href":"https:\/\/lasprimeras.com.do\/index.php\/wp-json\/wp\/v2\/posts\/55373\/revisions\/55375"}],"wp:featuredmedia":[{"embeddable":true,"href":"https:\/\/lasprimeras.com.do\/index.php\/wp-json\/wp\/v2\/media\/55374"}],"wp:attachment":[{"href":"https:\/\/lasprimeras.com.do\/index.php\/wp-json\/wp\/v2\/media?parent=55373"}],"wp:term":[{"taxonomy":"category","embeddable":true,"href":"https:\/\/lasprimeras.com.do\/index.php\/wp-json\/wp\/v2\/categories?post=55373"},{"taxonomy":"post_tag","embeddable":true,"href":"https:\/\/lasprimeras.com.do\/index.php\/wp-json\/wp\/v2\/tags?post=55373"}],"curies":[{"name":"wp","href":"https:\/\/api.w.org\/{rel}","templated":true}]}}