{"id":55386,"date":"2023-07-20T22:33:36","date_gmt":"2023-07-21T02:33:36","guid":{"rendered":"https:\/\/lasprimeras.com.do\/?p=55386"},"modified":"2023-07-20T22:33:37","modified_gmt":"2023-07-21T02:33:37","slug":"ray-guevara-tc-no-recibe-ordenes-ni-acepta-presiones","status":"publish","type":"post","link":"https:\/\/lasprimeras.com.do\/index.php\/2023\/07\/20\/ray-guevara-tc-no-recibe-ordenes-ni-acepta-presiones\/","title":{"rendered":"Ray Guevara: TC no recibe \u00f3rdenes ni acepta presiones"},"content":{"rendered":"\n<p>El presidente del Tribunal Constitucional, Milton Ray Guevara, afirm\u00f3 en la XXVIII Edici\u00f3n del World Law Congress que se realiza en la ciudad de Nueva York, que esta alta corte ha realizado un ejercicio responsable de independencia, gracias al esfuerzo y sentido de responsabilidad de los jueces que hasta ahora lo han conformado.<\/p>\n\n\n\n<p>&#8220;Si cada juez no es independiente, el Tribunal no puede serlo. El Tribunal Constitucional no recibe \u00f3rdenes ni acepta presiones de los poderes p\u00fablicos nacionales ni de organismos internacionales ni de gobiernos extranjeros. Ha adquirido la madurez para tener una visi\u00f3n de Estado cuando as\u00ed lo requiere el inter\u00e9s nacional&#8221;, expuso en el evento que re\u00fane a m\u00e1s de 200 l\u00edderes mundiales.<\/p>\n\n\n\n<p>Durante su intervenci\u00f3n, titulada &#8220;La independencia del juez constitucional&#8221; como panelista en la mesa sobre &#8220;independencia judicial&#8221;, en la que comparti\u00f3 con juristas y acad\u00e9micos de varios pa\u00edses, Ray Guevara asegur\u00f3 que el TC &#8220;no cede ante acciones de grupos de inter\u00e9s u organizaciones o sectores privados&#8221;.<\/p>\n\n\n\n<p>Se\u00f1al\u00f3 que esta &#8220;es la mayor garant\u00eda para el pueblo dominicano&#8221; de que los jueces de este tribunal no se prestan para el falseamiento del Estado de derecho &#8220;ni para traicionar nuestro juramento de hacer respetar, cumplir y hacer cumplir la Constituci\u00f3n, garantizar su supremac\u00eda y proteger los derechos fundamentales&#8221;.<\/p>\n\n\n\n<p>El magistrado destac\u00f3 que, en el caso dominicano, los poderes p\u00fablicos, de manera general, han sido respetuosos del Tribunal Constitucional, y que espera que as\u00ed contin\u00fae.<\/p>\n\n\n\n<p>Asimismo, Ray Guevara precis\u00f3 que la independencia del juez constitucional estar\u00e1 garantizada por su sometimiento a la Constituci\u00f3n, ya que ni el Tribunal Constitucional ni ning\u00fan magistrado est\u00e1n por encima de la Carta Magna, a la que defini\u00f3 como un mecanismo de limitaci\u00f3n del poder de los gobernantes.<\/p>\n\n\n\n<p>Sostuvo que el peligro mayor sigue residiendo en la denominada tendencia a la tiran\u00eda de los poderes organizados de las autoridades p\u00fablicas del Estado.<\/p>\n\n\n\n<p>&#8220;La justicia constitucional implica que el poder de aquellos que gobiernan se encuentra limitado por la Constituci\u00f3n, la norma, sus principios, sus valores y, por ende, se han previsto procedimientos y se han creado organismos para dar contenido a tal limitaci\u00f3n&#8221;, dijo en el evento internacional, seg\u00fan refiere una nota de prensa del Tribunal Constitucional.<\/p>\n\n\n\n<p>En ese sentido, precis\u00f3 que las 6,680 sentencias pronunciadas hasta hoy por el TC, han generado una jurisprudencia en favor de los ciudadanos; sin embargo, agreg\u00f3 que la inejecuci\u00f3n de las mismas es un flagrante atentado a la independencia de esta Alta Corte.<\/p>\n\n\n\n<p>A\u00f1adi\u00f3 que las restricciones presupuestarias y las represalias pol\u00edticas tambi\u00e9n constituyen atentados a la independencia de los jueces, as\u00ed como las campa\u00f1as de descr\u00e9dito realizadas a trav\u00e9s de las redes sociales por grupos que tienen alg\u00fan inter\u00e9s, por organismos del Estado o por grupos privados en contra de las decisiones, y la fabricaci\u00f3n de expedientes contra jueces por razones pol\u00edtico-partidarias. Consider\u00f3 que estos hechos deben ser condenados.<\/p>\n\n\n\n<p>Ray Guevara tambi\u00e9n explic\u00f3 que en la Rep\u00fablica Dominicana est\u00e1 establecido lo que denomina el poder jurisdiccional, el cual est\u00e1 integrado por el Tribunal Constitucional, en la c\u00faspide de la pir\u00e1mide institucional, cuya misi\u00f3n es garantizar la supremac\u00eda de la Constituci\u00f3n; la Suprema Corte de Justicia y los tribunales ordinarios que solucionan los conflictos entre particulares, entre estos y la administraci\u00f3n y las cuestiones de orden p\u00fablico, y el Tribunal Superior Electoral que resuelve los conflictos pol\u00edticos y electorales.<\/p>\n\n\n\n<p>Adem\u00e1s, destac\u00f3 que una caracter\u00edstica de la Rep\u00fablica Dominicana es que todos los jueces de las distintas jurisdicciones que conforman el poder jurisdiccional son jueces constitucionales.<\/p>\n","protected":false},"excerpt":{"rendered":"<p>El presidente del Tribunal Constitucional, Milton Ray Guevara, afirm\u00f3 en la XXVIII Edici\u00f3n del World Law Congress que se realiza en la ciudad de Nueva York, que esta alta corte&hellip;<\/p>\n","protected":false},"author":2,"featured_media":55388,"comment_status":"open","ping_status":"open","sticky":false,"template":"","format":"standard","meta":{"content-type":"","jetpack_post_was_ever_published":false,"_jetpack_newsletter_access":"","_jetpack_dont_email_post_to_subs":false,"_jetpack_newsletter_tier_id":0,"_jetpack_memberships_contains_paywalled_content":false,"_jetpack_memberships_contains_paid_content":false,"footnotes":""},"categories":[35,25],"tags":[5066,104,2523,5067],"class_list":["post-55386","post","type-post","status-publish","format-standard","has-post-thumbnail","hentry","category-nacionales","category-portada","tag-milton-ray-guevara","tag-nueva-york","tag-tribunal-constitucional","tag-world-law-congress"],"jetpack_featured_media_url":"https:\/\/lasprimeras.com.do\/wp-content\/uploads\/2023\/07\/Milton-Ray-Guevara-1.jpeg","jetpack-related-posts":[{"id":69935,"url":"https:\/\/lasprimeras.com.do\/index.php\/2023\/12\/06\/fedomu-reconoce-trayectoria-de-milton-ray-guevara\/","url_meta":{"origin":55386,"position":0},"title":"Fedomu reconoce trayectoria de Milton Ray Guevara","author":"Nelson Feliz","date":"6 de diciembre de 2023","format":false,"excerpt":"Lo declara Presidente Merit\u00edsimo del TC y miembro de honor del Consejo Directivo. Por Martin Restituyo La Federaci\u00f3n Dominicana de Municipios (Fedomu) reconoci\u00f3 este mi\u00e9rcoles la trayectoria ejemplar del doctor Milton Ray Guevara, presidente del Tribunal Constitucional (TC). La placa fue entregada al magistrado Ray Guevara por Kelvin Cruz, presidente\u2026","rel":"","context":"En \u00abNACIONALES\u00bb","block_context":{"text":"NACIONALES","link":"https:\/\/lasprimeras.com.do\/index.php\/category\/nacionales\/"},"img":{"alt_text":"Milton Ray Guevara","src":"https:\/\/i0.wp.com\/lasprimeras.com.do\/wp-content\/uploads\/2023\/12\/Milton-Ray-Guevara-1.jpg?resize=350%2C200&ssl=1","width":350,"height":200,"srcset":"https:\/\/i0.wp.com\/lasprimeras.com.do\/wp-content\/uploads\/2023\/12\/Milton-Ray-Guevara-1.jpg?resize=350%2C200&ssl=1 1x, https:\/\/i0.wp.com\/lasprimeras.com.do\/wp-content\/uploads\/2023\/12\/Milton-Ray-Guevara-1.jpg?resize=525%2C300&ssl=1 1.5x, https:\/\/i0.wp.com\/lasprimeras.com.do\/wp-content\/uploads\/2023\/12\/Milton-Ray-Guevara-1.jpg?resize=700%2C400&ssl=1 2x"},"classes":[]},{"id":70552,"url":"https:\/\/lasprimeras.com.do\/index.php\/2023\/12\/12\/unibe-reconoce-como-profesor-meritisimo-al-magistrado-milton-ray-guevara\/","url_meta":{"origin":55386,"position":1},"title":"Unibe reconoce como profesor merit\u00edsimo al magistrado Milton Ray Guevara","author":"Nelson Feliz","date":"12 de diciembre de 2023","format":false,"excerpt":"En una emotiva ceremonia realizada en sus instalaciones, la Universidad Iberoamericana, Unibe, otorg\u00f3 el grado de profesor merit\u00edsimo al magistrado Milton Ray Guevara, presidente del Tribunal Constitucional (TC). Es un reconocimiento a su excelente labor docente, su contribuci\u00f3n a la consolidaci\u00f3n de la maestr\u00eda en Derecho Constitucional de la universidad,\u2026","rel":"","context":"En \u00abNACIONALES\u00bb","block_context":{"text":"NACIONALES","link":"https:\/\/lasprimeras.com.do\/index.php\/category\/nacionales\/"},"img":{"alt_text":"Reconocimiento a magistrados fundadores del TC por UNIBE","src":"https:\/\/i0.wp.com\/lasprimeras.com.do\/wp-content\/uploads\/2023\/12\/Reconocimiento-a-magistrados-fundadores-del-TC-por-UNIBE-1.jpeg?resize=350%2C200&ssl=1","width":350,"height":200,"srcset":"https:\/\/i0.wp.com\/lasprimeras.com.do\/wp-content\/uploads\/2023\/12\/Reconocimiento-a-magistrados-fundadores-del-TC-por-UNIBE-1.jpeg?resize=350%2C200&ssl=1 1x, https:\/\/i0.wp.com\/lasprimeras.com.do\/wp-content\/uploads\/2023\/12\/Reconocimiento-a-magistrados-fundadores-del-TC-por-UNIBE-1.jpeg?resize=525%2C300&ssl=1 1.5x"},"classes":[]},{"id":70645,"url":"https:\/\/lasprimeras.com.do\/index.php\/2023\/12\/13\/ray-guevara-saluda-eleccion-de-jueces-por-el-cnm\/","url_meta":{"origin":55386,"position":2},"title":"Ray Guevara saluda elecci\u00f3n de jueces por el CNM","author":"Nelson Feliz","date":"13 de diciembre de 2023","format":false,"excerpt":"El magistrado presidente del Tribunal Constitucional, doctor Milton Ray Guevara, salud\u00f3 esta noche la elecci\u00f3n realizada por el Consejo Nacional de la Magistratura, de los nuevos integrantes del Tribunal Constitucional. Se trata de juristas de gran capacidad y experiencia en la vida profesional y judicial. Destac\u00f3 que el magistrado Napole\u00f3n\u2026","rel":"","context":"En \u00abNACIONALES\u00bb","block_context":{"text":"NACIONALES","link":"https:\/\/lasprimeras.com.do\/index.php\/category\/nacionales\/"},"img":{"alt_text":"Milton Ray Guevara","src":"https:\/\/i0.wp.com\/lasprimeras.com.do\/wp-content\/uploads\/2023\/12\/Milton-Ray-Guevara-2.jpg?resize=350%2C200&ssl=1","width":350,"height":200,"srcset":"https:\/\/i0.wp.com\/lasprimeras.com.do\/wp-content\/uploads\/2023\/12\/Milton-Ray-Guevara-2.jpg?resize=350%2C200&ssl=1 1x, https:\/\/i0.wp.com\/lasprimeras.com.do\/wp-content\/uploads\/2023\/12\/Milton-Ray-Guevara-2.jpg?resize=525%2C300&ssl=1 1.5x, https:\/\/i0.wp.com\/lasprimeras.com.do\/wp-content\/uploads\/2023\/12\/Milton-Ray-Guevara-2.jpg?resize=700%2C400&ssl=1 2x"},"classes":[]},{"id":72342,"url":"https:\/\/lasprimeras.com.do\/index.php\/2023\/12\/28\/seccional-de-abogados-del-dn-reconoce-trayectoria-profesional-de-milton-ray-guevara\/","url_meta":{"origin":55386,"position":3},"title":"Seccional de Abogados del DN reconoce trayectoria profesional de Milton Ray Guevara","author":"Nelson Feliz","date":"28 de diciembre de 2023","format":false,"excerpt":"La presidenta de la Seccional del CARD, Yudelka Laureano, resalt\u00f3 el compromiso y la entrega del doctor Ray Guevara por el respeto, ense\u00f1anza y conservaci\u00f3n de la Constituci\u00f3n dominicana. La Seccional de Abogados del Distrito Nacional (CARD) reconoci\u00f3 al doctor Milton Ray Guevara, presidente saliente del Tribunal Constitucional, por su\u2026","rel":"","context":"En \u00abNACIONALES\u00bb","block_context":{"text":"NACIONALES","link":"https:\/\/lasprimeras.com.do\/index.php\/category\/nacionales\/"},"img":{"alt_text":"Milton Ray Guevara","src":"https:\/\/i0.wp.com\/lasprimeras.com.do\/wp-content\/uploads\/2023\/12\/Milton-Ray-Guevara-3.jpg?resize=350%2C200&ssl=1","width":350,"height":200,"srcset":"https:\/\/i0.wp.com\/lasprimeras.com.do\/wp-content\/uploads\/2023\/12\/Milton-Ray-Guevara-3.jpg?resize=350%2C200&ssl=1 1x, https:\/\/i0.wp.com\/lasprimeras.com.do\/wp-content\/uploads\/2023\/12\/Milton-Ray-Guevara-3.jpg?resize=525%2C300&ssl=1 1.5x"},"classes":[]},{"id":63232,"url":"https:\/\/lasprimeras.com.do\/index.php\/2023\/10\/11\/milton-ray-guevara-afirma-consolidacion-de-democracia-constitucional-es-tarea-de-todos\/","url_meta":{"origin":55386,"position":4},"title":"Milton Ray Guevara afirma consolidaci\u00f3n de democracia constitucional es tarea de todos","author":"Nelson Feliz","date":"11 de octubre de 2023","format":false,"excerpt":"El presidente del Tribunal Constitucional, magistrado Milton Ray Guevara, dict\u00f3 la conferencia magistral \u00abConstituci\u00f3n, democracia, Congreso, rendici\u00f3n de cuentas y control del poder\u00bb, en el sal\u00f3n de la Asamblea Nacional del Congreso Nacional, en la que manifest\u00f3 que la consolidaci\u00f3n de una democracia constitucional es tarea de todos. \u00abLa responsabilidad\u2026","rel":"","context":"En \u00abNACIONALES\u00bb","block_context":{"text":"NACIONALES","link":"https:\/\/lasprimeras.com.do\/index.php\/category\/nacionales\/"},"img":{"alt_text":"Milton Ray Guevara","src":"https:\/\/i0.wp.com\/lasprimeras.com.do\/wp-content\/uploads\/2023\/10\/Magistrado-durante-conferencia.jpg?resize=350%2C200&ssl=1","width":350,"height":200,"srcset":"https:\/\/i0.wp.com\/lasprimeras.com.do\/wp-content\/uploads\/2023\/10\/Magistrado-durante-conferencia.jpg?resize=350%2C200&ssl=1 1x, https:\/\/i0.wp.com\/lasprimeras.com.do\/wp-content\/uploads\/2023\/10\/Magistrado-durante-conferencia.jpg?resize=525%2C300&ssl=1 1.5x"},"classes":[]},{"id":66379,"url":"https:\/\/lasprimeras.com.do\/index.php\/2023\/11\/06\/ray-guevara-destaca-proximo-ano-sera-de-grandes-desafios\/","url_meta":{"origin":55386,"position":5},"title":"Ray Guevara destaca pr\u00f3ximo a\u00f1o ser\u00e1 de grandes desaf\u00edos","author":"Nelson Feliz","date":"6 de noviembre de 2023","format":false,"excerpt":"El presidente del Tribunal Constitucional, Milton Ray Guevara destac\u00f3 que el a\u00f1o que se aproxima ser\u00e1 de grandes desaf\u00edos, debido al proceso electoral, el pueblo dominicano merece y quiere unas elecciones libres, di\u00e1fanas y transparentes, que se constituyan en la reiteraci\u00f3n de la voluntad de nuestro pueblo de decidir, por\u2026","rel":"","context":"En \u00abNACIONALES\u00bb","block_context":{"text":"NACIONALES","link":"https:\/\/lasprimeras.com.do\/index.php\/category\/nacionales\/"},"img":{"alt_text":"Milton Ray Guevara","src":"https:\/\/i0.wp.com\/lasprimeras.com.do\/wp-content\/uploads\/2023\/11\/Milton-Ray-Guebara-1.jpg?resize=350%2C200&ssl=1","width":350,"height":200,"srcset":"https:\/\/i0.wp.com\/lasprimeras.com.do\/wp-content\/uploads\/2023\/11\/Milton-Ray-Guebara-1.jpg?resize=350%2C200&ssl=1 1x, https:\/\/i0.wp.com\/lasprimeras.com.do\/wp-content\/uploads\/2023\/11\/Milton-Ray-Guebara-1.jpg?resize=525%2C300&ssl=1 1.5x, https:\/\/i0.wp.com\/lasprimeras.com.do\/wp-content\/uploads\/2023\/11\/Milton-Ray-Guebara-1.jpg?resize=700%2C400&ssl=1 2x"},"classes":[]}],"jetpack_sharing_enabled":true,"_links":{"self":[{"href":"https:\/\/lasprimeras.com.do\/index.php\/wp-json\/wp\/v2\/posts\/55386","targetHints":{"allow":["GET"]}}],"collection":[{"href":"https:\/\/lasprimeras.com.do\/index.php\/wp-json\/wp\/v2\/posts"}],"about":[{"href":"https:\/\/lasprimeras.com.do\/index.php\/wp-json\/wp\/v2\/types\/post"}],"author":[{"embeddable":true,"href":"https:\/\/lasprimeras.com.do\/index.php\/wp-json\/wp\/v2\/users\/2"}],"replies":[{"embeddable":true,"href":"https:\/\/lasprimeras.com.do\/index.php\/wp-json\/wp\/v2\/comments?post=55386"}],"version-history":[{"count":1,"href":"https:\/\/lasprimeras.com.do\/index.php\/wp-json\/wp\/v2\/posts\/55386\/revisions"}],"predecessor-version":[{"id":55389,"href":"https:\/\/lasprimeras.com.do\/index.php\/wp-json\/wp\/v2\/posts\/55386\/revisions\/55389"}],"wp:featuredmedia":[{"embeddable":true,"href":"https:\/\/lasprimeras.com.do\/index.php\/wp-json\/wp\/v2\/media\/55388"}],"wp:attachment":[{"href":"https:\/\/lasprimeras.com.do\/index.php\/wp-json\/wp\/v2\/media?parent=55386"}],"wp:term":[{"taxonomy":"category","embeddable":true,"href":"https:\/\/lasprimeras.com.do\/index.php\/wp-json\/wp\/v2\/categories?post=55386"},{"taxonomy":"post_tag","embeddable":true,"href":"https:\/\/lasprimeras.com.do\/index.php\/wp-json\/wp\/v2\/tags?post=55386"}],"curies":[{"name":"wp","href":"https:\/\/api.w.org\/{rel}","templated":true}]}}