{"id":55390,"date":"2023-07-20T22:43:40","date_gmt":"2023-07-21T02:43:40","guid":{"rendered":"https:\/\/lasprimeras.com.do\/?p=55390"},"modified":"2023-07-20T22:43:41","modified_gmt":"2023-07-21T02:43:41","slug":"someten-mujer-filmada-mientras-agrede-hijastro-de-dos-anos-en-santiago","status":"publish","type":"post","link":"https:\/\/lasprimeras.com.do\/index.php\/2023\/07\/20\/someten-mujer-filmada-mientras-agrede-hijastro-de-dos-anos-en-santiago\/","title":{"rendered":"Someten mujer filmada mientras agrede hijastro de dos a\u00f1os en Santiago"},"content":{"rendered":"\n<p>Una mujer qued\u00f3 captada en video mientras agrede f\u00edsica y verbalmente a su hijastro, de dos a\u00f1os de edad, un hecho ocurrido en la comunidad de Gurabo, al norte de Santiago.<\/p>\n\n\n\n<p>En el audiovisual, que circula en las redes sociales, se observa a la f\u00e9mina golpear al menor de edad.<\/p>\n\n\n\n<p>Como una forma de evitar que los vecinos escucharan los gritos, la agresora le tapaba la boca al infante mientras lo golpeaba.<\/p>\n\n\n\n<p>En la f\u00edlmica tambi\u00e9n se escucha a la mujer agredir verbalmente al ni\u00f1o.<\/p>\n\n\n\n<p>El video fue realizado por vecinos del lugar, quienes se querellaron en contra de la agresora, por los constantes abusos que alegadamente comete contra su hijastro.<\/p>\n\n\n\n<p>Se espera que la mujer sea presentada el pr\u00f3ximo s\u00e1bado ante el juez del tribunal de Atenci\u00f3n Permanente de Santiago, para que le conozca medida de coerci\u00f3n. La audiencia est\u00e1 prevista para iniciar a partir de las 9:30 de la ma\u00f1ana.<\/p>\n\n\n\n<p>Fuente Diario Libre<\/p>\n","protected":false},"excerpt":{"rendered":"<p>Una mujer qued\u00f3 captada en video mientras agrede f\u00edsica y verbalmente a su hijastro, de dos a\u00f1os de edad, un hecho ocurrido en la comunidad de Gurabo, al norte de&hellip;<\/p>\n","protected":false},"author":2,"featured_media":55391,"comment_status":"open","ping_status":"open","sticky":false,"template":"","format":"standard","meta":{"content-type":"","jetpack_post_was_ever_published":false,"_jetpack_newsletter_access":"","_jetpack_dont_email_post_to_subs":false,"_jetpack_newsletter_tier_id":0,"_jetpack_memberships_contains_paywalled_content":false,"_jetpack_memberships_contains_paid_content":false,"footnotes":""},"categories":[35],"tags":[4937,5068,429,1049],"class_list":["post-55390","post","type-post","status-publish","format-standard","has-post-thumbnail","hentry","category-nacionales","tag-agrede","tag-hijastro","tag-mujer","tag-santiago"],"jetpack_featured_media_url":"https:\/\/lasprimeras.com.do\/wp-content\/uploads\/2023\/07\/11.jpg","jetpack-related-posts":[{"id":55524,"url":"https:\/\/lasprimeras.com.do\/index.php\/2023\/07\/22\/envian-a-prision-mujer-que-fue-filmada-golpeando-a-su-hijastro-en-santiago\/","url_meta":{"origin":55390,"position":0},"title":"Env\u00edan a prisi\u00f3n mujer que fue filmada golpeando a su hijastro en Santiago","author":"Nelson Feliz","date":"22 de julio de 2023","format":false,"excerpt":"Deber\u00e1 cumplir tres meses de prisi\u00f3n preventiva en penitenciario Rafey Mujeres. Una mujer acusada de maltrato infantil fue enviada a prisi\u00f3n preventiva por tres meses despu\u00e9s de ser filmada por vecinos mientras agred\u00eda a su hijastro de dos a\u00f1os y siete meses en la provincia Santiago. La magistrada Iris Borges,\u2026","rel":"","context":"En \u00abNACIONALES\u00bb","block_context":{"text":"NACIONALES","link":"https:\/\/lasprimeras.com.do\/index.php\/category\/nacionales\/"},"img":{"alt_text":"Vista de Austria Rub\u00ed Jim\u00e9nez, acusada de maltrato infantil, luego de que le dictaron medida de coerci\u00f3n.","src":"https:\/\/i0.wp.com\/lasprimeras.com.do\/wp-content\/uploads\/2023\/07\/Austria-Rubi-Jimenez.jpg?resize=350%2C200&ssl=1","width":350,"height":200,"srcset":"https:\/\/i0.wp.com\/lasprimeras.com.do\/wp-content\/uploads\/2023\/07\/Austria-Rubi-Jimenez.jpg?resize=350%2C200&ssl=1 1x, https:\/\/i0.wp.com\/lasprimeras.com.do\/wp-content\/uploads\/2023\/07\/Austria-Rubi-Jimenez.jpg?resize=525%2C300&ssl=1 1.5x, https:\/\/i0.wp.com\/lasprimeras.com.do\/wp-content\/uploads\/2023\/07\/Austria-Rubi-Jimenez.jpg?resize=700%2C400&ssl=1 2x"},"classes":[]},{"id":71728,"url":"https:\/\/lasprimeras.com.do\/index.php\/2023\/12\/22\/tragedia-hombre-mata-a-machetazos-a-su-hijastro-de-cuatro-meses-en-los-mina\/","url_meta":{"origin":55390,"position":1},"title":"Tragedia: hombre mata a machetazos a su hijastro de cuatro meses en Los Mina","author":"Nelson Feliz","date":"22 de diciembre de 2023","format":false,"excerpt":"Los vecinos golpearon al agresor, que fue apresado y trasladado al destacamento policial. \"Mat\u00f3 mi beb\u00e9, no llora, no llora\u201d, gritaba de forma desesperada una madre tras presenciar el momento en que su pareja golpe\u00f3 y propin\u00f3 machetazos a su hijo de apenas cuatro meses, despu\u00e9s de una discusi\u00f3n en\u2026","rel":"","context":"En \u00abNACIONALES\u00bb","block_context":{"text":"NACIONALES","link":"https:\/\/lasprimeras.com.do\/index.php\/category\/nacionales\/"},"img":{"alt_text":"Las manchas de sangre permanecen en el colch\u00f3n donde fue herido a machetazos un menor de cuatro meses, que muri\u00f3 en el acto. La tragedia ha consternado a los residentes en la zona.","src":"https:\/\/i0.wp.com\/lasprimeras.com.do\/wp-content\/uploads\/2023\/12\/Las-manchas-de-sangre-permanecen-en-el-colchon.jpg?resize=350%2C200&ssl=1","width":350,"height":200,"srcset":"https:\/\/i0.wp.com\/lasprimeras.com.do\/wp-content\/uploads\/2023\/12\/Las-manchas-de-sangre-permanecen-en-el-colchon.jpg?resize=350%2C200&ssl=1 1x, https:\/\/i0.wp.com\/lasprimeras.com.do\/wp-content\/uploads\/2023\/12\/Las-manchas-de-sangre-permanecen-en-el-colchon.jpg?resize=525%2C300&ssl=1 1.5x, https:\/\/i0.wp.com\/lasprimeras.com.do\/wp-content\/uploads\/2023\/12\/Las-manchas-de-sangre-permanecen-en-el-colchon.jpg?resize=700%2C400&ssl=1 2x"},"classes":[]},{"id":95739,"url":"https:\/\/lasprimeras.com.do\/index.php\/2025\/03\/18\/condenan-a-20-anos-de-prision-tres-hombres-en-diferentes-casos-de-incesto-en-la-vega\/","url_meta":{"origin":55390,"position":2},"title":"Condenan a 20 a\u00f1os de prisi\u00f3n tres hombres en diferentes casos de incesto en La Vega","author":"Nelson Feliz","date":"18 de marzo de 2025","format":false,"excerpt":"El Ministerio P\u00fablico de esta jurisdicci\u00f3n logr\u00f3 que fueran sentenciados a 20 a\u00f1os de prisi\u00f3n tres hombres hallados culpables de cometer incesto en diferentes casos ocurridos en La Vega. Uno de los hombres fue condenado a 20 a\u00f1os de prisi\u00f3n tras ser hallado culpable de violar sexualmente a una sobrina\u2026","rel":"","context":"En \u00abJUSTICIA\u00bb","block_context":{"text":"JUSTICIA","link":"https:\/\/lasprimeras.com.do\/index.php\/category\/justicia\/"},"img":{"alt_text":"","src":"https:\/\/i0.wp.com\/lasprimeras.com.do\/wp-content\/uploads\/2025\/03\/PFLaVega-Header.jpg?resize=350%2C200&ssl=1","width":350,"height":200,"srcset":"https:\/\/i0.wp.com\/lasprimeras.com.do\/wp-content\/uploads\/2025\/03\/PFLaVega-Header.jpg?resize=350%2C200&ssl=1 1x, https:\/\/i0.wp.com\/lasprimeras.com.do\/wp-content\/uploads\/2025\/03\/PFLaVega-Header.jpg?resize=525%2C300&ssl=1 1.5x, https:\/\/i0.wp.com\/lasprimeras.com.do\/wp-content\/uploads\/2025\/03\/PFLaVega-Header.jpg?resize=700%2C400&ssl=1 2x, https:\/\/i0.wp.com\/lasprimeras.com.do\/wp-content\/uploads\/2025\/03\/PFLaVega-Header.jpg?resize=1050%2C600&ssl=1 3x, https:\/\/i0.wp.com\/lasprimeras.com.do\/wp-content\/uploads\/2025\/03\/PFLaVega-Header.jpg?resize=1400%2C800&ssl=1 4x"},"classes":[]},{"id":70011,"url":"https:\/\/lasprimeras.com.do\/index.php\/2023\/12\/07\/detenido-hombre-captado-en-video-agrediendo-una-mujer-en-la-vega\/","url_meta":{"origin":55390,"position":3},"title":"Detenido hombre captado en video agrediendo una mujer en La Vega","author":"Nelson Feliz","date":"7 de diciembre de 2023","format":false,"excerpt":"Por Mart\u00edn Restituyo Agentes policiales, pertenecientes a la Direcci\u00f3n Central de Investigaci\u00f3n (Dicrim), apresaron mediante orden de arresto en la provincia de La Vega, a un hombre que era buscado por agresi\u00f3n f\u00edsica y verbal contra su pareja, hecho que fue captado en video y hecho viral en las redes\u2026","rel":"","context":"En \u00abMILITARES\u00bb","block_context":{"text":"MILITARES","link":"https:\/\/lasprimeras.com.do\/index.php\/category\/militares\/"},"img":{"alt_text":"preso-celda","src":"https:\/\/i0.wp.com\/lasprimeras.com.do\/wp-content\/uploads\/2023\/06\/preso-celda.jpg?resize=350%2C200&ssl=1","width":350,"height":200,"srcset":"https:\/\/i0.wp.com\/lasprimeras.com.do\/wp-content\/uploads\/2023\/06\/preso-celda.jpg?resize=350%2C200&ssl=1 1x, https:\/\/i0.wp.com\/lasprimeras.com.do\/wp-content\/uploads\/2023\/06\/preso-celda.jpg?resize=525%2C300&ssl=1 1.5x, https:\/\/i0.wp.com\/lasprimeras.com.do\/wp-content\/uploads\/2023\/06\/preso-celda.jpg?resize=700%2C400&ssl=1 2x"},"classes":[]},{"id":74460,"url":"https:\/\/lasprimeras.com.do\/index.php\/2024\/01\/23\/dos-perros-pitbull-atacan-y-hieren-a-una-mujer-en-santiago\/","url_meta":{"origin":55390,"position":4},"title":"Dos perros pitbull atacan y hieren a una mujer en Santiago","author":"BIMARY DE JES\u00daS Matos","date":"23 de enero de 2024","format":false,"excerpt":"SANTIAGO.- Una mujer fue salvajemente atacada por dos perros de la raza pitbull, en un hecho ocurrido la ma\u00f1ana de este martes en el sector La Herradura, en Santiago. La mujer identificada como Ana Mar\u00eda Moreno Contreras, de 54 a\u00f1os, fue agredida cuando se dispon\u00eda a ir a la iglesia.\u2026","rel":"","context":"En \u00abNACIONALES\u00bb","block_context":{"text":"NACIONALES","link":"https:\/\/lasprimeras.com.do\/index.php\/category\/nacionales\/"},"img":{"alt_text":"","src":"https:\/\/i0.wp.com\/lasprimeras.com.do\/wp-content\/uploads\/2024\/01\/WhatsApp-Image-2024-01-22-at-11.36.03-AM.webp?resize=350%2C200&ssl=1","width":350,"height":200,"srcset":"https:\/\/i0.wp.com\/lasprimeras.com.do\/wp-content\/uploads\/2024\/01\/WhatsApp-Image-2024-01-22-at-11.36.03-AM.webp?resize=350%2C200&ssl=1 1x, https:\/\/i0.wp.com\/lasprimeras.com.do\/wp-content\/uploads\/2024\/01\/WhatsApp-Image-2024-01-22-at-11.36.03-AM.webp?resize=525%2C300&ssl=1 1.5x"},"classes":[]},{"id":80724,"url":"https:\/\/lasprimeras.com.do\/index.php\/2024\/04\/11\/policia-nacional-apresa-hombre-captado-en-video-agrediendo-a-su-pareja-en-dajabon\/","url_meta":{"origin":55390,"position":5},"title":"Polic\u00eda Nacional apresa hombre captado en video agrediendo a su pareja en Dajab\u00f3n","author":"BIMARY DE JES\u00daS Matos","date":"11 de abril de 2024","format":false,"excerpt":"Santo Domingo.-Agentes policiales, pertenecientes a la Direcci\u00f3n Central de Prevenci\u00f3n, apresaron mediante orden de arresto en el distrito municipal de Santiago de la Cruz, del municipio de Loma de Cabrera, provincia Dajab\u00f3n, a un hombre que era buscado por agresi\u00f3n f\u00edsica y verbal contra su pareja, hecho captado en un\u2026","rel":"","context":"En \u00abNACIONALES\u00bb","block_context":{"text":"NACIONALES","link":"https:\/\/lasprimeras.com.do\/index.php\/category\/nacionales\/"},"img":{"alt_text":"","src":"https:\/\/i0.wp.com\/lasprimeras.com.do\/wp-content\/uploads\/2024\/04\/Captura-de-pantalla-2024-04-11-122308.png?resize=350%2C200&ssl=1","width":350,"height":200},"classes":[]}],"jetpack_sharing_enabled":true,"_links":{"self":[{"href":"https:\/\/lasprimeras.com.do\/index.php\/wp-json\/wp\/v2\/posts\/55390","targetHints":{"allow":["GET"]}}],"collection":[{"href":"https:\/\/lasprimeras.com.do\/index.php\/wp-json\/wp\/v2\/posts"}],"about":[{"href":"https:\/\/lasprimeras.com.do\/index.php\/wp-json\/wp\/v2\/types\/post"}],"author":[{"embeddable":true,"href":"https:\/\/lasprimeras.com.do\/index.php\/wp-json\/wp\/v2\/users\/2"}],"replies":[{"embeddable":true,"href":"https:\/\/lasprimeras.com.do\/index.php\/wp-json\/wp\/v2\/comments?post=55390"}],"version-history":[{"count":1,"href":"https:\/\/lasprimeras.com.do\/index.php\/wp-json\/wp\/v2\/posts\/55390\/revisions"}],"predecessor-version":[{"id":55392,"href":"https:\/\/lasprimeras.com.do\/index.php\/wp-json\/wp\/v2\/posts\/55390\/revisions\/55392"}],"wp:featuredmedia":[{"embeddable":true,"href":"https:\/\/lasprimeras.com.do\/index.php\/wp-json\/wp\/v2\/media\/55391"}],"wp:attachment":[{"href":"https:\/\/lasprimeras.com.do\/index.php\/wp-json\/wp\/v2\/media?parent=55390"}],"wp:term":[{"taxonomy":"category","embeddable":true,"href":"https:\/\/lasprimeras.com.do\/index.php\/wp-json\/wp\/v2\/categories?post=55390"},{"taxonomy":"post_tag","embeddable":true,"href":"https:\/\/lasprimeras.com.do\/index.php\/wp-json\/wp\/v2\/tags?post=55390"}],"curies":[{"name":"wp","href":"https:\/\/api.w.org\/{rel}","templated":true}]}}