{"id":55393,"date":"2023-07-20T23:04:29","date_gmt":"2023-07-21T03:04:29","guid":{"rendered":"https:\/\/lasprimeras.com.do\/?p=55393"},"modified":"2023-07-20T23:04:30","modified_gmt":"2023-07-21T03:04:30","slug":"primera-dama-entrega-de-certificados-a-1115-jovenes-del-programa-proetp-ii","status":"publish","type":"post","link":"https:\/\/lasprimeras.com.do\/index.php\/2023\/07\/20\/primera-dama-entrega-de-certificados-a-1115-jovenes-del-programa-proetp-ii\/","title":{"rendered":"Primera dama entrega de certificados a 1,115 j\u00f3venes del programa PROETP II"},"content":{"rendered":"\n<p>Por Martin Restituyo<\/p>\n\n\n\n<p>La primera dama Raquel Arbaje, encabez\u00f3 el acto de entrega de certificados a 1,115 j\u00f3venes, como parte del proyecto de becas del Programa de Apoyo a la Educaci\u00f3n y Formaci\u00f3n T\u00e9cnico Profesional en Rep\u00fablica Dominicana (PROETP II).<\/p>\n\n\n\n<p>Este proyecto, fue ejecutado por el Instituto Nacional de Formaci\u00f3n T\u00e9cnico Profesional (Infotep) y el Ministerio de la Presidencia con fondos de la Uni\u00f3n Europea a trav\u00e9s de la Agencia Espa\u00f1ola de Cooperaci\u00f3n Internacional para el Desarrollo y el apoyo del Ministerio de Econom\u00eda.<\/p>\n\n\n\n<p>Arbaje, revel\u00f3 que el programa impact\u00f3 a personas entre 17 y 29 a\u00f1os de la regi\u00f3n Metropolitana y la provincia de El Seibo, de las cuales el 90 % ha realizado pasant\u00edas y 246 ya est\u00e1n empleadas.<\/p>\n\n\n\n<p>La primera dama, agradeci\u00f3 a la Uni\u00f3n Europea y a la Agencia Espa\u00f1ola de Cooperaci\u00f3n Internacional por apoyar este esfuerzo que contribuir\u00e1 a que estos j\u00f3venes puedan tener mayores oportunidades laborales.<\/p>\n\n\n\n<p>Asimismo, exhort\u00f3 a los graduandos a ser perseverantes y actuar correctamente en beneficio de sus familias y de la sociedad dominicana.<\/p>\n\n\n\n<p>El director del INFOTEP, Rafael Santos Bad\u00eda, se\u00f1al\u00f3 que con este evento culmina la segunda etapa de un programa integral de formaci\u00f3n consistente en becas, sostenimiento, acompa\u00f1amiento e inserci\u00f3n laboral.<\/p>\n\n\n\n<p>\u201cLo verdaderamente diferente y valioso del proyecto es que ha previsto facilitar a los participantes un estipendio de 400 pesos diarios durante la formaci\u00f3n, con la finalidad de evitar deserci\u00f3n y finalmente integrarlos al mercado laboral\u201d, refiri\u00f3 Santos Bad\u00eda al tiempo de anunciar que el programa continuar\u00e1 replic\u00e1ndose en barrios de Santo Domingo y de la regi\u00f3n Este del pa\u00eds.<\/p>\n","protected":false},"excerpt":{"rendered":"<p>Por Martin Restituyo La primera dama Raquel Arbaje, encabez\u00f3 el acto de entrega de certificados a 1,115 j\u00f3venes, como parte del proyecto de becas del Programa de Apoyo a la&hellip;<\/p>\n","protected":false},"author":2,"featured_media":55394,"comment_status":"open","ping_status":"open","sticky":false,"template":"","format":"standard","meta":{"content-type":"","jetpack_post_was_ever_published":false,"_jetpack_newsletter_access":"","_jetpack_dont_email_post_to_subs":false,"_jetpack_newsletter_tier_id":0,"_jetpack_memberships_contains_paywalled_content":false,"_jetpack_memberships_contains_paid_content":false,"footnotes":""},"categories":[35,25],"tags":[5069,5070,3899,5071,5072,198,2542],"class_list":["post-55393","post","type-post","status-publish","format-standard","has-post-thumbnail","hentry","category-nacionales","category-portada","tag-aecid","tag-certificados","tag-jovenes","tag-primera-dama","tag-proetp-ii","tag-programa","tag-union-europea"],"jetpack_featured_media_url":"https:\/\/lasprimeras.com.do\/wp-content\/uploads\/2023\/07\/Raquel-Arbaje.jpg","jetpack-related-posts":[{"id":124832,"url":"https:\/\/lasprimeras.com.do\/index.php\/2026\/03\/17\/primera-dama-inaugura-aulas-de-belleza-e-informatica-equipadas-por-infotep-en-capotillo\/","url_meta":{"origin":55393,"position":0},"title":"Primera dama inaugura aulas de belleza e inform\u00e1tica equipadas por INFOTEP en Capotillo","author":"Nelson Feliz","date":"17 de marzo de 2026","format":false,"excerpt":"\u00b7 _La iniciativa permitir\u00e1 ofrecer formaci\u00f3n t\u00e9cnico profesional a j\u00f3venes y adultos de la comunidad, fortaleciendo oportunidades de empleo y emprendimiento. La primera dama de la Rep\u00fablica, Raquel Arbaje, dej\u00f3 inauguradas un aula de inform\u00e1tica y un taller de peluquer\u00eda, belleza y cuidado personal en el Centro para el Desarrollo\u2026","rel":"","context":"En \u00abNACIONALES\u00bb","block_context":{"text":"NACIONALES","link":"https:\/\/lasprimeras.com.do\/index.php\/category\/nacionales\/"},"img":{"alt_text":"","src":"https:\/\/i0.wp.com\/lasprimeras.com.do\/wp-content\/uploads\/2026\/03\/IMG-20260317-WA0349.jpg?resize=350%2C200&ssl=1","width":350,"height":200,"srcset":"https:\/\/i0.wp.com\/lasprimeras.com.do\/wp-content\/uploads\/2026\/03\/IMG-20260317-WA0349.jpg?resize=350%2C200&ssl=1 1x, https:\/\/i0.wp.com\/lasprimeras.com.do\/wp-content\/uploads\/2026\/03\/IMG-20260317-WA0349.jpg?resize=525%2C300&ssl=1 1.5x, https:\/\/i0.wp.com\/lasprimeras.com.do\/wp-content\/uploads\/2026\/03\/IMG-20260317-WA0349.jpg?resize=700%2C400&ssl=1 2x, https:\/\/i0.wp.com\/lasprimeras.com.do\/wp-content\/uploads\/2026\/03\/IMG-20260317-WA0349.jpg?resize=1050%2C600&ssl=1 3x"},"classes":[]},{"id":101652,"url":"https:\/\/lasprimeras.com.do\/index.php\/2025\/06\/24\/abinader-encabezara-hoy-acto-de-graduacion-del-programa-de-servicio-militar-voluntario\/","url_meta":{"origin":55393,"position":1},"title":"Abinader encabezar\u00e1 hoy acto de graduaci\u00f3n del Programa de Servicio Militar Voluntario","author":"Nelson Feliz","date":"24 de junio de 2025","format":false,"excerpt":"El presidente Luis Abinader participar\u00e1 este mi\u00e9rcoles en el acto de graduaci\u00f3n del Programa de Formaci\u00f3n en Valores del Servicio Militar Voluntario en el Centro de Convenciones de Sans Souc\u00ed. El evento marca la culminaci\u00f3n de la formaci\u00f3n de j\u00f3venes en valores, disciplina y servicio a la naci\u00f3n. Se espera\u2026","rel":"","context":"En \u00abNACIONALES\u00bb","block_context":{"text":"NACIONALES","link":"https:\/\/lasprimeras.com.do\/index.php\/category\/nacionales\/"},"img":{"alt_text":"","src":"https:\/\/i0.wp.com\/lasprimeras.com.do\/wp-content\/uploads\/2025\/06\/Luis-Abinader-2-1.jpg?resize=350%2C200&ssl=1","width":350,"height":200,"srcset":"https:\/\/i0.wp.com\/lasprimeras.com.do\/wp-content\/uploads\/2025\/06\/Luis-Abinader-2-1.jpg?resize=350%2C200&ssl=1 1x, https:\/\/i0.wp.com\/lasprimeras.com.do\/wp-content\/uploads\/2025\/06\/Luis-Abinader-2-1.jpg?resize=525%2C300&ssl=1 1.5x, https:\/\/i0.wp.com\/lasprimeras.com.do\/wp-content\/uploads\/2025\/06\/Luis-Abinader-2-1.jpg?resize=700%2C400&ssl=1 2x"},"classes":[]},{"id":53033,"url":"https:\/\/lasprimeras.com.do\/index.php\/2023\/06\/23\/ministerio-de-trabajo-infotep-y-world-vision-concluyen-diplomados\/","url_meta":{"origin":55393,"position":2},"title":"Ministerio de Trabajo, INFOTEP y World Visi\u00f3n concluyen diplomados","author":"Nelson Feliz","date":"23 de junio de 2023","format":false,"excerpt":"La primera Dama de la Rep\u00fablica, Raquel Arbaje, particip\u00f3 de manera virtual en el acto de entrega de certificados. Por Martin Restituyo El Instituto Nacional de Formaci\u00f3n T\u00e9cnico Profesional (INFOTEP), en alianza con el Ministerio de Trabajo y World Visi\u00f3n Rep\u00fablica Dominicana, entreg\u00f3 certificados a 67 colaboradores del sistema de\u2026","rel":"","context":"En \u00abNACIONALES\u00bb","block_context":{"text":"NACIONALES","link":"https:\/\/lasprimeras.com.do\/index.php\/category\/nacionales\/"},"img":{"alt_text":"concluyen diplomados sobre Prevenci\u00f3n y Erradicaci\u00f3n de Trabajo Infantil","src":"https:\/\/i0.wp.com\/lasprimeras.com.do\/wp-content\/uploads\/2023\/06\/Diplomados.jpg?resize=350%2C200&ssl=1","width":350,"height":200,"srcset":"https:\/\/i0.wp.com\/lasprimeras.com.do\/wp-content\/uploads\/2023\/06\/Diplomados.jpg?resize=350%2C200&ssl=1 1x, https:\/\/i0.wp.com\/lasprimeras.com.do\/wp-content\/uploads\/2023\/06\/Diplomados.jpg?resize=525%2C300&ssl=1 1.5x, https:\/\/i0.wp.com\/lasprimeras.com.do\/wp-content\/uploads\/2023\/06\/Diplomados.jpg?resize=700%2C400&ssl=1 2x"},"classes":[]},{"id":78703,"url":"https:\/\/lasprimeras.com.do\/index.php\/2024\/03\/19\/presidente-abinader-y-primera-dama-entregan-moderno-pabellon-oncopediatrico-para-la-atencion-infantojuvenil\/","url_meta":{"origin":55393,"position":3},"title":"Presidente Abinader y primera dama entregan moderno pabell\u00f3n oncopedi\u00e1trico para la atenci\u00f3n infantojuvenil","author":"BIMARY DE JES\u00daS Matos","date":"19 de marzo de 2024","format":false,"excerpt":"Santo Domingo.- El presidente Luis Abinader y la primera dama Raquel Arbaje, inauguraron este lunes el nuevo \u201cPabell\u00f3n Oncopedi\u00e1trico Uniendo Voluntades\u201d, en el Instituto Nacional del C\u00e1ncer Rosa Emilia Tavares (INCART). La obra fue ejecutada por el Ministerio de la Vivienda y Edificaciones (MIVED), con una inversi\u00f3n de RD$419 millones.\u2026","rel":"","context":"En \u00abNACIONALES\u00bb","block_context":{"text":"NACIONALES","link":"https:\/\/lasprimeras.com.do\/index.php\/category\/nacionales\/"},"img":{"alt_text":"","src":"https:\/\/i0.wp.com\/lasprimeras.com.do\/wp-content\/uploads\/2024\/03\/WhatsApp-Image-2024-03-19-at-9.15.00-AM-scaled.jpeg?resize=350%2C200&ssl=1","width":350,"height":200,"srcset":"https:\/\/i0.wp.com\/lasprimeras.com.do\/wp-content\/uploads\/2024\/03\/WhatsApp-Image-2024-03-19-at-9.15.00-AM-scaled.jpeg?resize=350%2C200&ssl=1 1x, https:\/\/i0.wp.com\/lasprimeras.com.do\/wp-content\/uploads\/2024\/03\/WhatsApp-Image-2024-03-19-at-9.15.00-AM-scaled.jpeg?resize=525%2C300&ssl=1 1.5x, https:\/\/i0.wp.com\/lasprimeras.com.do\/wp-content\/uploads\/2024\/03\/WhatsApp-Image-2024-03-19-at-9.15.00-AM-scaled.jpeg?resize=700%2C400&ssl=1 2x, https:\/\/i0.wp.com\/lasprimeras.com.do\/wp-content\/uploads\/2024\/03\/WhatsApp-Image-2024-03-19-at-9.15.00-AM-scaled.jpeg?resize=1050%2C600&ssl=1 3x, https:\/\/i0.wp.com\/lasprimeras.com.do\/wp-content\/uploads\/2024\/03\/WhatsApp-Image-2024-03-19-at-9.15.00-AM-scaled.jpeg?resize=1400%2C800&ssl=1 4x"},"classes":[]},{"id":91745,"url":"https:\/\/lasprimeras.com.do\/index.php\/2024\/12\/01\/infotep-entrega-certificados-a-108-nuevos-tecnicos-profesionales-en-la-caleta\/","url_meta":{"origin":55393,"position":4},"title":"INFOTEP entrega certificados a 108 nuevos t\u00e9cnicos profesionales en La Caleta","author":"Nelson Feliz","date":"1 de diciembre de 2024","format":false,"excerpt":"El Instituto Nacional de Formaci\u00f3n T\u00e9cnico Profesional (INFOTEP), entreg\u00f3 en el sector de La Caleta, 108 certificados a nuevos t\u00e9cnicos profesionales, que est\u00e1n capacitados para emprender en diferentes \u00e1reas o insertarse en varios sectores del mercado laboral. La entrega de certificados se llev\u00f3 a cabo durante un acto encabezado por\u2026","rel":"","context":"En \u00abNACIONALES\u00bb","block_context":{"text":"NACIONALES","link":"https:\/\/lasprimeras.com.do\/index.php\/category\/nacionales\/"},"img":{"alt_text":"","src":"https:\/\/i0.wp.com\/lasprimeras.com.do\/wp-content\/uploads\/2024\/12\/infotep.jpg?resize=350%2C200&ssl=1","width":350,"height":200,"srcset":"https:\/\/i0.wp.com\/lasprimeras.com.do\/wp-content\/uploads\/2024\/12\/infotep.jpg?resize=350%2C200&ssl=1 1x, https:\/\/i0.wp.com\/lasprimeras.com.do\/wp-content\/uploads\/2024\/12\/infotep.jpg?resize=525%2C300&ssl=1 1.5x, https:\/\/i0.wp.com\/lasprimeras.com.do\/wp-content\/uploads\/2024\/12\/infotep.jpg?resize=700%2C400&ssl=1 2x, https:\/\/i0.wp.com\/lasprimeras.com.do\/wp-content\/uploads\/2024\/12\/infotep.jpg?resize=1050%2C600&ssl=1 3x"},"classes":[]},{"id":109311,"url":"https:\/\/lasprimeras.com.do\/index.php\/2025\/09\/16\/ctc-programas-sociales-han-impactado-en-jovenes-durante-su-gestion-2020-2025\/","url_meta":{"origin":55393,"position":5},"title":"CTC programas sociales han impactado en j\u00f3venes durante su gesti\u00f3n 2020-2025","author":"Nelson Feliz","date":"16 de septiembre de 2025","format":false,"excerpt":"La instituci\u00f3n moderniz\u00f3 m\u00e1s de 100 centros, certific\u00f3 a medio mill\u00f3n de personas y alcanz\u00f3 reconocimiento internacional como modelo regional de innovaci\u00f3n social. Los Centros Tecnol\u00f3gicos Comunitarios (CTC), presentaron su informe de Gesti\u00f3n 220-2025, en el que se destacan programas de inclusi\u00f3n y formaci\u00f3n digital que han impactado y transformado\u2026","rel":"","context":"En \u00abNACIONALES\u00bb","block_context":{"text":"NACIONALES","link":"https:\/\/lasprimeras.com.do\/index.php\/category\/nacionales\/"},"img":{"alt_text":"","src":"","width":0,"height":0},"classes":[]}],"jetpack_sharing_enabled":true,"_links":{"self":[{"href":"https:\/\/lasprimeras.com.do\/index.php\/wp-json\/wp\/v2\/posts\/55393","targetHints":{"allow":["GET"]}}],"collection":[{"href":"https:\/\/lasprimeras.com.do\/index.php\/wp-json\/wp\/v2\/posts"}],"about":[{"href":"https:\/\/lasprimeras.com.do\/index.php\/wp-json\/wp\/v2\/types\/post"}],"author":[{"embeddable":true,"href":"https:\/\/lasprimeras.com.do\/index.php\/wp-json\/wp\/v2\/users\/2"}],"replies":[{"embeddable":true,"href":"https:\/\/lasprimeras.com.do\/index.php\/wp-json\/wp\/v2\/comments?post=55393"}],"version-history":[{"count":1,"href":"https:\/\/lasprimeras.com.do\/index.php\/wp-json\/wp\/v2\/posts\/55393\/revisions"}],"predecessor-version":[{"id":55395,"href":"https:\/\/lasprimeras.com.do\/index.php\/wp-json\/wp\/v2\/posts\/55393\/revisions\/55395"}],"wp:featuredmedia":[{"embeddable":true,"href":"https:\/\/lasprimeras.com.do\/index.php\/wp-json\/wp\/v2\/media\/55394"}],"wp:attachment":[{"href":"https:\/\/lasprimeras.com.do\/index.php\/wp-json\/wp\/v2\/media?parent=55393"}],"wp:term":[{"taxonomy":"category","embeddable":true,"href":"https:\/\/lasprimeras.com.do\/index.php\/wp-json\/wp\/v2\/categories?post=55393"},{"taxonomy":"post_tag","embeddable":true,"href":"https:\/\/lasprimeras.com.do\/index.php\/wp-json\/wp\/v2\/tags?post=55393"}],"curies":[{"name":"wp","href":"https:\/\/api.w.org\/{rel}","templated":true}]}}