{"id":55399,"date":"2023-07-20T23:28:25","date_gmt":"2023-07-21T03:28:25","guid":{"rendered":"https:\/\/lasprimeras.com.do\/?p=55399"},"modified":"2023-07-20T23:28:26","modified_gmt":"2023-07-21T03:28:26","slug":"elias-baez-convencion-para-eleccion-de-candidato-alcaldia-sdo-favorece-democracia-interna","status":"publish","type":"post","link":"https:\/\/lasprimeras.com.do\/index.php\/2023\/07\/20\/elias-baez-convencion-para-eleccion-de-candidato-alcaldia-sdo-favorece-democracia-interna\/","title":{"rendered":"El\u00edas B\u00e1ez: Convenci\u00f3n para elecci\u00f3n de candidato alcald\u00eda SDO favorece democracia interna"},"content":{"rendered":"\n<p>El diputado por el Partido RevolucionarioModerno (PRM) y aspirante a la alcald\u00eda de Santo Domingo Oeste, El\u00edas B\u00e1ez, agradeci\u00f3 a esa organizaci\u00f3n pol\u00edtica el m\u00e9todo de convenci\u00f3n para escoger a los aspirantes a s\u00edndico por esa demarcaci\u00f3n.<\/p>\n\n\n\n<p>El congresista, felicit\u00f3 a los dem\u00e1s aspirantes a los diferentes cargos pol\u00edticos que ser\u00e1n escogidos mediante encuestas seg\u00fan sus respectivas demarcaciones, al tiempo que indic\u00f3 se mantendr\u00e1 trabajando en favor el municipio.<\/p>\n\n\n\n<p>\u201cAgradezco a la familia @PRM_Oficial por escucharnos y hacer oficial la escogencia de la candidatura del partido a la Alcald\u00eda de Santo Domingo Oeste por convenci\u00f3n, a su vez que felicito el uso de encuestas en otros territorios.<\/p>\n\n\n\n<p>&nbsp; \u201cEstamos profundamente convencidos de que estos m\u00e9todos fortalecen la democracia e institucionalidad partidaria, al permitirle al partido elegir el candidato que representa nuestros valores\u201d agreg\u00f3 el precandidato.<\/p>\n\n\n\n<p>\u201cSeguimos trabajando junto a los perreme\u00edstas de SDO para garantizar bienestar, limpieza y seguridad a todos\u201d, concluy\u00f3 B\u00e1ez.<\/p>\n","protected":false},"excerpt":{"rendered":"<p>El diputado por el Partido RevolucionarioModerno (PRM) y aspirante a la alcald\u00eda de Santo Domingo Oeste, El\u00edas B\u00e1ez, agradeci\u00f3 a esa organizaci\u00f3n pol\u00edtica el m\u00e9todo de convenci\u00f3n para escoger a&hellip;<\/p>\n","protected":false},"author":2,"featured_media":55400,"comment_status":"open","ping_status":"open","sticky":false,"template":"","format":"standard","meta":{"content-type":"","jetpack_post_was_ever_published":false,"_jetpack_newsletter_access":"","_jetpack_dont_email_post_to_subs":false,"_jetpack_newsletter_tier_id":0,"_jetpack_memberships_contains_paywalled_content":false,"_jetpack_memberships_contains_paid_content":false,"footnotes":""},"categories":[1],"tags":[1427,1526,951,607,4499,4352,2253],"class_list":["post-55399","post","type-post","status-publish","format-standard","has-post-thumbnail","hentry","category-sin-categoria","tag-alcaldia-sdo","tag-candidato","tag-convencion-2","tag-democracia","tag-eleccion","tag-elias-baez","tag-interna"],"jetpack_featured_media_url":"https:\/\/lasprimeras.com.do\/wp-content\/uploads\/2023\/07\/Elias-Baez.jpg","jetpack-related-posts":[{"id":53436,"url":"https:\/\/lasprimeras.com.do\/index.php\/2023\/06\/26\/prm-en-sdo-propone-no-mirar-atras-y-apuestan-a-la-modernizacion-del-municipio\/","url_meta":{"origin":55399,"position":0},"title":"PRM en SDO propone no mirar atr\u00e1s y apuestan a la modernizaci\u00f3n del municipio","author":"Nelson Feliz","date":"26 de junio de 2023","format":false,"excerpt":"Dirigentes rechazan candidaturas de extra partidos. Los aspirantes a la alcald\u00eda del municipio Santo Domingo Oeste, por el Partido Revolucionario Moderno (PRM), El\u00edas B\u00e1ez y Jos\u00e9 Moya, rechazaron de manera categ\u00f3rica que esa organizaci\u00f3n lleve a un extra partido como candidato a la alcald\u00eda de esa demarcaci\u00f3n. Durante el lanzamiento\u2026","rel":"","context":"En \u00abSin categor\u00eda\u00bb","block_context":{"text":"Sin categor\u00eda","link":"https:\/\/lasprimeras.com.do\/index.php\/category\/sin-categoria\/"},"img":{"alt_text":"El\u00edas B\u00e1ez y Jos\u00e9 Moya","src":"https:\/\/i0.wp.com\/lasprimeras.com.do\/wp-content\/uploads\/2023\/06\/PRM.jpg?resize=350%2C200&ssl=1","width":350,"height":200,"srcset":"https:\/\/i0.wp.com\/lasprimeras.com.do\/wp-content\/uploads\/2023\/06\/PRM.jpg?resize=350%2C200&ssl=1 1x, https:\/\/i0.wp.com\/lasprimeras.com.do\/wp-content\/uploads\/2023\/06\/PRM.jpg?resize=525%2C300&ssl=1 1.5x, https:\/\/i0.wp.com\/lasprimeras.com.do\/wp-content\/uploads\/2023\/06\/PRM.jpg?resize=700%2C400&ssl=1 2x"},"classes":[]},{"id":54055,"url":"https:\/\/lasprimeras.com.do\/index.php\/2023\/07\/06\/francisco-pena-y-elias-baez-serian-los-favoritos-para-la-alcaldia-de-sdo\/","url_meta":{"origin":55399,"position":1},"title":"Francisco Pe\u00f1a y El\u00edas B\u00e1ez ser\u00edan los favoritos para la alcald\u00eda de SDO","author":"Nelson Feliz","date":"6 de julio de 2023","format":false,"excerpt":"\u0619El exalcalde por Santo Domingo Oeste (SDO), Francisco Pe\u00f1a y el diputado El\u00edas B\u00e1ez, ambos del Partido Revolucionario Moderno (PRM), ser\u00edan los favoritos para medirse a la alcald\u00eda de este municipio en las elecciones municipales de febrero de 2024, esto seg\u00fan los resultados de una encuesta. De acuerdo con el\u2026","rel":"","context":"En \u00abPORTADA\u00bb","block_context":{"text":"PORTADA","link":"https:\/\/lasprimeras.com.do\/index.php\/category\/portada\/"},"img":{"alt_text":"Francisco Pe\u00f1a y El\u00edas B\u00e1ez","src":"https:\/\/i0.wp.com\/lasprimeras.com.do\/wp-content\/uploads\/2023\/07\/Francisco-Pena-y-Elias-Baez.jpg?resize=350%2C200&ssl=1","width":350,"height":200},"classes":[]},{"id":48907,"url":"https:\/\/lasprimeras.com.do\/index.php\/2023\/05\/05\/radhames-gonzalez-dice-no-aspira-a-la-alcaldia-de-sdo\/","url_meta":{"origin":55399,"position":2},"title":"Radham\u00e9s Gonz\u00e1lez dice no aspira a la alcald\u00eda de SDO","author":"prenxa100","date":"5 de mayo de 2023","format":false,"excerpt":"Santo Domingo.- El exdiputado y dirigente de Partido Revolucionario Moderno (PRM), Radham\u00e9s Gonz\u00e1lez, inform\u00f3 que no est\u00e1 aspirando a la candidatura a alcalde por el municipio de Santo Domingo Oeste para las elecciones de 2024. \"Yo particularmente he decidido renunciar a verme m\u00e1s en un afiche\", as\u00ed se expres\u00f3 el\u2026","rel":"","context":"En \u00abSin categor\u00eda\u00bb","block_context":{"text":"Sin categor\u00eda","link":"https:\/\/lasprimeras.com.do\/index.php\/category\/sin-categoria\/"},"img":{"alt_text":"","src":"","width":0,"height":0},"classes":[]},{"id":57050,"url":"https:\/\/lasprimeras.com.do\/index.php\/2023\/08\/08\/elias-baez-asegura-propuestas-de-campana-han-mejorado-gestion-municipal-actual-sdo\/","url_meta":{"origin":55399,"position":3},"title":"El\u00edas B\u00e1ez asegura propuestas de campa\u00f1a han mejorado gesti\u00f3n municipal actual SDO","author":"Nelson Feliz","date":"8 de agosto de 2023","format":false,"excerpt":"El aspirante alcald\u00eda por Santo Domingo Oeste, comparti\u00f3 su satisfacci\u00f3n por el impacto positivo que han tenido sus propuestas de campa\u00f1a, debido al apoyo e implementaci\u00f3n de estas por parte del alcalde, Jos\u00e9 And\u00fajar. Resalt\u00f3 que a\u00fan queda mucho por hacer para lograr una verdadera transformaci\u00f3n en el municipio Santo\u2026","rel":"","context":"En \u00abPORTADA\u00bb","block_context":{"text":"PORTADA","link":"https:\/\/lasprimeras.com.do\/index.php\/category\/portada\/"},"img":{"alt_text":"Elias Baez","src":"https:\/\/i0.wp.com\/lasprimeras.com.do\/wp-content\/uploads\/2023\/08\/Elias-Baez.jpg?resize=350%2C200&ssl=1","width":350,"height":200,"srcset":"https:\/\/i0.wp.com\/lasprimeras.com.do\/wp-content\/uploads\/2023\/08\/Elias-Baez.jpg?resize=350%2C200&ssl=1 1x, https:\/\/i0.wp.com\/lasprimeras.com.do\/wp-content\/uploads\/2023\/08\/Elias-Baez.jpg?resize=525%2C300&ssl=1 1.5x"},"classes":[]},{"id":58326,"url":"https:\/\/lasprimeras.com.do\/index.php\/2023\/08\/22\/elias-baez-dispone-plaza-comercial-como-centro-de-refugio-antes-paso-de-la-tormenta-franklin\/","url_meta":{"origin":55399,"position":4},"title":"El\u00edas B\u00e1ez dispone plaza comercial como centro de refugio antes paso de la tormenta Franklin","author":"Nelson Feliz","date":"22 de agosto de 2023","format":false,"excerpt":"El aspirante a la alcald\u00eda de Santo Domingo Oeste, dispuso la plaza comercial B\u00e1ez, como centro de refugio para los afectados ante las posibles inundaciones provocadas por la tormenta Franklin que impactar\u00e1 el pa\u00eds. El tambi\u00e9n diputado, agreg\u00f3 que junto a su equipo estar\u00e1n llevando raciones alimenticias a las comunidades\u2026","rel":"","context":"En \u00abNACIONALES\u00bb","block_context":{"text":"NACIONALES","link":"https:\/\/lasprimeras.com.do\/index.php\/category\/nacionales\/"},"img":{"alt_text":"Elias Baez","src":"https:\/\/i0.wp.com\/lasprimeras.com.do\/wp-content\/uploads\/2023\/08\/Elias-Baez-1.jpg?resize=350%2C200&ssl=1","width":350,"height":200,"srcset":"https:\/\/i0.wp.com\/lasprimeras.com.do\/wp-content\/uploads\/2023\/08\/Elias-Baez-1.jpg?resize=350%2C200&ssl=1 1x, https:\/\/i0.wp.com\/lasprimeras.com.do\/wp-content\/uploads\/2023\/08\/Elias-Baez-1.jpg?resize=525%2C300&ssl=1 1.5x"},"classes":[]},{"id":52441,"url":"https:\/\/lasprimeras.com.do\/index.php\/2023\/06\/10\/prm-escogera-candidato-a-alcalde-de-santo-domingo-este-por-encuesta\/","url_meta":{"origin":55399,"position":5},"title":"PRM escoger\u00e1 candidato a alcalde de Santo Domingo Este por encuesta","author":"prenxa100","date":"10 de junio de 2023","format":false,"excerpt":"EL MISMO M\u00c9TODO SE USAR\u00c1 PARA ELEGIR CANDIDATOS A\u00a0 DIPUTADOS. La Comisi\u00f3n Nacional para los procesos internos de elecci\u00f3n del Partido Revolucionario Moderno (PRM) anunci\u00f3 que el pr\u00f3ximo candidato a alcalde de Santo Domingo Este ser\u00e1 escogido mediante encuesta.\u00a0 La informaci\u00f3n ante la asamblea fue servida por el comisionado por\u2026","rel":"","context":"En \u00abSin categor\u00eda\u00bb","block_context":{"text":"Sin categor\u00eda","link":"https:\/\/lasprimeras.com.do\/index.php\/category\/sin-categoria\/"},"img":{"alt_text":"","src":"","width":0,"height":0},"classes":[]}],"jetpack_sharing_enabled":true,"_links":{"self":[{"href":"https:\/\/lasprimeras.com.do\/index.php\/wp-json\/wp\/v2\/posts\/55399","targetHints":{"allow":["GET"]}}],"collection":[{"href":"https:\/\/lasprimeras.com.do\/index.php\/wp-json\/wp\/v2\/posts"}],"about":[{"href":"https:\/\/lasprimeras.com.do\/index.php\/wp-json\/wp\/v2\/types\/post"}],"author":[{"embeddable":true,"href":"https:\/\/lasprimeras.com.do\/index.php\/wp-json\/wp\/v2\/users\/2"}],"replies":[{"embeddable":true,"href":"https:\/\/lasprimeras.com.do\/index.php\/wp-json\/wp\/v2\/comments?post=55399"}],"version-history":[{"count":1,"href":"https:\/\/lasprimeras.com.do\/index.php\/wp-json\/wp\/v2\/posts\/55399\/revisions"}],"predecessor-version":[{"id":55401,"href":"https:\/\/lasprimeras.com.do\/index.php\/wp-json\/wp\/v2\/posts\/55399\/revisions\/55401"}],"wp:featuredmedia":[{"embeddable":true,"href":"https:\/\/lasprimeras.com.do\/index.php\/wp-json\/wp\/v2\/media\/55400"}],"wp:attachment":[{"href":"https:\/\/lasprimeras.com.do\/index.php\/wp-json\/wp\/v2\/media?parent=55399"}],"wp:term":[{"taxonomy":"category","embeddable":true,"href":"https:\/\/lasprimeras.com.do\/index.php\/wp-json\/wp\/v2\/categories?post=55399"},{"taxonomy":"post_tag","embeddable":true,"href":"https:\/\/lasprimeras.com.do\/index.php\/wp-json\/wp\/v2\/tags?post=55399"}],"curies":[{"name":"wp","href":"https:\/\/api.w.org\/{rel}","templated":true}]}}