{"id":55402,"date":"2023-07-20T23:37:22","date_gmt":"2023-07-21T03:37:22","guid":{"rendered":"https:\/\/lasprimeras.com.do\/?p=55402"},"modified":"2023-07-20T23:37:24","modified_gmt":"2023-07-21T03:37:24","slug":"juramentan-frente-religioso-del-prm-en-santo-domingo-oeste","status":"publish","type":"post","link":"https:\/\/lasprimeras.com.do\/index.php\/2023\/07\/20\/juramentan-frente-religioso-del-prm-en-santo-domingo-oeste\/","title":{"rendered":"Juramentan \u201cFrente Religioso del PRM\u201d en Santo Domingo Oeste"},"content":{"rendered":"\n<p>Juramentan el Frente Religioso del Partido Revolucionario Moderno, durante una masiva actividad realizada en el local municipal de esa organizaci\u00f3n pol\u00edtica.<\/p>\n\n\n\n<p>La nueva directiva del Frente est\u00e1 encabezada por Ana Cristina Cruz,&nbsp; como presidenta y Secundino Valdez,&nbsp; como secretario general, adem\u00e1s de una amplia estructura que completa la matr\u00edcula de este importante organismo partidario.<\/p>\n\n\n\n<p>La actividad estuvo encabezada por el presidente nacional del Frente, Pedro S\u00e1nchez y el presidente del partido en Santo Domingo Oeste,&nbsp; Francisco Campusano,&nbsp; adem\u00e1s, del secretario general Jos\u00e9 Moya, el diputado El\u00edas B\u00e1ez,&nbsp; la regidora Indira De Jes\u00fas, as\u00ed como Bernardo Alc\u00e1ntara,&nbsp; vicepresidente, Jes\u00fas Polanco subsecretario general, entre otras importantes figuras que estuvieron presentes.<\/p>\n\n\n\n<figure class=\"wp-block-image size-full is-resized\"><img decoding=\"async\" src=\"https:\/\/lasprimeras.com.do\/wp-content\/uploads\/2023\/07\/Frente-Religioso-del-PRM.jpg\" alt=\"\" class=\"wp-image-55404\" width=\"832\" height=\"624\" srcset=\"https:\/\/lasprimeras.com.do\/wp-content\/uploads\/2023\/07\/Frente-Religioso-del-PRM.jpg 700w, https:\/\/lasprimeras.com.do\/wp-content\/uploads\/2023\/07\/Frente-Religioso-del-PRM-300x225.jpg 300w\" sizes=\"(max-width: 832px) 100vw, 832px\" \/><\/figure>\n\n\n\n<p>En su intervenci\u00f3n, Francisco Campusano,&nbsp; presidente municipal del partido,&nbsp; resalt\u00f3 la importancia de este frente, se\u00f1alando que adem\u00e1s de ser un activo importante para el crecimiento de la organizaci\u00f3n,&nbsp; es un soporte espiritual para acompa\u00f1ar las acciones tendentes a retener el gobierno m\u00e1s all\u00e1 de 2024.<\/p>\n\n\n\n<p>Por su parte, Pedro S\u00e1nchez hizo un recuento de todos los trabajos que viene realizando el grupo religioso, se\u00f1alando que duplicaron las inscripciones que se le hab\u00eda encomendado desde la direcci\u00f3n nacional.<\/p>\n","protected":false},"excerpt":{"rendered":"<p>Juramentan el Frente Religioso del Partido Revolucionario Moderno, durante una masiva actividad realizada en el local municipal de esa organizaci\u00f3n pol\u00edtica. La nueva directiva del Frente est\u00e1 encabezada por Ana&hellip;<\/p>\n","protected":false},"author":2,"featured_media":55403,"comment_status":"open","ping_status":"open","sticky":false,"template":"","format":"standard","meta":{"content-type":"","jetpack_post_was_ever_published":false,"_jetpack_newsletter_access":"","_jetpack_dont_email_post_to_subs":false,"_jetpack_newsletter_tier_id":0,"_jetpack_memberships_contains_paywalled_content":false,"_jetpack_memberships_contains_paid_content":false,"footnotes":""},"categories":[1],"tags":[2432,150,31,5075,860],"class_list":["post-55402","post","type-post","status-publish","format-standard","has-post-thumbnail","hentry","category-sin-categoria","tag-frente","tag-juramentan","tag-prm","tag-religioso","tag-santo-domingo-oeste"],"jetpack_featured_media_url":"https:\/\/lasprimeras.com.do\/wp-content\/uploads\/2023\/07\/Juramentan.jpg","jetpack-related-posts":[{"id":125347,"url":"https:\/\/lasprimeras.com.do\/index.php\/2026\/03\/22\/carolina-reafirma-fortaleza-con-masivo-acto-de-apoyo-mientras-rinde-cuentas-como-secretaria-general\/","url_meta":{"origin":55402,"position":0},"title":"Carolina reafirma fortaleza con masivo acto de apoyo mientras rinde cuentas como secretaria general","author":"Nelson Feliz","date":"22 de marzo de 2026","format":false,"excerpt":"Carolina rindi\u00f3 cuentas de su gesti\u00f3n ante miles de dirigentes y militantes, destacando la importancia de la autocr\u00edtica, el trabajo territorial y la continuidad del cambio que inici\u00f3 PRM. La secretaria general del Partido Revolucionario Moderno (PRM), Carolina Mej\u00eda, encabez\u00f3 este domingo un multitudinario encuentro en el club Mauricio B\u00e1ez\u2026","rel":"","context":"En \u00abPOLITICA\u00bb","block_context":{"text":"POLITICA","link":"https:\/\/lasprimeras.com.do\/index.php\/category\/politica\/"},"img":{"alt_text":"","src":"https:\/\/i0.wp.com\/lasprimeras.com.do\/wp-content\/uploads\/2026\/03\/CAROLINA.jpg?resize=350%2C200&ssl=1","width":350,"height":200,"srcset":"https:\/\/i0.wp.com\/lasprimeras.com.do\/wp-content\/uploads\/2026\/03\/CAROLINA.jpg?resize=350%2C200&ssl=1 1x, https:\/\/i0.wp.com\/lasprimeras.com.do\/wp-content\/uploads\/2026\/03\/CAROLINA.jpg?resize=525%2C300&ssl=1 1.5x, https:\/\/i0.wp.com\/lasprimeras.com.do\/wp-content\/uploads\/2026\/03\/CAROLINA.jpg?resize=700%2C400&ssl=1 2x"},"classes":[]},{"id":115603,"url":"https:\/\/lasprimeras.com.do\/index.php\/2025\/11\/24\/regidor-del-pld-y-dirigentes-del-prm-se-juramentan-en-la-fuerza-del-pueblo\/","url_meta":{"origin":55402,"position":1},"title":"Regidor del PLD y dirigentes del PRM se juramentan en la Fuerza del Pueblo","author":"Nelson Feliz","date":"24 de noviembre de 2025","format":false,"excerpt":"En un acto encabezado por Radham\u00e9s Jim\u00e9nez Pe\u00f1a, l\u00edderes comunitarios, pastores y exdirigentes de varios partidos pol\u00edticos oficializaron su paso a las filas de la Fuerza del Pueblo. En una muestra de reconfiguraci\u00f3n pol\u00edtica en Santo Domingo Norte, un importante grupo de dirigentes y l\u00edderes comunitarios de distintas fuerzas pol\u00edticas\u2026","rel":"","context":"En \u00abPOLITICA\u00bb","block_context":{"text":"POLITICA","link":"https:\/\/lasprimeras.com.do\/index.php\/category\/politica\/"},"img":{"alt_text":"Radham\u00e9s Jim\u00e9nez Pe\u00f1a","src":"https:\/\/i0.wp.com\/lasprimeras.com.do\/wp-content\/uploads\/2025\/11\/Radhames-Jimenez-Pena-1.jpg?resize=350%2C200&ssl=1","width":350,"height":200,"srcset":"https:\/\/i0.wp.com\/lasprimeras.com.do\/wp-content\/uploads\/2025\/11\/Radhames-Jimenez-Pena-1.jpg?resize=350%2C200&ssl=1 1x, https:\/\/i0.wp.com\/lasprimeras.com.do\/wp-content\/uploads\/2025\/11\/Radhames-Jimenez-Pena-1.jpg?resize=525%2C300&ssl=1 1.5x, https:\/\/i0.wp.com\/lasprimeras.com.do\/wp-content\/uploads\/2025\/11\/Radhames-Jimenez-Pena-1.jpg?resize=700%2C400&ssl=1 2x"},"classes":[]},{"id":111948,"url":"https:\/\/lasprimeras.com.do\/index.php\/2025\/10\/15\/centenares-de-jovenes-seran-juramentados-en-el-pld-en-el-santo-domingo-oriental\/","url_meta":{"origin":55402,"position":2},"title":"Centenares de j\u00f3venes ser\u00e1n juramentados en el PLD en el Santo Domingo Oriental","author":"Nelson Feliz","date":"15 de octubre de 2025","format":false,"excerpt":"El Partido de la Liberaci\u00f3n Dominicana (PLD) ocupa el segundo lugar en la aceptaci\u00f3n de los electores nacionales, explica Johnny Pujols. El Secretario General del Partido de la Liberaci\u00f3n Dominicana (PLD), Johnny Pujols, al valorar el entusiasmo y el dinamismo que se manifiesta en el municipio Santo Domingo Oriental con\u2026","rel":"","context":"En \u00abPOLITICA\u00bb","block_context":{"text":"POLITICA","link":"https:\/\/lasprimeras.com.do\/index.php\/category\/politica\/"},"img":{"alt_text":"","src":"https:\/\/i0.wp.com\/lasprimeras.com.do\/wp-content\/uploads\/2025\/10\/PLD-2.jpg?resize=350%2C200&ssl=1","width":350,"height":200,"srcset":"https:\/\/i0.wp.com\/lasprimeras.com.do\/wp-content\/uploads\/2025\/10\/PLD-2.jpg?resize=350%2C200&ssl=1 1x, https:\/\/i0.wp.com\/lasprimeras.com.do\/wp-content\/uploads\/2025\/10\/PLD-2.jpg?resize=525%2C300&ssl=1 1.5x, https:\/\/i0.wp.com\/lasprimeras.com.do\/wp-content\/uploads\/2025\/10\/PLD-2.jpg?resize=700%2C400&ssl=1 2x"},"classes":[]},{"id":73921,"url":"https:\/\/lasprimeras.com.do\/index.php\/2024\/01\/17\/carolina-duarte-lanza-su-candidatura-a-regidora-por-el-municipio-sdo\/","url_meta":{"origin":55402,"position":3},"title":"Carolina Duarte lanza su candidatura a regidora por el municipio SDO","author":"Nelson Feliz","date":"17 de enero de 2024","format":false,"excerpt":"Francisco Pe\u00f1a y Jos\u00e9 And\u00fajar dan respaldo a Carolina Duarte como regidora Con la presencia del candidato alcalde por el municipio Francisco Pe\u00f1a y el actual alcalde Jos\u00e9 And\u00fajar y los principales lideres pol\u00edtico de esta demarcaci\u00f3n, Carolina Duarte lanza su candidatura a regidora por en la alianza entre el\u2026","rel":"","context":"En \u00abSin categor\u00eda\u00bb","block_context":{"text":"Sin categor\u00eda","link":"https:\/\/lasprimeras.com.do\/index.php\/category\/sin-categoria\/"},"img":{"alt_text":"Carolina Duarte","src":"https:\/\/i0.wp.com\/lasprimeras.com.do\/wp-content\/uploads\/2024\/01\/Carolina-Duarte-1.jpg?resize=350%2C200&ssl=1","width":350,"height":200,"srcset":"https:\/\/i0.wp.com\/lasprimeras.com.do\/wp-content\/uploads\/2024\/01\/Carolina-Duarte-1.jpg?resize=350%2C200&ssl=1 1x, https:\/\/i0.wp.com\/lasprimeras.com.do\/wp-content\/uploads\/2024\/01\/Carolina-Duarte-1.jpg?resize=525%2C300&ssl=1 1.5x, https:\/\/i0.wp.com\/lasprimeras.com.do\/wp-content\/uploads\/2024\/01\/Carolina-Duarte-1.jpg?resize=700%2C400&ssl=1 2x"},"classes":[]},{"id":73652,"url":"https:\/\/lasprimeras.com.do\/index.php\/2024\/01\/15\/campana-municipal-se-activa-con-multiples-eventos-en-todo-el-pais\/","url_meta":{"origin":55402,"position":4},"title":"Campa\u00f1a municipal se activa con m\u00faltiples eventos en todo el pa\u00eds","author":"BIMARY DE JES\u00daS Matos","date":"15 de enero de 2024","format":false,"excerpt":"SANTO DOMINGO.-Demostraciones de fuerza concentrando a miles de simpatizantes, publicaci\u00f3n de encuestas, declaraciones altisonantes y otras manifestaciones propias de la campa\u00f1a municipal que entra en su etapa final, caracterizaron el accionar pol\u00edtico de sus principales actores con aspiraciones municipales, este fin de semana a poco m\u00e1s de un mes de\u2026","rel":"","context":"En \u00abSin categor\u00eda\u00bb","block_context":{"text":"Sin categor\u00eda","link":"https:\/\/lasprimeras.com.do\/index.php\/category\/sin-categoria\/"},"img":{"alt_text":"","src":"https:\/\/i0.wp.com\/lasprimeras.com.do\/wp-content\/uploads\/2024\/01\/WhatsApp-Image-2024-01-14-at-10.45.20-PM-1.webp?resize=350%2C200&ssl=1","width":350,"height":200,"srcset":"https:\/\/i0.wp.com\/lasprimeras.com.do\/wp-content\/uploads\/2024\/01\/WhatsApp-Image-2024-01-14-at-10.45.20-PM-1.webp?resize=350%2C200&ssl=1 1x, https:\/\/i0.wp.com\/lasprimeras.com.do\/wp-content\/uploads\/2024\/01\/WhatsApp-Image-2024-01-14-at-10.45.20-PM-1.webp?resize=525%2C300&ssl=1 1.5x"},"classes":[]},{"id":107805,"url":"https:\/\/lasprimeras.com.do\/index.php\/2025\/08\/31\/johnny-pujols-toma-el-juramento-a-nuevos-miembros-del-pld-en-sdo\/","url_meta":{"origin":55402,"position":5},"title":"Johnny Pujols toma el juramento a nuevos miembros del PLD en SDO","author":"Nelson Feliz","date":"31 de agosto de 2025","format":false,"excerpt":"PLD juramenta dirigentes de otros partidos en acto inaugural del local pelede\u00edsta en el municipio Santo Domingo Oeste. Un grupo de dirigentes de diferentes organizaciones pol\u00edticas se juramentaron en el Partido de la Liberaci\u00f3n Dominicana (PLD) durante la inauguraci\u00f3n de un nuevo local en el municipio Santo Domingo Oeste. El\u2026","rel":"","context":"En \u00abPOLITICA\u00bb","block_context":{"text":"POLITICA","link":"https:\/\/lasprimeras.com.do\/index.php\/category\/politica\/"},"img":{"alt_text":"","src":"https:\/\/i0.wp.com\/lasprimeras.com.do\/wp-content\/uploads\/2025\/08\/Juramentacion-SDO.jpg?resize=350%2C200&ssl=1","width":350,"height":200,"srcset":"https:\/\/i0.wp.com\/lasprimeras.com.do\/wp-content\/uploads\/2025\/08\/Juramentacion-SDO.jpg?resize=350%2C200&ssl=1 1x, https:\/\/i0.wp.com\/lasprimeras.com.do\/wp-content\/uploads\/2025\/08\/Juramentacion-SDO.jpg?resize=525%2C300&ssl=1 1.5x, https:\/\/i0.wp.com\/lasprimeras.com.do\/wp-content\/uploads\/2025\/08\/Juramentacion-SDO.jpg?resize=700%2C400&ssl=1 2x"},"classes":[]}],"jetpack_sharing_enabled":true,"_links":{"self":[{"href":"https:\/\/lasprimeras.com.do\/index.php\/wp-json\/wp\/v2\/posts\/55402","targetHints":{"allow":["GET"]}}],"collection":[{"href":"https:\/\/lasprimeras.com.do\/index.php\/wp-json\/wp\/v2\/posts"}],"about":[{"href":"https:\/\/lasprimeras.com.do\/index.php\/wp-json\/wp\/v2\/types\/post"}],"author":[{"embeddable":true,"href":"https:\/\/lasprimeras.com.do\/index.php\/wp-json\/wp\/v2\/users\/2"}],"replies":[{"embeddable":true,"href":"https:\/\/lasprimeras.com.do\/index.php\/wp-json\/wp\/v2\/comments?post=55402"}],"version-history":[{"count":1,"href":"https:\/\/lasprimeras.com.do\/index.php\/wp-json\/wp\/v2\/posts\/55402\/revisions"}],"predecessor-version":[{"id":55405,"href":"https:\/\/lasprimeras.com.do\/index.php\/wp-json\/wp\/v2\/posts\/55402\/revisions\/55405"}],"wp:featuredmedia":[{"embeddable":true,"href":"https:\/\/lasprimeras.com.do\/index.php\/wp-json\/wp\/v2\/media\/55403"}],"wp:attachment":[{"href":"https:\/\/lasprimeras.com.do\/index.php\/wp-json\/wp\/v2\/media?parent=55402"}],"wp:term":[{"taxonomy":"category","embeddable":true,"href":"https:\/\/lasprimeras.com.do\/index.php\/wp-json\/wp\/v2\/categories?post=55402"},{"taxonomy":"post_tag","embeddable":true,"href":"https:\/\/lasprimeras.com.do\/index.php\/wp-json\/wp\/v2\/tags?post=55402"}],"curies":[{"name":"wp","href":"https:\/\/api.w.org\/{rel}","templated":true}]}}