{"id":55416,"date":"2023-07-21T06:30:15","date_gmt":"2023-07-21T10:30:15","guid":{"rendered":"https:\/\/lasprimeras.com.do\/?p=55416"},"modified":"2023-07-21T06:30:16","modified_gmt":"2023-07-21T10:30:16","slug":"presentacion-pavel-nunez-fernando-villalona-jandy-ventura-e-ilegales","status":"publish","type":"post","link":"https:\/\/lasprimeras.com.do\/index.php\/2023\/07\/21\/presentacion-pavel-nunez-fernando-villalona-jandy-ventura-e-ilegales\/","title":{"rendered":"Presentaci\u00f3n Pavel N\u00fa\u00f1ez, Fernando Villalona, Jandy Ventura e Ilegales"},"content":{"rendered":"\n<p><strong>Dominicanos ponen en alto nuestra m\u00fasica en Premios Juventud<\/strong><\/p>\n\n\n\n<p>PUERTO RICO.- Los artistas de La Oreja Media Group, Los hermanos Rosario, Fernando Villalona, Pavel N\u00fa\u00f1ez, Jandy Ventura e Ilegales protagonizaron dos grandes musicales dirigidos por Antonio Gonz\u00e1lez en la entrega del 2023 de Premios Juventud, en los cuales tambi\u00e9n participaron To\u00f1o Rosario y La Materialista.<\/p>\n\n\n\n<p>El primer musical fue un musical homenaje a la dinast\u00eda Rosario, la cual uni\u00f3 a los hermanos Rafa, Luis, Tony y To\u00f1o a ritmo de \u201cEl palo\u201d, \u201cLa due\u00f1a del swing\u201d, \u201cEl rompe cintura\u201d y \u201cCumand\u00e9\u201d, adem\u00e1s de \u201cDale vieja\u201d.<\/p>\n\n\n\n<p>La participaci\u00f3n dominicana en Premios Juventud 2023 continu\u00f3 acentu\u00e1ndose en dicho escenario con la segunda propuesta, tambi\u00e9n dirigida por Antonio Gonz\u00e1lez, esta protagonizada por Pavel N\u00fa\u00f1ez con \u201cEl guardia del Arsenal\u201d; Fernando Villalona interpretando \u201cDominicano Soy\u201d y \u201cM\u00fasica latina\u201d; \u201cMerenguero hasta la tambora\u201d en la voz de Jandy Ventura; el \u201cTaqui Taqui\u201d de Ilegales y La Materialista con un toque de rap en un musical que evidenci\u00f3 una fusi\u00f3n de la rica diversidad art\u00edstica existente en la Rep\u00fablica Dominicana.<\/p>\n\n\n\n<p>\u201cEstamos s\u00faper complacidos con el resultado de la participaci\u00f3n y presencia dominicana en esta gran plataforma de la m\u00fasica como lo es Premios Juventud. Sin duda alguna, esta es solo una prueba de todo lo que la industria musical dominicana tiene para ofrecer tanto en talento como en interpretaci\u00f3n, ritmos y letras\u201d, sostuv\u00f3 Porfirio &#8220;Popi&#8221; Pi\u00f1a, CEO de La Oreja Media Group.<\/p>\n","protected":false},"excerpt":{"rendered":"<p>Dominicanos ponen en alto nuestra m\u00fasica en Premios Juventud PUERTO RICO.- Los artistas de La Oreja Media Group, Los hermanos Rosario, Fernando Villalona, Pavel N\u00fa\u00f1ez, Jandy Ventura e Ilegales protagonizaron&hellip;<\/p>\n","protected":false},"author":2,"featured_media":0,"comment_status":"open","ping_status":"open","sticky":false,"template":"","format":"standard","meta":{"content-type":"","jetpack_post_was_ever_published":false,"_jetpack_newsletter_access":"","_jetpack_dont_email_post_to_subs":false,"_jetpack_newsletter_tier_id":0,"_jetpack_memberships_contains_paywalled_content":false,"_jetpack_memberships_contains_paid_content":false,"footnotes":""},"categories":[84],"tags":[4955,92,5082,1370,5081],"class_list":["post-55416","post","type-post","status-publish","format-standard","hentry","category-entretenimiento","tag-fernando-villalona","tag-ilegales","tag-jandy-ventura","tag-pavel-nunez","tag-presentacion"],"jetpack_featured_media_url":"","jetpack-related-posts":[{"id":57604,"url":"https:\/\/lasprimeras.com.do\/index.php\/2023\/08\/14\/fernando-villalona-sigue-volando-alto-en-chavon\/","url_meta":{"origin":55416,"position":0},"title":"Fernando Villalona sigue volando alto en Chav\u00f3n","author":"Nelson Feliz","date":"14 de agosto de 2023","format":false,"excerpt":"En el a\u00f1o 1986, el ic\u00f3nico artista dominicano Fernando Villalona revent\u00f3 las piedras de un naciente anfiteatro de Altos de Chav\u00f3n que ya hab\u00eda recibido a grandes estrellas de fama mundial, como el insigne Frank Sinatra, Buddy Rich, Santana, Joan Jett y Heart. Treinta y siete a\u00f1os despu\u00e9s, \u201cEl Ni\u00f1o\u2026","rel":"","context":"En \u00abENTRETENIMIENTO\u00bb","block_context":{"text":"ENTRETENIMIENTO","link":"https:\/\/lasprimeras.com.do\/index.php\/category\/entretenimiento\/"},"img":{"alt_text":"Fernando Villalona","src":"https:\/\/i0.wp.com\/lasprimeras.com.do\/wp-content\/uploads\/2023\/08\/fernando-villalona.jpeg?resize=350%2C200&ssl=1","width":350,"height":200,"srcset":"https:\/\/i0.wp.com\/lasprimeras.com.do\/wp-content\/uploads\/2023\/08\/fernando-villalona.jpeg?resize=350%2C200&ssl=1 1x, https:\/\/i0.wp.com\/lasprimeras.com.do\/wp-content\/uploads\/2023\/08\/fernando-villalona.jpeg?resize=525%2C300&ssl=1 1.5x, https:\/\/i0.wp.com\/lasprimeras.com.do\/wp-content\/uploads\/2023\/08\/fernando-villalona.jpeg?resize=700%2C400&ssl=1 2x, https:\/\/i0.wp.com\/lasprimeras.com.do\/wp-content\/uploads\/2023\/08\/fernando-villalona.jpeg?resize=1050%2C600&ssl=1 3x"},"classes":[]},{"id":56637,"url":"https:\/\/lasprimeras.com.do\/index.php\/2023\/08\/03\/varios-artistas-acompanaran-a-fernando-villalona-en-su-concierto-en-altos-de-chavon\/","url_meta":{"origin":55416,"position":1},"title":"Varios artistas acompa\u00f1ar\u00e1n a Fernando Villalona en su concierto en Altos de Chav\u00f3n","author":"Nelson Feliz","date":"3 de agosto de 2023","format":false,"excerpt":"Una constelaci\u00f3n de estrellas de la m\u00fasica estar\u00e1 presente en el espect\u00e1culo que ofrecer\u00e1 el emblem\u00e1tico cantante Fernando Villalona, conocido cari\u00f1osamente como \"El Ni\u00f1o Mimado\", en el anfiteatro de Altos de Chav\u00f3n, el pr\u00f3ximo 12 de agosto. La empresa Big Show Pro y Casa de Campo anunciaron que en este\u2026","rel":"","context":"En \u00abENTRETENIMIENTO\u00bb","block_context":{"text":"ENTRETENIMIENTO","link":"https:\/\/lasprimeras.com.do\/index.php\/category\/entretenimiento\/"},"img":{"alt_text":"Fernandito Villalona","src":"https:\/\/i0.wp.com\/lasprimeras.com.do\/wp-content\/uploads\/2023\/08\/Fernandito-Villalona-1.jpg?resize=350%2C200&ssl=1","width":350,"height":200,"srcset":"https:\/\/i0.wp.com\/lasprimeras.com.do\/wp-content\/uploads\/2023\/08\/Fernandito-Villalona-1.jpg?resize=350%2C200&ssl=1 1x, https:\/\/i0.wp.com\/lasprimeras.com.do\/wp-content\/uploads\/2023\/08\/Fernandito-Villalona-1.jpg?resize=525%2C300&ssl=1 1.5x, https:\/\/i0.wp.com\/lasprimeras.com.do\/wp-content\/uploads\/2023\/08\/Fernandito-Villalona-1.jpg?resize=700%2C400&ssl=1 2x"},"classes":[]},{"id":56544,"url":"https:\/\/lasprimeras.com.do\/index.php\/2023\/08\/02\/fernando-villalona-tendra-invitados-de-lujo-en-su-concierto-en-altos-de-chavon\/","url_meta":{"origin":55416,"position":2},"title":"Fernando Villalona tendr\u00e1 invitados de lujo en su concierto en Altos de Chav\u00f3n","author":"Nelson Feliz","date":"2 de agosto de 2023","format":false,"excerpt":"Una constelaci\u00f3n de estrellas de la m\u00fasica estar\u00e1 presente en el espect\u00e1culo que ofrecer\u00e1 el emblem\u00e1tico cantante Fernando Villalona, conocido cari\u00f1osamente como \"El Ni\u00f1o Mimado\", en el anfiteatro de Altos de Chav\u00f3n, el pr\u00f3ximo 12 de agosto. La empresa Big Show Pro y Casa de Campo anunciaron que en este\u2026","rel":"","context":"En \u00abENTRETENIMIENTO\u00bb","block_context":{"text":"ENTRETENIMIENTO","link":"https:\/\/lasprimeras.com.do\/index.php\/category\/entretenimiento\/"},"img":{"alt_text":"Fernandito Villalona","src":"https:\/\/i0.wp.com\/lasprimeras.com.do\/wp-content\/uploads\/2023\/08\/Fernandito-Villalona-1.jpg?resize=350%2C200&ssl=1","width":350,"height":200,"srcset":"https:\/\/i0.wp.com\/lasprimeras.com.do\/wp-content\/uploads\/2023\/08\/Fernandito-Villalona-1.jpg?resize=350%2C200&ssl=1 1x, https:\/\/i0.wp.com\/lasprimeras.com.do\/wp-content\/uploads\/2023\/08\/Fernandito-Villalona-1.jpg?resize=525%2C300&ssl=1 1.5x, https:\/\/i0.wp.com\/lasprimeras.com.do\/wp-content\/uploads\/2023\/08\/Fernandito-Villalona-1.jpg?resize=700%2C400&ssl=1 2x"},"classes":[]},{"id":70179,"url":"https:\/\/lasprimeras.com.do\/index.php\/2023\/12\/09\/frank-ceara-celebrara-este-lunes-la-tercera-entrega-de-navidad-entre-amigos-2023\/","url_meta":{"origin":55416,"position":3},"title":"Frank Ceara celebrar\u00e1 este lunes la tercera entrega de &#8220;Navidad entre amigos 2023&#8221;","author":"BIMARY DE JES\u00daS Matos","date":"9 de diciembre de 2023","format":false,"excerpt":"Santo Domingo.-Este lunes 11 de diciembre \u00abNavidad entre Amigos 2023\u00bb llega a su tercera entrega y Kinito M\u00e9ndez, Diomary La Mala, Silvio Mora, Pavel N\u00fa\u00f1ez, Tueska, Diego Jarr y Nairoby Duarte subir\u00e1n a Escenario 360 a acompa\u00f1ar a Frank Ceara en estos hermosos conciertos, que cuentan con la direcci\u00f3n musical\u2026","rel":"","context":"En \u00abENTRETENIMIENTO\u00bb","block_context":{"text":"ENTRETENIMIENTO","link":"https:\/\/lasprimeras.com.do\/index.php\/category\/entretenimiento\/"},"img":{"alt_text":"","src":"https:\/\/i0.wp.com\/lasprimeras.com.do\/wp-content\/uploads\/2023\/12\/WhatsApp-Image-2023-12-07-at-7.22.09-PM-5-8.jpeg?resize=350%2C200&ssl=1","width":350,"height":200,"srcset":"https:\/\/i0.wp.com\/lasprimeras.com.do\/wp-content\/uploads\/2023\/12\/WhatsApp-Image-2023-12-07-at-7.22.09-PM-5-8.jpeg?resize=350%2C200&ssl=1 1x, https:\/\/i0.wp.com\/lasprimeras.com.do\/wp-content\/uploads\/2023\/12\/WhatsApp-Image-2023-12-07-at-7.22.09-PM-5-8.jpeg?resize=525%2C300&ssl=1 1.5x"},"classes":[]},{"id":121445,"url":"https:\/\/lasprimeras.com.do\/index.php\/2026\/02\/04\/estas-son-las-nominaciones-de-acroarte-a-premios-soberano-2026\/","url_meta":{"origin":55416,"position":4},"title":"Estas son las nominaciones de ACROARTE\u00a0 a Premios Soberano 2026","author":"Nelson Feliz","date":"4 de febrero de 2026","format":false,"excerpt":"Sin duda que debe haber m\u00e1s de cinco artistas dignos de ser nominados por rengl\u00f3n, pero tienen que ser cinco por las bases del premio y por la salud misma del ceremonial de premiaci\u00f3n Jos\u00e9 Rafael Sosa En general, parece \u2013 reiteramos parece- una de las selecciones m\u00e1s justas y\u2026","rel":"","context":"En \u00abENTRETENIMIENTO\u00bb","block_context":{"text":"ENTRETENIMIENTO","link":"https:\/\/lasprimeras.com.do\/index.php\/category\/entretenimiento\/"},"img":{"alt_text":"","src":"https:\/\/i0.wp.com\/lasprimeras.com.do\/wp-content\/uploads\/2026\/02\/Captura-de-pantalla-2026-02-03-141055.png?resize=350%2C200&ssl=1","width":350,"height":200},"classes":[]},{"id":75898,"url":"https:\/\/lasprimeras.com.do\/index.php\/2024\/02\/05\/todos-los-nominados-premios-soberano-2024\/","url_meta":{"origin":55416,"position":5},"title":"Todos los nominados Premios Soberano 2024","author":"BIMARY DE JES\u00daS Matos","date":"5 de febrero de 2024","format":false,"excerpt":"Santo Domingo.-La Asociaci\u00f3n de Cronistas de Arte (Acroarte) dio a conocer este lunes la lista de nominados para Premios Soberano 2024, que celebrar\u00e1 su ceremonia de premiaci\u00f3n el pr\u00f3ximo 12 de marzo, donde se reconoce el trabajo de los artistas y comunicadores dominicanos realizado durante el La 39\u00aa edici\u00f3n de\u2026","rel":"","context":"En \u00abENTRETENIMIENTO\u00bb","block_context":{"text":"ENTRETENIMIENTO","link":"https:\/\/lasprimeras.com.do\/index.php\/category\/entretenimiento\/"},"img":{"alt_text":"","src":"https:\/\/i0.wp.com\/lasprimeras.com.do\/wp-content\/uploads\/2024\/02\/Conoceran-esta-tarde-solicitud-de-cese-de-medida-de-coercion-a-Jean-Alain-Rodriguez-3.jpg?resize=350%2C200&ssl=1","width":350,"height":200,"srcset":"https:\/\/i0.wp.com\/lasprimeras.com.do\/wp-content\/uploads\/2024\/02\/Conoceran-esta-tarde-solicitud-de-cese-de-medida-de-coercion-a-Jean-Alain-Rodriguez-3.jpg?resize=350%2C200&ssl=1 1x, https:\/\/i0.wp.com\/lasprimeras.com.do\/wp-content\/uploads\/2024\/02\/Conoceran-esta-tarde-solicitud-de-cese-de-medida-de-coercion-a-Jean-Alain-Rodriguez-3.jpg?resize=525%2C300&ssl=1 1.5x, https:\/\/i0.wp.com\/lasprimeras.com.do\/wp-content\/uploads\/2024\/02\/Conoceran-esta-tarde-solicitud-de-cese-de-medida-de-coercion-a-Jean-Alain-Rodriguez-3.jpg?resize=700%2C400&ssl=1 2x"},"classes":[]}],"jetpack_sharing_enabled":true,"_links":{"self":[{"href":"https:\/\/lasprimeras.com.do\/index.php\/wp-json\/wp\/v2\/posts\/55416","targetHints":{"allow":["GET"]}}],"collection":[{"href":"https:\/\/lasprimeras.com.do\/index.php\/wp-json\/wp\/v2\/posts"}],"about":[{"href":"https:\/\/lasprimeras.com.do\/index.php\/wp-json\/wp\/v2\/types\/post"}],"author":[{"embeddable":true,"href":"https:\/\/lasprimeras.com.do\/index.php\/wp-json\/wp\/v2\/users\/2"}],"replies":[{"embeddable":true,"href":"https:\/\/lasprimeras.com.do\/index.php\/wp-json\/wp\/v2\/comments?post=55416"}],"version-history":[{"count":1,"href":"https:\/\/lasprimeras.com.do\/index.php\/wp-json\/wp\/v2\/posts\/55416\/revisions"}],"predecessor-version":[{"id":55417,"href":"https:\/\/lasprimeras.com.do\/index.php\/wp-json\/wp\/v2\/posts\/55416\/revisions\/55417"}],"wp:attachment":[{"href":"https:\/\/lasprimeras.com.do\/index.php\/wp-json\/wp\/v2\/media?parent=55416"}],"wp:term":[{"taxonomy":"category","embeddable":true,"href":"https:\/\/lasprimeras.com.do\/index.php\/wp-json\/wp\/v2\/categories?post=55416"},{"taxonomy":"post_tag","embeddable":true,"href":"https:\/\/lasprimeras.com.do\/index.php\/wp-json\/wp\/v2\/tags?post=55416"}],"curies":[{"name":"wp","href":"https:\/\/api.w.org\/{rel}","templated":true}]}}