{"id":55436,"date":"2023-07-21T08:31:13","date_gmt":"2023-07-21T12:31:13","guid":{"rendered":"https:\/\/lasprimeras.com.do\/?p=55436"},"modified":"2023-07-21T08:31:15","modified_gmt":"2023-07-21T12:31:15","slug":"apresan-mujer-que-supuestamente-robo-una-entidad-bancaria-en-bani","status":"publish","type":"post","link":"https:\/\/lasprimeras.com.do\/index.php\/2023\/07\/21\/apresan-mujer-que-supuestamente-robo-una-entidad-bancaria-en-bani\/","title":{"rendered":"Apresan mujer que supuestamente rob\u00f3 una entidad bancaria en Ban\u00ed"},"content":{"rendered":"\n<p>Miembros de la Direcci\u00f3n Regional Sur Central de la Polic\u00eda Nacional, con asiento en Ban\u00ed, captur\u00f3 a la nombrada Franchesca Ta\u00edna B\u00e1ez Lara, de 23 a\u00f1os, residente en el sector Los M\u00f3rense.<\/p>\n\n\n\n<p>El arresto de Franchesca Ta\u00edna B\u00e1ez Lara se llev\u00f3 a cabo en la carretera S\u00e1nchez KM1, en cumplimiento de la orden de arresto No. 01041-2023, emitida el pasado 15 de julio de 2023.<\/p>\n\n\n\n<p>Dicha orden se fundamenta en una denuncia presentada en su contra por una ciudadana, cuyo nombre se mantiene en reserva, y quien desempe\u00f1a el cargo de administradora en la Banca.<\/p>\n\n\n\n<p>Los hechos que dieron origen a esta orden de arresto est\u00e1n relacionados con un suceso de robo a mano armada perpetrado en la mencionada entidad bancaria.<\/p>\n\n\n\n<p>Seg\u00fan las evidencias presentadas y las im\u00e1genes captadas por las c\u00e1maras de seguridad del lugar, se observa a un hombre junto a otro, armado con un arma de fuego tipo pistola, quienes act\u00faan en complicidad con la cajera Franchesca Ta\u00edna B\u00e1ez Lara para simular un atraco.<\/p>\n\n\n\n<p>Como resultado de este acto delictivo, se sustrajo la suma de RD$176,250 pesos dominicanos, correspondiente a las ventas realizadas durante el d\u00eda.<\/p>\n\n\n\n<p>En virtud de estos hechos, Franchesca Ta\u00edna B\u00e1ez Lara es acusada de violar los art\u00edculos 265, 266, 379 y 383 del C\u00f3digo Penal Dominicano, as\u00ed como los art\u00edculos 66 y 67 de la Ley 631-16 para el Control y Regularizaci\u00f3n de Armas, Municiones y Materiales Relacionados.<\/p>\n\n\n\n<p>La Polic\u00eda Nacional reitera su compromiso con la seguridad y el bienestar de todos los ciudadanos, velando por el cumplimiento de la ley y la justicia.<\/p>\n","protected":false},"excerpt":{"rendered":"<p>Miembros de la Direcci\u00f3n Regional Sur Central de la Polic\u00eda Nacional, con asiento en Ban\u00ed, captur\u00f3 a la nombrada Franchesca Ta\u00edna B\u00e1ez Lara, de 23 a\u00f1os, residente en el sector&hellip;<\/p>\n","protected":false},"author":2,"featured_media":55437,"comment_status":"open","ping_status":"open","sticky":false,"template":"","format":"standard","meta":{"content-type":"","jetpack_post_was_ever_published":false,"_jetpack_newsletter_access":"","_jetpack_dont_email_post_to_subs":false,"_jetpack_newsletter_tier_id":0,"_jetpack_memberships_contains_paywalled_content":false,"_jetpack_memberships_contains_paid_content":false,"footnotes":""},"categories":[3057],"tags":[637,5097,963,429,48,5096],"class_list":["post-55436","post","type-post","status-publish","format-standard","has-post-thumbnail","hentry","category-militares","tag-apresan","tag-bancaria","tag-bani","tag-mujer","tag-policia","tag-robo-2"],"jetpack_featured_media_url":"https:\/\/lasprimeras.com.do\/wp-content\/uploads\/2023\/07\/Mujer-Presa.jpg","jetpack-related-posts":[{"id":86917,"url":"https:\/\/lasprimeras.com.do\/index.php\/2024\/08\/04\/detienen-sospechoso-de-robo-mediante-orden-de-arresto-en-bani\/","url_meta":{"origin":55436,"position":0},"title":"Detienen sospechoso de robo mediante orden de arresto en Ban\u00ed","author":"Nelson Feliz","date":"4 de agosto de 2024","format":false,"excerpt":"La subdirecci\u00f3n regional sur central de investigaciones ha destacado nuevamente su compromiso y eficacia en la lucha contra el crimen. En esta ocasi\u00f3n, el individuo identificado como \u00c1ngel Robinson Lara Soriano, alias \"Oti\", de 39 a\u00f1os y residente en el sector Los Robles, Santa Rosa, fue detenido exitosamente en la\u2026","rel":"","context":"En \u00abMILITARES\u00bb","block_context":{"text":"MILITARES","link":"https:\/\/lasprimeras.com.do\/index.php\/category\/militares\/"},"img":{"alt_text":"Policias","src":"https:\/\/i0.wp.com\/lasprimeras.com.do\/wp-content\/uploads\/2024\/08\/Policias.jpg?resize=350%2C200&ssl=1","width":350,"height":200,"srcset":"https:\/\/i0.wp.com\/lasprimeras.com.do\/wp-content\/uploads\/2024\/08\/Policias.jpg?resize=350%2C200&ssl=1 1x, https:\/\/i0.wp.com\/lasprimeras.com.do\/wp-content\/uploads\/2024\/08\/Policias.jpg?resize=525%2C300&ssl=1 1.5x, https:\/\/i0.wp.com\/lasprimeras.com.do\/wp-content\/uploads\/2024\/08\/Policias.jpg?resize=700%2C400&ssl=1 2x"},"classes":[]},{"id":51244,"url":"https:\/\/lasprimeras.com.do\/index.php\/2023\/05\/29\/apresan-cinco-hombres-senalado-por-arrebato-de-celular-en-bani\/","url_meta":{"origin":55436,"position":1},"title":"Apresan cinco hombres se\u00f1alado por arrebato de celular en Ban\u00ed","author":"prenxa100","date":"29 de mayo de 2023","format":false,"excerpt":"Por F\u00e9lix Julio R\u00e1mirez Ban\u00ed.-. La Direcci\u00f3n Regional Sur Central de la Polic\u00eda Nacional con sede en Ban\u00ed arrest\u00f3 cinco hombres involucrados en delitos de robo y arrebato de celulares, esta acci\u00f3n fue llevada a cabo por la Polic\u00eda Preventiva. Los detenidos han sido identificados como Robinson Mordan, residente en\u2026","rel":"","context":"En \u00abNACIONALES\u00bb","block_context":{"text":"NACIONALES","link":"https:\/\/lasprimeras.com.do\/index.php\/category\/nacionales\/"},"img":{"alt_text":"","src":"","width":0,"height":0},"classes":[]},{"id":55433,"url":"https:\/\/lasprimeras.com.do\/index.php\/2023\/07\/21\/capturan-y-solucionan-caso-de-delincuente-con-varias-ordenes-de-arresto-en-bani\/","url_meta":{"origin":55436,"position":2},"title":"Capturan y solucionan caso de delincuente con varias ordenes de arresto en Ban\u00ed","author":"Nelson Feliz","date":"21 de julio de 2023","format":false,"excerpt":"La Subdirecci\u00f3n Regional Sur Central de Investigaci\u00f3n (Dicrim) de la Polic\u00eda Nacional con asiento en Ban\u00ed, ha logrado la captura y soluci\u00f3n de un peligroso delincuente conocido como Alison Eleikel V\u00e9lez Avalo, alias \"Diente\". Este individuo, residente en el sector El Man\u00ed, ha sido apresado tras la emisi\u00f3n de \u00f3rdenes\u2026","rel":"","context":"En \u00abMILITARES\u00bb","block_context":{"text":"MILITARES","link":"https:\/\/lasprimeras.com.do\/index.php\/category\/militares\/"},"img":{"alt_text":"Dicrim","src":"https:\/\/i0.wp.com\/lasprimeras.com.do\/wp-content\/uploads\/2023\/07\/Capturado.jpg?resize=350%2C200&ssl=1","width":350,"height":200,"srcset":"https:\/\/i0.wp.com\/lasprimeras.com.do\/wp-content\/uploads\/2023\/07\/Capturado.jpg?resize=350%2C200&ssl=1 1x, https:\/\/i0.wp.com\/lasprimeras.com.do\/wp-content\/uploads\/2023\/07\/Capturado.jpg?resize=525%2C300&ssl=1 1.5x, https:\/\/i0.wp.com\/lasprimeras.com.do\/wp-content\/uploads\/2023\/07\/Capturado.jpg?resize=700%2C400&ssl=1 2x"},"classes":[]},{"id":94187,"url":"https:\/\/lasprimeras.com.do\/index.php\/2025\/02\/26\/apresan-mujer-acusada-de-robo-con-burundanga-en-villa-consuelo\/","url_meta":{"origin":55436,"position":3},"title":"Apresan mujer acusada de robo con \u201cBurundanga\u201d en Villa Consuelo","author":"Nelson Feliz","date":"26 de febrero de 2025","format":false,"excerpt":"La Polic\u00eda Nacional arresto una mujer integrante de una banda de cuatro mujeres que asaltaron y golpearon a una ciudadana el pasado 22 de enero en el sector Villa Consuelo, Distrito Nacional. Para cometer el delito, utilizaron la sustancia conocida como \u201cburundanga\u201d y sustrajeron tarjetas bancarias de la v\u00edctima, logrando\u2026","rel":"","context":"En \u00abMILITARES\u00bb","block_context":{"text":"MILITARES","link":"https:\/\/lasprimeras.com.do\/index.php\/category\/militares\/"},"img":{"alt_text":"","src":"https:\/\/i0.wp.com\/lasprimeras.com.do\/wp-content\/uploads\/2025\/02\/mujer.jpg?resize=350%2C200&ssl=1","width":350,"height":200},"classes":[]},{"id":84449,"url":"https:\/\/lasprimeras.com.do\/index.php\/2024\/06\/08\/apresa-en-bonao-a-una-mujer-por-quemar-a-su-esposo-en-los-rios\/","url_meta":{"origin":55436,"position":4},"title":"Apresa en Bonao a una mujer por quemar a su esposo en Los R\u00edos","author":"Nelson Feliz","date":"8 de junio de 2024","format":false,"excerpt":"Agentes de la Polic\u00eda Nacional adscritos a la Direcci\u00f3n Regional Cibao Sur, con sede en Bonao, provincia Monse\u00f1or Nouel, capturaron a una mujer quien era buscada por ocasionar quemaduras a su esposo, en un hecho ocurrido en el sector Los R\u00edos, del Distrito Nacional. Se trata de Marielis Franchesca Guzm\u00e1n,\u2026","rel":"","context":"En \u00abMILITARES\u00bb","block_context":{"text":"MILITARES","link":"https:\/\/lasprimeras.com.do\/index.php\/category\/militares\/"},"img":{"alt_text":"","src":"https:\/\/i0.wp.com\/lasprimeras.com.do\/wp-content\/uploads\/2024\/06\/guagua.jpg?resize=350%2C200&ssl=1","width":350,"height":200,"srcset":"https:\/\/i0.wp.com\/lasprimeras.com.do\/wp-content\/uploads\/2024\/06\/guagua.jpg?resize=350%2C200&ssl=1 1x, https:\/\/i0.wp.com\/lasprimeras.com.do\/wp-content\/uploads\/2024\/06\/guagua.jpg?resize=525%2C300&ssl=1 1.5x, https:\/\/i0.wp.com\/lasprimeras.com.do\/wp-content\/uploads\/2024\/06\/guagua.jpg?resize=700%2C400&ssl=1 2x"},"classes":[]},{"id":58120,"url":"https:\/\/lasprimeras.com.do\/index.php\/2023\/08\/20\/capturan-tres-hombres-por-robo-y-estafa-en-el-distrito-nacional-y-bani\/","url_meta":{"origin":55436,"position":5},"title":"Capturan tres hombres por robo y estafa en el Distrito Nacional y Bani","author":"Nelson Feliz","date":"20 de agosto de 2023","format":false,"excerpt":"Agentes policiales, adscritos a la Direcci\u00f3n Central de Investigaci\u00f3n (DICRIM), apresaron en el sector 27 de Febrero, del Distrito Nacional, a dos hombres implicados en el robo mediante rotura en una banca de loter\u00eda, de donde sustrajeron la suma de 22,443 pesos en efectivo. Los detenidos son Rafi Joan de\u2026","rel":"","context":"En \u00abMILITARES\u00bb","block_context":{"text":"MILITARES","link":"https:\/\/lasprimeras.com.do\/index.php\/category\/militares\/"},"img":{"alt_text":"preso-celda","src":"https:\/\/i0.wp.com\/lasprimeras.com.do\/wp-content\/uploads\/2023\/06\/preso-celda.jpg?resize=350%2C200&ssl=1","width":350,"height":200,"srcset":"https:\/\/i0.wp.com\/lasprimeras.com.do\/wp-content\/uploads\/2023\/06\/preso-celda.jpg?resize=350%2C200&ssl=1 1x, https:\/\/i0.wp.com\/lasprimeras.com.do\/wp-content\/uploads\/2023\/06\/preso-celda.jpg?resize=525%2C300&ssl=1 1.5x, https:\/\/i0.wp.com\/lasprimeras.com.do\/wp-content\/uploads\/2023\/06\/preso-celda.jpg?resize=700%2C400&ssl=1 2x"},"classes":[]}],"jetpack_sharing_enabled":true,"_links":{"self":[{"href":"https:\/\/lasprimeras.com.do\/index.php\/wp-json\/wp\/v2\/posts\/55436","targetHints":{"allow":["GET"]}}],"collection":[{"href":"https:\/\/lasprimeras.com.do\/index.php\/wp-json\/wp\/v2\/posts"}],"about":[{"href":"https:\/\/lasprimeras.com.do\/index.php\/wp-json\/wp\/v2\/types\/post"}],"author":[{"embeddable":true,"href":"https:\/\/lasprimeras.com.do\/index.php\/wp-json\/wp\/v2\/users\/2"}],"replies":[{"embeddable":true,"href":"https:\/\/lasprimeras.com.do\/index.php\/wp-json\/wp\/v2\/comments?post=55436"}],"version-history":[{"count":1,"href":"https:\/\/lasprimeras.com.do\/index.php\/wp-json\/wp\/v2\/posts\/55436\/revisions"}],"predecessor-version":[{"id":55438,"href":"https:\/\/lasprimeras.com.do\/index.php\/wp-json\/wp\/v2\/posts\/55436\/revisions\/55438"}],"wp:featuredmedia":[{"embeddable":true,"href":"https:\/\/lasprimeras.com.do\/index.php\/wp-json\/wp\/v2\/media\/55437"}],"wp:attachment":[{"href":"https:\/\/lasprimeras.com.do\/index.php\/wp-json\/wp\/v2\/media?parent=55436"}],"wp:term":[{"taxonomy":"category","embeddable":true,"href":"https:\/\/lasprimeras.com.do\/index.php\/wp-json\/wp\/v2\/categories?post=55436"},{"taxonomy":"post_tag","embeddable":true,"href":"https:\/\/lasprimeras.com.do\/index.php\/wp-json\/wp\/v2\/tags?post=55436"}],"curies":[{"name":"wp","href":"https:\/\/api.w.org\/{rel}","templated":true}]}}