{"id":55440,"date":"2023-07-21T08:56:27","date_gmt":"2023-07-21T12:56:27","guid":{"rendered":"https:\/\/lasprimeras.com.do\/?p=55440"},"modified":"2023-07-21T08:56:29","modified_gmt":"2023-07-21T12:56:29","slug":"tasa-de-homicidios-baja-a-8-4-por-cada-100-mil-habitantes","status":"publish","type":"post","link":"https:\/\/lasprimeras.com.do\/index.php\/2023\/07\/21\/tasa-de-homicidios-baja-a-8-4-por-cada-100-mil-habitantes\/","title":{"rendered":"Tasa de homicidios baja a 8.4 por cada 100 mil habitantes"},"content":{"rendered":"\n<p>La tasa acumulada del a\u00f1o se sit\u00faa en 11.7.<\/p>\n\n\n\n<p>Por Mart\u00edn Restituyo<\/p>\n\n\n\n<p>Las medidas preventivas conjuntas, implementadas por la Polic\u00eda Nacional, Fuerzas Armadas, Direcci\u00f3n Nacional de Control de Drogas (DNCD) y Ministerio P\u00fablico, han reducido la tasa de homicidios por cada 100 mil habitantes en el pa\u00eds.<\/p>\n\n\n\n<p>Las autoridades castrenses dijeron que ha evidenciado al analizar las primeras dos semanas de julio del presente a\u00f1o, de continuar la misma tendencia representar\u00eda el mes de menor hechos violentos de los evaluados hasta la fecha.<\/p>\n\n\n\n<p>Los datos recopilados, indican que en el citado periodo la tasa de homicidios se situ\u00f3 en 8.4 y de manera general (todo el a\u00f1o 2023) en 11.7, lo cual refleja que los casos de muertes violentas presentan una clara tendencia a la baja.<\/p>\n\n\n\n<p>Del total de homicidios analizados el 49% de los casos corresponden a conflictos sociales, el 33% a la delincuencia y un 18% se encuentra bajo investigaci\u00f3n.<\/p>\n\n\n\n<p>Las estad\u00edsticas reflejan, adem\u00e1s, que en los casos de heridos por conflicto social y delincuencia se registr\u00f3 una reducci\u00f3n de 5.4% al comparar la primera semana de julio con la segunda.<\/p>\n\n\n\n<p>Mientras que los robos presentan una reducci\u00f3n porcentual de 2.8% al comparar los casos de robos registrados en la primera semana (2,230) con la segunda (2,169).<\/p>\n","protected":false},"excerpt":{"rendered":"<p>La tasa acumulada del a\u00f1o se sit\u00faa en 11.7. Por Mart\u00edn Restituyo Las medidas preventivas conjuntas, implementadas por la Polic\u00eda Nacional, Fuerzas Armadas, Direcci\u00f3n Nacional de Control de Drogas (DNCD)&hellip;<\/p>\n","protected":false},"author":2,"featured_media":55441,"comment_status":"open","ping_status":"open","sticky":false,"template":"","format":"standard","meta":{"content-type":"","jetpack_post_was_ever_published":false,"_jetpack_newsletter_access":"","_jetpack_dont_email_post_to_subs":false,"_jetpack_newsletter_tier_id":0,"_jetpack_memberships_contains_paywalled_content":false,"_jetpack_memberships_contains_paid_content":false,"footnotes":""},"categories":[3057],"tags":[5098,3482,4286,2856],"class_list":["post-55440","post","type-post","status-publish","format-standard","has-post-thumbnail","hentry","category-militares","tag-baja","tag-habitantes","tag-homicidios","tag-tasa"],"jetpack_featured_media_url":"https:\/\/lasprimeras.com.do\/wp-content\/uploads\/2023\/07\/MUERTE.jpg","jetpack-related-posts":[{"id":61389,"url":"https:\/\/lasprimeras.com.do\/index.php\/2023\/09\/26\/gobierno-asegura-tasa-de-homicidios-muestra-disminucion-se-situa-en-un-12-por-cada-100-mil-habitantes\/","url_meta":{"origin":55440,"position":0},"title":"Gobierno asegura tasa de homicidios muestra disminuci\u00f3n; se sit\u00faa en un 12% por cada 100 mil habitantes","author":"Nelson Feliz","date":"26 de septiembre de 2023","format":false,"excerpt":"Director general de la PN asegura tr\u00e1nsito estar\u00e1 garantizado durante llamado huelga en SFM. Por Mart\u00edn Restituyo El ministro de la Presidencia, Joel Santos Echavarr\u00eda, asegur\u00f3 que la tasa de homicidios por 100,000 habitantes se sit\u00faa actualmente en un 12%, mostrando una significativa disminuci\u00f3n de un 1.7 % a la\u2026","rel":"","context":"En \u00abNACIONALES\u00bb","block_context":{"text":"NACIONALES","link":"https:\/\/lasprimeras.com.do\/index.php\/category\/nacionales\/"},"img":{"alt_text":"Joel Santos","src":"https:\/\/i0.wp.com\/lasprimeras.com.do\/wp-content\/uploads\/2023\/09\/Joel-Santos-PN.jpg?resize=350%2C200&ssl=1","width":350,"height":200,"srcset":"https:\/\/i0.wp.com\/lasprimeras.com.do\/wp-content\/uploads\/2023\/09\/Joel-Santos-PN.jpg?resize=350%2C200&ssl=1 1x, https:\/\/i0.wp.com\/lasprimeras.com.do\/wp-content\/uploads\/2023\/09\/Joel-Santos-PN.jpg?resize=525%2C300&ssl=1 1.5x, https:\/\/i0.wp.com\/lasprimeras.com.do\/wp-content\/uploads\/2023\/09\/Joel-Santos-PN.jpg?resize=700%2C400&ssl=1 2x"},"classes":[]},{"id":78236,"url":"https:\/\/lasprimeras.com.do\/index.php\/2024\/02\/29\/vicepresidenta-informa-reduccion-de-tasa-de-homicidios-en-cinco-provincias\/","url_meta":{"origin":55440,"position":1},"title":"Vicepresidenta informa reducci\u00f3n de tasa de homicidios en cinco provincias","author":"BIMARY DE JES\u00daS Matos","date":"29 de febrero de 2024","format":false,"excerpt":"Santo Domingo.-La vicepresidenta Raquel Pe\u00f1a encabez\u00f3 la octava reuni\u00f3n de los organismos de seguridad en la Polic\u00eda Nacional para coordinar el plan de seguridad ciudadana del Gobierno.\u00a0 El \u00fanico dato que la vicemandataria quiso compartir al terminar este encuentro fue el relativo a la tasa de homicidios en cinco provincias.\u2026","rel":"","context":"En \u00abPORTADA\u00bb","block_context":{"text":"PORTADA","link":"https:\/\/lasprimeras.com.do\/index.php\/category\/portada\/"},"img":{"alt_text":"","src":"https:\/\/i0.wp.com\/lasprimeras.com.do\/wp-content\/uploads\/2024\/02\/whatsapp-image-2023-08-07-at-120035-pm-1-ba6e96a2-focus-0-0-375-240.jpg?resize=350%2C200&ssl=1","width":350,"height":200},"classes":[]},{"id":95416,"url":"https:\/\/lasprimeras.com.do\/index.php\/2025\/03\/13\/fuerza-de-tarea-conjunta-reporta-reduccion-en-la-tasa-de-homicidios-en-su-85-o-informe-semanal\/","url_meta":{"origin":55440,"position":2},"title":"Fuerza de Tarea Conjunta reporta reducci\u00f3n en la tasa de homicidios en su 85.\u00ba informe semanal","author":"Nelson Feliz","date":"13 de marzo de 2025","format":false,"excerpt":"La Polic\u00eda Nacional, a trav\u00e9s de la Fuerza de Tarea Conjunta, present\u00f3 su 85.\u00ba informe semanal de estad\u00edstica delictiva, correspondiente a los primeros siete d\u00edas de marzo de 2025, destacando la reducci\u00f3n sostenida en la tasa de homicidios por cada 100,000 habitantes. Seg\u00fan los datos analizados, la tasa acumulada de\u2026","rel":"","context":"En \u00abMILITARES\u00bb","block_context":{"text":"MILITARES","link":"https:\/\/lasprimeras.com.do\/index.php\/category\/militares\/"},"img":{"alt_text":"","src":"https:\/\/i0.wp.com\/lasprimeras.com.do\/wp-content\/uploads\/2023\/08\/Policia.jpeg?resize=350%2C200&ssl=1","width":350,"height":200,"srcset":"https:\/\/i0.wp.com\/lasprimeras.com.do\/wp-content\/uploads\/2023\/08\/Policia.jpeg?resize=350%2C200&ssl=1 1x, https:\/\/i0.wp.com\/lasprimeras.com.do\/wp-content\/uploads\/2023\/08\/Policia.jpeg?resize=525%2C300&ssl=1 1.5x, https:\/\/i0.wp.com\/lasprimeras.com.do\/wp-content\/uploads\/2023\/08\/Policia.jpeg?resize=700%2C400&ssl=1 2x"},"classes":[]},{"id":84267,"url":"https:\/\/lasprimeras.com.do\/index.php\/2024\/06\/04\/tasa-de-homicidios-por-cada-100000-habitantes-logra-situarse-en-9-9\/","url_meta":{"origin":55440,"position":3},"title":"Tasa de homicidios por cada 100,000 habitantes logra situarse en 9.9","author":"Nelson Feliz","date":"4 de junio de 2024","format":false,"excerpt":"La informaci\u00f3n la dio a conocer por el ministro de la Presidencia, Joel Santos Echavarr\u00eda, quien dijo, adem\u00e1s, que se contempla la integraci\u00f3n de 20 mil agentes durante el pr\u00f3ximo cuatrienio de Gobierno. Por Martin Restituyo El ministro de la Presidencia, Joel Santos Echavarr\u00eda, anunci\u00f3 que la tasa de homicidios\u2026","rel":"","context":"En \u00abNACIONALES\u00bb","block_context":{"text":"NACIONALES","link":"https:\/\/lasprimeras.com.do\/index.php\/category\/nacionales\/"},"img":{"alt_text":"Tasa de homicidios","src":"https:\/\/i0.wp.com\/lasprimeras.com.do\/wp-content\/uploads\/2024\/06\/Tasa-de-homicidios-1.jpg?resize=350%2C200&ssl=1","width":350,"height":200,"srcset":"https:\/\/i0.wp.com\/lasprimeras.com.do\/wp-content\/uploads\/2024\/06\/Tasa-de-homicidios-1.jpg?resize=350%2C200&ssl=1 1x, https:\/\/i0.wp.com\/lasprimeras.com.do\/wp-content\/uploads\/2024\/06\/Tasa-de-homicidios-1.jpg?resize=525%2C300&ssl=1 1.5x"},"classes":[]},{"id":77601,"url":"https:\/\/lasprimeras.com.do\/index.php\/2024\/02\/22\/fuerza-de-tarea-conjunta-mantiene-reduccion-en-tasa-de-homicidios-en-el-pais\/","url_meta":{"origin":55440,"position":4},"title":"Fuerza de Tarea Conjunta mantiene reducci\u00f3n en tasa de homicidios en el pais","author":"Nelson Feliz","date":"22 de febrero de 2024","format":false,"excerpt":"Por Martin Restituyo La integraci\u00f3n de las Fuerzas Armadas, la Polic\u00eda Nacional, Direcci\u00f3n Nacional de Control de Drogas (DNCD), y la Procuradur\u00eda General de la Rep\u00fablica (PGR), logran mantener la tendencia a la baja en el a\u00f1o 2024, al registrar una tasa de homicidios por cada 100,000 habitantes acumulada de\u2026","rel":"","context":"En \u00abMILITARES\u00bb","block_context":{"text":"MILITARES","link":"https:\/\/lasprimeras.com.do\/index.php\/category\/militares\/"},"img":{"alt_text":"PN","src":"https:\/\/i0.wp.com\/lasprimeras.com.do\/wp-content\/uploads\/2024\/02\/pn-1.jpg?resize=350%2C200&ssl=1","width":350,"height":200,"srcset":"https:\/\/i0.wp.com\/lasprimeras.com.do\/wp-content\/uploads\/2024\/02\/pn-1.jpg?resize=350%2C200&ssl=1 1x, https:\/\/i0.wp.com\/lasprimeras.com.do\/wp-content\/uploads\/2024\/02\/pn-1.jpg?resize=525%2C300&ssl=1 1.5x, https:\/\/i0.wp.com\/lasprimeras.com.do\/wp-content\/uploads\/2024\/02\/pn-1.jpg?resize=700%2C400&ssl=1 2x"},"classes":[]},{"id":63037,"url":"https:\/\/lasprimeras.com.do\/index.php\/2023\/10\/09\/vicepresidenta-raquel-pena-informa-reduccion-de-tasa-de-homicidios-en-cinco-provincias\/","url_meta":{"origin":55440,"position":5},"title":"Vicepresidenta Raquel Pe\u00f1a informa reducci\u00f3n de tasa de homicidios en cinco provincias","author":"Nelson Feliz","date":"9 de octubre de 2023","format":false,"excerpt":"Por Martin Restituyo La vicepresidenta Raquel Pe\u00f1a encabez\u00f3 la octava reuni\u00f3n de los organismos de seguridad en la Polic\u00eda Nacional para coordinar el plan de seguridad ciudadana del Gobierno. El \u00fanico dato que la vicemandataria quiso compartir al terminar este encuentro fue el relativo a la tasa de homicidios en\u2026","rel":"","context":"En \u00abMILITARES\u00bb","block_context":{"text":"MILITARES","link":"https:\/\/lasprimeras.com.do\/index.php\/category\/militares\/"},"img":{"alt_text":"Raquel Pe\u00f1a","src":"https:\/\/i0.wp.com\/lasprimeras.com.do\/wp-content\/uploads\/2023\/10\/Raquel-Pena-5.jpg?resize=350%2C200&ssl=1","width":350,"height":200,"srcset":"https:\/\/i0.wp.com\/lasprimeras.com.do\/wp-content\/uploads\/2023\/10\/Raquel-Pena-5.jpg?resize=350%2C200&ssl=1 1x, https:\/\/i0.wp.com\/lasprimeras.com.do\/wp-content\/uploads\/2023\/10\/Raquel-Pena-5.jpg?resize=525%2C300&ssl=1 1.5x"},"classes":[]}],"jetpack_sharing_enabled":true,"_links":{"self":[{"href":"https:\/\/lasprimeras.com.do\/index.php\/wp-json\/wp\/v2\/posts\/55440","targetHints":{"allow":["GET"]}}],"collection":[{"href":"https:\/\/lasprimeras.com.do\/index.php\/wp-json\/wp\/v2\/posts"}],"about":[{"href":"https:\/\/lasprimeras.com.do\/index.php\/wp-json\/wp\/v2\/types\/post"}],"author":[{"embeddable":true,"href":"https:\/\/lasprimeras.com.do\/index.php\/wp-json\/wp\/v2\/users\/2"}],"replies":[{"embeddable":true,"href":"https:\/\/lasprimeras.com.do\/index.php\/wp-json\/wp\/v2\/comments?post=55440"}],"version-history":[{"count":1,"href":"https:\/\/lasprimeras.com.do\/index.php\/wp-json\/wp\/v2\/posts\/55440\/revisions"}],"predecessor-version":[{"id":55442,"href":"https:\/\/lasprimeras.com.do\/index.php\/wp-json\/wp\/v2\/posts\/55440\/revisions\/55442"}],"wp:featuredmedia":[{"embeddable":true,"href":"https:\/\/lasprimeras.com.do\/index.php\/wp-json\/wp\/v2\/media\/55441"}],"wp:attachment":[{"href":"https:\/\/lasprimeras.com.do\/index.php\/wp-json\/wp\/v2\/media?parent=55440"}],"wp:term":[{"taxonomy":"category","embeddable":true,"href":"https:\/\/lasprimeras.com.do\/index.php\/wp-json\/wp\/v2\/categories?post=55440"},{"taxonomy":"post_tag","embeddable":true,"href":"https:\/\/lasprimeras.com.do\/index.php\/wp-json\/wp\/v2\/tags?post=55440"}],"curies":[{"name":"wp","href":"https:\/\/api.w.org\/{rel}","templated":true}]}}