{"id":55446,"date":"2023-07-21T10:30:48","date_gmt":"2023-07-21T14:30:48","guid":{"rendered":"https:\/\/lasprimeras.com.do\/?p=55446"},"modified":"2023-07-21T10:30:50","modified_gmt":"2023-07-21T14:30:50","slug":"muere-el-cantante-tony-bennett-a-los-96-anos","status":"publish","type":"post","link":"https:\/\/lasprimeras.com.do\/index.php\/2023\/07\/21\/muere-el-cantante-tony-bennett-a-los-96-anos\/","title":{"rendered":"Muere el cantante Tony Bennett a los 96 a\u00f1os"},"content":{"rendered":"\n<p>El legendario cantante, Tony Bennett, ha fallecido este viernes en Nueva York. El artista, ganador de 18 premios Grammy, ten\u00eda 96 a\u00f1os y fue diagnosticado con la enfermedad de Alzheimer en 2016, pero sigui\u00f3 actuando y grabando hasta 2021.<\/p>\n\n\n\n<p>Su coet\u00e1neo Frank Sinatra lo calific\u00f3 como el mejor cantante popular del mundo, seg\u00fan recuerda Variety.<\/p>\n\n\n\n<p>Sus grabaciones -la mayor\u00eda para Columbia Records, que le fich\u00f3 en 1950- se caracterizaban por su efervescencia, inmensa calidez, claridad vocal y apertura emocional.<\/p>\n\n\n\n<p>Int\u00e9rprete dotado y t\u00e9cnicamente consumado del Gran Cancionero Americano, su tema m\u00e1s emblem\u00e1tico es el \u00e9xito de 1962 &#8216;I Left My Heart in San Francisco&#8217;.<\/p>\n\n\n\n<p>Ganador de 18 premios Grammy (con un total de 36 nominaciones) y galardonado con el Recording Academy Lifetime Achievement Award en 2001,Bennett tambi\u00e9n obtuvo dos premios Emmy.<\/p>\n\n\n\n<p>Fue galardonado con el Kennedy Center en 2005 y con el National Endowment for the Arts Jazz Master en 2006.<\/p>\n\n\n\n<p>Activo como artista discogr\u00e1fico desde 1949, Bennett fue considerado como uno de los mejores int\u00e9rpretes pop de los a\u00f1os 50 y principios de los 60, donde alcanz\u00f3 la cima de su carrera.<\/p>\n\n\n\n<p>Bennett vivi\u00f3 un resurgir como estrella a partir de los a\u00f1os 90, bajo la direcci\u00f3n de su hijo Danny.<\/p>\n\n\n\n<p>En los \u00faltimos a\u00f1os, hizo un memorable d\u00fao con Amy Winehouse en el tema &#8216;Body and Soul&#8217;, y public\u00f3 un \u00e1lbum completo de duetos con Diana Krall y un par de grabaciones con Lady Gaga.<\/p>\n\n\n\n<p>Su \u00faltima aparici\u00f3n p\u00fablica tuvo lugar precisamente junto a Lady Gaga en el Radio City Music Hall en agosto de 2021, dos meses antes de su \u00faltimo lanzamiento como d\u00fao &#8216;Love For Sale&#8217;, la secuela de su colaboraci\u00f3n &#8216;Cheek to Cheek&#8217; de 2014, que fue n\u00famero uno en las listas de \u00e9xitos.<\/p>\n\n\n\n<p>Fuente Europa Press<\/p>\n","protected":false},"excerpt":{"rendered":"<p>El legendario cantante, Tony Bennett, ha fallecido este viernes en Nueva York. El artista, ganador de 18 premios Grammy, ten\u00eda 96 a\u00f1os y fue diagnosticado con la enfermedad de Alzheimer&hellip;<\/p>\n","protected":false},"author":2,"featured_media":55447,"comment_status":"open","ping_status":"open","sticky":false,"template":"","format":"standard","meta":{"content-type":"","jetpack_post_was_ever_published":false,"_jetpack_newsletter_access":"","_jetpack_dont_email_post_to_subs":false,"_jetpack_newsletter_tier_id":0,"_jetpack_memberships_contains_paywalled_content":false,"_jetpack_memberships_contains_paid_content":false,"footnotes":""},"categories":[84],"tags":[2111,650,5100],"class_list":["post-55446","post","type-post","status-publish","format-standard","has-post-thumbnail","hentry","category-entretenimiento","tag-cantante","tag-muere","tag-tony-bennett"],"jetpack_featured_media_url":"https:\/\/lasprimeras.com.do\/wp-content\/uploads\/2023\/07\/Tony-Bennett.jpg","jetpack-related-posts":[{"id":100517,"url":"https:\/\/lasprimeras.com.do\/index.php\/2025\/06\/08\/llegan-los-premios-tony-con-duelos-intrigantes-en-una-temporada-llena-de-estrellas\/","url_meta":{"origin":55446,"position":0},"title":"Llegan los premios Tony con duelos intrigantes en una temporada llena de estrellas","author":"Nelson Feliz","date":"8 de junio de 2025","format":false,"excerpt":"NUEVA YORK (AP) \u2014 Un par de androides cantantes. Dos obras ganadoras del Premio Pulitzer. Una Mary Todd Lincoln borracha. Un musical con un cad\u00e1ver como su h\u00e9roe. Romeo, Julieta y ositos de peluche con m\u00fasica rave. Sin mencionar a George Clooney. Broadway ha tenido una temporada llena de variedad,\u2026","rel":"","context":"En \u00abENTRETENIMIENTO\u00bb","block_context":{"text":"ENTRETENIMIENTO","link":"https:\/\/lasprimeras.com.do\/index.php\/category\/entretenimiento\/"},"img":{"alt_text":"","src":"https:\/\/i0.wp.com\/lasprimeras.com.do\/wp-content\/uploads\/2025\/06\/PREMIOS-TONY.jpg?resize=350%2C200&ssl=1","width":350,"height":200,"srcset":"https:\/\/i0.wp.com\/lasprimeras.com.do\/wp-content\/uploads\/2025\/06\/PREMIOS-TONY.jpg?resize=350%2C200&ssl=1 1x, https:\/\/i0.wp.com\/lasprimeras.com.do\/wp-content\/uploads\/2025\/06\/PREMIOS-TONY.jpg?resize=525%2C300&ssl=1 1.5x, https:\/\/i0.wp.com\/lasprimeras.com.do\/wp-content\/uploads\/2025\/06\/PREMIOS-TONY.jpg?resize=700%2C400&ssl=1 2x"},"classes":[]},{"id":67149,"url":"https:\/\/lasprimeras.com.do\/index.php\/2023\/11\/13\/los-latin-grammy-celebran-en-sevilla-la-excelencia-musical-de-los-creadores-latinos\/","url_meta":{"origin":55446,"position":1},"title":"Los Latin Grammy celebran en Sevilla la &#8220;excelencia&#8221; musical de los creadores latinos","author":"BIMARY DE JES\u00daS Matos","date":"13 de noviembre de 2023","format":false,"excerpt":"Santo Domingo.-Los Latin Grammy 2023 celebraron este domingo la \u00abexcelencia\u00bb musical de los creadores latinos con la entrega del Premio a la Excelencia Musical a las cantantes espa\u00f1olas Carmen Linares y Ana Torroja, el mexicano Mijares, la brasile\u00f1a Simone, el trompetista cubano Arturo Sandoval y la banda de rock argentina\u2026","rel":"","context":"En \u00abENTRETENIMIENTO\u00bb","block_context":{"text":"ENTRETENIMIENTO","link":"https:\/\/lasprimeras.com.do\/index.php\/category\/entretenimiento\/"},"img":{"alt_text":"","src":"https:\/\/i0.wp.com\/lasprimeras.com.do\/wp-content\/uploads\/2023\/11\/valentin-19.jpg?resize=350%2C200&ssl=1","width":350,"height":200,"srcset":"https:\/\/i0.wp.com\/lasprimeras.com.do\/wp-content\/uploads\/2023\/11\/valentin-19.jpg?resize=350%2C200&ssl=1 1x, https:\/\/i0.wp.com\/lasprimeras.com.do\/wp-content\/uploads\/2023\/11\/valentin-19.jpg?resize=525%2C300&ssl=1 1.5x"},"classes":[]},{"id":75803,"url":"https:\/\/lasprimeras.com.do\/index.php\/2024\/02\/05\/ruben-blades-premiado-a-mejor-album-tropical-en-los-grammy\/","url_meta":{"origin":55446,"position":2},"title":"Rub\u00e9n Blades premiado a mejor \u00e1lbum tropical en los Grammy","author":"BIMARY DE JES\u00daS Matos","date":"5 de febrero de 2024","format":false,"excerpt":"Las Vegas.-El cantautor paname\u00f1o Rub\u00e9n Blades fue reconocido con el Grammy en la categor\u00eda de mejor \u00e1lbum tropical gracias a su trabajo 'Siembra: 45\u00ba Aniversario (En Vivo en el Coliseo de Puerto Rico, 14 de Mayo 2022)', anunci\u00f3 este domingo la Academia de la Grabaci\u00f3n de EE.UU. El astro de\u2026","rel":"","context":"En \u00abENTRETENIMIENTO\u00bb","block_context":{"text":"ENTRETENIMIENTO","link":"https:\/\/lasprimeras.com.do\/index.php\/category\/entretenimiento\/"},"img":{"alt_text":"","src":"https:\/\/i0.wp.com\/lasprimeras.com.do\/wp-content\/uploads\/2024\/02\/CANDIDATO-A-REGIDOR-Justicia-Social-JOSUE-MENDEZ-APOYARA-A-DIO-ASTACIO-DEL-PRM-14.webp?resize=350%2C200&ssl=1","width":350,"height":200,"srcset":"https:\/\/i0.wp.com\/lasprimeras.com.do\/wp-content\/uploads\/2024\/02\/CANDIDATO-A-REGIDOR-Justicia-Social-JOSUE-MENDEZ-APOYARA-A-DIO-ASTACIO-DEL-PRM-14.webp?resize=350%2C200&ssl=1 1x, https:\/\/i0.wp.com\/lasprimeras.com.do\/wp-content\/uploads\/2024\/02\/CANDIDATO-A-REGIDOR-Justicia-Social-JOSUE-MENDEZ-APOYARA-A-DIO-ASTACIO-DEL-PRM-14.webp?resize=525%2C300&ssl=1 1.5x, https:\/\/i0.wp.com\/lasprimeras.com.do\/wp-content\/uploads\/2024\/02\/CANDIDATO-A-REGIDOR-Justicia-Social-JOSUE-MENDEZ-APOYARA-A-DIO-ASTACIO-DEL-PRM-14.webp?resize=700%2C400&ssl=1 2x, https:\/\/i0.wp.com\/lasprimeras.com.do\/wp-content\/uploads\/2024\/02\/CANDIDATO-A-REGIDOR-Justicia-Social-JOSUE-MENDEZ-APOYARA-A-DIO-ASTACIO-DEL-PRM-14.webp?resize=1050%2C600&ssl=1 3x"},"classes":[]},{"id":55934,"url":"https:\/\/lasprimeras.com.do\/index.php\/2023\/07\/26\/muere-la-cantante-irlandesa-sinead-oconnor-a-los-56-anos\/","url_meta":{"origin":55446,"position":3},"title":"Muere la cantante irlandesa Sinead O&#8217;Connor a los 56 a\u00f1os","author":"Nelson Feliz","date":"26 de julio de 2023","format":false,"excerpt":"LONDRES,(Reuters) -La cantante irlandesa Sinead O'Connor, conocida por encabezar las listas de \u00e9xitos de todo el mundo con la canci\u00f3n de 1990 \"Nothing Compares 2 U\", falleci\u00f3 a los 56 a\u00f1os, informaron el mi\u00e9rcoles el Irish Times y la cadena nacional RTE. O'Connor irrumpi\u00f3 en la escena musical mundial con\u2026","rel":"","context":"En \u00abENTRETENIMIENTO\u00bb","block_context":{"text":"ENTRETENIMIENTO","link":"https:\/\/lasprimeras.com.do\/index.php\/category\/entretenimiento\/"},"img":{"alt_text":"Sinead O'Connor","src":"https:\/\/i0.wp.com\/lasprimeras.com.do\/wp-content\/uploads\/2023\/07\/Sinead-OConnor.jpg?resize=350%2C200&ssl=1","width":350,"height":200,"srcset":"https:\/\/i0.wp.com\/lasprimeras.com.do\/wp-content\/uploads\/2023\/07\/Sinead-OConnor.jpg?resize=350%2C200&ssl=1 1x, https:\/\/i0.wp.com\/lasprimeras.com.do\/wp-content\/uploads\/2023\/07\/Sinead-OConnor.jpg?resize=525%2C300&ssl=1 1.5x"},"classes":[]},{"id":75799,"url":"https:\/\/lasprimeras.com.do\/index.php\/2024\/02\/05\/peso-pluma-recibe-primer-grammy-a-mejor-album-de-musica-mexicana\/","url_meta":{"origin":55446,"position":4},"title":"Peso Pluma recibe primer Grammy a mejor \u00e1lbum de m\u00fasica mexicana","author":"BIMARY DE JES\u00daS Matos","date":"5 de febrero de 2024","format":false,"excerpt":"Los \u00c1ngeles.- El cantante de corridos tumbados Peso Pluma recibi\u00f3 este domingo su primer Grammy a mejor \u00e1lbum de m\u00fasica mexicana (incluyendo tejano) por su disco \u2018G\u00e9nesis\u2019. El corrido tumbado tiene desde este domingo un lugar en el olimpo de la m\u00fasica. Peso Pluma ha ganado su primer Premio Grammy\u2026","rel":"","context":"En \u00abENTRETENIMIENTO\u00bb","block_context":{"text":"ENTRETENIMIENTO","link":"https:\/\/lasprimeras.com.do\/index.php\/category\/entretenimiento\/"},"img":{"alt_text":"","src":"https:\/\/i0.wp.com\/lasprimeras.com.do\/wp-content\/uploads\/2024\/02\/CANDIDATO-A-REGIDOR-Justicia-Social-JOSUE-MENDEZ-APOYARA-A-DIO-ASTACIO-DEL-PRM-13.webp?resize=350%2C200&ssl=1","width":350,"height":200,"srcset":"https:\/\/i0.wp.com\/lasprimeras.com.do\/wp-content\/uploads\/2024\/02\/CANDIDATO-A-REGIDOR-Justicia-Social-JOSUE-MENDEZ-APOYARA-A-DIO-ASTACIO-DEL-PRM-13.webp?resize=350%2C200&ssl=1 1x, https:\/\/i0.wp.com\/lasprimeras.com.do\/wp-content\/uploads\/2024\/02\/CANDIDATO-A-REGIDOR-Justicia-Social-JOSUE-MENDEZ-APOYARA-A-DIO-ASTACIO-DEL-PRM-13.webp?resize=525%2C300&ssl=1 1.5x"},"classes":[]},{"id":78527,"url":"https:\/\/lasprimeras.com.do\/index.php\/2024\/03\/17\/celine-dion-reaparece-en-redes-sociales-con-una-apariencia-renovada\/","url_meta":{"origin":55446,"position":5},"title":"Celine Dion reaparece en redes sociales con una apariencia renovada","author":"Nelson Feliz","date":"17 de marzo de 2024","format":false,"excerpt":"Celine Dion fue diagnosticada con el s\u00edndrome de la persona r\u00edgida desde finales del a\u00f1o 2022. Por Miguel \u00c1ngel Escudero Celine Dion ha vuelto a alimentar las esperanzas de sus seguidores y fan\u00e1ticos con su m\u00e1s reciente aparici\u00f3n. Y es que luego de que en semanas anteriores la canadiense reapareciera\u2026","rel":"","context":"En \u00abENTRETENIMIENTO\u00bb","block_context":{"text":"ENTRETENIMIENTO","link":"https:\/\/lasprimeras.com.do\/index.php\/category\/entretenimiento\/"},"img":{"alt_text":"Celine Dion","src":"https:\/\/i0.wp.com\/lasprimeras.com.do\/wp-content\/uploads\/2024\/03\/Celine-Dion.jpg?resize=350%2C200&ssl=1","width":350,"height":200,"srcset":"https:\/\/i0.wp.com\/lasprimeras.com.do\/wp-content\/uploads\/2024\/03\/Celine-Dion.jpg?resize=350%2C200&ssl=1 1x, https:\/\/i0.wp.com\/lasprimeras.com.do\/wp-content\/uploads\/2024\/03\/Celine-Dion.jpg?resize=525%2C300&ssl=1 1.5x, https:\/\/i0.wp.com\/lasprimeras.com.do\/wp-content\/uploads\/2024\/03\/Celine-Dion.jpg?resize=700%2C400&ssl=1 2x"},"classes":[]}],"jetpack_sharing_enabled":true,"_links":{"self":[{"href":"https:\/\/lasprimeras.com.do\/index.php\/wp-json\/wp\/v2\/posts\/55446","targetHints":{"allow":["GET"]}}],"collection":[{"href":"https:\/\/lasprimeras.com.do\/index.php\/wp-json\/wp\/v2\/posts"}],"about":[{"href":"https:\/\/lasprimeras.com.do\/index.php\/wp-json\/wp\/v2\/types\/post"}],"author":[{"embeddable":true,"href":"https:\/\/lasprimeras.com.do\/index.php\/wp-json\/wp\/v2\/users\/2"}],"replies":[{"embeddable":true,"href":"https:\/\/lasprimeras.com.do\/index.php\/wp-json\/wp\/v2\/comments?post=55446"}],"version-history":[{"count":1,"href":"https:\/\/lasprimeras.com.do\/index.php\/wp-json\/wp\/v2\/posts\/55446\/revisions"}],"predecessor-version":[{"id":55448,"href":"https:\/\/lasprimeras.com.do\/index.php\/wp-json\/wp\/v2\/posts\/55446\/revisions\/55448"}],"wp:featuredmedia":[{"embeddable":true,"href":"https:\/\/lasprimeras.com.do\/index.php\/wp-json\/wp\/v2\/media\/55447"}],"wp:attachment":[{"href":"https:\/\/lasprimeras.com.do\/index.php\/wp-json\/wp\/v2\/media?parent=55446"}],"wp:term":[{"taxonomy":"category","embeddable":true,"href":"https:\/\/lasprimeras.com.do\/index.php\/wp-json\/wp\/v2\/categories?post=55446"},{"taxonomy":"post_tag","embeddable":true,"href":"https:\/\/lasprimeras.com.do\/index.php\/wp-json\/wp\/v2\/tags?post=55446"}],"curies":[{"name":"wp","href":"https:\/\/api.w.org\/{rel}","templated":true}]}}