{"id":55455,"date":"2023-07-21T11:58:46","date_gmt":"2023-07-21T15:58:46","guid":{"rendered":"https:\/\/lasprimeras.com.do\/?p=55455"},"modified":"2023-07-21T11:58:48","modified_gmt":"2023-07-21T15:58:48","slug":"digesett-anuncia-operativo-medico-civico-social-en-el-seibo","status":"publish","type":"post","link":"https:\/\/lasprimeras.com.do\/index.php\/2023\/07\/21\/digesett-anuncia-operativo-medico-civico-social-en-el-seibo\/","title":{"rendered":"DIGESETT anuncia operativo m\u00e9dico c\u00edvico social en El Seibo"},"content":{"rendered":"\n<p><strong>Se har\u00e1n chequeos m\u00e9dicos y se regalar\u00e1n medicamentos a los moradores de las comunidades vecinas que acudan al lugar y se les hagan las prescripciones m\u00e9dicas<\/strong>.<\/p>\n\n\n\n<p>Por Martin Restituyo<\/p>\n\n\n\n<p>La Direcci\u00f3n General de Seguridad de Tr\u00e1nsito y Transporte Terrestre (DIGESETT) llevar\u00e1 a cabo este s\u00e1bado 22 de julio un operativo m\u00e9dico y diversas actividades en la comunidad de La Lechuga, ubicada en la provincia de El Seibo, con el objetivo de continuar acercando la instituci\u00f3n a la comunidad, brindando apoyo y ayuda a los necesitados.<\/p>\n\n\n\n<p>Desde las ocho de la ma\u00f1ana, se realizar\u00e1n diversas consultas m\u00e9dicas, que incluyen medicina general, cardiolog\u00eda, psicolog\u00eda, pediatr\u00eda, ginecolog\u00eda y odontolog\u00eda. Cada persona que sea atendida por el equipo m\u00e9dico de la DIGESETT y el Sistema Nacional de Salud-SNS recibir\u00e1 los medicamentos correspondientes de acuerdo a su diagn\u00f3stico m\u00e9dico.<\/p>\n\n\n\n<p>Adem\u00e1s de los servicios m\u00e9dicos, se entregar\u00e1n raciones alimenticias tanto cocidas como crudas a todas las comunidades cercanas a La Lechuga. Para alegrar a los m\u00e1s peque\u00f1os, habr\u00e1 actividades de entretenimiento como animaci\u00f3n de payasos, entrega de palomitas de ma\u00edz, algod\u00f3n de az\u00facar, pintura de caritas, entrega de materiales did\u00e1cticos, juegos educativos, rompecabezas, l\u00e1pices de colores y libretas.<\/p>\n\n\n\n<p>Durante este evento, tambi\u00e9n se llevar\u00e1n a cabo charlas sobre el proceso de obtenci\u00f3n de la primera licencia de conducir, dirigidas especialmente a adolescentes, as\u00ed como educaci\u00f3n vial para ni\u00f1os. Estas actividades ser\u00e1n lideradas por el director de la DIGESETT, el general Ram\u00f3n Antonio Guzm\u00e1n Peralta, PN., quien expres\u00f3 que estas acciones forman parte de los planes de la entidad de realizar actividades c\u00edvicas en las comunidades.<\/p>\n\n\n\n<p>Con este enfoque humanitario y de apoyo a la comunidad, la DIGESETT busca fomentar la salud, el bienestar y la educaci\u00f3n vial, brindando servicios m\u00e9dicos y actividades recreativas a las personas que residen en las cercan\u00edas del Batey Lechuga, en El Seibo.<\/p>\n","protected":false},"excerpt":{"rendered":"<p>Se har\u00e1n chequeos m\u00e9dicos y se regalar\u00e1n medicamentos a los moradores de las comunidades vecinas que acudan al lugar y se les hagan las prescripciones m\u00e9dicas. Por Martin Restituyo La&hellip;<\/p>\n","protected":false},"author":2,"featured_media":55456,"comment_status":"open","ping_status":"open","sticky":false,"template":"","format":"standard","meta":{"content-type":"","jetpack_post_was_ever_published":false,"_jetpack_newsletter_access":"","_jetpack_dont_email_post_to_subs":false,"_jetpack_newsletter_tier_id":0,"_jetpack_memberships_contains_paywalled_content":false,"_jetpack_memberships_contains_paid_content":false,"footnotes":""},"categories":[1],"tags":[244],"class_list":["post-55455","post","type-post","status-publish","format-standard","has-post-thumbnail","hentry","category-sin-categoria","tag-digesett"],"jetpack_featured_media_url":"https:\/\/lasprimeras.com.do\/wp-content\/uploads\/2023\/07\/operativo-1.jpg","jetpack-related-posts":[{"id":48596,"url":"https:\/\/lasprimeras.com.do\/index.php\/2023\/05\/02\/director-de-la-digesett-gestiona-y-recibe-medicamentos-para-asistir-a-miembros-de-la-entidad\/","url_meta":{"origin":55455,"position":0},"title":"Director de la DIGESETT gestiona y recibe medicamentos para asistir a miembros de la entidad","author":"prenxa100","date":"2 de mayo de 2023","format":false,"excerpt":"Por Wilson P\u00e9rez SANTO DOMINGO.-. El Director de la Direcci\u00f3n General de Seguridad de Tr\u00e1nsito y Transporte Terrestre (DIGESETT), general Ram\u00f3n Antonio Guzm\u00e1n Peralta, P.N., gestion\u00f3 y logr\u00f3 la donaci\u00f3n de medicamentos e insumos de parte del Gabinete de Pol\u00edticas Sociales del Gobierno. Guzm\u00e1n Peralta explic\u00f3 que estos medicamentos e\u2026","rel":"","context":"En \u00abNACIONALES\u00bb","block_context":{"text":"NACIONALES","link":"https:\/\/lasprimeras.com.do\/index.php\/category\/nacionales\/"},"img":{"alt_text":"","src":"","width":0,"height":0},"classes":[]},{"id":92291,"url":"https:\/\/lasprimeras.com.do\/index.php\/2025\/01\/01\/cuatro-personas-heridas-al-deslizarse-vehiculo-en-la-carretera-el-seibo-hato-mayor\/","url_meta":{"origin":55455,"position":1},"title":"Cuatro personas heridas al deslizarse veh\u00edculo en la carretera El Seibo-Hato Mayor","author":"Nelson Feliz","date":"1 de enero de 2025","format":false,"excerpt":"Un beb\u00e9 de un mes entre los lesionados. Por Irentoni Vega@viphatomayor Al menos cuatro personas resultaron heridas, entre ellas un beb\u00e9 de un mes y 12 d\u00edas de nacido, tras deslizarse una yipeta en la altura del Km\/7 de la carretera El Seibo-Hato Mayor, pr\u00f3ximo al Club Gall\u00edstico. Los lesionados\u2026","rel":"","context":"En \u00abNACIONALES\u00bb","block_context":{"text":"NACIONALES","link":"https:\/\/lasprimeras.com.do\/index.php\/category\/nacionales\/"},"img":{"alt_text":"","src":"https:\/\/i0.wp.com\/lasprimeras.com.do\/wp-content\/uploads\/2025\/01\/dos.jpg?resize=350%2C200&ssl=1","width":350,"height":200,"srcset":"https:\/\/i0.wp.com\/lasprimeras.com.do\/wp-content\/uploads\/2025\/01\/dos.jpg?resize=350%2C200&ssl=1 1x, https:\/\/i0.wp.com\/lasprimeras.com.do\/wp-content\/uploads\/2025\/01\/dos.jpg?resize=525%2C300&ssl=1 1.5x, https:\/\/i0.wp.com\/lasprimeras.com.do\/wp-content\/uploads\/2025\/01\/dos.jpg?resize=700%2C400&ssl=1 2x"},"classes":[]},{"id":78718,"url":"https:\/\/lasprimeras.com.do\/index.php\/2024\/03\/19\/digesett-investiga-causas-del-accidente-ocurrido-en-montecristi\/","url_meta":{"origin":55455,"position":2},"title":"DIGESETT investiga causas del accidente ocurrido en Montecristi","author":"Nelson Feliz","date":"19 de marzo de 2024","format":false,"excerpt":"Tres personas resultaron fallecidas al impactar de frente un cami\u00f3n y un autob\u00fas. La Direcci\u00f3n General de Seguridad de Tr\u00e1nsito y Transporte Terrestre, (DIGESETT) investiga las causas del accidente ocurrido en la calle Manolo Tavarez Justo, municipio San Fernando, provincia Montecristi. Seg\u00fan el informe preliminar, se trat\u00f3 de una colisi\u00f3n\u2026","rel":"","context":"En \u00abNACIONALES\u00bb","block_context":{"text":"NACIONALES","link":"https:\/\/lasprimeras.com.do\/index.php\/category\/nacionales\/"},"img":{"alt_text":"Accidente ocurrido en Montecristi","src":"https:\/\/i0.wp.com\/lasprimeras.com.do\/wp-content\/uploads\/2024\/03\/Accidente-ocurrido-en-Montecristi.jpeg?resize=350%2C200&ssl=1","width":350,"height":200,"srcset":"https:\/\/i0.wp.com\/lasprimeras.com.do\/wp-content\/uploads\/2024\/03\/Accidente-ocurrido-en-Montecristi.jpeg?resize=350%2C200&ssl=1 1x, https:\/\/i0.wp.com\/lasprimeras.com.do\/wp-content\/uploads\/2024\/03\/Accidente-ocurrido-en-Montecristi.jpeg?resize=525%2C300&ssl=1 1.5x, https:\/\/i0.wp.com\/lasprimeras.com.do\/wp-content\/uploads\/2024\/03\/Accidente-ocurrido-en-Montecristi.jpeg?resize=700%2C400&ssl=1 2x"},"classes":[]},{"id":80903,"url":"https:\/\/lasprimeras.com.do\/index.php\/2024\/04\/14\/pedro-jimenez-realiza-operativo-medico-en-cristo-rey\/","url_meta":{"origin":55455,"position":3},"title":"Pedro Jim\u00e9nez realiza operativo m\u00e9dico en Cristo Rey","author":"Nelson Feliz","date":"14 de abril de 2024","format":false,"excerpt":"M\u00e1s de un centenar de personas recibieron atenci\u00f3n m\u00e9dica y medicamentos gratuitos, durante el operativo m\u00e9dico que se llev\u00f3 a cabo,\u00a0 en el Liceo Benito Ju\u00e1rez.- El candidato a diputado por la circunscripci\u00f3n No. 2 del Distrito Nacional, Pedro Jim\u00e9nez realiz\u00f3 este s\u00e1bado un operativo m\u00e9dico, en el populoso sector\u2026","rel":"","context":"En \u00abPORTADA\u00bb","block_context":{"text":"PORTADA","link":"https:\/\/lasprimeras.com.do\/index.php\/category\/portada\/"},"img":{"alt_text":"Pedro Jim\u00e9nez","src":"https:\/\/i0.wp.com\/lasprimeras.com.do\/wp-content\/uploads\/2024\/04\/Pedro-Jimenez.jpg?resize=350%2C200&ssl=1","width":350,"height":200,"srcset":"https:\/\/i0.wp.com\/lasprimeras.com.do\/wp-content\/uploads\/2024\/04\/Pedro-Jimenez.jpg?resize=350%2C200&ssl=1 1x, https:\/\/i0.wp.com\/lasprimeras.com.do\/wp-content\/uploads\/2024\/04\/Pedro-Jimenez.jpg?resize=525%2C300&ssl=1 1.5x"},"classes":[]},{"id":102694,"url":"https:\/\/lasprimeras.com.do\/index.php\/2025\/07\/07\/digesett-actua-con-rapidez-en-accidente-fatal-para-prevenir-mas-tragedias-viales\/","url_meta":{"origin":55455,"position":4},"title":"DIGESETT act\u00faa con rapidez en accidente fatal para prevenir m\u00e1s tragedias viales","author":"Nelson Feliz","date":"7 de julio de 2025","format":false,"excerpt":"La Direcci\u00f3n General de Seguridad de Tr\u00e1nsito y Transporte Terrestre (DIGESETT), bajo el liderazgo del coronel Alejandro Cabrera Manzueta, director regional en San Crist\u00f3bal, contin\u00faa fortaleciendo su labor preventiva y correctiva frente a las infracciones a la Ley 63-17, con el fin de reducir los accidentes de tr\u00e1nsito en la\u2026","rel":"","context":"En \u00abNACIONALES\u00bb","block_context":{"text":"NACIONALES","link":"https:\/\/lasprimeras.com.do\/index.php\/category\/nacionales\/"},"img":{"alt_text":"","src":"https:\/\/i0.wp.com\/lasprimeras.com.do\/wp-content\/uploads\/2025\/07\/accidente.jpg?resize=350%2C200&ssl=1","width":350,"height":200,"srcset":"https:\/\/i0.wp.com\/lasprimeras.com.do\/wp-content\/uploads\/2025\/07\/accidente.jpg?resize=350%2C200&ssl=1 1x, https:\/\/i0.wp.com\/lasprimeras.com.do\/wp-content\/uploads\/2025\/07\/accidente.jpg?resize=525%2C300&ssl=1 1.5x, https:\/\/i0.wp.com\/lasprimeras.com.do\/wp-content\/uploads\/2025\/07\/accidente.jpg?resize=700%2C400&ssl=1 2x"},"classes":[]},{"id":80851,"url":"https:\/\/lasprimeras.com.do\/index.php\/2024\/04\/13\/agente-de-digesett-resulta-con-lesiones-en-incidente-con-un-conductor-en-la-romana\/","url_meta":{"origin":55455,"position":5},"title":"Agente de DIGESETT resulta con lesiones en incidente con un conductor en La Romana","author":"BIMARY DE JES\u00daS Matos","date":"13 de abril de 2024","format":false,"excerpt":"SANTO DOMINGO.- La Direcci\u00f3n General de Seguridad de Tr\u00e1nsito y Transporte Terrestre (DIGESETT) investiga un incidente ocurrido la tarde del viernes en La Romana, donde un conductor agredi\u00f3 a un agente de la entidad que intent\u00f3 detenerlo por infringir la Ley de tr\u00e1nsito. Seg\u00fan se observa en un video colgado\u2026","rel":"","context":"En \u00abPORTADA\u00bb","block_context":{"text":"PORTADA","link":"https:\/\/lasprimeras.com.do\/index.php\/category\/portada\/"},"img":{"alt_text":"","src":"https:\/\/i0.wp.com\/lasprimeras.com.do\/wp-content\/uploads\/2024\/04\/WhatsApp-Image-2024-04-13-at-1.48.40-PM-2.jpeg?resize=350%2C200&ssl=1","width":350,"height":200,"srcset":"https:\/\/i0.wp.com\/lasprimeras.com.do\/wp-content\/uploads\/2024\/04\/WhatsApp-Image-2024-04-13-at-1.48.40-PM-2.jpeg?resize=350%2C200&ssl=1 1x, https:\/\/i0.wp.com\/lasprimeras.com.do\/wp-content\/uploads\/2024\/04\/WhatsApp-Image-2024-04-13-at-1.48.40-PM-2.jpeg?resize=525%2C300&ssl=1 1.5x, https:\/\/i0.wp.com\/lasprimeras.com.do\/wp-content\/uploads\/2024\/04\/WhatsApp-Image-2024-04-13-at-1.48.40-PM-2.jpeg?resize=700%2C400&ssl=1 2x, https:\/\/i0.wp.com\/lasprimeras.com.do\/wp-content\/uploads\/2024\/04\/WhatsApp-Image-2024-04-13-at-1.48.40-PM-2.jpeg?resize=1050%2C600&ssl=1 3x"},"classes":[]}],"jetpack_sharing_enabled":true,"_links":{"self":[{"href":"https:\/\/lasprimeras.com.do\/index.php\/wp-json\/wp\/v2\/posts\/55455","targetHints":{"allow":["GET"]}}],"collection":[{"href":"https:\/\/lasprimeras.com.do\/index.php\/wp-json\/wp\/v2\/posts"}],"about":[{"href":"https:\/\/lasprimeras.com.do\/index.php\/wp-json\/wp\/v2\/types\/post"}],"author":[{"embeddable":true,"href":"https:\/\/lasprimeras.com.do\/index.php\/wp-json\/wp\/v2\/users\/2"}],"replies":[{"embeddable":true,"href":"https:\/\/lasprimeras.com.do\/index.php\/wp-json\/wp\/v2\/comments?post=55455"}],"version-history":[{"count":1,"href":"https:\/\/lasprimeras.com.do\/index.php\/wp-json\/wp\/v2\/posts\/55455\/revisions"}],"predecessor-version":[{"id":55457,"href":"https:\/\/lasprimeras.com.do\/index.php\/wp-json\/wp\/v2\/posts\/55455\/revisions\/55457"}],"wp:featuredmedia":[{"embeddable":true,"href":"https:\/\/lasprimeras.com.do\/index.php\/wp-json\/wp\/v2\/media\/55456"}],"wp:attachment":[{"href":"https:\/\/lasprimeras.com.do\/index.php\/wp-json\/wp\/v2\/media?parent=55455"}],"wp:term":[{"taxonomy":"category","embeddable":true,"href":"https:\/\/lasprimeras.com.do\/index.php\/wp-json\/wp\/v2\/categories?post=55455"},{"taxonomy":"post_tag","embeddable":true,"href":"https:\/\/lasprimeras.com.do\/index.php\/wp-json\/wp\/v2\/tags?post=55455"}],"curies":[{"name":"wp","href":"https:\/\/api.w.org\/{rel}","templated":true}]}}