{"id":55480,"date":"2023-07-21T18:05:02","date_gmt":"2023-07-21T22:05:02","guid":{"rendered":"https:\/\/lasprimeras.com.do\/?p=55480"},"modified":"2023-07-21T18:05:04","modified_gmt":"2023-07-21T22:05:04","slug":"abinader-visitara-este-sabado-la-isla-saona-donde-anunciara-varias-obras","status":"publish","type":"post","link":"https:\/\/lasprimeras.com.do\/index.php\/2023\/07\/21\/abinader-visitara-este-sabado-la-isla-saona-donde-anunciara-varias-obras\/","title":{"rendered":"Abinader visitar\u00e1 este s\u00e1bado la Isla Saona, donde anunciar\u00e1 varias obras"},"content":{"rendered":"\n<p>El presidente Luis Abinader visitar\u00e1 este s\u00e1bado la provincia La Romana y la Isla Saona, y all\u00ed anunciar\u00e1 varias obras para beneficio de los habitantes del lugar y para los turistas que visitan la isla.<\/p>\n\n\n\n<p>El programa de actividades a desarrollar por el presidente Abinader en este fin de semana, abarcar\u00e1 este s\u00e1bado la Isla Saona y la provincia La Romana, mientras que el domingo estar\u00e1 en la provincia Santo Domingo y el Distrito Nacional.<\/p>\n\n\n\n<p>S\u00e1bado 22 de julio<\/p>\n\n\n\n<p>La Romana<\/p>\n\n\n\n<p>La agenda del mandatario comienza este d\u00eda a las 10:30 de la ma\u00f1ana en esta provincia con la inauguraci\u00f3n del Hotel Hilton.<\/p>\n\n\n\n<p>Isla Saona<\/p>\n\n\n\n<p>Luego, al medio d\u00eda, el gobernante llegar\u00e1 a la Isla Saona donde sostendr\u00e1 una reuni\u00f3n con los l\u00edderes comunitarios y representantes de instituciones del gobierno relacionadas a la intervenci\u00f3n de la Isla Saona.<\/p>\n\n\n\n<p>Del mismo modo, el jefe del Estado tendr\u00e1 un almuerzo y realizar\u00e1 un recorrido por varias \u00e1reas de la comunidad de Mano Juan en la isla.<\/p>\n\n\n\n<p>Domingo 23 julio<\/p>\n\n\n\n<p>Para este d\u00eda, el jefe de Estado iniciar\u00e1 sus actividades en el Distrito Nacional a las 10:30 de la ma\u00f1ana con una ceremonia de reconocimiento del Programa del Desempe\u00f1o.<\/p>\n\n\n\n<p>Luego entregar\u00e1 200 apartamentos en la segunda etapa de la ca\u00f1ada de Guajimia y m\u00e1s tarde almorzar\u00e1 con tripulantes de Aviaci\u00f3n Civil y VIP.<\/p>\n\n\n\n<p>En horas de la tarde, el mandatario inaugurar\u00e1 la construcci\u00f3n de la Subestaci\u00f3n Distrito Industrial Santo Domingo (DISDO) y las oficinas administrativas del Destino Santo Domingo.<\/p>\n","protected":false},"excerpt":{"rendered":"<p>El presidente Luis Abinader visitar\u00e1 este s\u00e1bado la provincia La Romana y la Isla Saona, y all\u00ed anunciar\u00e1 varias obras para beneficio de los habitantes del lugar y para los&hellip;<\/p>\n","protected":false},"author":2,"featured_media":55481,"comment_status":"open","ping_status":"open","sticky":false,"template":"","format":"standard","meta":{"content-type":"","jetpack_post_was_ever_published":false,"_jetpack_newsletter_access":"","_jetpack_dont_email_post_to_subs":false,"_jetpack_newsletter_tier_id":0,"_jetpack_memberships_contains_paywalled_content":false,"_jetpack_memberships_contains_paid_content":false,"footnotes":""},"categories":[35,25],"tags":[5117,965,67,374,1299],"class_list":["post-55480","post","type-post","status-publish","format-standard","has-post-thumbnail","hentry","category-nacionales","category-portada","tag-la-isla-saona","tag-la-romana","tag-luis-abinader","tag-obras","tag-visitara"],"jetpack_featured_media_url":"https:\/\/lasprimeras.com.do\/wp-content\/uploads\/2023\/07\/Luis-Abinader-4.jpg","jetpack-related-posts":[{"id":52974,"url":"https:\/\/lasprimeras.com.do\/index.php\/2023\/06\/22\/inespre-llega-a-la-isla-saona-con-su-mercado-94\/","url_meta":{"origin":55480,"position":0},"title":"Inespre llega a la Isla Saona con su mercado #94","author":"Nelson Feliz","date":"22 de junio de 2023","format":false,"excerpt":"El presidente Luis Abinader se comprometi\u00f3 con mejorar la calidad de vida de los residentes de la Isla Saona. El Instituto de Estabilizaci\u00f3n de Precios (INESPRE) abri\u00f3 el mercado de productores n\u00famero 94\u00a0 en la comunidad de Mano Juan en la Isla Saona, La Romana el cual se realizar\u00e1 a\u2026","rel":"","context":"En \u00abECONOM\u00cdA\u00bb","block_context":{"text":"ECONOM\u00cdA","link":"https:\/\/lasprimeras.com.do\/index.php\/category\/economia\/"},"img":{"alt_text":"Ivan Hernandez Guzman","src":"https:\/\/i0.wp.com\/lasprimeras.com.do\/wp-content\/uploads\/2023\/06\/Ivan-Hernandez-Guzman.jpg?resize=350%2C200&ssl=1","width":350,"height":200,"srcset":"https:\/\/i0.wp.com\/lasprimeras.com.do\/wp-content\/uploads\/2023\/06\/Ivan-Hernandez-Guzman.jpg?resize=350%2C200&ssl=1 1x, https:\/\/i0.wp.com\/lasprimeras.com.do\/wp-content\/uploads\/2023\/06\/Ivan-Hernandez-Guzman.jpg?resize=525%2C300&ssl=1 1.5x, https:\/\/i0.wp.com\/lasprimeras.com.do\/wp-content\/uploads\/2023\/06\/Ivan-Hernandez-Guzman.jpg?resize=700%2C400&ssl=1 2x"},"classes":[]},{"id":55591,"url":"https:\/\/lasprimeras.com.do\/index.php\/2023\/07\/23\/abinader-visita-isla-saona-y-sostiene-encuentro-con-lideres-comunitarios\/","url_meta":{"origin":55480,"position":1},"title":"Abinader visita Isla Saona y sostiene encuentro con l\u00edderes comunitarios","author":"Nelson Feliz","date":"23 de julio de 2023","format":false,"excerpt":"El presidente Luis Abinader sostuvo un encuentro con l\u00edderes comunitarios y representantes de instituciones del gobierno donde trat\u00f3 sobre el m\u00e1ster plan que desarrollar\u00e1 en la Isla Saona, el cual inici\u00f3 con una inversi\u00f3n de 600 millones de pesos. El mandatario destac\u00f3 que la Isla Saona se ha convertido en\u2026","rel":"","context":"En \u00abECONOM\u00cdA\u00bb","block_context":{"text":"ECONOM\u00cdA","link":"https:\/\/lasprimeras.com.do\/index.php\/category\/economia\/"},"img":{"alt_text":"Luis Abinader","src":"https:\/\/i0.wp.com\/lasprimeras.com.do\/wp-content\/uploads\/2023\/07\/Luis-Abinader-1-2.jpg?resize=350%2C200&ssl=1","width":350,"height":200,"srcset":"https:\/\/i0.wp.com\/lasprimeras.com.do\/wp-content\/uploads\/2023\/07\/Luis-Abinader-1-2.jpg?resize=350%2C200&ssl=1 1x, https:\/\/i0.wp.com\/lasprimeras.com.do\/wp-content\/uploads\/2023\/07\/Luis-Abinader-1-2.jpg?resize=525%2C300&ssl=1 1.5x, https:\/\/i0.wp.com\/lasprimeras.com.do\/wp-content\/uploads\/2023\/07\/Luis-Abinader-1-2.jpg?resize=700%2C400&ssl=1 2x"},"classes":[]},{"id":105572,"url":"https:\/\/lasprimeras.com.do\/index.php\/2025\/08\/05\/temblor-magnitud-5-2-se-registra-en-el-mar-caribe-cerca-de-la-isla-saona\/","url_meta":{"origin":55480,"position":2},"title":"Temblor magnitud 5.2 se registra en el mar Caribe cerca de la isla Saona","author":"Nelson Feliz","date":"5 de agosto de 2025","format":false,"excerpt":"El portal del Instituto Sismol\u00f3gico muestra unos 20 temblores registrados en las \u00faltimas 24 horas. Un sismo de magnitud 5.2 en la escala de Richter se registr\u00f3 la ma\u00f1ana de este martes en aguas del mar Caribe, cerca de la isla Saona, seg\u00fan confirm\u00f3 el Instituto Nacional de Sismolog\u00eda de\u2026","rel":"","context":"En \u00abNACIONALES\u00bb","block_context":{"text":"NACIONALES","link":"https:\/\/lasprimeras.com.do\/index.php\/category\/nacionales\/"},"img":{"alt_text":"","src":"https:\/\/i0.wp.com\/lasprimeras.com.do\/wp-content\/uploads\/2025\/08\/sismo.png?resize=350%2C200&ssl=1","width":350,"height":200,"srcset":"https:\/\/i0.wp.com\/lasprimeras.com.do\/wp-content\/uploads\/2025\/08\/sismo.png?resize=350%2C200&ssl=1 1x, https:\/\/i0.wp.com\/lasprimeras.com.do\/wp-content\/uploads\/2025\/08\/sismo.png?resize=525%2C300&ssl=1 1.5x, https:\/\/i0.wp.com\/lasprimeras.com.do\/wp-content\/uploads\/2025\/08\/sismo.png?resize=700%2C400&ssl=1 2x"},"classes":[]},{"id":51191,"url":"https:\/\/lasprimeras.com.do\/index.php\/2023\/05\/29\/medio-ambiente-apuesta-por-una-isla-saona-mas-limpia-y-sostenible-para-locales-y-turistas\/","url_meta":{"origin":55480,"position":3},"title":"Medio Ambiente apuesta por una isla Saona m\u00e1s limpia y sostenible para locales y turistas","author":"prenxa100","date":"29 de mayo de 2023","format":false,"excerpt":"El ministro Miguel Ceara Hatton firm\u00f3 una resoluci\u00f3n que busca eliminar del Parque Nacional Cotubanam\u00e1 y el Monumento Natural Isla Catalina el uso de foam y pl\u00e1sticos de un solo uso. MANO JUAN (RD).-El Ministerio de Medio Ambiente y Recursos Naturales emiti\u00f3 una resoluci\u00f3n que se enfoca en la eliminaci\u00f3n,\u2026","rel":"","context":"En \u00abNACIONALES\u00bb","block_context":{"text":"NACIONALES","link":"https:\/\/lasprimeras.com.do\/index.php\/category\/nacionales\/"},"img":{"alt_text":"","src":"","width":0,"height":0},"classes":[]},{"id":123412,"url":"https:\/\/lasprimeras.com.do\/index.php\/2026\/02\/28\/la-romana-abinader-inaugura-muelle-del-atelon-e-inicia-club-de-playa\/","url_meta":{"origin":55480,"position":4},"title":"La Romana: Abinader inaugura Muelle del Atel\u00f3n e inicia Club de Playa","author":"Nelson Feliz","date":"28 de febrero de 2026","format":false,"excerpt":"El presidente Luis Abinader dio el primer palazo para la construcci\u00f3n del Club de Playa e inaugur\u00f3 el Muelle Tur\u00edstico del Atel\u00f3n en Isla Catalina. El desembarcadero es una infraestructura que facilita el desembarque de los visitantes para que puedan disfrutar de las bellezas naturales de la isla, lo que\u2026","rel":"","context":"En \u00abPORTADA\u00bb","block_context":{"text":"PORTADA","link":"https:\/\/lasprimeras.com.do\/index.php\/category\/portada\/"},"img":{"alt_text":"Luis Abinader","src":"https:\/\/i0.wp.com\/lasprimeras.com.do\/wp-content\/uploads\/2026\/02\/Luis-Abinader-1-4.jpg?resize=350%2C200&ssl=1","width":350,"height":200,"srcset":"https:\/\/i0.wp.com\/lasprimeras.com.do\/wp-content\/uploads\/2026\/02\/Luis-Abinader-1-4.jpg?resize=350%2C200&ssl=1 1x, https:\/\/i0.wp.com\/lasprimeras.com.do\/wp-content\/uploads\/2026\/02\/Luis-Abinader-1-4.jpg?resize=525%2C300&ssl=1 1.5x, https:\/\/i0.wp.com\/lasprimeras.com.do\/wp-content\/uploads\/2026\/02\/Luis-Abinader-1-4.jpg?resize=700%2C400&ssl=1 2x"},"classes":[]},{"id":58181,"url":"https:\/\/lasprimeras.com.do\/index.php\/2023\/08\/21\/coe-incrementa-alertas-ante-tormenta-tropical-franklin-14-provincias-en-rojo\/","url_meta":{"origin":55480,"position":5},"title":"COE incrementa alertas ante tormenta tropical Franklin; 14 provincias en rojo","author":"Nelson Feliz","date":"21 de agosto de 2023","format":false,"excerpt":"La alerta roja se emite cuando el fen\u00f3meno tiene una alta probabilidad de impactar una zona. El Centro de Operaciones de Emergencia (COE) increment\u00f3 este lunes los niveles de alerta ante los efectos que se esperan de la tormenta tropical Franklin que incidir\u00eda directamente sobre el pa\u00eds desde este martes.\u2026","rel":"","context":"En \u00abNACIONALES\u00bb","block_context":{"text":"NACIONALES","link":"https:\/\/lasprimeras.com.do\/index.php\/category\/nacionales\/"},"img":{"alt_text":"coe","src":"https:\/\/i0.wp.com\/lasprimeras.com.do\/wp-content\/uploads\/2023\/08\/coe.jpg?resize=350%2C200&ssl=1","width":350,"height":200,"srcset":"https:\/\/i0.wp.com\/lasprimeras.com.do\/wp-content\/uploads\/2023\/08\/coe.jpg?resize=350%2C200&ssl=1 1x, https:\/\/i0.wp.com\/lasprimeras.com.do\/wp-content\/uploads\/2023\/08\/coe.jpg?resize=525%2C300&ssl=1 1.5x, https:\/\/i0.wp.com\/lasprimeras.com.do\/wp-content\/uploads\/2023\/08\/coe.jpg?resize=700%2C400&ssl=1 2x"},"classes":[]}],"jetpack_sharing_enabled":true,"_links":{"self":[{"href":"https:\/\/lasprimeras.com.do\/index.php\/wp-json\/wp\/v2\/posts\/55480","targetHints":{"allow":["GET"]}}],"collection":[{"href":"https:\/\/lasprimeras.com.do\/index.php\/wp-json\/wp\/v2\/posts"}],"about":[{"href":"https:\/\/lasprimeras.com.do\/index.php\/wp-json\/wp\/v2\/types\/post"}],"author":[{"embeddable":true,"href":"https:\/\/lasprimeras.com.do\/index.php\/wp-json\/wp\/v2\/users\/2"}],"replies":[{"embeddable":true,"href":"https:\/\/lasprimeras.com.do\/index.php\/wp-json\/wp\/v2\/comments?post=55480"}],"version-history":[{"count":1,"href":"https:\/\/lasprimeras.com.do\/index.php\/wp-json\/wp\/v2\/posts\/55480\/revisions"}],"predecessor-version":[{"id":55482,"href":"https:\/\/lasprimeras.com.do\/index.php\/wp-json\/wp\/v2\/posts\/55480\/revisions\/55482"}],"wp:featuredmedia":[{"embeddable":true,"href":"https:\/\/lasprimeras.com.do\/index.php\/wp-json\/wp\/v2\/media\/55481"}],"wp:attachment":[{"href":"https:\/\/lasprimeras.com.do\/index.php\/wp-json\/wp\/v2\/media?parent=55480"}],"wp:term":[{"taxonomy":"category","embeddable":true,"href":"https:\/\/lasprimeras.com.do\/index.php\/wp-json\/wp\/v2\/categories?post=55480"},{"taxonomy":"post_tag","embeddable":true,"href":"https:\/\/lasprimeras.com.do\/index.php\/wp-json\/wp\/v2\/tags?post=55480"}],"curies":[{"name":"wp","href":"https:\/\/api.w.org\/{rel}","templated":true}]}}