{"id":55483,"date":"2023-07-21T18:17:00","date_gmt":"2023-07-21T22:17:00","guid":{"rendered":"https:\/\/lasprimeras.com.do\/?p=55483"},"modified":"2023-07-21T18:17:01","modified_gmt":"2023-07-21T22:17:01","slug":"critican-falta-de-apoyo-a-jovenes-deportistas","status":"publish","type":"post","link":"https:\/\/lasprimeras.com.do\/index.php\/2023\/07\/21\/critican-falta-de-apoyo-a-jovenes-deportistas\/","title":{"rendered":"Critican falta de apoyo a j\u00f3venes deportistas\u00a0\u00a0"},"content":{"rendered":"\n<p>Una miembro de la Direcci\u00f3n Pol\u00edtica de la Fuerza del Pueblo (FP) deplor\u00f3 que a pesar de los RD$3, 052, 830,740\u00a0 de\u00a0 partida presupuestar\u00eda que tiene el Ministerio de Deporte, el gobierno no le brinde el apoyo econ\u00f3mico necesario\u00a0 a los atletas que\u00a0 representan al pa\u00eds,\u00a0 en importantes competencias internacionales.<\/p>\n\n\n\n<p>Ana Garc\u00eda dijo que\u00a0 las condiciones deplorables en la que vive la joven deportista\u00a0Marysabel Senyu, que gano la medalla de\u00a0 de oro en los juegos Centroamericanos celebrados en El Salvador,\u00a0 debe de llenar de mucha\u00a0 verg\u00fcenza a las autoridades.<\/p>\n\n\n\n<p>\u201cDa pena que Marysabel de tan solo 23 a\u00f1os de edad,&nbsp; quien para prepararse y poder poner en alto nuestro pa\u00eds, como lo hizo, vino de La Romana y tuvo que alquilar una pieza en Santo Domingo, donde pagaba&nbsp; de alquiler 5,500 pesos mensuales\u201d, explic\u00f3.<\/p>\n\n\n\n<p>Garc\u00eda, quien es la miembro de la Direcci\u00f3n Pol\u00edtica m\u00e1s joven de la FP, se\u00f1al\u00f3 que las condiciones econ\u00f3mica de c\u00f3mo se prepar\u00f3&nbsp; la atleta y c\u00f3mo vive junto a su familia, demuestran la falta de apoyo que est\u00e1n recibiendo los deportistas dominicanos.<\/p>\n\n\n\n<p>\u201cEl Ministerio de Deportes no est\u00e1 respaldando a los j\u00f3venes deportistas de la Rep\u00fablica Dominicana. El gobierno debe ofrecerle una vivienda digna para que mejore sus condiciones de vida y pueda superarse, y&nbsp; recibir una dieta fundamental y adecuada para optimizar su rendimiento\u201d, expres\u00f3<\/p>\n\n\n\n<p>Signific\u00f3 que las autoridades deben impulsar el potencial de estos j\u00f3venes y&nbsp; ponerlos como ejemplo, no solo para juventud sino&nbsp; a toda la sociedad en sentido general, en momentos que se est\u00e1 padeciendo una profunda crisis de p\u00e9rdidas de valores morales y espirituales.<\/p>\n\n\n\n<p>Ana Garc\u00eda garantiz\u00f3 que en un pr\u00f3ximo gobierno encabezado por el ex presidente Leonel Fern\u00e1ndez, la juventud ser\u00e1 valorada justamente&nbsp;&nbsp; y los deportistas recibir\u00e1n el apoyo econ\u00f3mico necesario para su preparaci\u00f3n y posterior participaci\u00f3n en las competencias internacionales.<\/p>\n\n\n\n<p>\u201cEl ex gobernante siempre ha abogado porque la juventud&nbsp; sea el ente de desarrollo de la Rep\u00fablica Dominicana. Ha sido abanderado para estimular e impulsar el deporte&nbsp; y tambi\u00e9n la cultura\u201d, puntualiz\u00f3.<\/p>\n","protected":false},"excerpt":{"rendered":"<p>Una miembro de la Direcci\u00f3n Pol\u00edtica de la Fuerza del Pueblo (FP) deplor\u00f3 que a pesar de los RD$3, 052, 830,740\u00a0 de\u00a0 partida presupuestar\u00eda que tiene el Ministerio de Deporte,&hellip;<\/p>\n","protected":false},"author":2,"featured_media":55484,"comment_status":"open","ping_status":"open","sticky":false,"template":"","format":"standard","meta":{"content-type":"","jetpack_post_was_ever_published":false,"_jetpack_newsletter_access":"","_jetpack_dont_email_post_to_subs":false,"_jetpack_newsletter_tier_id":0,"_jetpack_memberships_contains_paywalled_content":false,"_jetpack_memberships_contains_paid_content":false,"footnotes":""},"categories":[1],"tags":[5118,2720,5119,158,3899],"class_list":["post-55483","post","type-post","status-publish","format-standard","has-post-thumbnail","hentry","category-sin-categoria","tag-ana-garcia","tag-apoyo","tag-deportistas","tag-fuerza-del-pueblo","tag-jovenes"],"jetpack_featured_media_url":"https:\/\/lasprimeras.com.do\/wp-content\/uploads\/2023\/07\/Ana-Garcia-1.jpg","jetpack-related-posts":[{"id":101012,"url":"https:\/\/lasprimeras.com.do\/index.php\/2025\/06\/14\/udc-pide-a-la-iglesia-catolica-unirse-al-pueblo-con-las-deportaciones\/","url_meta":{"origin":55483,"position":0},"title":"UDC pide a la iglesia cat\u00f3lica unirse al pueblo con las deportaciones","author":"Nelson Feliz","date":"14 de junio de 2025","format":false,"excerpt":"El presidente de la Uni\u00f3n Dem\u00f3crata Cristiana \u2013UDC-, Luis Acosta Moreta, Luis \u201cEl Gallo\u201d, defendi\u00f3 hoy el derecho del gobierno y el pueblo dominicano a deportar a indocumentados, y pidi\u00f3 a los jesuitas que pensaran m\u00e1s en los intereses y el desarrollo nacional. Asimismo, deplor\u00f3 las declaraciones del obispo de\u2026","rel":"","context":"En \u00abPOLITICA\u00bb","block_context":{"text":"POLITICA","link":"https:\/\/lasprimeras.com.do\/index.php\/category\/politica\/"},"img":{"alt_text":"","src":"https:\/\/i0.wp.com\/lasprimeras.com.do\/wp-content\/uploads\/2025\/06\/WhatsApp-Image-2025-06-09-at-9.52.10-PM.jpeg?resize=350%2C200&ssl=1","width":350,"height":200,"srcset":"https:\/\/i0.wp.com\/lasprimeras.com.do\/wp-content\/uploads\/2025\/06\/WhatsApp-Image-2025-06-09-at-9.52.10-PM.jpeg?resize=350%2C200&ssl=1 1x, https:\/\/i0.wp.com\/lasprimeras.com.do\/wp-content\/uploads\/2025\/06\/WhatsApp-Image-2025-06-09-at-9.52.10-PM.jpeg?resize=525%2C300&ssl=1 1.5x, https:\/\/i0.wp.com\/lasprimeras.com.do\/wp-content\/uploads\/2025\/06\/WhatsApp-Image-2025-06-09-at-9.52.10-PM.jpeg?resize=700%2C400&ssl=1 2x"},"classes":[]},{"id":52055,"url":"https:\/\/lasprimeras.com.do\/index.php\/2023\/06\/06\/candidatos-de-la-fuerza-del-pueblo-apoyan-actividades-deportivas-en-sde\/","url_meta":{"origin":55483,"position":1},"title":"Candidatos de la Fuerza del Pueblo apoyan actividades deportivas en SDE","author":"prenxa100","date":"6 de junio de 2023","format":false,"excerpt":"Santo Domingo, Este.-. La precandidata a la Alcald\u00eda de Santo Domingo Este, Leandra Acosta\u00a0 y el aspirante a regidor por el Partido Fuerza del Pueblo (FP), Francisco Terrero (Miguel), participaron en la apertura del Torneo A\u00f1ejo Interbarrial del sector el Tamarindo. En dicho torneo participar\u00e1n cuatro equipos del municipio que\u2026","rel":"","context":"En \u00abPORTADA\u00bb","block_context":{"text":"PORTADA","link":"https:\/\/lasprimeras.com.do\/index.php\/category\/portada\/"},"img":{"alt_text":"","src":"https:\/\/i0.wp.com\/atento.com.do\/wp-content\/uploads\/2023\/06\/WhatsApp-Image-2023-06-05-at-9.19.15-PM-768x1024.jpeg?resize=350%2C200&ssl=1","width":350,"height":200,"srcset":"https:\/\/i0.wp.com\/atento.com.do\/wp-content\/uploads\/2023\/06\/WhatsApp-Image-2023-06-05-at-9.19.15-PM-768x1024.jpeg?resize=350%2C200&ssl=1 1x, https:\/\/i0.wp.com\/atento.com.do\/wp-content\/uploads\/2023\/06\/WhatsApp-Image-2023-06-05-at-9.19.15-PM-768x1024.jpeg?resize=525%2C300&ssl=1 1.5x, https:\/\/i0.wp.com\/atento.com.do\/wp-content\/uploads\/2023\/06\/WhatsApp-Image-2023-06-05-at-9.19.15-PM-768x1024.jpeg?resize=700%2C400&ssl=1 2x"},"classes":[]},{"id":100872,"url":"https:\/\/lasprimeras.com.do\/index.php\/2025\/06\/13\/luis-el-gallo-rechaza-la-regulacion-haitianos\/","url_meta":{"origin":55483,"position":2},"title":"Luis \u201cEl Gallo\u201d rechaza la regulaci\u00f3n haitianos","author":"Nelson Feliz","date":"13 de junio de 2025","format":false,"excerpt":"Pide a la iglesia cat\u00f3lica unirse al pueblo con las deportaciones El presidente de la Uni\u00f3n Dem\u00f3crata Cristiana \u2013UDC-, Luis Acosta Moreta, Luis \u201cEl Gallo\u201d, defendi\u00f3 hoy el derecho del gobierno y el pueblo dominicano a deportar a indocumentados, y pidi\u00f3 a los jesuitas que pensaran m\u00e1s en los intereses\u2026","rel":"","context":"En \u00abPOLITICA\u00bb","block_context":{"text":"POLITICA","link":"https:\/\/lasprimeras.com.do\/index.php\/category\/politica\/"},"img":{"alt_text":"","src":"https:\/\/i0.wp.com\/lasprimeras.com.do\/wp-content\/uploads\/2025\/06\/GALLO-1.jpg?resize=350%2C200&ssl=1","width":350,"height":200,"srcset":"https:\/\/i0.wp.com\/lasprimeras.com.do\/wp-content\/uploads\/2025\/06\/GALLO-1.jpg?resize=350%2C200&ssl=1 1x, https:\/\/i0.wp.com\/lasprimeras.com.do\/wp-content\/uploads\/2025\/06\/GALLO-1.jpg?resize=525%2C300&ssl=1 1.5x"},"classes":[]},{"id":55109,"url":"https:\/\/lasprimeras.com.do\/index.php\/2023\/07\/18\/cosiris-rodriguez-y-varias-exintegrantes-de-las-reinas-del-caribe-se-juramentan-en-la-fp\/","url_meta":{"origin":55483,"position":3},"title":"Cosiris Rodr\u00edguez y varias exintegrantes de las Reinas del Caribe se juramentan en la FP","author":"Nelson Feliz","date":"18 de julio de 2023","format":false,"excerpt":"La exintegrante de la Selecci\u00f3n Nacional del equipo de voleibol de la Rep\u00fablica Dominicana, Cosiris Rodr\u00edguez, recibi\u00f3 en su residencia de Madre Vieja, San Crist\u00f3bal, la visita del presidente y l\u00edder de la Fuerza del Pueblo, Leonel Fern\u00e1ndez, quien le tom\u00f3 juramento en la principal organizaci\u00f3n pol\u00edtica opositora del pa\u00eds.\u2026","rel":"","context":"En \u00abSin categor\u00eda\u00bb","block_context":{"text":"Sin categor\u00eda","link":"https:\/\/lasprimeras.com.do\/index.php\/category\/sin-categoria\/"},"img":{"alt_text":"Cosiris Rodr\u00edguez","src":"https:\/\/i0.wp.com\/lasprimeras.com.do\/wp-content\/uploads\/2023\/07\/Cosiris-Rodriguez.jpg?resize=350%2C200&ssl=1","width":350,"height":200,"srcset":"https:\/\/i0.wp.com\/lasprimeras.com.do\/wp-content\/uploads\/2023\/07\/Cosiris-Rodriguez.jpg?resize=350%2C200&ssl=1 1x, https:\/\/i0.wp.com\/lasprimeras.com.do\/wp-content\/uploads\/2023\/07\/Cosiris-Rodriguez.jpg?resize=525%2C300&ssl=1 1.5x, https:\/\/i0.wp.com\/lasprimeras.com.do\/wp-content\/uploads\/2023\/07\/Cosiris-Rodriguez.jpg?resize=700%2C400&ssl=1 2x"},"classes":[]},{"id":94714,"url":"https:\/\/lasprimeras.com.do\/index.php\/2025\/03\/04\/fundacion-los-mina-unidos-por-siempre-impulsa-el-baloncesto-en-san-francisco-de-macoris\/","url_meta":{"origin":55483,"position":4},"title":"Fundaci\u00f3n Los Mina Unidos por Siempre impulsa el baloncesto en San Francisco de Macor\u00eds","author":"Nelson Feliz","date":"4 de marzo de 2025","format":false,"excerpt":"La Fundaci\u00f3n Los Mina Unidos por Siempre celebr\u00f3 un exitoso intercambio amistoso con la participaci\u00f3n de 4 clubes de la provincia, en una jornada deportiva realizada en el Club San Mart\u00edn de San Francisco de Macor\u00eds, provincia Duarte. El torneo cont\u00f3 con la participaci\u00f3n de los equipos Club Gregorio Luper\u00f3n,\u2026","rel":"","context":"En \u00abDEPORTES\u00bb","block_context":{"text":"DEPORTES","link":"https:\/\/lasprimeras.com.do\/index.php\/category\/deportes\/"},"img":{"alt_text":"","src":"https:\/\/i0.wp.com\/lasprimeras.com.do\/wp-content\/uploads\/2025\/03\/Fundacion-Los-Mina-Unidos-1.jpg?resize=350%2C200&ssl=1","width":350,"height":200,"srcset":"https:\/\/i0.wp.com\/lasprimeras.com.do\/wp-content\/uploads\/2025\/03\/Fundacion-Los-Mina-Unidos-1.jpg?resize=350%2C200&ssl=1 1x, https:\/\/i0.wp.com\/lasprimeras.com.do\/wp-content\/uploads\/2025\/03\/Fundacion-Los-Mina-Unidos-1.jpg?resize=525%2C300&ssl=1 1.5x"},"classes":[]},{"id":52846,"url":"https:\/\/lasprimeras.com.do\/index.php\/2023\/06\/21\/fp-en-puerto-rico-patrocina-actividades-deportivas-en-favor-de-la-juventud\/","url_meta":{"origin":55483,"position":5},"title":"FP en Puerto Rico patrocina actividades deportivas en favor de la juventud","author":"Nelson Feliz","date":"21 de junio de 2023","format":false,"excerpt":"Como una manera de promover el deporte, la sana recreaci\u00f3n y el apoyo a la juventud, la Direcci\u00f3n Pol\u00edtica de la Fuerza del Pueblo en San Juan, Puerto Rico realiz\u00f3 importantes aportes a varios equipos de S\u00f3ftbol, tales como donaciones de uniformes y \u00fatiles deportivos. El presidente del partido en\u2026","rel":"","context":"En \u00abSin categor\u00eda\u00bb","block_context":{"text":"Sin categor\u00eda","link":"https:\/\/lasprimeras.com.do\/index.php\/category\/sin-categoria\/"},"img":{"alt_text":"Daniel G\u00f3mez Aguilera","src":"https:\/\/i0.wp.com\/lasprimeras.com.do\/wp-content\/uploads\/2023\/06\/DEPORTE.jpg?resize=350%2C200&ssl=1","width":350,"height":200,"srcset":"https:\/\/i0.wp.com\/lasprimeras.com.do\/wp-content\/uploads\/2023\/06\/DEPORTE.jpg?resize=350%2C200&ssl=1 1x, https:\/\/i0.wp.com\/lasprimeras.com.do\/wp-content\/uploads\/2023\/06\/DEPORTE.jpg?resize=525%2C300&ssl=1 1.5x, https:\/\/i0.wp.com\/lasprimeras.com.do\/wp-content\/uploads\/2023\/06\/DEPORTE.jpg?resize=700%2C400&ssl=1 2x"},"classes":[]}],"jetpack_sharing_enabled":true,"_links":{"self":[{"href":"https:\/\/lasprimeras.com.do\/index.php\/wp-json\/wp\/v2\/posts\/55483","targetHints":{"allow":["GET"]}}],"collection":[{"href":"https:\/\/lasprimeras.com.do\/index.php\/wp-json\/wp\/v2\/posts"}],"about":[{"href":"https:\/\/lasprimeras.com.do\/index.php\/wp-json\/wp\/v2\/types\/post"}],"author":[{"embeddable":true,"href":"https:\/\/lasprimeras.com.do\/index.php\/wp-json\/wp\/v2\/users\/2"}],"replies":[{"embeddable":true,"href":"https:\/\/lasprimeras.com.do\/index.php\/wp-json\/wp\/v2\/comments?post=55483"}],"version-history":[{"count":1,"href":"https:\/\/lasprimeras.com.do\/index.php\/wp-json\/wp\/v2\/posts\/55483\/revisions"}],"predecessor-version":[{"id":55485,"href":"https:\/\/lasprimeras.com.do\/index.php\/wp-json\/wp\/v2\/posts\/55483\/revisions\/55485"}],"wp:featuredmedia":[{"embeddable":true,"href":"https:\/\/lasprimeras.com.do\/index.php\/wp-json\/wp\/v2\/media\/55484"}],"wp:attachment":[{"href":"https:\/\/lasprimeras.com.do\/index.php\/wp-json\/wp\/v2\/media?parent=55483"}],"wp:term":[{"taxonomy":"category","embeddable":true,"href":"https:\/\/lasprimeras.com.do\/index.php\/wp-json\/wp\/v2\/categories?post=55483"},{"taxonomy":"post_tag","embeddable":true,"href":"https:\/\/lasprimeras.com.do\/index.php\/wp-json\/wp\/v2\/tags?post=55483"}],"curies":[{"name":"wp","href":"https:\/\/api.w.org\/{rel}","templated":true}]}}