{"id":55500,"date":"2023-07-21T19:43:01","date_gmt":"2023-07-21T23:43:01","guid":{"rendered":"https:\/\/lasprimeras.com.do\/?p=55500"},"modified":"2023-07-21T19:43:03","modified_gmt":"2023-07-21T23:43:03","slug":"eted-dara-mantenimiento-a-poste-de-la-linea-69-kv-palamara-bayona-por-riesgo-de-deslizamiento","status":"publish","type":"post","link":"https:\/\/lasprimeras.com.do\/index.php\/2023\/07\/21\/eted-dara-mantenimiento-a-poste-de-la-linea-69-kv-palamara-bayona-por-riesgo-de-deslizamiento\/","title":{"rendered":"ETED dar\u00e1 mantenimiento a poste de la l\u00ednea 69 kV Palamara \u2013 Bayona por riesgo de deslizamiento"},"content":{"rendered":"\n<p>La Empresa de Transmisi\u00f3n El\u00e9ctrica Dominicana (ETED) informa que dar\u00e1 apertura de emergencia a la l\u00ednea 69 kV Palamara \u2013 Bayona, este s\u00e1bado 22 de julio, para reubicar un poste con riesgo de deslizamiento debido a las excavaciones por la construcci\u00f3n de la Circunvalaci\u00f3n Los Alcarrizos, que le genera vulnerabilidad a esa l\u00ednea de transmisi\u00f3n.<\/p>\n\n\n\n<p>Esta reubicaci\u00f3n se realizar\u00e1 de 9:00 a.m. a 12:00 p.m., y se ver\u00e1 afectado el servicio el\u00e9ctrico en la zona afecta son: Hato Nuevo, Zona Franca Los Alcarrizos, Caballona, Productos Diversos, Bayona, Kinnox y CAASD.<\/p>\n\n\n\n<p>Estas acciones son parte del compromiso de la empresa de garantizar un servicio de transporte de energ\u00eda en alta tensi\u00f3n estable, eficiente y de calidad que d\u00e9 respuesta a las necesidades de la ciudadan\u00eda, acorde a los mandatos del Gobierno.<\/p>\n\n\n\n<p>La Empresa de Transmisi\u00f3n El\u00e9ctrica Dominicana es una compa\u00f1\u00eda el\u00e9ctrica estatal descentralizada, cuyo objetivo es construir, expandir y operar el Sistema El\u00e9ctrico Nacional Interconectado (SENI), para proveer servicios de transporte de energ\u00eda el\u00e9ctrica en alta tensi\u00f3n y telecomunicaciones por fibra \u00f3ptica a todo el territorio nacional.<\/p>\n","protected":false},"excerpt":{"rendered":"<p>La Empresa de Transmisi\u00f3n El\u00e9ctrica Dominicana (ETED) informa que dar\u00e1 apertura de emergencia a la l\u00ednea 69 kV Palamara \u2013 Bayona, este s\u00e1bado 22 de julio, para reubicar un poste&hellip;<\/p>\n","protected":false},"author":2,"featured_media":55501,"comment_status":"open","ping_status":"open","sticky":false,"template":"","format":"standard","meta":{"content-type":"","jetpack_post_was_ever_published":false,"_jetpack_newsletter_access":"","_jetpack_dont_email_post_to_subs":false,"_jetpack_newsletter_tier_id":0,"_jetpack_memberships_contains_paywalled_content":false,"_jetpack_memberships_contains_paid_content":false,"footnotes":""},"categories":[35,25],"tags":[5133,5137,5134,1553,5135,5136,3905,3132],"class_list":["post-55500","post","type-post","status-publish","format-standard","has-post-thumbnail","hentry","category-nacionales","category-portada","tag-bayona","tag-deslizamiento","tag-eted","tag-linea","tag-mantenimiento","tag-palamara","tag-poste","tag-riesgo"],"jetpack_featured_media_url":"https:\/\/lasprimeras.com.do\/wp-content\/uploads\/2023\/07\/ETED.jpg","jetpack-related-posts":[{"id":101940,"url":"https:\/\/lasprimeras.com.do\/index.php\/2025\/06\/28\/eted-trabaja-en-el-reforzamiento-del-sistema-electrico-en-la-linea-69-kv-haina-refineria\/","url_meta":{"origin":55500,"position":0},"title":"ETED trabaja en el reforzamiento del sistema el\u00e9ctrico en la l\u00ednea 69 kV Haina\u2013Refiner\u00eda","author":"Nelson Feliz","date":"28 de junio de 2025","format":false,"excerpt":"La Empresa de Transmisi\u00f3n El\u00e9ctrica Dominicana (ETED) informa que, este domingo, 29 de junio, de 9:00 a.m. a 1:00 p.m., llevar\u00e1 a cabo la apertura de la l\u00ednea 69 kV Haina\u2013Refiner\u00eda y la interconexi\u00f3n de una subestaci\u00f3n m\u00f3vil de 80 MVA, instalada en el almac\u00e9n de Itabo, con la finalidad\u2026","rel":"","context":"En \u00abNACIONALES\u00bb","block_context":{"text":"NACIONALES","link":"https:\/\/lasprimeras.com.do\/index.php\/category\/nacionales\/"},"img":{"alt_text":"","src":"https:\/\/i0.wp.com\/lasprimeras.com.do\/wp-content\/uploads\/2025\/06\/ETED.jpg?resize=350%2C200&ssl=1","width":350,"height":200,"srcset":"https:\/\/i0.wp.com\/lasprimeras.com.do\/wp-content\/uploads\/2025\/06\/ETED.jpg?resize=350%2C200&ssl=1 1x, https:\/\/i0.wp.com\/lasprimeras.com.do\/wp-content\/uploads\/2025\/06\/ETED.jpg?resize=525%2C300&ssl=1 1.5x, https:\/\/i0.wp.com\/lasprimeras.com.do\/wp-content\/uploads\/2025\/06\/ETED.jpg?resize=700%2C400&ssl=1 2x"},"classes":[]},{"id":60218,"url":"https:\/\/lasprimeras.com.do\/index.php\/2023\/09\/11\/eted-dara-mantenimiento-en-la-subestacion-69-kv-villa-duarte-invivienda-y-palamara-inca\/","url_meta":{"origin":55500,"position":1},"title":"ETED dar\u00e1 mantenimiento en la subestaci\u00f3n 69 kV Villa Duarte \u2013 Invivienda y Palamara \u2013 INCA","author":"Nelson Feliz","date":"11 de septiembre de 2023","format":false,"excerpt":"Por Martin Restituyo La Empresa de Transmisi\u00f3n El\u00e9ctrica Dominicana (ETED) informa que, este martes, 12 de septiembre, dar\u00e1 mantenimiento preventivo al campo de l\u00ednea en la subestaci\u00f3n 69 kV Villa Duarte \u2013 Invivienda, como parte de los trabajos programados esta semana para optimizar la calidad de las infraestructuras en el\u2026","rel":"","context":"En \u00abNACIONALES\u00bb","block_context":{"text":"NACIONALES","link":"https:\/\/lasprimeras.com.do\/index.php\/category\/nacionales\/"},"img":{"alt_text":"Redes El\u00e9ctrica","src":"https:\/\/i0.wp.com\/lasprimeras.com.do\/wp-content\/uploads\/2023\/09\/Redes-Electrica.jpg?resize=350%2C200&ssl=1","width":350,"height":200,"srcset":"https:\/\/i0.wp.com\/lasprimeras.com.do\/wp-content\/uploads\/2023\/09\/Redes-Electrica.jpg?resize=350%2C200&ssl=1 1x, https:\/\/i0.wp.com\/lasprimeras.com.do\/wp-content\/uploads\/2023\/09\/Redes-Electrica.jpg?resize=525%2C300&ssl=1 1.5x, https:\/\/i0.wp.com\/lasprimeras.com.do\/wp-content\/uploads\/2023\/09\/Redes-Electrica.jpg?resize=700%2C400&ssl=1 2x"},"classes":[]},{"id":60173,"url":"https:\/\/lasprimeras.com.do\/index.php\/2023\/09\/11\/eted-dara-mantenimiento-en-subestacion-y-linea-69-kv-este-martes\/","url_meta":{"origin":55500,"position":2},"title":"ETED dar\u00e1 mantenimiento en subestaci\u00f3n y l\u00ednea 69 kV este martes\u00a0\u00a0","author":"Nelson Feliz","date":"11 de septiembre de 2023","format":false,"excerpt":"Por Martin Restituyo La Empresa de Transmisi\u00f3n El\u00e9ctrica Dominicana (ETED) informa que, este martes 12 de septiembre, realizar\u00e1 sustituci\u00f3n de estructuras en malas condiciones en la l\u00ednea 69 kV Palamara \u2013 INCA y mantenimiento preventivo al campo de l\u00ednea en la subestaci\u00f3n 69 kV Villa Duarte \u2013 Invivienda, como parte\u2026","rel":"","context":"En \u00abNACIONALES\u00bb","block_context":{"text":"NACIONALES","link":"https:\/\/lasprimeras.com.do\/index.php\/category\/nacionales\/"},"img":{"alt_text":"ETED","src":"https:\/\/i0.wp.com\/lasprimeras.com.do\/wp-content\/uploads\/2023\/09\/ETED.jpg?resize=350%2C200&ssl=1","width":350,"height":200,"srcset":"https:\/\/i0.wp.com\/lasprimeras.com.do\/wp-content\/uploads\/2023\/09\/ETED.jpg?resize=350%2C200&ssl=1 1x, https:\/\/i0.wp.com\/lasprimeras.com.do\/wp-content\/uploads\/2023\/09\/ETED.jpg?resize=525%2C300&ssl=1 1.5x, https:\/\/i0.wp.com\/lasprimeras.com.do\/wp-content\/uploads\/2023\/09\/ETED.jpg?resize=700%2C400&ssl=1 2x"},"classes":[]},{"id":55611,"url":"https:\/\/lasprimeras.com.do\/index.php\/2023\/07\/23\/eted-trabajara-en-las-lineas-69-kv-bayona-caasd-e-invivienda-villa-duarte-este-lunes\/","url_meta":{"origin":55500,"position":3},"title":"ETED trabajar\u00e1 en\u00a0las l\u00edneas 69 KV Bayona \u2013 CAASD e Invivienda &#8211; Villa Duarte este lunes\u00a0","author":"Nelson Feliz","date":"23 de julio de 2023","format":false,"excerpt":"Por Martin Restituyo La Empresa de Transmisi\u00f3n El\u00e9ctrica Dominicana (ETED) informa que, este lunes 24 de julio, realizar\u00e1 trabajos de mantenimiento en las l\u00edneas 69 kV Bayona \u2013 CAASD e Invivienda - Villa Duarte, en horario de 9:00 a.m. a 1:00 p.m.,\u00a0como parte de las acciones para mejorar la calidad\u2026","rel":"","context":"En \u00abNACIONALES\u00bb","block_context":{"text":"NACIONALES","link":"https:\/\/lasprimeras.com.do\/index.php\/category\/nacionales\/"},"img":{"alt_text":"ETED","src":"https:\/\/i0.wp.com\/lasprimeras.com.do\/wp-content\/uploads\/2023\/07\/ETED-1.jpg?resize=350%2C200&ssl=1","width":350,"height":200,"srcset":"https:\/\/i0.wp.com\/lasprimeras.com.do\/wp-content\/uploads\/2023\/07\/ETED-1.jpg?resize=350%2C200&ssl=1 1x, https:\/\/i0.wp.com\/lasprimeras.com.do\/wp-content\/uploads\/2023\/07\/ETED-1.jpg?resize=525%2C300&ssl=1 1.5x, https:\/\/i0.wp.com\/lasprimeras.com.do\/wp-content\/uploads\/2023\/07\/ETED-1.jpg?resize=700%2C400&ssl=1 2x"},"classes":[]},{"id":64936,"url":"https:\/\/lasprimeras.com.do\/index.php\/2023\/10\/24\/eted-trabajara-en-lineas-palamara-bnv-y-buena-vista-higuey\/","url_meta":{"origin":55500,"position":4},"title":"ETED trabajar\u00e1 en l\u00edneas Palamara \u2013 BNV y Buena Vista \u2013 Hig\u00fcey","author":"Nelson Feliz","date":"24 de octubre de 2023","format":false,"excerpt":"Por Martin Restituyo La Empresa de Transmisi\u00f3n El\u00e9ctrica Dominicana (ETED) informa que, este mi\u00e9rcoles 25 de octubre, trabajar\u00e1 en las l\u00edneas 69 kV Palamara \u2013 BNV y 69 kV Buena Vista \u2013 Hig\u00fcey, como parte de los mantenimientos programados esta semana para optimizar la calidad de las infraestructuras el\u00e9ctricas en\u2026","rel":"","context":"En \u00abNACIONALES\u00bb","block_context":{"text":"NACIONALES","link":"https:\/\/lasprimeras.com.do\/index.php\/category\/nacionales\/"},"img":{"alt_text":"ETED","src":"https:\/\/i0.wp.com\/lasprimeras.com.do\/wp-content\/uploads\/2023\/10\/ETED-1-3.jpg?resize=350%2C200&ssl=1","width":350,"height":200,"srcset":"https:\/\/i0.wp.com\/lasprimeras.com.do\/wp-content\/uploads\/2023\/10\/ETED-1-3.jpg?resize=350%2C200&ssl=1 1x, https:\/\/i0.wp.com\/lasprimeras.com.do\/wp-content\/uploads\/2023\/10\/ETED-1-3.jpg?resize=525%2C300&ssl=1 1.5x, https:\/\/i0.wp.com\/lasprimeras.com.do\/wp-content\/uploads\/2023\/10\/ETED-1-3.jpg?resize=700%2C400&ssl=1 2x"},"classes":[]},{"id":65202,"url":"https:\/\/lasprimeras.com.do\/index.php\/2023\/10\/26\/eted-trabajara-en-lineas-palamara-novoplast-y-san-juan-i-sabaneta-este-viernes\/","url_meta":{"origin":55500,"position":5},"title":"ETED trabajar\u00e1 en l\u00edneas Palamara \u2013 Novoplast y San Juan I \u2013 Sabaneta, este viernes","author":"Nelson Feliz","date":"26 de octubre de 2023","format":false,"excerpt":"Por Mart\u00edn Restituyo La Empresa de Transmisi\u00f3n El\u00e9ctrica Dominicana (ETED) informa que, este viernes 27 de octubre, trabajar\u00e1 en las l\u00edneas 69 kV Palamara \u2013 Novoplast y 69 kV San Juan I - Sabaneta, como parte de los mantenimientos programados esta semana para optimizar la calidad de las infraestructuras el\u00e9ctricas\u2026","rel":"","context":"En \u00abNACIONALES\u00bb","block_context":{"text":"NACIONALES","link":"https:\/\/lasprimeras.com.do\/index.php\/category\/nacionales\/"},"img":{"alt_text":"ETED","src":"https:\/\/i0.wp.com\/lasprimeras.com.do\/wp-content\/uploads\/2023\/10\/ETED-1-4.jpg?resize=350%2C200&ssl=1","width":350,"height":200,"srcset":"https:\/\/i0.wp.com\/lasprimeras.com.do\/wp-content\/uploads\/2023\/10\/ETED-1-4.jpg?resize=350%2C200&ssl=1 1x, https:\/\/i0.wp.com\/lasprimeras.com.do\/wp-content\/uploads\/2023\/10\/ETED-1-4.jpg?resize=525%2C300&ssl=1 1.5x, https:\/\/i0.wp.com\/lasprimeras.com.do\/wp-content\/uploads\/2023\/10\/ETED-1-4.jpg?resize=700%2C400&ssl=1 2x"},"classes":[]}],"jetpack_sharing_enabled":true,"_links":{"self":[{"href":"https:\/\/lasprimeras.com.do\/index.php\/wp-json\/wp\/v2\/posts\/55500","targetHints":{"allow":["GET"]}}],"collection":[{"href":"https:\/\/lasprimeras.com.do\/index.php\/wp-json\/wp\/v2\/posts"}],"about":[{"href":"https:\/\/lasprimeras.com.do\/index.php\/wp-json\/wp\/v2\/types\/post"}],"author":[{"embeddable":true,"href":"https:\/\/lasprimeras.com.do\/index.php\/wp-json\/wp\/v2\/users\/2"}],"replies":[{"embeddable":true,"href":"https:\/\/lasprimeras.com.do\/index.php\/wp-json\/wp\/v2\/comments?post=55500"}],"version-history":[{"count":1,"href":"https:\/\/lasprimeras.com.do\/index.php\/wp-json\/wp\/v2\/posts\/55500\/revisions"}],"predecessor-version":[{"id":55502,"href":"https:\/\/lasprimeras.com.do\/index.php\/wp-json\/wp\/v2\/posts\/55500\/revisions\/55502"}],"wp:featuredmedia":[{"embeddable":true,"href":"https:\/\/lasprimeras.com.do\/index.php\/wp-json\/wp\/v2\/media\/55501"}],"wp:attachment":[{"href":"https:\/\/lasprimeras.com.do\/index.php\/wp-json\/wp\/v2\/media?parent=55500"}],"wp:term":[{"taxonomy":"category","embeddable":true,"href":"https:\/\/lasprimeras.com.do\/index.php\/wp-json\/wp\/v2\/categories?post=55500"},{"taxonomy":"post_tag","embeddable":true,"href":"https:\/\/lasprimeras.com.do\/index.php\/wp-json\/wp\/v2\/tags?post=55500"}],"curies":[{"name":"wp","href":"https:\/\/api.w.org\/{rel}","templated":true}]}}