{"id":55509,"date":"2023-07-21T20:13:46","date_gmt":"2023-07-22T00:13:46","guid":{"rendered":"https:\/\/lasprimeras.com.do\/?p=55509"},"modified":"2023-07-21T20:13:48","modified_gmt":"2023-07-22T00:13:48","slug":"carlos-pena-afirma-no-hara-alianzas-con-narco-ni-con-ladrones-ni-corruptos","status":"publish","type":"post","link":"https:\/\/lasprimeras.com.do\/index.php\/2023\/07\/21\/carlos-pena-afirma-no-hara-alianzas-con-narco-ni-con-ladrones-ni-corruptos\/","title":{"rendered":"Carlos Pe\u00f1a afirma no har\u00e1 alianzas con narco, ni con ladrones, ni corruptos"},"content":{"rendered":"\n<p>El candidato a la presidencia por el Partido Generaci\u00f3n de Servidores, Carlos Pe\u00f1a, declar\u00f3 que el PRM, PLD, y Fuerza del Pueblo es votar por la misma excretar en distintos retretes y no pactar\u00e1 con estos.<\/p>\n\n\n\n<p>Pe\u00f1a, enfatiz\u00f3 que no habr\u00e1 alianza con ninguno de estos partidos y exigi\u00f3 que dejen de enviar \u201cvocingleros\u201d a hablar de ese tema en los medios de comunicaci\u00f3n, porque tienen un rotundo no de su parte y que \u00e9l lo ha informado personalmente a los promotores de \u201calianzas\u201d.<\/p>\n\n\n\n<p>Dijo que Generaci\u00f3n de Servidores no pactar\u00e1 con ladrones, corruptos y delincuentes, que la alianza es con Dios y con el pueblo dominicano, no con quienes han hecho da\u00f1o al pa\u00eds.<\/p>\n\n\n\n<p>El candidato, agreg\u00f3 que estos partidos deben ser borrados del escenario pol\u00edtico y enviados al ostracismo hist\u00f3rico donde nunca deber\u00e1n regresar.<\/p>\n\n\n\n<p>Dijo que Generaci\u00f3n de Servidores ha proclamado varios candidatos a diferentes posiciones, principalmente a alcaldes en diferentes municipios del pa\u00eds.<\/p>\n","protected":false},"excerpt":{"rendered":"<p>El candidato a la presidencia por el Partido Generaci\u00f3n de Servidores, Carlos Pe\u00f1a, declar\u00f3 que el PRM, PLD, y Fuerza del Pueblo es votar por la misma excretar en distintos&hellip;<\/p>\n","protected":false},"author":2,"featured_media":55510,"comment_status":"open","ping_status":"open","sticky":false,"template":"","format":"standard","meta":{"content-type":"","jetpack_post_was_ever_published":false,"_jetpack_newsletter_access":"","_jetpack_dont_email_post_to_subs":false,"_jetpack_newsletter_tier_id":0,"_jetpack_memberships_contains_paywalled_content":false,"_jetpack_memberships_contains_paid_content":false,"footnotes":""},"categories":[1],"tags":[1089,90,169,3523,5143],"class_list":["post-55509","post","type-post","status-publish","format-standard","has-post-thumbnail","hentry","category-sin-categoria","tag-alianzas","tag-carlos-pena","tag-corruptos","tag-ladrones","tag-narco"],"jetpack_featured_media_url":"https:\/\/lasprimeras.com.do\/wp-content\/uploads\/2023\/07\/Carlos-Pena-candidato-a-la-presidencia.jpg","jetpack-related-posts":[{"id":51570,"url":"https:\/\/lasprimeras.com.do\/index.php\/2023\/06\/01\/carlos-pena-afirma-no-pactara-con-quienes-han-hecho-dano-al-pais\/","url_meta":{"origin":55509,"position":0},"title":"Carlos Pe\u00f1a afirma no pactar\u00e1 con quienes han hecho da\u00f1o al pa\u00eds","author":"prenxa100","date":"1 de junio de 2023","format":false,"excerpt":"Santo Domingo.- El candidato a la presidencia de la Rep\u00fablica por el Partido Generaci\u00f2n de Servidores (GenS), Carlos Pe\u00f1a, declar\u00f3 de manera contundente que no pactar\u00e1 con los partidos que han da\u00f1ado el pa\u00eds, refiri\u00e8ndose al PLD, Fuerza del Pueblo y el PRM. \"El Partido Generaci\u00f2n de Servidores no va\u2026","rel":"","context":"En \u00abSin categor\u00eda\u00bb","block_context":{"text":"Sin categor\u00eda","link":"https:\/\/lasprimeras.com.do\/index.php\/category\/sin-categoria\/"},"img":{"alt_text":"","src":"","width":0,"height":0},"classes":[]},{"id":78090,"url":"https:\/\/lasprimeras.com.do\/index.php\/2024\/02\/28\/pld-fp-y-prd-inscriben-candidaturas-presidenciales-separadas-para-mayo\/","url_meta":{"origin":55509,"position":1},"title":"PLD, FP, y PRD inscriben candidaturas presidenciales separadas para mayo","author":"BIMARY DE JES\u00daS Matos","date":"28 de febrero de 2024","format":false,"excerpt":"Santo Domingo.-La Junta Central Electoral (JCE) al vencerse ayer el plazo para que las organizaciones pol\u00edticas depositen sus alianzas ante la Junta Central Electoral (JCE), los partidos mayoritarios opositores inscribieron sus pactos para el nivel congresual, ya que en el presidencial confirmaron que llevar\u00e1n candidaturas propias. Poco antes de las\u2026","rel":"","context":"En \u00abSin categor\u00eda\u00bb","block_context":{"text":"Sin categor\u00eda","link":"https:\/\/lasprimeras.com.do\/index.php\/category\/sin-categoria\/"},"img":{"alt_text":"","src":"https:\/\/i0.wp.com\/lasprimeras.com.do\/wp-content\/uploads\/2024\/02\/3_El-Pais_09_3p01.jpg?resize=350%2C200&ssl=1","width":350,"height":200,"srcset":"https:\/\/i0.wp.com\/lasprimeras.com.do\/wp-content\/uploads\/2024\/02\/3_El-Pais_09_3p01.jpg?resize=350%2C200&ssl=1 1x, https:\/\/i0.wp.com\/lasprimeras.com.do\/wp-content\/uploads\/2024\/02\/3_El-Pais_09_3p01.jpg?resize=525%2C300&ssl=1 1.5x, https:\/\/i0.wp.com\/lasprimeras.com.do\/wp-content\/uploads\/2024\/02\/3_El-Pais_09_3p01.jpg?resize=700%2C400&ssl=1 2x"},"classes":[]},{"id":64699,"url":"https:\/\/lasprimeras.com.do\/index.php\/2023\/10\/22\/carlos-pena-es-proclamado-como-candidato-a-la-presidencia\/","url_meta":{"origin":55509,"position":2},"title":"Carlos Pe\u00f1a es proclamado como candidato a la presidencia","author":"Nelson Feliz","date":"22 de octubre de 2023","format":false,"excerpt":"El Partido Generaci\u00f3n de Servidores proclam\u00f3 al Ing. Carlos Pe\u00f1a como su candidato presidencial para las elecciones del a\u00f1o 2024, as\u00ed como sus senadores, alcaldes, diputados, regidores, directores a distritos municipales y sus vocales. En un multitudinario acto realizado en el Polideportivo del Club Ensanche La Fe, miles de miembros\u2026","rel":"","context":"En \u00abSin categor\u00eda\u00bb","block_context":{"text":"Sin categor\u00eda","link":"https:\/\/lasprimeras.com.do\/index.php\/category\/sin-categoria\/"},"img":{"alt_text":"Carlos Pe\u00f1a, candiato a la presidencia","src":"https:\/\/i0.wp.com\/lasprimeras.com.do\/wp-content\/uploads\/2023\/10\/Carlos-Pena-candiato-a-la-presidencia.jpg?resize=350%2C200&ssl=1","width":350,"height":200,"srcset":"https:\/\/i0.wp.com\/lasprimeras.com.do\/wp-content\/uploads\/2023\/10\/Carlos-Pena-candiato-a-la-presidencia.jpg?resize=350%2C200&ssl=1 1x, https:\/\/i0.wp.com\/lasprimeras.com.do\/wp-content\/uploads\/2023\/10\/Carlos-Pena-candiato-a-la-presidencia.jpg?resize=525%2C300&ssl=1 1.5x, https:\/\/i0.wp.com\/lasprimeras.com.do\/wp-content\/uploads\/2023\/10\/Carlos-Pena-candiato-a-la-presidencia.jpg?resize=700%2C400&ssl=1 2x"},"classes":[]},{"id":78056,"url":"https:\/\/lasprimeras.com.do\/index.php\/2024\/02\/27\/vicepresidente-de-la-fnp-dijo-que-esa-organizacion-no-tendra-candidato-presidencial\/","url_meta":{"origin":55509,"position":3},"title":"Vicepresidente de la FNP dijo que esa organizaci\u00f3n no tendr\u00e1 candidato presidencial","author":"Nelson Feliz","date":"27 de febrero de 2024","format":false,"excerpt":"A pesar de ir aliados a nivel Congresual con el Partido Revolucionario Moderno (PRM), la Fuerza Nacional Progresista (FNP) no ir\u00e1 aliada a esa organizaci\u00f3n pol\u00edtica en el nivel presidencial. As\u00ed lo inform\u00f3 el vicepresidente de esa organizaci\u00f3n, Pelegr\u00edn Castillo, quien indic\u00f3 que en la boleta presidencial no tendr\u00e1n ning\u00fan\u2026","rel":"","context":"En \u00abSin categor\u00eda\u00bb","block_context":{"text":"Sin categor\u00eda","link":"https:\/\/lasprimeras.com.do\/index.php\/category\/sin-categoria\/"},"img":{"alt_text":"","src":"https:\/\/i0.wp.com\/lasprimeras.com.do\/wp-content\/uploads\/2023\/09\/pelegrin-castillo-ve-canal-masacre-es-pretexto-para-unificar-fuerzas-en-haiti-contra-rd.jpg?resize=350%2C200&ssl=1","width":350,"height":200,"srcset":"https:\/\/i0.wp.com\/lasprimeras.com.do\/wp-content\/uploads\/2023\/09\/pelegrin-castillo-ve-canal-masacre-es-pretexto-para-unificar-fuerzas-en-haiti-contra-rd.jpg?resize=350%2C200&ssl=1 1x, https:\/\/i0.wp.com\/lasprimeras.com.do\/wp-content\/uploads\/2023\/09\/pelegrin-castillo-ve-canal-masacre-es-pretexto-para-unificar-fuerzas-en-haiti-contra-rd.jpg?resize=525%2C300&ssl=1 1.5x, https:\/\/i0.wp.com\/lasprimeras.com.do\/wp-content\/uploads\/2023\/09\/pelegrin-castillo-ve-canal-masacre-es-pretexto-para-unificar-fuerzas-en-haiti-contra-rd.jpg?resize=700%2C400&ssl=1 2x"},"classes":[]},{"id":57998,"url":"https:\/\/lasprimeras.com.do\/index.php\/2023\/08\/18\/gens-escogera-candidatos-en-asamblea-de-delegados\/","url_meta":{"origin":55509,"position":4},"title":"GenS escoger\u00e1 candidatos en Asamblea de Delegados","author":"Nelson Feliz","date":"18 de agosto de 2023","format":false,"excerpt":"Considera es insensible en estos momentos gastar recursos del pueblo en primarias. El candidato presidencial del Partido Generaci\u00f3n de Servidores (GenS), Carlos Pe\u00f1a, escoger\u00e1 sus candidatos en todos los niveles de elecci\u00f3n, por el m\u00e9todo de Asamblea de Delegados, por entender que realizar Primarias Internas que hasta hoy hab\u00eda en\u2026","rel":"","context":"En \u00abSin categor\u00eda\u00bb","block_context":{"text":"Sin categor\u00eda","link":"https:\/\/lasprimeras.com.do\/index.php\/category\/sin-categoria\/"},"img":{"alt_text":"Carlos Pe\u00f1a","src":"https:\/\/i0.wp.com\/lasprimeras.com.do\/wp-content\/uploads\/2023\/08\/Carlos-Pena.jpg?resize=350%2C200&ssl=1","width":350,"height":200,"srcset":"https:\/\/i0.wp.com\/lasprimeras.com.do\/wp-content\/uploads\/2023\/08\/Carlos-Pena.jpg?resize=350%2C200&ssl=1 1x, https:\/\/i0.wp.com\/lasprimeras.com.do\/wp-content\/uploads\/2023\/08\/Carlos-Pena.jpg?resize=525%2C300&ssl=1 1.5x"},"classes":[]},{"id":59904,"url":"https:\/\/lasprimeras.com.do\/index.php\/2023\/09\/08\/odell-suero-insta-a-guillermo-moreno-a-que-contribuya-mas-y-critique-menos\/","url_meta":{"origin":55509,"position":5},"title":"Odell Suero insta a Guillermo Moreno a que &#8220;contribuya m\u00e1s y critique menos&#8221;","author":"Nelson Feliz","date":"8 de septiembre de 2023","format":false,"excerpt":"Por Francis P\u00e9rez NUEVA YORK.- El dirigente del partido Fuerza del Pueblo (FP), Odell Suero, reaccion\u00f3 a las criticas del presidente de AlPa\u00eds, Guillermo Moreno, a la reci\u00e9n conformada alianza opositora \u00abRescate RD\u00bb y le inst\u00f3 a que \"contribuya m\u00e1s y critique menos\". \"Exhorto a nuestro amigo Guillermo Moreno a\u2026","rel":"","context":"En \u00abSin categor\u00eda\u00bb","block_context":{"text":"Sin categor\u00eda","link":"https:\/\/lasprimeras.com.do\/index.php\/category\/sin-categoria\/"},"img":{"alt_text":"Odell Suero","src":"https:\/\/i0.wp.com\/lasprimeras.com.do\/wp-content\/uploads\/2023\/09\/Odell-Suero.jpg?resize=350%2C200&ssl=1","width":350,"height":200,"srcset":"https:\/\/i0.wp.com\/lasprimeras.com.do\/wp-content\/uploads\/2023\/09\/Odell-Suero.jpg?resize=350%2C200&ssl=1 1x, https:\/\/i0.wp.com\/lasprimeras.com.do\/wp-content\/uploads\/2023\/09\/Odell-Suero.jpg?resize=525%2C300&ssl=1 1.5x"},"classes":[]}],"jetpack_sharing_enabled":true,"_links":{"self":[{"href":"https:\/\/lasprimeras.com.do\/index.php\/wp-json\/wp\/v2\/posts\/55509","targetHints":{"allow":["GET"]}}],"collection":[{"href":"https:\/\/lasprimeras.com.do\/index.php\/wp-json\/wp\/v2\/posts"}],"about":[{"href":"https:\/\/lasprimeras.com.do\/index.php\/wp-json\/wp\/v2\/types\/post"}],"author":[{"embeddable":true,"href":"https:\/\/lasprimeras.com.do\/index.php\/wp-json\/wp\/v2\/users\/2"}],"replies":[{"embeddable":true,"href":"https:\/\/lasprimeras.com.do\/index.php\/wp-json\/wp\/v2\/comments?post=55509"}],"version-history":[{"count":1,"href":"https:\/\/lasprimeras.com.do\/index.php\/wp-json\/wp\/v2\/posts\/55509\/revisions"}],"predecessor-version":[{"id":55511,"href":"https:\/\/lasprimeras.com.do\/index.php\/wp-json\/wp\/v2\/posts\/55509\/revisions\/55511"}],"wp:featuredmedia":[{"embeddable":true,"href":"https:\/\/lasprimeras.com.do\/index.php\/wp-json\/wp\/v2\/media\/55510"}],"wp:attachment":[{"href":"https:\/\/lasprimeras.com.do\/index.php\/wp-json\/wp\/v2\/media?parent=55509"}],"wp:term":[{"taxonomy":"category","embeddable":true,"href":"https:\/\/lasprimeras.com.do\/index.php\/wp-json\/wp\/v2\/categories?post=55509"},{"taxonomy":"post_tag","embeddable":true,"href":"https:\/\/lasprimeras.com.do\/index.php\/wp-json\/wp\/v2\/tags?post=55509"}],"curies":[{"name":"wp","href":"https:\/\/api.w.org\/{rel}","templated":true}]}}