{"id":55512,"date":"2023-07-21T20:20:25","date_gmt":"2023-07-22T00:20:25","guid":{"rendered":"https:\/\/lasprimeras.com.do\/?p=55512"},"modified":"2023-07-21T20:20:26","modified_gmt":"2023-07-22T00:20:26","slug":"expertos-en-gastroenterologia-compartiran-avances-de-la-atencion-medica-en-la-region","status":"publish","type":"post","link":"https:\/\/lasprimeras.com.do\/index.php\/2023\/07\/21\/expertos-en-gastroenterologia-compartiran-avances-de-la-atencion-medica-en-la-region\/","title":{"rendered":"Expertos en gastroenterolog\u00eda compartir\u00e1n avances de la atenci\u00f3n m\u00e9dica en la regi\u00f3n"},"content":{"rendered":"\n<p>Del 27 al 30 de julio, m\u00e1s de 220 destacados especialistas en gastroenterolog\u00eda se reunir\u00e1n en el Gastro Summit 2023, un evento organizado por Asofarma (Grupo Adium) con el objetivo de compartir los \u00faltimos avances en investigaci\u00f3n y desarrollo de tratamientos innovadores en este campo en constante evoluci\u00f3n.<\/p>\n\n\n\n<p>El encuentro, que se llevar\u00e1 a cabo en Rep\u00fablica Dominicana, promete ser una plataforma para la colaboraci\u00f3n cient\u00edfica y la presentaci\u00f3n de descubrimientos clave que podr\u00edan transformar la atenci\u00f3n m\u00e9dica.<\/p>\n\n\n\n<p>El objetivo principal de Asofarma con esta actividad es mejorar la vida de los pacientes a trav\u00e9s de programas de educaci\u00f3n avalados y reconocidos internacionalmente.<\/p>\n\n\n\n<p>En esta ocasi\u00f3n, el Gastro Summit contar\u00e1 con la destacada participaci\u00f3n de 11 speakers y una coordinadora corporativa de la prestigiosa Instituci\u00f3n Cleveland Clinic, de la mano con un programa cient\u00edfico integral y una coordinaci\u00f3n del contenido para enriquecer la experiencia de los asistentes.<\/p>\n\n\n\n<p>El evento se enfocar\u00e1 en actualizaciones relacionadas con diversas \u00e1reas de la medicina, tales como gastroenterolog\u00eda, hepatolog\u00eda, enfermedad colorrectal, enfermedad inflamatoria intestinal, endoscop\u00eda, obesidad y nutrici\u00f3n, as\u00ed como casos cl\u00ednicos sobre quistes del p\u00e1ncreas, c\u00f3lico biliar, enfermedad de las v\u00edas biliares, entre otros.<\/p>\n\n\n\n<p>El programa incluir\u00e1 sesiones plenarias presentadas por investigadores destacados y expertos regionales, as\u00ed como paneles de discusi\u00f3n interactivos para fomentar el intercambio de conocimientos entre los especialistas, los cuales vienen de pa\u00edses como: Guatemala, El Salvador, Honduras, Nicaragua, Costa Rica, Panam\u00e1, Rep\u00fablica Dominicana, Jamaica, Trinidad &amp; Tobago y Colombia.<\/p>\n\n\n\n<p>&#8220;Estos espacios ofrecer\u00e1n a cada especialista la informaci\u00f3n adecuada y actual, para abordar oportunamente cualquier enfermedad que pueda presentarse en sus pacientes, logrando un impacto positivo en la vida de las personas&#8221;, afirm\u00f3 el Dr. Pablo Corella, gerente m\u00e9dico en Asofarma.<\/p>\n\n\n\n<p>Este evento representa una oportunidad \u00fanica para el intercambio de conocimientos y la actualizaci\u00f3n m\u00e9dica continua, consolidando a Asofarma como un aliado clave en la mejora de la atenci\u00f3n m\u00e9dica y la calidad de vida de los pacientes.<\/p>\n","protected":false},"excerpt":{"rendered":"<p>Del 27 al 30 de julio, m\u00e1s de 220 destacados especialistas en gastroenterolog\u00eda se reunir\u00e1n en el Gastro Summit 2023, un evento organizado por Asofarma (Grupo Adium) con el objetivo&hellip;<\/p>\n","protected":false},"author":2,"featured_media":55513,"comment_status":"open","ping_status":"open","sticky":false,"template":"","format":"standard","meta":{"content-type":"","jetpack_post_was_ever_published":false,"_jetpack_newsletter_access":"","_jetpack_dont_email_post_to_subs":false,"_jetpack_newsletter_tier_id":0,"_jetpack_memberships_contains_paywalled_content":false,"_jetpack_memberships_contains_paid_content":false,"footnotes":""},"categories":[1],"tags":[409,1192,1214,5144,5145,2403],"class_list":["post-55512","post","type-post","status-publish","format-standard","has-post-thumbnail","hentry","category-sin-categoria","tag-atencion","tag-avances","tag-expertos","tag-gastro-summit","tag-gastroenterologia","tag-medica"],"jetpack_featured_media_url":"https:\/\/lasprimeras.com.do\/wp-content\/uploads\/2023\/07\/Gastro-Summit-1.jpg","jetpack-related-posts":[{"id":118180,"url":"https:\/\/lasprimeras.com.do\/index.php\/2025\/12\/23\/presidente-del-cmd-juramentada-a-la-doctora-mir-a-font-frias-como-directora-de-ars-cmd\/","url_meta":{"origin":55512,"position":0},"title":"Presidente del CMD juramentada a la doctora Mir a Font Frias como directora de ARS-CMD","author":"Nelson Feliz","date":"23 de diciembre de 2025","format":false,"excerpt":"La Junta Directiva Nacional del CMD y del Consejo de Administraci\u00f3n de la ARS CMD, el Dr. Luis Pe\u00f1a Nu\u00f1ez presidente del Colegio M\u00e9dico Dominicano (CMD), juramento a la Dra Mirna Esther Fonfrias como la nueva directora ejecutiva de la ARS CMD. Mirna Fonfrias es una reconocida m\u00e9dico con una\u2026","rel":"","context":"En \u00abPORTADA\u00bb","block_context":{"text":"PORTADA","link":"https:\/\/lasprimeras.com.do\/index.php\/category\/portada\/"},"img":{"alt_text":"","src":"https:\/\/i0.wp.com\/lasprimeras.com.do\/wp-content\/uploads\/2025\/12\/IMG-20251223-WA0163.jpg?resize=350%2C200&ssl=1","width":350,"height":200,"srcset":"https:\/\/i0.wp.com\/lasprimeras.com.do\/wp-content\/uploads\/2025\/12\/IMG-20251223-WA0163.jpg?resize=350%2C200&ssl=1 1x, https:\/\/i0.wp.com\/lasprimeras.com.do\/wp-content\/uploads\/2025\/12\/IMG-20251223-WA0163.jpg?resize=525%2C300&ssl=1 1.5x, https:\/\/i0.wp.com\/lasprimeras.com.do\/wp-content\/uploads\/2025\/12\/IMG-20251223-WA0163.jpg?resize=700%2C400&ssl=1 2x, https:\/\/i0.wp.com\/lasprimeras.com.do\/wp-content\/uploads\/2025\/12\/IMG-20251223-WA0163.jpg?resize=1050%2C600&ssl=1 3x"},"classes":[]},{"id":120988,"url":"https:\/\/lasprimeras.com.do\/index.php\/2026\/01\/29\/medico-express-y-la-asociacion-de-hoteles-de-santo-domingo-firman-acuerdo-en-fitur\/","url_meta":{"origin":55512,"position":1},"title":"M\u00e9dico Express y la Asociaci\u00f3n de Hoteles de Santo Domingo firman acuerdo en FITUR","author":"Nelson Feliz","date":"29 de enero de 2026","format":false,"excerpt":"El convenio dispone de un canal directo de referimiento para urgencias, consultas, im\u00e1genes diagn\u00f3sticas, laboratorio cl\u00ednico, gastroenterolog\u00eda, odontolog\u00eda, oftalmolog\u00eda y cirug\u00eda ambulatoria, bajo protocolos de respuesta r\u00e1pida y atenci\u00f3n biling\u00fce y coordinaci\u00f3n institucional. Madrid, Espa\u00f1a. En el marco de FITUR 2026, M\u00e9dico Express y la Asociaci\u00f3n de Hoteles de Santo\u2026","rel":"","context":"En \u00abSALUD\u00bb","block_context":{"text":"SALUD","link":"https:\/\/lasprimeras.com.do\/index.php\/category\/salud\/"},"img":{"alt_text":"El convenio dispone de un canal directo de referimiento para urgencias, consultas, im\u00e1genes diagn\u00f3sticas, laboratorio cl\u00ednico, gastroenterolog\u00eda, odontolog\u00eda, oftalmolog\u00eda y cirug\u00eda ambulatoria, bajo protocolos de respuesta r\u00e1pida y atenci\u00f3n biling\u00fce y coordinaci\u00f3n institucional.","src":"https:\/\/i0.wp.com\/lasprimeras.com.do\/wp-content\/uploads\/2026\/01\/fitur-1-1.jpg?resize=350%2C200&ssl=1","width":350,"height":200,"srcset":"https:\/\/i0.wp.com\/lasprimeras.com.do\/wp-content\/uploads\/2026\/01\/fitur-1-1.jpg?resize=350%2C200&ssl=1 1x, https:\/\/i0.wp.com\/lasprimeras.com.do\/wp-content\/uploads\/2026\/01\/fitur-1-1.jpg?resize=525%2C300&ssl=1 1.5x, https:\/\/i0.wp.com\/lasprimeras.com.do\/wp-content\/uploads\/2026\/01\/fitur-1-1.jpg?resize=700%2C400&ssl=1 2x"},"classes":[]},{"id":86039,"url":"https:\/\/lasprimeras.com.do\/index.php\/2024\/07\/15\/gastroenterologos-presentan-campana-sobre-prevencion-y-tratamiento-de-la-hepatitis\/","url_meta":{"origin":55512,"position":2},"title":"Gastroenter\u00f3logos presentan campa\u00f1a sobre prevenci\u00f3n y tratamiento de la hepatitis","author":"Nelson Feliz","date":"15 de julio de 2024","format":false,"excerpt":"La Sociedad Dominicana de Gastroenterolog\u00eda (SDG) advirti\u00f3 que en el caso de las hepatitis B y C, si no se tratan a tiempo, pueden provocar complicaciones como cirrosis o c\u00e1ncer de h\u00edgado. La Sociedad Dominicana de Gastroenterolog\u00eda (SDG) present\u00f3 la campa\u00f1a #hepatitiscero, con el objetivo de promover la prevenci\u00f3n y\u2026","rel":"","context":"En \u00abPORTADA\u00bb","block_context":{"text":"PORTADA","link":"https:\/\/lasprimeras.com.do\/index.php\/category\/portada\/"},"img":{"alt_text":"","src":"https:\/\/i0.wp.com\/lasprimeras.com.do\/wp-content\/uploads\/2024\/07\/Las-hepatitis-virales.jpg?resize=350%2C200&ssl=1","width":350,"height":200,"srcset":"https:\/\/i0.wp.com\/lasprimeras.com.do\/wp-content\/uploads\/2024\/07\/Las-hepatitis-virales.jpg?resize=350%2C200&ssl=1 1x, https:\/\/i0.wp.com\/lasprimeras.com.do\/wp-content\/uploads\/2024\/07\/Las-hepatitis-virales.jpg?resize=525%2C300&ssl=1 1.5x, https:\/\/i0.wp.com\/lasprimeras.com.do\/wp-content\/uploads\/2024\/07\/Las-hepatitis-virales.jpg?resize=700%2C400&ssl=1 2x"},"classes":[]},{"id":106352,"url":"https:\/\/lasprimeras.com.do\/index.php\/2025\/08\/13\/plusval-dominicana-celebra-con-exito-el-plusval-summit-2025\/","url_meta":{"origin":55512,"position":3},"title":"Plusval Dominicana celebra con \u00e9xito el Plusval Summit 2025","author":"Nelson Feliz","date":"13 de agosto de 2025","format":false,"excerpt":"Impulsando el aprendizaje y la innovaci\u00f3n, el evento se consolida como un punto de encuentro clave para el sector inmobiliario nacional Plusval Dominicana realiz\u00f3 con gran \u00e9xito el Plusval Summit 2025 en el Auditorio de la Universidad UNPHU. Este encuentro, consolidado como una de las principales plataformas de formaci\u00f3n y\u2026","rel":"","context":"En \u00abNACIONALES\u00bb","block_context":{"text":"NACIONALES","link":"https:\/\/lasprimeras.com.do\/index.php\/category\/nacionales\/"},"img":{"alt_text":"","src":"https:\/\/i0.wp.com\/lasprimeras.com.do\/wp-content\/uploads\/2025\/08\/PLUSVIAL.jpg?resize=350%2C200&ssl=1","width":350,"height":200,"srcset":"https:\/\/i0.wp.com\/lasprimeras.com.do\/wp-content\/uploads\/2025\/08\/PLUSVIAL.jpg?resize=350%2C200&ssl=1 1x, https:\/\/i0.wp.com\/lasprimeras.com.do\/wp-content\/uploads\/2025\/08\/PLUSVIAL.jpg?resize=525%2C300&ssl=1 1.5x, https:\/\/i0.wp.com\/lasprimeras.com.do\/wp-content\/uploads\/2025\/08\/PLUSVIAL.jpg?resize=700%2C400&ssl=1 2x"},"classes":[]},{"id":99053,"url":"https:\/\/lasprimeras.com.do\/index.php\/2025\/05\/16\/sns-y-cmd-buscan-salida-a-problemas-que-afectan-a-los-medicos\/","url_meta":{"origin":55512,"position":4},"title":"SNS y CMD buscan salida a problemas que afectan a los m\u00e9dicos","author":"Nelson Feliz","date":"16 de mayo de 2025","format":false,"excerpt":"El presidente del Colegio M\u00e9dico Dominicano Dr. Waldo Ariel Suero, inform\u00f3 que \u00a0el Servicio Nacional de Salud (SNS), encabezado por su director el Dr. Mario Lama \u00a0se reunieron para buscarle una salida a algunos problemas que afectan a los m\u00e9dicos. Los temas tratados fueron: Incentivos de los m\u00e9dicos de CECANOT,\u2026","rel":"","context":"En \u00abPORTADA\u00bb","block_context":{"text":"PORTADA","link":"https:\/\/lasprimeras.com.do\/index.php\/category\/portada\/"},"img":{"alt_text":"","src":"https:\/\/i0.wp.com\/lasprimeras.com.do\/wp-content\/uploads\/2025\/05\/Waldo-Ariel-Suero-1.jpg?resize=350%2C200&ssl=1","width":350,"height":200,"srcset":"https:\/\/i0.wp.com\/lasprimeras.com.do\/wp-content\/uploads\/2025\/05\/Waldo-Ariel-Suero-1.jpg?resize=350%2C200&ssl=1 1x, https:\/\/i0.wp.com\/lasprimeras.com.do\/wp-content\/uploads\/2025\/05\/Waldo-Ariel-Suero-1.jpg?resize=525%2C300&ssl=1 1.5x, https:\/\/i0.wp.com\/lasprimeras.com.do\/wp-content\/uploads\/2025\/05\/Waldo-Ariel-Suero-1.jpg?resize=700%2C400&ssl=1 2x"},"classes":[]},{"id":113717,"url":"https:\/\/lasprimeras.com.do\/index.php\/2025\/11\/05\/conaleche-participa-en-la-cumbre-mundial-de-la-lecheria-world-dairy-summit-2025-en-chile\/","url_meta":{"origin":55512,"position":5},"title":"CONALECHE participa en la &#8220;Cumbre Mundial de la Lecher\u00eda&#8221; World Dairy Summit 2025 en Chile","author":"Nelson Feliz","date":"5 de noviembre de 2025","format":false,"excerpt":"El Consejo Nacional para la Reglamentaci\u00f3n y Fomento de la Industria Lechera (CONALECHE) particip\u00f3 en la Cumbre Mundial de la Lecher\u00eda (IDF World Dairy Summit 2025), el principal evento internacional del sector, celebrado por primera vez en Sudam\u00e9rica. El encuentro, realizado en Chile, reuni\u00f3 a m\u00e1s de 1,090 participantes de\u2026","rel":"","context":"En \u00abNACIONALES\u00bb","block_context":{"text":"NACIONALES","link":"https:\/\/lasprimeras.com.do\/index.php\/category\/nacionales\/"},"img":{"alt_text":"","src":"https:\/\/i0.wp.com\/lasprimeras.com.do\/wp-content\/uploads\/2025\/11\/CONALECHE.jpg?resize=350%2C200&ssl=1","width":350,"height":200,"srcset":"https:\/\/i0.wp.com\/lasprimeras.com.do\/wp-content\/uploads\/2025\/11\/CONALECHE.jpg?resize=350%2C200&ssl=1 1x, https:\/\/i0.wp.com\/lasprimeras.com.do\/wp-content\/uploads\/2025\/11\/CONALECHE.jpg?resize=525%2C300&ssl=1 1.5x, https:\/\/i0.wp.com\/lasprimeras.com.do\/wp-content\/uploads\/2025\/11\/CONALECHE.jpg?resize=700%2C400&ssl=1 2x"},"classes":[]}],"jetpack_sharing_enabled":true,"_links":{"self":[{"href":"https:\/\/lasprimeras.com.do\/index.php\/wp-json\/wp\/v2\/posts\/55512","targetHints":{"allow":["GET"]}}],"collection":[{"href":"https:\/\/lasprimeras.com.do\/index.php\/wp-json\/wp\/v2\/posts"}],"about":[{"href":"https:\/\/lasprimeras.com.do\/index.php\/wp-json\/wp\/v2\/types\/post"}],"author":[{"embeddable":true,"href":"https:\/\/lasprimeras.com.do\/index.php\/wp-json\/wp\/v2\/users\/2"}],"replies":[{"embeddable":true,"href":"https:\/\/lasprimeras.com.do\/index.php\/wp-json\/wp\/v2\/comments?post=55512"}],"version-history":[{"count":1,"href":"https:\/\/lasprimeras.com.do\/index.php\/wp-json\/wp\/v2\/posts\/55512\/revisions"}],"predecessor-version":[{"id":55514,"href":"https:\/\/lasprimeras.com.do\/index.php\/wp-json\/wp\/v2\/posts\/55512\/revisions\/55514"}],"wp:featuredmedia":[{"embeddable":true,"href":"https:\/\/lasprimeras.com.do\/index.php\/wp-json\/wp\/v2\/media\/55513"}],"wp:attachment":[{"href":"https:\/\/lasprimeras.com.do\/index.php\/wp-json\/wp\/v2\/media?parent=55512"}],"wp:term":[{"taxonomy":"category","embeddable":true,"href":"https:\/\/lasprimeras.com.do\/index.php\/wp-json\/wp\/v2\/categories?post=55512"},{"taxonomy":"post_tag","embeddable":true,"href":"https:\/\/lasprimeras.com.do\/index.php\/wp-json\/wp\/v2\/tags?post=55512"}],"curies":[{"name":"wp","href":"https:\/\/api.w.org\/{rel}","templated":true}]}}