{"id":55518,"date":"2023-07-22T15:55:15","date_gmt":"2023-07-22T19:55:15","guid":{"rendered":"https:\/\/lasprimeras.com.do\/?p=55518"},"modified":"2023-07-22T15:55:16","modified_gmt":"2023-07-22T19:55:16","slug":"al-menos-10-migrantes-muertos-y-30-heridos-al-despenarse-autobus-en-colombia","status":"publish","type":"post","link":"https:\/\/lasprimeras.com.do\/index.php\/2023\/07\/22\/al-menos-10-migrantes-muertos-y-30-heridos-al-despenarse-autobus-en-colombia\/","title":{"rendered":"Al menos 10 migrantes muertos y 30 heridos al despe\u00f1arse autob\u00fas en Colombia"},"content":{"rendered":"\n<p>COLOMBIA.- Al menos diez personas han muerto y otras 30 se encuentran heridas al despe\u00f1arse este s\u00e1bado un autob\u00fas repleto de migrantes cerca de la ciudad colombiana de Bucaramanga, en el norte del pa\u00eds.<\/p>\n\n\n\n<p>Hasta 40 personas viajaban en el autob\u00fas, propiedad de la empresa Brasilia, en direcci\u00f3n a Valledupar para iniciar una traves\u00eda con Estados Unidos como destino final, cuando el veh\u00edculo acab\u00f3 cayendo por un barranco durante su trayecto en la v\u00eda Bucaramanga \u2013 San Alberto, seg\u00fan informan las autoridades locales a Radio Caracol.<\/p>\n\n\n\n<p>Los heridos se han repartido entre el hospital del municipio de El Play\u00f3n y el de la ciudad de Bucaramanga, mientras la Polic\u00eda investiga las circunstancias exactas del siniestro.<\/p>\n\n\n\n<p>Fuente EUROPA PRESS<\/p>\n","protected":false},"excerpt":{"rendered":"<p>COLOMBIA.- Al menos diez personas han muerto y otras 30 se encuentran heridas al despe\u00f1arse este s\u00e1bado un autob\u00fas repleto de migrantes cerca de la ciudad colombiana de Bucaramanga, en&hellip;<\/p>\n","protected":false},"author":2,"featured_media":55519,"comment_status":"open","ping_status":"open","sticky":false,"template":"","format":"standard","meta":{"content-type":"","jetpack_post_was_ever_published":false,"_jetpack_newsletter_access":"","_jetpack_dont_email_post_to_subs":false,"_jetpack_newsletter_tier_id":0,"_jetpack_memberships_contains_paywalled_content":false,"_jetpack_memberships_contains_paid_content":false,"footnotes":""},"categories":[1],"tags":[2709,2757,5147,1467,907,686],"class_list":["post-55518","post","type-post","status-publish","format-standard","has-post-thumbnail","hentry","category-sin-categoria","tag-autobus","tag-colombia","tag-despenarse","tag-heridos","tag-migrantes","tag-muertos"],"jetpack_featured_media_url":"https:\/\/lasprimeras.com.do\/wp-content\/uploads\/2023\/07\/ambulancia-222.jpg","jetpack-related-posts":[{"id":52555,"url":"https:\/\/lasprimeras.com.do\/index.php\/2023\/06\/11\/al-menos-diez-muertos-y-once-heridos-tras-volcar-un-autobus-en-australia\/","url_meta":{"origin":55518,"position":0},"title":"Al menos diez muertos y once heridos tras volcar un autob\u00fas en Australia","author":"prenxa100","date":"11 de junio de 2023","format":false,"excerpt":"Al menos diez personas han muerto y once resultaron heridas al volcar el autob\u00fas en el que viajaban en la localidad de Greta, a unos 180 kil\u00f3metros al norte de la ciudad de S\u00eddney, informaron este lunes fuentes policiales. La Polic\u00eda de la regi\u00f3n de Nueva Gales del Sur explic\u00f3\u2026","rel":"","context":"En \u00abSin categor\u00eda\u00bb","block_context":{"text":"Sin categor\u00eda","link":"https:\/\/lasprimeras.com.do\/index.php\/category\/sin-categoria\/"},"img":{"alt_text":"","src":"","width":0,"height":0},"classes":[]},{"id":83925,"url":"https:\/\/lasprimeras.com.do\/index.php\/2024\/05\/27\/un-autobus-choca-contra-vehiculos-en-el-sur-de-turquia-dejando-10-muertos-y-39-heridos\/","url_meta":{"origin":55518,"position":1},"title":"Un autob\u00fas choca contra veh\u00edculos en el sur de Turqu\u00eda, dejando 10 muertos y 39 heridos","author":"Nelson Feliz","date":"27 de mayo de 2024","format":false,"excerpt":"ANKARA, Turqu\u00eda (AP) \u2014 Un autob\u00fas de pasajeros se estrell\u00f3 contra veh\u00edculos en una carretera en el sur de Turqu\u00eda, matando al menos a 10 personas y dejando a otras 39 heridas, dijeron las autoridades el lunes. El accidente se produjo en la provincia de Mersin a \u00faltima hora del\u2026","rel":"","context":"En \u00abSin categor\u00eda\u00bb","block_context":{"text":"Sin categor\u00eda","link":"https:\/\/lasprimeras.com.do\/index.php\/category\/sin-categoria\/"},"img":{"alt_text":"","src":"https:\/\/i0.wp.com\/lasprimeras.com.do\/wp-content\/uploads\/2024\/05\/accid.jpg?resize=350%2C200&ssl=1","width":350,"height":200,"srcset":"https:\/\/i0.wp.com\/lasprimeras.com.do\/wp-content\/uploads\/2024\/05\/accid.jpg?resize=350%2C200&ssl=1 1x, https:\/\/i0.wp.com\/lasprimeras.com.do\/wp-content\/uploads\/2024\/05\/accid.jpg?resize=525%2C300&ssl=1 1.5x, https:\/\/i0.wp.com\/lasprimeras.com.do\/wp-content\/uploads\/2024\/05\/accid.jpg?resize=700%2C400&ssl=1 2x"},"classes":[]},{"id":98082,"url":"https:\/\/lasprimeras.com.do\/index.php\/2025\/05\/01\/doce-muertos-en-filipinas-tras-choque-de-autobus-de-pasajeros-contra-vehiculos-en-un-peaje\/","url_meta":{"origin":55518,"position":2},"title":"Doce muertos en Filipinas tras choque de autob\u00fas de pasajeros contra veh\u00edculos en un peaje","author":"Nelson Feliz","date":"1 de mayo de 2025","format":false,"excerpt":"MANILA, Filipinas (AP) \u2014 Al menos 12 personas, entre las que hab\u00eda menores, fallecieron el jueves cuando un autob\u00fas de pasajeros que circulaba a gran velocidad choc\u00f3 contra una fila de veh\u00edculos en un peaje de una autopista en el norte de Filipinas, dijo la polic\u00eda. M\u00e1s de dos docenas\u2026","rel":"","context":"En \u00abINTERNACIONALES\u00bb","block_context":{"text":"INTERNACIONALES","link":"https:\/\/lasprimeras.com.do\/index.php\/category\/sin-categoria\/internacionales\/"},"img":{"alt_text":"","src":"https:\/\/i0.wp.com\/lasprimeras.com.do\/wp-content\/uploads\/2025\/05\/Accidente-en-Filipinas.jpg?resize=350%2C200&ssl=1","width":350,"height":200,"srcset":"https:\/\/i0.wp.com\/lasprimeras.com.do\/wp-content\/uploads\/2025\/05\/Accidente-en-Filipinas.jpg?resize=350%2C200&ssl=1 1x, https:\/\/i0.wp.com\/lasprimeras.com.do\/wp-content\/uploads\/2025\/05\/Accidente-en-Filipinas.jpg?resize=525%2C300&ssl=1 1.5x, https:\/\/i0.wp.com\/lasprimeras.com.do\/wp-content\/uploads\/2025\/05\/Accidente-en-Filipinas.jpg?resize=700%2C400&ssl=1 2x, https:\/\/i0.wp.com\/lasprimeras.com.do\/wp-content\/uploads\/2025\/05\/Accidente-en-Filipinas.jpg?resize=1050%2C600&ssl=1 3x"},"classes":[]},{"id":56769,"url":"https:\/\/lasprimeras.com.do\/index.php\/2023\/08\/04\/interrogan-dominicano-por-accidente-que-dejo-18-muertos-en-mexico\/","url_meta":{"origin":55518,"position":3},"title":"Interrogan dominicano por accidente que dej\u00f3 18 muertos en M\u00e9xico","author":"Nelson Feliz","date":"4 de agosto de 2023","format":false,"excerpt":"Las se\u00f1ales indican que el conductor perdi\u00f3 el control del veh\u00edculo durante una curva por no respetar el l\u00edmite de velocidad. Un dominicano fue interrogado por la Fiscal\u00eda General del Estado de Nayarit, M\u00e9xico, sobre el accidente de autob\u00fas que 18 muertos y 22 heridos, la mayor\u00eda migrantes. V\u00edctor Adalberto\u2026","rel":"","context":"En \u00abSin categor\u00eda\u00bb","block_context":{"text":"Sin categor\u00eda","link":"https:\/\/lasprimeras.com.do\/index.php\/category\/sin-categoria\/"},"img":{"alt_text":"","src":"https:\/\/i0.wp.com\/lasprimeras.com.do\/wp-content\/uploads\/2023\/08\/accidente-en-mexico.jpg?resize=350%2C200&ssl=1","width":350,"height":200,"srcset":"https:\/\/i0.wp.com\/lasprimeras.com.do\/wp-content\/uploads\/2023\/08\/accidente-en-mexico.jpg?resize=350%2C200&ssl=1 1x, https:\/\/i0.wp.com\/lasprimeras.com.do\/wp-content\/uploads\/2023\/08\/accidente-en-mexico.jpg?resize=525%2C300&ssl=1 1.5x, https:\/\/i0.wp.com\/lasprimeras.com.do\/wp-content\/uploads\/2023\/08\/accidente-en-mexico.jpg?resize=700%2C400&ssl=1 2x"},"classes":[]},{"id":51296,"url":"https:\/\/lasprimeras.com.do\/index.php\/2023\/05\/30\/accidente-de-bus-deja-10-muertos-y-55-heridos-en-cachemira-india\/","url_meta":{"origin":55518,"position":4},"title":"Accidente de bus deja 10 muertos y 55 heridos en Cachemira india","author":"prenxa100","date":"30 de mayo de 2023","format":false,"excerpt":"SRINAGAR, India, AP.-. Al menos 10 personas fallecieron el martes y otras 55 resultaron heridas cuando un autob\u00fas que llevaba a peregrinos hind\u00faes a un santuario en la zona de Cachemira controlada por India cay\u00f3 desde un puente de la autopista a un desfiladero en el Himalaya, dijo la polic\u00eda.\u2026","rel":"","context":"En \u00abSin categor\u00eda\u00bb","block_context":{"text":"Sin categor\u00eda","link":"https:\/\/lasprimeras.com.do\/index.php\/category\/sin-categoria\/"},"img":{"alt_text":"","src":"","width":0,"height":0},"classes":[]},{"id":72730,"url":"https:\/\/lasprimeras.com.do\/index.php\/2024\/01\/02\/el-presidente-de-mexico-confirma-el-secuestro-de-31-migrantes-en-ee-uu\/","url_meta":{"origin":55518,"position":5},"title":"El presidente de M\u00e9xico confirma el secuestro de 31 migrantes en EE.UU","author":"BIMARY DE JES\u00daS Matos","date":"2 de enero de 2024","format":false,"excerpt":"Ciudad de M\u00e9xico.- Un grupo armado secuestr\u00f3 a al menos 31 migrantes, en su mayor\u00eda venezolanos, mientras iban el s\u00e1bado pasado en un cami\u00f3n en el estado mexicano de Tamaulipas, fronterizo con Estados Unidos, seg\u00fan confirm\u00f3 este martes el presidente, Andr\u00e9s Manuel L\u00f3pez Obrador. \u201cSe sabe que es un cami\u00f3n\u2026","rel":"","context":"En \u00abSin categor\u00eda\u00bb","block_context":{"text":"Sin categor\u00eda","link":"https:\/\/lasprimeras.com.do\/index.php\/category\/sin-categoria\/"},"img":{"alt_text":"","src":"https:\/\/i0.wp.com\/lasprimeras.com.do\/wp-content\/uploads\/2024\/01\/WhatsApp-Image-2024-01-02-at-2.04.35-PM.webp?resize=350%2C200&ssl=1","width":350,"height":200,"srcset":"https:\/\/i0.wp.com\/lasprimeras.com.do\/wp-content\/uploads\/2024\/01\/WhatsApp-Image-2024-01-02-at-2.04.35-PM.webp?resize=350%2C200&ssl=1 1x, https:\/\/i0.wp.com\/lasprimeras.com.do\/wp-content\/uploads\/2024\/01\/WhatsApp-Image-2024-01-02-at-2.04.35-PM.webp?resize=525%2C300&ssl=1 1.5x"},"classes":[]}],"jetpack_sharing_enabled":true,"_links":{"self":[{"href":"https:\/\/lasprimeras.com.do\/index.php\/wp-json\/wp\/v2\/posts\/55518","targetHints":{"allow":["GET"]}}],"collection":[{"href":"https:\/\/lasprimeras.com.do\/index.php\/wp-json\/wp\/v2\/posts"}],"about":[{"href":"https:\/\/lasprimeras.com.do\/index.php\/wp-json\/wp\/v2\/types\/post"}],"author":[{"embeddable":true,"href":"https:\/\/lasprimeras.com.do\/index.php\/wp-json\/wp\/v2\/users\/2"}],"replies":[{"embeddable":true,"href":"https:\/\/lasprimeras.com.do\/index.php\/wp-json\/wp\/v2\/comments?post=55518"}],"version-history":[{"count":1,"href":"https:\/\/lasprimeras.com.do\/index.php\/wp-json\/wp\/v2\/posts\/55518\/revisions"}],"predecessor-version":[{"id":55520,"href":"https:\/\/lasprimeras.com.do\/index.php\/wp-json\/wp\/v2\/posts\/55518\/revisions\/55520"}],"wp:featuredmedia":[{"embeddable":true,"href":"https:\/\/lasprimeras.com.do\/index.php\/wp-json\/wp\/v2\/media\/55519"}],"wp:attachment":[{"href":"https:\/\/lasprimeras.com.do\/index.php\/wp-json\/wp\/v2\/media?parent=55518"}],"wp:term":[{"taxonomy":"category","embeddable":true,"href":"https:\/\/lasprimeras.com.do\/index.php\/wp-json\/wp\/v2\/categories?post=55518"},{"taxonomy":"post_tag","embeddable":true,"href":"https:\/\/lasprimeras.com.do\/index.php\/wp-json\/wp\/v2\/tags?post=55518"}],"curies":[{"name":"wp","href":"https:\/\/api.w.org\/{rel}","templated":true}]}}