{"id":55600,"date":"2023-07-23T16:37:23","date_gmt":"2023-07-23T20:37:23","guid":{"rendered":"https:\/\/lasprimeras.com.do\/?p=55600"},"modified":"2023-07-23T16:37:25","modified_gmt":"2023-07-23T20:37:25","slug":"orlando-martinez-entrega-medicamentos-e-insumos-medicos-en-monsenor-nouel","status":"publish","type":"post","link":"https:\/\/lasprimeras.com.do\/index.php\/2023\/07\/23\/orlando-martinez-entrega-medicamentos-e-insumos-medicos-en-monsenor-nouel\/","title":{"rendered":"Orlando Mart\u00ednez entrega medicamentos e insumos m\u00e9dicos en Monse\u00f1or Nouel"},"content":{"rendered":"\n<p>El diputado y precandidato a senador por la provincia Monse\u00f1or Nouel, Orlando Mart\u00ednez, entreg\u00f3 cientos de unidades de medicamentos e insumos m\u00e9dicos, en un amplio programa de protecci\u00f3n social que desde la diputaci\u00f3n y en su calidad de alto dirigente del Partido Revolucionario Moderno (PRM) ha llevado adelante por varios a\u00f1os.<\/p>\n\n\n\n<p>Mart\u00ednez sostuvo que \u201cla salud es uno de los pilares del desarrollo humano, de la dignidad de la persona, y en esta ocasi\u00f3n hemos tenido la oportunidad de dar una mano amiga a ciudadanos de distintos distritos municipales que engloban una poblaci\u00f3n cercana a los 30 mil habitantes\u201d.<\/p>\n\n\n\n<p>En total, fueron 20 comunidades impactadas por la entrega de medicamentos e insumos m\u00e9dicos, que forman parte de los distritos municipales Arroyo Toro, Masipedro, La Salvia, Los Quemados y Blanco; Juma Bejucal y Villa Sonador en Bonao.<\/p>\n\n\n\n<p>Entre los medicamentos e insumos donados se encuentran vitaminas y minerales; Ivermectina; sales de hidrataci\u00f3n; jeringas de insulina, lentillas y mascarillas.<\/p>\n\n\n\n<p>\u201cComo servidores p\u00fablicos y representantes del gobierno proclam\u00f3 ahora, que no vamos a descansar hasta que cada ciudadano de esta maravillosa provincia tenga la oportunidad de acceder a un desarrollo de calidad, con salud, educaci\u00f3n y vivienda, ese es nuestro compromiso\u201d, concluy\u00f3 Orlando Mart\u00ednez.<\/p>\n","protected":false},"excerpt":{"rendered":"<p>El diputado y precandidato a senador por la provincia Monse\u00f1or Nouel, Orlando Mart\u00ednez, entreg\u00f3 cientos de unidades de medicamentos e insumos m\u00e9dicos, en un amplio programa de protecci\u00f3n social que&hellip;<\/p>\n","protected":false},"author":2,"featured_media":55601,"comment_status":"open","ping_status":"open","sticky":false,"template":"","format":"standard","meta":{"content-type":"","jetpack_post_was_ever_published":false,"_jetpack_newsletter_access":"","_jetpack_dont_email_post_to_subs":false,"_jetpack_newsletter_tier_id":0,"_jetpack_memberships_contains_paywalled_content":false,"_jetpack_memberships_contains_paid_content":false,"footnotes":""},"categories":[25],"tags":[899,1272,1273,961,3713,5183],"class_list":["post-55600","post","type-post","status-publish","format-standard","has-post-thumbnail","hentry","category-portada","tag-bonao","tag-insumos","tag-medicamentos","tag-medicos","tag-monsenor-nouel","tag-orlando-martinez"],"jetpack_featured_media_url":"https:\/\/lasprimeras.com.do\/wp-content\/uploads\/2023\/07\/Orlando-Martinez-1.jpg","jetpack-related-posts":[{"id":61506,"url":"https:\/\/lasprimeras.com.do\/index.php\/2023\/09\/27\/orlando-martinez-refuerza-compromiso-con-precandidatos-de-monsenor-nouel\/","url_meta":{"origin":55600,"position":0},"title":"Orlando Mart\u00ednez refuerza compromiso con precandidatos de Monse\u00f1or Nouel","author":"Nelson Feliz","date":"27 de septiembre de 2023","format":false,"excerpt":"El Diputado y aspirante a senador del PRM re\u00fane a 54 de los 85 precandidatos a regidores y vocales en un emotivo encuentro de apoyo y unidad. El destacado l\u00edder pol\u00edtico y Diputado Orlando Mart\u00ednez, quien aspira a convertirse en el pr\u00f3ximo Senador de la provincia Monse\u00f1or Nouel, demostr\u00f3 su\u2026","rel":"","context":"En \u00abSin categor\u00eda\u00bb","block_context":{"text":"Sin categor\u00eda","link":"https:\/\/lasprimeras.com.do\/index.php\/category\/sin-categoria\/"},"img":{"alt_text":"Orlando Mart\u00ednez","src":"https:\/\/i0.wp.com\/lasprimeras.com.do\/wp-content\/uploads\/2023\/09\/Orlando-Martinez.jpg?resize=350%2C200&ssl=1","width":350,"height":200,"srcset":"https:\/\/i0.wp.com\/lasprimeras.com.do\/wp-content\/uploads\/2023\/09\/Orlando-Martinez.jpg?resize=350%2C200&ssl=1 1x, https:\/\/i0.wp.com\/lasprimeras.com.do\/wp-content\/uploads\/2023\/09\/Orlando-Martinez.jpg?resize=525%2C300&ssl=1 1.5x, https:\/\/i0.wp.com\/lasprimeras.com.do\/wp-content\/uploads\/2023\/09\/Orlando-Martinez.jpg?resize=700%2C400&ssl=1 2x"},"classes":[]},{"id":86211,"url":"https:\/\/lasprimeras.com.do\/index.php\/2024\/07\/20\/luis-el-gallo-entrega-medicamentos-de-alto-costo-al-hospital-padre-billini\/","url_meta":{"origin":55600,"position":1},"title":"Luis El Gallo entrega medicamentos de alto costo al hospital Padre Billini","author":"Nelson Feliz","date":"20 de julio de 2024","format":false,"excerpt":"El presidente del\u00a0 Partido Uni\u00f3n Dem\u00f3crata Cristiana (UDC), Luis Acosta Moreta, Luis \u201cEl Gallo\u201d, entreg\u00f3\u00a0 medicamentos especiales de alto costo destinados al tratamiento de la diabetes y enfermedades catastr\u00f3ficas al hospital Padre Billini. Durante la entrega de los medicamentos, Luis \u201cEl Gallo\u201d resalt\u00f3 la importancia de la labor social que\u2026","rel":"","context":"En \u00abSin categor\u00eda\u00bb","block_context":{"text":"Sin categor\u00eda","link":"https:\/\/lasprimeras.com.do\/index.php\/category\/sin-categoria\/"},"img":{"alt_text":"Luis El Gallo","src":"https:\/\/i0.wp.com\/lasprimeras.com.do\/wp-content\/uploads\/2024\/07\/Luis-El-Gallo.jpg?resize=350%2C200&ssl=1","width":350,"height":200,"srcset":"https:\/\/i0.wp.com\/lasprimeras.com.do\/wp-content\/uploads\/2024\/07\/Luis-El-Gallo.jpg?resize=350%2C200&ssl=1 1x, https:\/\/i0.wp.com\/lasprimeras.com.do\/wp-content\/uploads\/2024\/07\/Luis-El-Gallo.jpg?resize=525%2C300&ssl=1 1.5x, https:\/\/i0.wp.com\/lasprimeras.com.do\/wp-content\/uploads\/2024\/07\/Luis-El-Gallo.jpg?resize=700%2C400&ssl=1 2x"},"classes":[]},{"id":117420,"url":"https:\/\/lasprimeras.com.do\/index.php\/2025\/12\/10\/gobierno-entrega-certificaciones-para-importantes-obras-comunitarias-en-monsenor-nouel\/","url_meta":{"origin":55600,"position":2},"title":"Gobierno entrega certificaciones para importantes obras comunitarias en Monse\u00f1or Nouel","author":"Nelson Feliz","date":"10 de diciembre de 2025","format":false,"excerpt":"El ministro administrativo de la Presidencia, Andr\u00e9s Bautista Garc\u00eda, encabez\u00f3 junto a la gobernadora provincial Adela Tejada, tres actos de entrega de certificaciones para la ejecuci\u00f3n de diversas obras demandadas por los residentes de los distritos municipales Sabana del Puerto y La Salvia\u2013Los Quemados, as\u00ed como del municipio Bonao, provincia\u2026","rel":"","context":"En \u00abNACIONALES\u00bb","block_context":{"text":"NACIONALES","link":"https:\/\/lasprimeras.com.do\/index.php\/category\/nacionales\/"},"img":{"alt_text":"","src":"https:\/\/i0.wp.com\/lasprimeras.com.do\/wp-content\/uploads\/2025\/12\/Luis-5.jpg?resize=350%2C200&ssl=1","width":350,"height":200,"srcset":"https:\/\/i0.wp.com\/lasprimeras.com.do\/wp-content\/uploads\/2025\/12\/Luis-5.jpg?resize=350%2C200&ssl=1 1x, https:\/\/i0.wp.com\/lasprimeras.com.do\/wp-content\/uploads\/2025\/12\/Luis-5.jpg?resize=525%2C300&ssl=1 1.5x, https:\/\/i0.wp.com\/lasprimeras.com.do\/wp-content\/uploads\/2025\/12\/Luis-5.jpg?resize=700%2C400&ssl=1 2x"},"classes":[]},{"id":49595,"url":"https:\/\/lasprimeras.com.do\/index.php\/2023\/05\/12\/escuelas-vocacionales-reciben-donacion-de-medicamentos-e-insumos\/","url_meta":{"origin":55600,"position":3},"title":"Escuelas Vocacionales reciben donaci\u00f3n de medicamentos e insumos","author":"prenxa100","date":"12 de mayo de 2023","format":false,"excerpt":"Por Wilson P\u00e9rez Santo Domingo Este.-. La Direcci\u00f3n General de las Escuelas Vocacionales de las Fuerzas Armadas y de la Polic\u00eda Nacional(DIGEV) recibieron hoy del coordinador del Gabinete de Pol\u00edtica Social, Tony Pe\u00f1a, una donaci\u00f3n de aproximadamente 7 millones de pesos en medicamentos e insumos para ser utilizados en los\u2026","rel":"","context":"En \u00abNACIONALES\u00bb","block_context":{"text":"NACIONALES","link":"https:\/\/lasprimeras.com.do\/index.php\/category\/nacionales\/"},"img":{"alt_text":"","src":"","width":0,"height":0},"classes":[]},{"id":58329,"url":"https:\/\/lasprimeras.com.do\/index.php\/2023\/08\/22\/diputado-orlando-martinez-verifica-planes-de-prevencion-ante-la-tormenta-franklin\/","url_meta":{"origin":55600,"position":4},"title":"Diputado Orlando Mart\u00ednez verifica planes de prevenci\u00f3n ante la tormenta Franklin","author":"Nelson Feliz","date":"22 de agosto de 2023","format":false,"excerpt":"El diputado y aspirante a senador por la provincia Monse\u00f1or Nouel(Bonao), Orlando Mart\u00ednez, realiz\u00f3 un recorrido a las sedes de diversos organismos de socorro de esta demarcaci\u00f3n para evaluar las medidas de prevenci\u00f3n ante la inminente llegada de la tormenta tropical Franklin. El recorrido abarc\u00f3 las instalaciones de la Defensa\u2026","rel":"","context":"En \u00abSin categor\u00eda\u00bb","block_context":{"text":"Sin categor\u00eda","link":"https:\/\/lasprimeras.com.do\/index.php\/category\/sin-categoria\/"},"img":{"alt_text":"Orlando Martinez","src":"https:\/\/i0.wp.com\/lasprimeras.com.do\/wp-content\/uploads\/2023\/08\/Orlando-Martinez.jpg?resize=350%2C200&ssl=1","width":350,"height":200,"srcset":"https:\/\/i0.wp.com\/lasprimeras.com.do\/wp-content\/uploads\/2023\/08\/Orlando-Martinez.jpg?resize=350%2C200&ssl=1 1x, https:\/\/i0.wp.com\/lasprimeras.com.do\/wp-content\/uploads\/2023\/08\/Orlando-Martinez.jpg?resize=525%2C300&ssl=1 1.5x, https:\/\/i0.wp.com\/lasprimeras.com.do\/wp-content\/uploads\/2023\/08\/Orlando-Martinez.jpg?resize=700%2C400&ssl=1 2x"},"classes":[]},{"id":62537,"url":"https:\/\/lasprimeras.com.do\/index.php\/2023\/10\/05\/medicos-del-moscoso-puello-anuncia-paro-el-lunes-y-el-martes-por-faltas-de-condiciones-en-el-centro\/","url_meta":{"origin":55600,"position":5},"title":"M\u00e9dicos del Moscoso Puello anuncia paro el lunes y el martes por faltas de condiciones en el centro","author":"BIMARY DE JES\u00daS Matos","date":"5 de octubre de 2023","format":false,"excerpt":"SANTO DOMINGO.- Los m\u00e9dicos residentes del hospital Francisco Moscoso Puello amenazaron con abandonar los servicios debido a la falta de condiciones para desarrollar sus labores en dicho centro de salud. El Consejo de Ense\u00f1anza del hospital tambi\u00e9n se expres\u00f3 al respecto y decret\u00f3 un paro para este lunes 9 y\u2026","rel":"","context":"En \u00abNACIONALES\u00bb","block_context":{"text":"NACIONALES","link":"https:\/\/lasprimeras.com.do\/index.php\/category\/nacionales\/"},"img":{"alt_text":"","src":"https:\/\/i0.wp.com\/lasprimeras.com.do\/wp-content\/uploads\/2023\/10\/WhatsApp-Image-2023-10-05-at-9.55.14-AM-1.webp?resize=350%2C200&ssl=1","width":350,"height":200,"srcset":"https:\/\/i0.wp.com\/lasprimeras.com.do\/wp-content\/uploads\/2023\/10\/WhatsApp-Image-2023-10-05-at-9.55.14-AM-1.webp?resize=350%2C200&ssl=1 1x, https:\/\/i0.wp.com\/lasprimeras.com.do\/wp-content\/uploads\/2023\/10\/WhatsApp-Image-2023-10-05-at-9.55.14-AM-1.webp?resize=525%2C300&ssl=1 1.5x, https:\/\/i0.wp.com\/lasprimeras.com.do\/wp-content\/uploads\/2023\/10\/WhatsApp-Image-2023-10-05-at-9.55.14-AM-1.webp?resize=700%2C400&ssl=1 2x"},"classes":[]}],"jetpack_sharing_enabled":true,"_links":{"self":[{"href":"https:\/\/lasprimeras.com.do\/index.php\/wp-json\/wp\/v2\/posts\/55600","targetHints":{"allow":["GET"]}}],"collection":[{"href":"https:\/\/lasprimeras.com.do\/index.php\/wp-json\/wp\/v2\/posts"}],"about":[{"href":"https:\/\/lasprimeras.com.do\/index.php\/wp-json\/wp\/v2\/types\/post"}],"author":[{"embeddable":true,"href":"https:\/\/lasprimeras.com.do\/index.php\/wp-json\/wp\/v2\/users\/2"}],"replies":[{"embeddable":true,"href":"https:\/\/lasprimeras.com.do\/index.php\/wp-json\/wp\/v2\/comments?post=55600"}],"version-history":[{"count":1,"href":"https:\/\/lasprimeras.com.do\/index.php\/wp-json\/wp\/v2\/posts\/55600\/revisions"}],"predecessor-version":[{"id":55602,"href":"https:\/\/lasprimeras.com.do\/index.php\/wp-json\/wp\/v2\/posts\/55600\/revisions\/55602"}],"wp:featuredmedia":[{"embeddable":true,"href":"https:\/\/lasprimeras.com.do\/index.php\/wp-json\/wp\/v2\/media\/55601"}],"wp:attachment":[{"href":"https:\/\/lasprimeras.com.do\/index.php\/wp-json\/wp\/v2\/media?parent=55600"}],"wp:term":[{"taxonomy":"category","embeddable":true,"href":"https:\/\/lasprimeras.com.do\/index.php\/wp-json\/wp\/v2\/categories?post=55600"},{"taxonomy":"post_tag","embeddable":true,"href":"https:\/\/lasprimeras.com.do\/index.php\/wp-json\/wp\/v2\/tags?post=55600"}],"curies":[{"name":"wp","href":"https:\/\/api.w.org\/{rel}","templated":true}]}}