{"id":55642,"date":"2023-07-23T20:43:39","date_gmt":"2023-07-24T00:43:39","guid":{"rendered":"https:\/\/lasprimeras.com.do\/?p=55642"},"modified":"2023-07-23T20:43:40","modified_gmt":"2023-07-24T00:43:40","slug":"leonel-el-gobierno-del-prm-vacio-las-neveras-y-apago-las-estufas-de-los-dominicanos","status":"publish","type":"post","link":"https:\/\/lasprimeras.com.do\/index.php\/2023\/07\/23\/leonel-el-gobierno-del-prm-vacio-las-neveras-y-apago-las-estufas-de-los-dominicanos\/","title":{"rendered":"Leonel: El gobierno del PRM vaci\u00f3 las neveras y apag\u00f3 las estufas de los dominicanos"},"content":{"rendered":"\n<p><strong>Aspirantes municipales del PRM llegan en masas a la FP<\/strong><\/p>\n\n\n\n<p>El precandidato presidencial de la Fuerza del Pueblo, Leonel Fern\u00e1ndez, reiter\u00f3 las duras cr\u00edticas que mantiene contra la actual gesti\u00f3n gubernamental de encarecimiento del costo de la vida y la falta de gerencia para dirigir el pa\u00eds.<\/p>\n\n\n\n<p>Fern\u00e1ndez describi\u00f3 a las autoridades gubernamentales como ineficientes, porque solo prometen y no cumplen. &#8220;Lo que tenemos ahora es muchos anuncios y pocas realizaciones y, como consecuencia de que no cumplen con sus promesas, porque son ineficientes, porque sencillamente lo que han hecho es vaciar las neveras y apagar las estufas, el pueblo dominicano dice que en el 2024 e&#8217;pa&#8217; fuera que van&#8221;.<\/p>\n\n\n\n<p>Durante unas breves palabras pronunciadas en el acto de incorporaci\u00f3n de nuevos miembros a la entidad pol\u00edtica que dirige, el l\u00edder pol\u00edtico ofreci\u00f3, que de volver a conducir los destinos del pa\u00eds, tiene un compromiso con el municipio de Villa Hermosa, La Romana. \u201cLa construcci\u00f3n del acueducto que tanto han esperado ser\u00e1 una realidad con el regreso del progreso a partir del pr\u00f3ximo a\u00f1o\u201d, afirm\u00f3 Fern\u00e1ndez.<\/p>\n\n\n\n<p>En Villa Hermosa, antes conocido como Los Mulos, en campa\u00f1as anteriores Fern\u00e1ndez hab\u00eda prometido el asfaltado de las calles y, cuando lleg\u00f3 a la presidencia, asfalt\u00f3 todas las calles del municipio y construy\u00f3 las aceras, de ah\u00ed la alta popularidad del exmandatario en esta localidad y en toda La Romana.<\/p>\n\n\n\n<p>Como bienvenida al acto de juramentaci\u00f3n de los nuevos miembros, el l\u00edder de la oposici\u00f3n pol\u00edtica dominicana fue recibido con una gran algarab\u00eda. La actividad que estaba programada para realizarse en el sal\u00f3n principal del Club Recreativo La Romana, tuvo que trasladarse a las afueras del local, frente al parque central, debido a la gran multitud que se dio cita al lugar, donde era evidente el entusiasmo de los presentes.<\/p>\n\n\n\n<p>En medio de consignas a favor de los precandidatos a puestos electivos, senador, diputados, alcaldes, regidores y directores de distritos municipales; el popular cantante, m\u00fasico y arreglista, Jos\u00e9 Pe\u00f1a Suazo, tambi\u00e9n anim\u00f3 con sus interpretaciones musicales.<\/p>\n\n\n\n<figure class=\"wp-block-image size-full is-resized\"><img decoding=\"async\" src=\"https:\/\/lasprimeras.com.do\/wp-content\/uploads\/2023\/07\/Leonel-Fernandez-2-1.jpg\" alt=\"\" class=\"wp-image-55644\" width=\"845\" height=\"476\" srcset=\"https:\/\/lasprimeras.com.do\/wp-content\/uploads\/2023\/07\/Leonel-Fernandez-2-1.jpg 700w, https:\/\/lasprimeras.com.do\/wp-content\/uploads\/2023\/07\/Leonel-Fernandez-2-1-300x169.jpg 300w\" sizes=\"(max-width: 845px) 100vw, 845px\" \/><\/figure>\n\n\n\n<p>Juramentados<\/p>\n\n\n\n<p>Fern\u00e1ndez dej\u00f3 juramentados como nuevos integrantes del partido Fuerza del Pueblo a renunciantes del PRM, PRSC, empresarios y ciudadanos independientes, entre los que se encuentran: Ram\u00f3n Antonio Rosario, regidor por el Partido Reformista Social Cristiano (PRSC) y presidente de la Sala Capitular.<\/p>\n\n\n\n<p>Otros de los juramentados por Fern\u00e1ndez en La Romana son los precandidatos a regidores por el Partido Revolucionario Moderno (PRM): Rom\u00e1n Rosario, Cristina Romano, Domingo Fidel, Amado Mercedes y Valerio Paulino; desde el PRSC la precandidata Lucilenia Solano y el precandidato a diputado Carlos S\u00e1nchez.<\/p>\n\n\n\n<p>Entre los juramentados en la FP del municipio de Villa Hermosa se encuentran los se\u00f1ores Sandy Constanzo, precandidato a alcalde y vicepresidente en esta localidad del partido gobernante; adem\u00e1s Ignacio Wilamo, precandidato a regidor y miembro de la direcci\u00f3n municipal de la misma entidad pol\u00edtica y; Misael Santana, tambi\u00e9n aspirante a regidor por PRM.<\/p>\n\n\n\n<p>En la tarde del domingo Fern\u00e1ndez sostuvo reuniones de trabajo con la dirigencia de la Fuerza del Pueblo en esta importante provincia del Este, con el objetivo de analizar y poner en ejecuci\u00f3n planes y acciones concretas para garantizar el triunfo electoral, tanto en las elecciones municipales del mes de febrero como en la Congresual y presidencial de mayo 2024.<\/p>\n\n\n\n<p>Tambi\u00e9n sostuvo un almuerzo privado con personalidades del sector empresarial de esta provincia, coordinado por el ingeniero C\u00e9sar Fern\u00e1ndez, enlace de la Direcci\u00f3n Pol\u00edtica para La Romana.<\/p>\n\n\n\n<p>En nombre de los nuevos juramentados habl\u00f3 Sandy Constanzo, regidor actual, vicepresidente de la Sala Capitular, precandidato a alcalde y vicepresidente del partido de gobierno. Durante su discurso dijo que deja atr\u00e1s 17 a\u00f1os de militancia pol\u00edtica para apoyar al aspirante presidencial y l\u00edder del pa\u00eds, Leonel Fern\u00e1ndez, \u201cquien ganar\u00e1 el pr\u00f3ximo proceso electoral para encabezar la segunda ola de transformaciones que requiere el pa\u00eds\u201d.<\/p>\n","protected":false},"excerpt":{"rendered":"<p>Aspirantes municipales del PRM llegan en masas a la FP El precandidato presidencial de la Fuerza del Pueblo, Leonel Fern\u00e1ndez, reiter\u00f3 las duras cr\u00edticas que mantiene contra la actual gesti\u00f3n&hellip;<\/p>\n","protected":false},"author":2,"featured_media":55643,"comment_status":"open","ping_status":"open","sticky":false,"template":"","format":"standard","meta":{"content-type":"","jetpack_post_was_ever_published":false,"_jetpack_newsletter_access":"","_jetpack_dont_email_post_to_subs":false,"_jetpack_newsletter_tier_id":0,"_jetpack_memberships_contains_paywalled_content":false,"_jetpack_memberships_contains_paid_content":false,"footnotes":""},"categories":[25],"tags":[487,2237,171,51,5203,31],"class_list":["post-55642","post","type-post","status-publish","format-standard","has-post-thumbnail","hentry","category-portada","tag-dominicanos","tag-estufas","tag-gobierno","tag-leonel-fernandez","tag-neveras","tag-prm"],"jetpack_featured_media_url":"https:\/\/lasprimeras.com.do\/wp-content\/uploads\/2023\/07\/Leonel-Fernandez-1.jpg","jetpack-related-posts":[{"id":59459,"url":"https:\/\/lasprimeras.com.do\/index.php\/2023\/09\/04\/leonel-reitera-que-el-gobierno-del-cambio-es-neveras-vacias-estufas-apaga-y-en-la-mesa-na-de-na\/","url_meta":{"origin":55642,"position":0},"title":"Leonel reitera que el gobierno del &#8220;cambio&#8221; es neveras vac\u00edas, estufas apaga\u2019 y en la mesa, \u201cna de na\u201d","author":"Nelson Feliz","date":"4 de septiembre de 2023","format":false,"excerpt":"El precandidato a la Presidencia de la Rep\u00fablica por el partido Fuerza del Pueblo, Leonel Fern\u00e1ndez, reiter\u00f3 en Valverde, Mao que el gobierno de Luis Abinader, \u201cha significado las neveras vac\u00edas, las estufas apaga\u2019 y, en la mesa na' de na\u201d. Leonel Fern\u00e1ndez asegur\u00f3 que: \u201cLo esencial para un pueblo\u2026","rel":"","context":"En \u00abPORTADA\u00bb","block_context":{"text":"PORTADA","link":"https:\/\/lasprimeras.com.do\/index.php\/category\/portada\/"},"img":{"alt_text":"Leonel Fern\u00e1ndez","src":"https:\/\/i0.wp.com\/lasprimeras.com.do\/wp-content\/uploads\/2023\/09\/Leonel-Fernandez-1.jpg?resize=350%2C200&ssl=1","width":350,"height":200,"srcset":"https:\/\/i0.wp.com\/lasprimeras.com.do\/wp-content\/uploads\/2023\/09\/Leonel-Fernandez-1.jpg?resize=350%2C200&ssl=1 1x, https:\/\/i0.wp.com\/lasprimeras.com.do\/wp-content\/uploads\/2023\/09\/Leonel-Fernandez-1.jpg?resize=525%2C300&ssl=1 1.5x, https:\/\/i0.wp.com\/lasprimeras.com.do\/wp-content\/uploads\/2023\/09\/Leonel-Fernandez-1.jpg?resize=700%2C400&ssl=1 2x"},"classes":[]},{"id":114218,"url":"https:\/\/lasprimeras.com.do\/index.php\/2025\/11\/11\/leonel-fernandez-ve-ineficiencia-del-gobierno-provoco-el-apagon\/","url_meta":{"origin":55642,"position":1},"title":"Leonel Fern\u00e1ndez ve \u201cineficiencia del Gobierno\u201d provoc\u00f3 el apag\u00f3n","author":"Nelson Feliz","date":"11 de noviembre de 2025","format":false,"excerpt":"El expresidente Leonel Fern\u00e1ndez conden\u00f3 el apag\u00f3n general que se ha producido este martes en la Rep\u00fablica Dominicana se\u00f1alando, entre otras cosas, que \u201cla ineficiencia del gobierno del PRM no podr\u00eda ser mayor\u201d. En un primer mensaje publicado en redes sociales, Fern\u00e1ndez, presidente del opositor Partido Fuerza del Pueblo, dijo\u2026","rel":"","context":"En \u00abPOLITICA\u00bb","block_context":{"text":"POLITICA","link":"https:\/\/lasprimeras.com.do\/index.php\/category\/politica\/"},"img":{"alt_text":"Leonel Fern\u00e1ndez","src":"https:\/\/i0.wp.com\/lasprimeras.com.do\/wp-content\/uploads\/2025\/11\/Leonel-Fernandez.jpg?resize=350%2C200&ssl=1","width":350,"height":200,"srcset":"https:\/\/i0.wp.com\/lasprimeras.com.do\/wp-content\/uploads\/2025\/11\/Leonel-Fernandez.jpg?resize=350%2C200&ssl=1 1x, https:\/\/i0.wp.com\/lasprimeras.com.do\/wp-content\/uploads\/2025\/11\/Leonel-Fernandez.jpg?resize=525%2C300&ssl=1 1.5x"},"classes":[]},{"id":126127,"url":"https:\/\/lasprimeras.com.do\/index.php\/2026\/03\/29\/leonel-afirma-que-los-precios-ya-subian-por-la-ineficiencia-del-prm\/","url_meta":{"origin":55642,"position":2},"title":"Leonel afirma que los precios ya sub\u00edan por la ineficiencia del PRM","author":"Nelson Feliz","date":"29 de marzo de 2026","format":false,"excerpt":"El expresidente asegura que el pueblo dominicano se siente frustrado y afirma que el Gobierno del PRM no est\u00e1 para excusas, sino para resolver los problemas del pa\u00eds. Hermanas Mirabal.\u2013 El presidente del partido Fuerza del Pueblo (FP) y expresidente de la Rep\u00fablica, Leonel Fern\u00e1ndez, afirm\u00f3 que el alza en\u2026","rel":"","context":"En \u00abECONOM\u00cdA\u00bb","block_context":{"text":"ECONOM\u00cdA","link":"https:\/\/lasprimeras.com.do\/index.php\/category\/economia\/"},"img":{"alt_text":"Leonel Fern\u00e1ndez","src":"https:\/\/i0.wp.com\/lasprimeras.com.do\/wp-content\/uploads\/2026\/03\/Leonel-Fernandez.jpg?resize=350%2C200&ssl=1","width":350,"height":200,"srcset":"https:\/\/i0.wp.com\/lasprimeras.com.do\/wp-content\/uploads\/2026\/03\/Leonel-Fernandez.jpg?resize=350%2C200&ssl=1 1x, https:\/\/i0.wp.com\/lasprimeras.com.do\/wp-content\/uploads\/2026\/03\/Leonel-Fernandez.jpg?resize=525%2C300&ssl=1 1.5x, https:\/\/i0.wp.com\/lasprimeras.com.do\/wp-content\/uploads\/2026\/03\/Leonel-Fernandez.jpg?resize=700%2C400&ssl=1 2x"},"classes":[]},{"id":109731,"url":"https:\/\/lasprimeras.com.do\/index.php\/2025\/09\/21\/leonel-asegura-desde-nueva-york-que-el-prm-ha-colapsado-los-servicios-publicos\/","url_meta":{"origin":55642,"position":3},"title":"Leonel asegura desde Nueva York que el PRM ha colapsado los servicios p\u00fablicos","author":"Nelson Feliz","date":"21 de septiembre de 2025","format":false,"excerpt":"El l\u00edder de la Fuerza del Pueblo afirm\u00f3 que el fracaso del Gobierno se debe a ineficiencia y asegur\u00f3 que su partido encabeza el camino hacia el 2028.\u201cLos hospitales est\u00e1n m\u00e1s enfermos que los pacientes\u201d Nueva York. \u2013 El expresidente de la Rep\u00fablica Dominicana y l\u00edder de la Fuerza del\u2026","rel":"","context":"En \u00abPOLITICA\u00bb","block_context":{"text":"POLITICA","link":"https:\/\/lasprimeras.com.do\/index.php\/category\/politica\/"},"img":{"alt_text":"","src":"https:\/\/i0.wp.com\/lasprimeras.com.do\/wp-content\/uploads\/2025\/09\/Leonel-Fernandez-1.jpg?resize=350%2C200&ssl=1","width":350,"height":200,"srcset":"https:\/\/i0.wp.com\/lasprimeras.com.do\/wp-content\/uploads\/2025\/09\/Leonel-Fernandez-1.jpg?resize=350%2C200&ssl=1 1x, https:\/\/i0.wp.com\/lasprimeras.com.do\/wp-content\/uploads\/2025\/09\/Leonel-Fernandez-1.jpg?resize=525%2C300&ssl=1 1.5x, https:\/\/i0.wp.com\/lasprimeras.com.do\/wp-content\/uploads\/2025\/09\/Leonel-Fernandez-1.jpg?resize=700%2C400&ssl=1 2x"},"classes":[]},{"id":50749,"url":"https:\/\/lasprimeras.com.do\/index.php\/2023\/05\/23\/radhames-jimenez-el-pueblo-ha-bautizado-al-gobierno-del-prm-como-los-apaga-estufas\/","url_meta":{"origin":55642,"position":4},"title":"Radham\u00e9s Jim\u00e9nez: El pueblo ha bautizado al gobierno del PRM, como los apaga estufas","author":"prenxa100","date":"23 de mayo de 2023","format":false,"excerpt":"\u201cJuramenta nuevos miembros en la FP\u201d Santo Domingo.-. El vicepresidente y coordinador pol\u00edtico del partido Fuerza del Pueblo, Radham\u00e9s Jim\u00e9nez Pe\u00f1a, afirmo que el pueblo ha bautizado al PRM como \u201cel gobierno de los apaga estufas\u201d. \u00a0Jim\u00e9nez Pe\u00f1a, sostuvo que muchos dominicanos est\u00e1n pasando por situaciones dif\u00edciles, ya que no\u2026","rel":"","context":"En \u00abPORTADA\u00bb","block_context":{"text":"PORTADA","link":"https:\/\/lasprimeras.com.do\/index.php\/category\/portada\/"},"img":{"alt_text":"","src":"","width":0,"height":0},"classes":[]},{"id":112647,"url":"https:\/\/lasprimeras.com.do\/index.php\/2025\/10\/25\/afirma-ineficiencia-gobierno-rd-tambien-se-manifiesta-en-dominicanos-residentes-en-el-exterior\/","url_meta":{"origin":55642,"position":5},"title":"Afirma ineficiencia Gobierno RD tambi\u00e9n se manifiesta en dominicanos residentes en el exterior","author":"Nelson Feliz","date":"25 de octubre de 2025","format":false,"excerpt":"Por Ram\u00f3n Mercedes NUEVA YORK.- El coordinador general del proyecto \u00ab300 con Leonel\u00bb en esta ciudad, Geraldo Rosario, cat\u00e1logo de ineficiente e incapaz la administraci\u00f3n gubernamental del partido de gobierno respecto a los dominicanos residentes en el exterior. A\u00f1ade que a raz\u00f3n de todas las calamidades que sufren nuestros connacionales\u2026","rel":"","context":"En \u00abLA VOZ DE LA DIASPORA\u00bb","block_context":{"text":"LA VOZ DE LA DIASPORA","link":"https:\/\/lasprimeras.com.do\/index.php\/category\/la-voz-de-la-diaspora\/"},"img":{"alt_text":"","src":"https:\/\/i0.wp.com\/lasprimeras.com.do\/wp-content\/uploads\/2025\/10\/WhatsApp-Image-2025-10-24-at-5.36.52-AM-2.jpeg?resize=350%2C200&ssl=1","width":350,"height":200},"classes":[]}],"jetpack_sharing_enabled":true,"_links":{"self":[{"href":"https:\/\/lasprimeras.com.do\/index.php\/wp-json\/wp\/v2\/posts\/55642","targetHints":{"allow":["GET"]}}],"collection":[{"href":"https:\/\/lasprimeras.com.do\/index.php\/wp-json\/wp\/v2\/posts"}],"about":[{"href":"https:\/\/lasprimeras.com.do\/index.php\/wp-json\/wp\/v2\/types\/post"}],"author":[{"embeddable":true,"href":"https:\/\/lasprimeras.com.do\/index.php\/wp-json\/wp\/v2\/users\/2"}],"replies":[{"embeddable":true,"href":"https:\/\/lasprimeras.com.do\/index.php\/wp-json\/wp\/v2\/comments?post=55642"}],"version-history":[{"count":1,"href":"https:\/\/lasprimeras.com.do\/index.php\/wp-json\/wp\/v2\/posts\/55642\/revisions"}],"predecessor-version":[{"id":55645,"href":"https:\/\/lasprimeras.com.do\/index.php\/wp-json\/wp\/v2\/posts\/55642\/revisions\/55645"}],"wp:featuredmedia":[{"embeddable":true,"href":"https:\/\/lasprimeras.com.do\/index.php\/wp-json\/wp\/v2\/media\/55643"}],"wp:attachment":[{"href":"https:\/\/lasprimeras.com.do\/index.php\/wp-json\/wp\/v2\/media?parent=55642"}],"wp:term":[{"taxonomy":"category","embeddable":true,"href":"https:\/\/lasprimeras.com.do\/index.php\/wp-json\/wp\/v2\/categories?post=55642"},{"taxonomy":"post_tag","embeddable":true,"href":"https:\/\/lasprimeras.com.do\/index.php\/wp-json\/wp\/v2\/tags?post=55642"}],"curies":[{"name":"wp","href":"https:\/\/api.w.org\/{rel}","templated":true}]}}