{"id":55655,"date":"2023-07-24T07:08:23","date_gmt":"2023-07-24T11:08:23","guid":{"rendered":"https:\/\/lasprimeras.com.do\/?p=55655"},"modified":"2023-07-24T07:08:24","modified_gmt":"2023-07-24T11:08:24","slug":"zelenski-explica-por-que-no-avanza-la-contraofensiva-de-ucrania","status":"publish","type":"post","link":"https:\/\/lasprimeras.com.do\/index.php\/2023\/07\/24\/zelenski-explica-por-que-no-avanza-la-contraofensiva-de-ucrania\/","title":{"rendered":"Zelenski explica por qu\u00e9 no avanza la contraofensiva de Ucrania"},"content":{"rendered":"\n<p><strong>El presidente ruso, Vlad\u00edmir Putin, se\u00f1al\u00f3 este domingo que las p\u00e9rdidas de las fuerzas de Kiev desde el pasado 4 de junio superan los 26.000 efectivos.<\/strong><\/p>\n\n\n\n<p>El presidente de Ucrania, Vlad\u00edmir Zelenski, atribuye la falta de avances significativos de la contraofensiva de Kiev contra las tropas rusas a la carencia de municiones y al nivel insuficiente de preparaci\u00f3n de sus militares para manejar equipos occidentales.<\/p>\n\n\n\n<p>&#8220;Ten\u00edamos planes para iniciar [la contraofensiva] en primavera. Pero no lo hicimos, porque, francamente, no ten\u00edamos suficientes municiones ni armamentos, ni suficientes brigadas debidamente entrenadas en estas armas, m\u00e1s teniendo en cuenta que las misiones de entrenamiento se realizaban fuera de Ucrania.<\/p>\n\n\n\n<p>Pero, aun as\u00ed, empezamos. Y esto es importante&#8221;, subray\u00f3 Zelenski en una entrevista con el periodista Fareed Zakaria, de la cadena estadounidense CNN emitida este domingo.<\/p>\n\n\n\n<p>Asimismo, el mandatario ucraniano, que reiter\u00f3 sus argumentos expresados durante el foro de seguridad de Aspen celebrado el viernes, indic\u00f3 que los retrasos en las entregas de armas occidentales permitieron al Ej\u00e9rcito ruso minar los territorios por los que las tropas ucranianas intentan avanzar ahora sin mayores \u00e9xitos.<\/p>\n\n\n\n<p>&#8220;Y como empezamos un poco m\u00e1s tarde, se puede decir, y ser\u00e1 verdad compartida y comprendida por todos los expertos, que Rusia gan\u00f3 tiempo para minar todas nuestras tierras y construir varias l\u00edneas de defensa. Y, definitivamente, tuvieron incluso m\u00e1s tiempo del que necesitaban&#8221;, argument\u00f3 Zelenski para explicar la lentitud de la contraofensiva<\/p>\n\n\n\n<p>En este contexto, el mandatario ucraniano volvi\u00f3 a asegurar que para sus fuerzas la prioridad pasa por minimizar las bajas entre el personal y la t\u00e9cnica militar.<\/p>\n\n\n\n<p>&#8220;S\u00ed, entiendo que siempre es mejor que la victoria llegue pronto. Esto es lo que tambi\u00e9n queremos. Pero la cuesti\u00f3n es el precio de esta victoria. Por lo tanto, no arrojemos a la gente literalmente bajo los tanques. Planifiquemos nuestra contraofensiva tal y como lo sugieren nuestros analistas, nuestra inteligencia&#8221;, declar\u00f3.<\/p>\n\n\n\n<p>Este mismo domingo el presidente ruso, Vlad\u00edmir Putin, se\u00f1al\u00f3 durante una reuni\u00f3n con su hom\u00f3logo bielorruso, Alex\u00e1nder Lukashenko, que la contraofensiva de Kiev &#8220;fracas\u00f3&#8221;.<\/p>\n\n\n\n<p>En particular, se\u00f1al\u00f3 que las p\u00e9rdidas irrecuperables de las fuerzas ucranianas desde el comienzo de la contraofensiva, el pasado 4 de junio, superan ya los 26.000 efectivos.<\/p>\n\n\n\n<p>Mientras, el diario The Wall Street Journal report\u00f3 que Occidente sab\u00eda que Kiev no ten\u00eda armas suficientes para su contraofensiva, pero esperaba que el &#8220;coraje e ingenio&#8221; de los ucranianos compensaran el d\u00e9ficit.<\/p>\n\n\n\n<p>Seg\u00fan apunta el peri\u00f3dico, las acciones de Kiev &#8220;corren el riesgo de llegar a un punto muerto&#8221;.<\/p>\n\n\n\n<p>Fuente RT<\/p>\n","protected":false},"excerpt":{"rendered":"<p>El presidente ruso, Vlad\u00edmir Putin, se\u00f1al\u00f3 este domingo que las p\u00e9rdidas de las fuerzas de Kiev desde el pasado 4 de junio superan los 26.000 efectivos. El presidente de Ucrania,&hellip;<\/p>\n","protected":false},"author":2,"featured_media":55656,"comment_status":"open","ping_status":"open","sticky":false,"template":"","format":"standard","meta":{"content-type":"","jetpack_post_was_ever_published":false,"_jetpack_newsletter_access":"","_jetpack_dont_email_post_to_subs":false,"_jetpack_newsletter_tier_id":0,"_jetpack_memberships_contains_paywalled_content":false,"_jetpack_memberships_contains_paid_content":false,"footnotes":""},"categories":[1],"tags":[3469,5214,1108,3861],"class_list":["post-55655","post","type-post","status-publish","format-standard","has-post-thumbnail","hentry","category-sin-categoria","tag-contraofensiva","tag-no-avanza","tag-ucrania","tag-vladimir-zelenski"],"jetpack_featured_media_url":"https:\/\/lasprimeras.com.do\/wp-content\/uploads\/2023\/07\/Un-obus-autopropulsado-ucraniano.jpg","jetpack-related-posts":[{"id":52532,"url":"https:\/\/lasprimeras.com.do\/index.php\/2023\/06\/11\/zelenski-recibe-noticias-que-no-queria-oir-sobre-enormes-perdidas-en-su-contraofensiva\/","url_meta":{"origin":55655,"position":0},"title":"Zelenski recibe &#8220;noticias que no quer\u00eda o\u00edr&#8221; sobre enormes p\u00e9rdidas en su contraofensiva","author":"prenxa100","date":"11 de junio de 2023","format":false,"excerpt":"El Ej\u00e9rcito ucraniano sufri\u00f3 grandes p\u00e9rdidas en un intento de ofensiva en la regi\u00f3n de Zaporozhie, destac\u00f3 Stephen Bryen, periodista estadounidense y exfuncionario del Pent\u00e1gono. En su columna de la plataforma Substack, el experto escribi\u00f3 que el presidente de Ucrania, Volod\u00edmir Zelenski, que visit\u00f3 el territorio controlado por Kiev en\u2026","rel":"","context":"En \u00abSin categor\u00eda\u00bb","block_context":{"text":"Sin categor\u00eda","link":"https:\/\/lasprimeras.com.do\/index.php\/category\/sin-categoria\/"},"img":{"alt_text":"","src":"","width":0,"height":0},"classes":[]},{"id":80832,"url":"https:\/\/lasprimeras.com.do\/index.php\/2024\/04\/13\/ucrania-pide-ayuda-a-francia-para-poder-lanzar-otra-contraofensiva\/","url_meta":{"origin":55655,"position":1},"title":"Ucrania pide ayuda a Francia para poder lanzar otra contraofensiva","author":"BIMARY DE JES\u00daS Matos","date":"13 de abril de 2024","format":false,"excerpt":"KIEV.- Ucrania ha pedido a Francia que le ayude a \u00abresistir\u00bb este a\u00f1o para poder lanzar una nueva contraofensiva en 2025, informa el diario Le Figaro, que cita a un funcionario franc\u00e9s que mantuvo recientemente conversaciones con las autoridades de Kiev. La fuente consultada se\u00f1al\u00f3 que el pa\u00eds eslavo requiere\u2026","rel":"","context":"En \u00abSin categor\u00eda\u00bb","block_context":{"text":"Sin categor\u00eda","link":"https:\/\/lasprimeras.com.do\/index.php\/category\/sin-categoria\/"},"img":{"alt_text":"","src":"https:\/\/i0.wp.com\/lasprimeras.com.do\/wp-content\/uploads\/2024\/04\/WhatsApp-Image-2024-01-26-at-12.10.49-PM-18.jpeg?resize=350%2C200&ssl=1","width":350,"height":200,"srcset":"https:\/\/i0.wp.com\/lasprimeras.com.do\/wp-content\/uploads\/2024\/04\/WhatsApp-Image-2024-01-26-at-12.10.49-PM-18.jpeg?resize=350%2C200&ssl=1 1x, https:\/\/i0.wp.com\/lasprimeras.com.do\/wp-content\/uploads\/2024\/04\/WhatsApp-Image-2024-01-26-at-12.10.49-PM-18.jpeg?resize=525%2C300&ssl=1 1.5x, https:\/\/i0.wp.com\/lasprimeras.com.do\/wp-content\/uploads\/2024\/04\/WhatsApp-Image-2024-01-26-at-12.10.49-PM-18.jpeg?resize=700%2C400&ssl=1 2x, https:\/\/i0.wp.com\/lasprimeras.com.do\/wp-content\/uploads\/2024\/04\/WhatsApp-Image-2024-01-26-at-12.10.49-PM-18.jpeg?resize=1050%2C600&ssl=1 3x"},"classes":[]},{"id":79974,"url":"https:\/\/lasprimeras.com.do\/index.php\/2024\/04\/02\/zelenski-advierte-ucrania-debera-ceder-terreno-sin-la-ayuda-de-eu\/","url_meta":{"origin":55655,"position":2},"title":"Zelenski advierte Ucrania deber\u00e1 ceder terreno sin la ayuda de EU","author":"BIMARY DE JES\u00daS Matos","date":"2 de abril de 2024","format":false,"excerpt":"KIEV.- El presidente ucraniano, Volod\u00edmir Zelenski, ha advertido que Ucrania deber\u00e1 retirarse \u00aba peque\u00f1os pasos\u00bb del terreno de combate con Rusia si no recibe la ayuda militar de Estados Unidos. \u00abSi no hay apoyo estadounidense, quiere decir que no tenemos defensa a\u00e9rea, ni misiles Patriot, ni dispositivos para la guerra\u2026","rel":"","context":"En \u00abSin categor\u00eda\u00bb","block_context":{"text":"Sin categor\u00eda","link":"https:\/\/lasprimeras.com.do\/index.php\/category\/sin-categoria\/"},"img":{"alt_text":"","src":"https:\/\/i0.wp.com\/lasprimeras.com.do\/wp-content\/uploads\/2024\/04\/66082c688d624.r_d.1536-837-3365.jpeg?resize=350%2C200&ssl=1","width":350,"height":200,"srcset":"https:\/\/i0.wp.com\/lasprimeras.com.do\/wp-content\/uploads\/2024\/04\/66082c688d624.r_d.1536-837-3365.jpeg?resize=350%2C200&ssl=1 1x, https:\/\/i0.wp.com\/lasprimeras.com.do\/wp-content\/uploads\/2024\/04\/66082c688d624.r_d.1536-837-3365.jpeg?resize=525%2C300&ssl=1 1.5x, https:\/\/i0.wp.com\/lasprimeras.com.do\/wp-content\/uploads\/2024\/04\/66082c688d624.r_d.1536-837-3365.jpeg?resize=700%2C400&ssl=1 2x"},"classes":[]},{"id":54932,"url":"https:\/\/lasprimeras.com.do\/index.php\/2023\/07\/16\/ucrania-dice-estar-a-la-defensiva-en-el-este-y-putin-desestima-la-contraofensiva\/","url_meta":{"origin":55655,"position":3},"title":"Ucrania dice estar a la defensiva en el este, y Putin desestima la contraofensiva","author":"Nelson Feliz","date":"16 de julio de 2023","format":false,"excerpt":"Ucrania reconoci\u00f3 este domingo que est\u00e1 en posici\u00f3n defensiva en el frente oriental ante las tropas de Mosc\u00fa, y el presidente ruso Vladimir Putin asegur\u00f3 que la contraofensiva de Kiev \u201cno ha tenido \u00e9xito\u201d. \u201cDurante dos d\u00edas seguidos, el enemigo ha estado atacando activamente en la zona de Kupiansk, en\u2026","rel":"","context":"En \u00abSin categor\u00eda\u00bb","block_context":{"text":"Sin categor\u00eda","link":"https:\/\/lasprimeras.com.do\/index.php\/category\/sin-categoria\/"},"img":{"alt_text":"Un artillero ucraniano posa mientras ocupa una posici\u00f3n en el frente cerca de la ciudad de Bajmut, regi\u00f3n de Donetsk, el viernes 15 de julio de 2023, en medio de la invasi\u00f3n rusa de Ucrania.Foto: Anatolii Stepanov (AFP).","src":"https:\/\/i0.wp.com\/lasprimeras.com.do\/wp-content\/uploads\/2023\/07\/Artillero.jpg?resize=350%2C200&ssl=1","width":350,"height":200,"srcset":"https:\/\/i0.wp.com\/lasprimeras.com.do\/wp-content\/uploads\/2023\/07\/Artillero.jpg?resize=350%2C200&ssl=1 1x, https:\/\/i0.wp.com\/lasprimeras.com.do\/wp-content\/uploads\/2023\/07\/Artillero.jpg?resize=525%2C300&ssl=1 1.5x, https:\/\/i0.wp.com\/lasprimeras.com.do\/wp-content\/uploads\/2023\/07\/Artillero.jpg?resize=700%2C400&ssl=1 2x"},"classes":[]},{"id":52535,"url":"https:\/\/lasprimeras.com.do\/index.php\/2023\/06\/11\/el-inicio-fallido-de-la-contraofensiva-ucraniana-seria-extremadamente-frustrante-para-biden\/","url_meta":{"origin":55655,"position":4},"title":"El inicio fallido de la contraofensiva ucraniana ser\u00eda &#8220;extremadamente frustrante&#8221; para Biden","author":"prenxa100","date":"11 de junio de 2023","format":false,"excerpt":"Mientras Rusia prosigue su operaci\u00f3n militar especial en Ucrania, se puede afirmar que la fuertemente anunciada contraofensiva de Kiev \"no ha empezado realmente bien\", declar\u00f3 a Sputnik el analista de relaciones internacionales y seguridad Mark Sleboda. El presidente ruso, Vlad\u00edmir Putin, anunci\u00f3 a principios de esta semana que el uso\u2026","rel":"","context":"En \u00abSin categor\u00eda\u00bb","block_context":{"text":"Sin categor\u00eda","link":"https:\/\/lasprimeras.com.do\/index.php\/category\/sin-categoria\/"},"img":{"alt_text":"","src":"","width":0,"height":0},"classes":[]},{"id":53882,"url":"https:\/\/lasprimeras.com.do\/index.php\/2023\/07\/02\/zelenski-anuncia-un-nuevo-paquete-de-sanciones-contra-los-que-apoyan-al-agresor\/","url_meta":{"origin":55655,"position":5},"title":"Zelenski anuncia un nuevo paquete de sanciones contra los que &#8220;apoyan al agresor&#8221;","author":"Nelson Feliz","date":"2 de julio de 2023","format":false,"excerpt":"Por Euronews Im\u00e1genes satelitales mostrar\u00edan el levantamiento de una base militar del Grupo Wagner en Bielorrusia. La visita del presidente del Gobierno espa\u00f1ol, Pedro S\u00e1nchez, a Kiev, no impidi\u00f3 un nuevo d\u00eda de bombas rusas cayendo sobre Ucrania. Los drones enemigos volvieron a atacar tanto la capital como Jers\u00f3n, donde\u2026","rel":"","context":"En \u00abSin categor\u00eda\u00bb","block_context":{"text":"Sin categor\u00eda","link":"https:\/\/lasprimeras.com.do\/index.php\/category\/sin-categoria\/"},"img":{"alt_text":"","src":"https:\/\/i0.wp.com\/lasprimeras.com.do\/wp-content\/uploads\/2023\/07\/jerson.jpg?resize=350%2C200&ssl=1","width":350,"height":200,"srcset":"https:\/\/i0.wp.com\/lasprimeras.com.do\/wp-content\/uploads\/2023\/07\/jerson.jpg?resize=350%2C200&ssl=1 1x, https:\/\/i0.wp.com\/lasprimeras.com.do\/wp-content\/uploads\/2023\/07\/jerson.jpg?resize=525%2C300&ssl=1 1.5x, https:\/\/i0.wp.com\/lasprimeras.com.do\/wp-content\/uploads\/2023\/07\/jerson.jpg?resize=700%2C400&ssl=1 2x"},"classes":[]}],"jetpack_sharing_enabled":true,"_links":{"self":[{"href":"https:\/\/lasprimeras.com.do\/index.php\/wp-json\/wp\/v2\/posts\/55655","targetHints":{"allow":["GET"]}}],"collection":[{"href":"https:\/\/lasprimeras.com.do\/index.php\/wp-json\/wp\/v2\/posts"}],"about":[{"href":"https:\/\/lasprimeras.com.do\/index.php\/wp-json\/wp\/v2\/types\/post"}],"author":[{"embeddable":true,"href":"https:\/\/lasprimeras.com.do\/index.php\/wp-json\/wp\/v2\/users\/2"}],"replies":[{"embeddable":true,"href":"https:\/\/lasprimeras.com.do\/index.php\/wp-json\/wp\/v2\/comments?post=55655"}],"version-history":[{"count":1,"href":"https:\/\/lasprimeras.com.do\/index.php\/wp-json\/wp\/v2\/posts\/55655\/revisions"}],"predecessor-version":[{"id":55657,"href":"https:\/\/lasprimeras.com.do\/index.php\/wp-json\/wp\/v2\/posts\/55655\/revisions\/55657"}],"wp:featuredmedia":[{"embeddable":true,"href":"https:\/\/lasprimeras.com.do\/index.php\/wp-json\/wp\/v2\/media\/55656"}],"wp:attachment":[{"href":"https:\/\/lasprimeras.com.do\/index.php\/wp-json\/wp\/v2\/media?parent=55655"}],"wp:term":[{"taxonomy":"category","embeddable":true,"href":"https:\/\/lasprimeras.com.do\/index.php\/wp-json\/wp\/v2\/categories?post=55655"},{"taxonomy":"post_tag","embeddable":true,"href":"https:\/\/lasprimeras.com.do\/index.php\/wp-json\/wp\/v2\/tags?post=55655"}],"curies":[{"name":"wp","href":"https:\/\/api.w.org\/{rel}","templated":true}]}}