{"id":55689,"date":"2023-07-24T11:25:14","date_gmt":"2023-07-24T15:25:14","guid":{"rendered":"https:\/\/lasprimeras.com.do\/?p=55689"},"modified":"2023-07-24T11:25:16","modified_gmt":"2023-07-24T15:25:16","slug":"radhames-jimenez-insiste-en-buscar-soluciones-a-mas-de-850-mil-jovenes-desempleados","status":"publish","type":"post","link":"https:\/\/lasprimeras.com.do\/index.php\/2023\/07\/24\/radhames-jimenez-insiste-en-buscar-soluciones-a-mas-de-850-mil-jovenes-desempleados\/","title":{"rendered":"Radham\u00e9s Jim\u00e9nez insiste en buscar soluciones a m\u00e1s de 850 mil j\u00f3venes desempleados"},"content":{"rendered":"\n<p>El vicepresidente y coordinador pol\u00edtico de la Fuerza del Pueblo, Radham\u00e9s Jim\u00e9nez Pe\u00f1a, insisti\u00f3 en la necesidad de que el gobierno del PRM, busque soluciones efectivas para disminuir los altos niveles de desempleos en los m\u00e1s j\u00f3venes del pa\u00eds, que seg\u00fan estudios de organismos internacionales sobrepasan los 850 mil.<\/p>\n\n\n\n<p>El dirigente pol\u00edtico opositor, indic\u00f3 que el hecho de que miles de j\u00f3venes no trabajen ni estudien es un caldo de cultivo para la criminalidad y la delincuencia en el pa\u00eds.<\/p>\n\n\n\n<p>\u201cSiempre el gobierno del PRM, busca un escudo y una excusa para justificar la situaci\u00f3n de calamidad que hoy vive la Rep\u00fablica Dominicana, y no es para menos\u201d, sostuvo el ex procurador de la Rep\u00fablica, Radham\u00e9s Jim\u00e9nez Pe\u00f1a.<\/p>\n\n\n\n<p>Seg\u00fan, los datos de la Organizaci\u00f3n Internacional del Trabajo (OIT), hoy el pa\u00eds tiene m\u00e1s de 850 mil j\u00f3venes que ni estudian ni trabajan, esos n\u00fameros nos posicionan en el primer lugar de la regi\u00f3n en desocupaci\u00f3n juvenil, con una tasa de 29% cuando en la regi\u00f3n es de un 17%, de acuerdo a datos de la organizaci\u00f3n humanitaria World Visi\u00f3n Dominicana\u201d, se\u00f1al\u00f3 Jim\u00e9nez Pe\u00f1a.<\/p>\n\n\n\n<p>Juramentados<\/p>\n\n\n\n<p>El vicepresidente de la Fuerza del Pueblo jurament\u00f3 nuevos miembros en esa organizaci\u00f3n pol\u00edtica, al ex &#8211; dirigente del Partido C\u00edvico Renovador, Joselito Zapata, tambi\u00e9n, Miledis Castillo, Mensias Zapata, Cristofer Ram\u00edrez, Jos\u00e9 Luis Concepci\u00f3n, Marcelo Rodr\u00edguez, Juan Antonio Alcib\u00edades, Pedro Adames, Felicia V\u00e1squez, Secundino Mota, Jorge De La Cruz, Jos\u00e9 Mosquea, Severino Cruz, Vicente Almonte De La Mota, Mercedes Cruz, entre otros.<\/p>\n\n\n\n<p>El ex procurador general de la Rep\u00fablica, Radham\u00e9s Jim\u00e9nez Pe\u00f1a estuvo acompa\u00f1ado por el miembro de la Direcci\u00f3n Pol\u00edtica de la FP, Onofre Rojas, Bernab\u00e9 Cruz, la alcaldesa por Cotu\u00ed Yosi Contreras, Pedro de Jes\u00fas Candelier, Marino Hern\u00e1ndez , Wilson Garc\u00eda, Jos\u00e9 Alberto Jim\u00e9nez, Ram\u00f3n De La Cruz, y dem\u00e1s miembros y simpatizantes de ese partido.<\/p>\n","protected":false},"excerpt":{"rendered":"<p>El vicepresidente y coordinador pol\u00edtico de la Fuerza del Pueblo, Radham\u00e9s Jim\u00e9nez Pe\u00f1a, insisti\u00f3 en la necesidad de que el gobierno del PRM, busque soluciones efectivas para disminuir los altos&hellip;<\/p>\n","protected":false},"author":2,"featured_media":55690,"comment_status":"open","ping_status":"open","sticky":false,"template":"","format":"standard","meta":{"content-type":"","jetpack_post_was_ever_published":false,"_jetpack_newsletter_access":"","_jetpack_dont_email_post_to_subs":false,"_jetpack_newsletter_tier_id":0,"_jetpack_memberships_contains_paywalled_content":false,"_jetpack_memberships_contains_paid_content":false,"footnotes":""},"categories":[25],"tags":[5230],"class_list":["post-55689","post","type-post","status-publish","format-standard","has-post-thumbnail","hentry","category-portada","tag-radhames-jimenez-3"],"jetpack_featured_media_url":"https:\/\/lasprimeras.com.do\/wp-content\/uploads\/2023\/07\/Radhames-Jimenez-2.jpg","jetpack-related-posts":[{"id":102503,"url":"https:\/\/lasprimeras.com.do\/index.php\/2025\/07\/05\/radhames-jimenez-califica-al-gobierno-del-prm-de-fallido-e-inoperante\/","url_meta":{"origin":55689,"position":0},"title":"Radham\u00e9s Jim\u00e9nez califica al gobierno del PRM de fallido e inoperante","author":"Nelson Feliz","date":"5 de julio de 2025","format":false,"excerpt":"El vicepresidente y coordinador pol\u00edtico de la Fuerza del Pueblo Radham\u00e9s Jim\u00e9nez Pe\u00f1a, calific\u00f3 al gobierno del PRM de fallido e inoperante, que no le dejar\u00e1 ning\u00fan legado al pa\u00eds y a las nuevas generaciones, ya que tiene a la ciudadan\u00eda al borde de la desesperaci\u00f3n con el descalabro de\u2026","rel":"","context":"En \u00abPOLITICA\u00bb","block_context":{"text":"POLITICA","link":"https:\/\/lasprimeras.com.do\/index.php\/category\/politica\/"},"img":{"alt_text":"Radham\u00e9s Jim\u00e9nez","src":"https:\/\/i0.wp.com\/lasprimeras.com.do\/wp-content\/uploads\/2025\/07\/Radhames-Jimenez.jpg?resize=350%2C200&ssl=1","width":350,"height":200,"srcset":"https:\/\/i0.wp.com\/lasprimeras.com.do\/wp-content\/uploads\/2025\/07\/Radhames-Jimenez.jpg?resize=350%2C200&ssl=1 1x, https:\/\/i0.wp.com\/lasprimeras.com.do\/wp-content\/uploads\/2025\/07\/Radhames-Jimenez.jpg?resize=525%2C300&ssl=1 1.5x, https:\/\/i0.wp.com\/lasprimeras.com.do\/wp-content\/uploads\/2025\/07\/Radhames-Jimenez.jpg?resize=700%2C400&ssl=1 2x"},"classes":[]},{"id":106653,"url":"https:\/\/lasprimeras.com.do\/index.php\/2025\/08\/17\/incapacidad-del-gobierno-del-prm-tiene-al-pueblo-hastiado-con-los-apagones-afirma-radhames-jimenez\/","url_meta":{"origin":55689,"position":1},"title":"\u201cIncapacidad del gobierno del PRM tiene al pueblo hastiado con los apagones\u201d, afirma Radham\u00e9s Jim\u00e9nez","author":"Nelson Feliz","date":"17 de agosto de 2025","format":false,"excerpt":"El vicepresidente y coordinador pol\u00edtico de la Fuerza del Pueblo Radham\u00e9s Jim\u00e9nez Pe\u00f1a, afirm\u00f3 que la incapacidad del gobierno del PRM tiene al pueblo hastiado con las largas tandas de apagones en todo el territorio nacional, y las autoridades no dan la cara. Expres\u00f3 que a pesar de ser el\u2026","rel":"","context":"En \u00abPOLITICA\u00bb","block_context":{"text":"POLITICA","link":"https:\/\/lasprimeras.com.do\/index.php\/category\/politica\/"},"img":{"alt_text":"Radhames Jimenez","src":"https:\/\/i0.wp.com\/lasprimeras.com.do\/wp-content\/uploads\/2023\/12\/Radhames-Jimenez.jpg?resize=350%2C200&ssl=1","width":350,"height":200,"srcset":"https:\/\/i0.wp.com\/lasprimeras.com.do\/wp-content\/uploads\/2023\/12\/Radhames-Jimenez.jpg?resize=350%2C200&ssl=1 1x, https:\/\/i0.wp.com\/lasprimeras.com.do\/wp-content\/uploads\/2023\/12\/Radhames-Jimenez.jpg?resize=525%2C300&ssl=1 1.5x, https:\/\/i0.wp.com\/lasprimeras.com.do\/wp-content\/uploads\/2023\/12\/Radhames-Jimenez.jpg?resize=700%2C400&ssl=1 2x"},"classes":[]},{"id":103702,"url":"https:\/\/lasprimeras.com.do\/index.php\/2025\/07\/17\/cierre-del-metro-en-horas-laborables-demuestra-improvisacion-del-gobierno-del-prm-afirma-radhames-jimenez\/","url_meta":{"origin":55689,"position":2},"title":"\u201cCierre del metro en horas laborables demuestra improvisaci\u00f3n del gobierno del PRM\u201d, afirma Radham\u00e9s Jim\u00e9nez","author":"Nelson Feliz","date":"17 de julio de 2025","format":false,"excerpt":"El vicepresidente y coordinador pol\u00edtico de la Fuerza del Pueblo, Radham\u00e9s Jim\u00e9nez Pe\u00f1a, calific\u00f3 de improvisado al gobierno del PRM, por el cierre del metro en Santo Domingo Norte en horarios laborables, afectando de manera directa a miles de ciudadanos que todos los d\u00edas utilizan ese servicio de transporte masivo.\u2026","rel":"","context":"En \u00abPOLITICA\u00bb","block_context":{"text":"POLITICA","link":"https:\/\/lasprimeras.com.do\/index.php\/category\/politica\/"},"img":{"alt_text":"","src":"https:\/\/i0.wp.com\/lasprimeras.com.do\/wp-content\/uploads\/2025\/07\/Radhames-Jimenez-1.jpg?resize=350%2C200&ssl=1","width":350,"height":200,"srcset":"https:\/\/i0.wp.com\/lasprimeras.com.do\/wp-content\/uploads\/2025\/07\/Radhames-Jimenez-1.jpg?resize=350%2C200&ssl=1 1x, https:\/\/i0.wp.com\/lasprimeras.com.do\/wp-content\/uploads\/2025\/07\/Radhames-Jimenez-1.jpg?resize=525%2C300&ssl=1 1.5x, https:\/\/i0.wp.com\/lasprimeras.com.do\/wp-content\/uploads\/2025\/07\/Radhames-Jimenez-1.jpg?resize=700%2C400&ssl=1 2x"},"classes":[]},{"id":114195,"url":"https:\/\/lasprimeras.com.do\/index.php\/2025\/11\/11\/con-las-manos-arriba-tiene-la-delincuencia-al-gobierno-del-prm-afirma-radhames-jimenez-pena\/","url_meta":{"origin":55689,"position":3},"title":"\u201cCon las manos arriba tiene la delincuencia al Gobierno del PRM\u201d, afirma Radham\u00e9s Jim\u00e9nez Pe\u00f1a","author":"Nelson Feliz","date":"11 de noviembre de 2025","format":false,"excerpt":"El ex-procurador general de la Rep\u00fablica y vicepresidente del partido Fuerza del Pueblo, Radham\u00e9s Jim\u00e9nez Pe\u00f1a, expres\u00f3 que la delincuencia y la criminalidad tienen a las autoridades y al Gobierno del PRM con las manos arriba, ya que no han sido lo suficientemente competentes para dar respuestas contundentes al pa\u00eds\u2026","rel":"","context":"En \u00abPOLITICA\u00bb","block_context":{"text":"POLITICA","link":"https:\/\/lasprimeras.com.do\/index.php\/category\/politica\/"},"img":{"alt_text":"","src":"https:\/\/i0.wp.com\/lasprimeras.com.do\/wp-content\/uploads\/2025\/11\/Radhames-Jimenez-1.jpg?resize=350%2C200&ssl=1","width":350,"height":200,"srcset":"https:\/\/i0.wp.com\/lasprimeras.com.do\/wp-content\/uploads\/2025\/11\/Radhames-Jimenez-1.jpg?resize=350%2C200&ssl=1 1x, https:\/\/i0.wp.com\/lasprimeras.com.do\/wp-content\/uploads\/2025\/11\/Radhames-Jimenez-1.jpg?resize=525%2C300&ssl=1 1.5x, https:\/\/i0.wp.com\/lasprimeras.com.do\/wp-content\/uploads\/2025\/11\/Radhames-Jimenez-1.jpg?resize=700%2C400&ssl=1 2x"},"classes":[]},{"id":124384,"url":"https:\/\/lasprimeras.com.do\/index.php\/2026\/03\/11\/radhames-jimenez-cuestiona-al-prm-dice-es-una-plaga-y-nunca-bajo-combustibles\/","url_meta":{"origin":55689,"position":4},"title":"Radham\u00e9s Jim\u00e9nez cuestiona al PRM dice es una \u201cplaga\u201d y nunca baj\u00f3 combustibles","author":"Nelson Feliz","date":"11 de marzo de 2026","format":false,"excerpt":"El vicepresidente del partido Fuerza del Pueblo, Radham\u00e9s Jim\u00e9nez Pe\u00f1a, afirm\u00f3 que el gobierno del Partido Revolucionario Moderno se ha convertido en una \u201cplaga\u201d para la Rep\u00fablica Dominicana, al tiempo que cuestion\u00f3 que durante los \u00faltimos a\u00f1os, aun comprando petr\u00f3leo a precios internacionales m\u00e1s bajos, nunca redujeran el precio de\u2026","rel":"","context":"En \u00abPOLITICA\u00bb","block_context":{"text":"POLITICA","link":"https:\/\/lasprimeras.com.do\/index.php\/category\/politica\/"},"img":{"alt_text":"","src":"https:\/\/i0.wp.com\/lasprimeras.com.do\/wp-content\/uploads\/2026\/03\/combuston.jpg?resize=350%2C200&ssl=1","width":350,"height":200,"srcset":"https:\/\/i0.wp.com\/lasprimeras.com.do\/wp-content\/uploads\/2026\/03\/combuston.jpg?resize=350%2C200&ssl=1 1x, https:\/\/i0.wp.com\/lasprimeras.com.do\/wp-content\/uploads\/2026\/03\/combuston.jpg?resize=525%2C300&ssl=1 1.5x, https:\/\/i0.wp.com\/lasprimeras.com.do\/wp-content\/uploads\/2026\/03\/combuston.jpg?resize=700%2C400&ssl=1 2x, https:\/\/i0.wp.com\/lasprimeras.com.do\/wp-content\/uploads\/2026\/03\/combuston.jpg?resize=1050%2C600&ssl=1 3x"},"classes":[]},{"id":115603,"url":"https:\/\/lasprimeras.com.do\/index.php\/2025\/11\/24\/regidor-del-pld-y-dirigentes-del-prm-se-juramentan-en-la-fuerza-del-pueblo\/","url_meta":{"origin":55689,"position":5},"title":"Regidor del PLD y dirigentes del PRM se juramentan en la Fuerza del Pueblo","author":"Nelson Feliz","date":"24 de noviembre de 2025","format":false,"excerpt":"En un acto encabezado por Radham\u00e9s Jim\u00e9nez Pe\u00f1a, l\u00edderes comunitarios, pastores y exdirigentes de varios partidos pol\u00edticos oficializaron su paso a las filas de la Fuerza del Pueblo. En una muestra de reconfiguraci\u00f3n pol\u00edtica en Santo Domingo Norte, un importante grupo de dirigentes y l\u00edderes comunitarios de distintas fuerzas pol\u00edticas\u2026","rel":"","context":"En \u00abPOLITICA\u00bb","block_context":{"text":"POLITICA","link":"https:\/\/lasprimeras.com.do\/index.php\/category\/politica\/"},"img":{"alt_text":"Radham\u00e9s Jim\u00e9nez Pe\u00f1a","src":"https:\/\/i0.wp.com\/lasprimeras.com.do\/wp-content\/uploads\/2025\/11\/Radhames-Jimenez-Pena-1.jpg?resize=350%2C200&ssl=1","width":350,"height":200,"srcset":"https:\/\/i0.wp.com\/lasprimeras.com.do\/wp-content\/uploads\/2025\/11\/Radhames-Jimenez-Pena-1.jpg?resize=350%2C200&ssl=1 1x, https:\/\/i0.wp.com\/lasprimeras.com.do\/wp-content\/uploads\/2025\/11\/Radhames-Jimenez-Pena-1.jpg?resize=525%2C300&ssl=1 1.5x, https:\/\/i0.wp.com\/lasprimeras.com.do\/wp-content\/uploads\/2025\/11\/Radhames-Jimenez-Pena-1.jpg?resize=700%2C400&ssl=1 2x"},"classes":[]}],"jetpack_sharing_enabled":true,"_links":{"self":[{"href":"https:\/\/lasprimeras.com.do\/index.php\/wp-json\/wp\/v2\/posts\/55689","targetHints":{"allow":["GET"]}}],"collection":[{"href":"https:\/\/lasprimeras.com.do\/index.php\/wp-json\/wp\/v2\/posts"}],"about":[{"href":"https:\/\/lasprimeras.com.do\/index.php\/wp-json\/wp\/v2\/types\/post"}],"author":[{"embeddable":true,"href":"https:\/\/lasprimeras.com.do\/index.php\/wp-json\/wp\/v2\/users\/2"}],"replies":[{"embeddable":true,"href":"https:\/\/lasprimeras.com.do\/index.php\/wp-json\/wp\/v2\/comments?post=55689"}],"version-history":[{"count":1,"href":"https:\/\/lasprimeras.com.do\/index.php\/wp-json\/wp\/v2\/posts\/55689\/revisions"}],"predecessor-version":[{"id":55691,"href":"https:\/\/lasprimeras.com.do\/index.php\/wp-json\/wp\/v2\/posts\/55689\/revisions\/55691"}],"wp:featuredmedia":[{"embeddable":true,"href":"https:\/\/lasprimeras.com.do\/index.php\/wp-json\/wp\/v2\/media\/55690"}],"wp:attachment":[{"href":"https:\/\/lasprimeras.com.do\/index.php\/wp-json\/wp\/v2\/media?parent=55689"}],"wp:term":[{"taxonomy":"category","embeddable":true,"href":"https:\/\/lasprimeras.com.do\/index.php\/wp-json\/wp\/v2\/categories?post=55689"},{"taxonomy":"post_tag","embeddable":true,"href":"https:\/\/lasprimeras.com.do\/index.php\/wp-json\/wp\/v2\/tags?post=55689"}],"curies":[{"name":"wp","href":"https:\/\/api.w.org\/{rel}","templated":true}]}}