{"id":55694,"date":"2023-07-24T13:07:52","date_gmt":"2023-07-24T17:07:52","guid":{"rendered":"https:\/\/lasprimeras.com.do\/?p=55694"},"modified":"2023-07-24T13:08:51","modified_gmt":"2023-07-24T17:08:51","slug":"manuel-jimenez-apertura-parque-ecologico-y-albergue-de-animales-en-santo-domingo-este","status":"publish","type":"post","link":"https:\/\/lasprimeras.com.do\/index.php\/2023\/07\/24\/manuel-jimenez-apertura-parque-ecologico-y-albergue-de-animales-en-santo-domingo-este\/","title":{"rendered":"Manuel Jim\u00e9nez apertura &#8220;Parque Ecol\u00f3gico y Albergue de Animales&#8221; en Santo Domingo Este"},"content":{"rendered":"\n<p>Por Martin Restituyo<\/p>\n\n\n\n<p>El alcalde Manuel Jim\u00e9nez invit\u00f3 a las organizaciones defensoras del Medio Ambiente y los animales a participar del proceso de organizaci\u00f3n y desarrollo del Albergue Municipal de Animales y el parque ecol\u00f3gico que el Ayuntamiento de Santo Domingo Este inaugurar\u00e1 en las pr\u00f3ximas semanas.<\/p>\n\n\n\n<p>Jim\u00e9nez inform\u00f3 que el llevar\u00e1 el nombre del exministro de Medio Ambiente &#8220;Parque Ecol\u00f3gico Orlando Jorge Mera&#8221; estar\u00e1 oficialmente en funcionamiento a partir del pr\u00f3ximo domingo 10 de septiembre.<\/p>\n\n\n\n<p>El alcalde dijo que este parque agrega al municipio una extensi\u00f3n de 118,000 metros cuadrados de \u00e1rea protegida y capa verde, adem\u00e1s de atractivos ecol\u00f3gicos y culturales.<\/p>\n\n\n\n<p>Llevar\u00e1 el nombre del exministro de Medio Ambiente debido a que \u00e9ste fue protagonista del acuerdo mediante el cual el Ayuntamiento recibi\u00f3 de la Fuerza A\u00e9rea los terrenos que anteriormente pertenec\u00edan a un pasivo ambiental ubicado en las afueras de la base militar de San Isidro.<\/p>\n\n\n\n<p>\u201cEl Pasivo, como lo llamamos, agregar\u00e1 miles de metros cuadrados de \u00e1rea verde al municipio, y al mismo tiempo contar\u00e1 con expresiones culturales que solo podr\u00e1n disfrutar aqu\u00ed, en Santo Domingo Este\u201d, adelant\u00f3 el alcalde.<\/p>\n\n\n\n<p>En el caso del albergue de animales, Manuel Jim\u00e9nez explic\u00f3 que ser\u00e1 inaugurado el pr\u00f3ximo domingo 17 de septiembre, en una primera fase que incluir\u00e1 las instalaciones para acoger a los animales de ganader\u00eda que se encuentren en situaci\u00f3n de abandono en los diferentes puntos del municipio.<\/p>\n\n\n\n<p>El albergue contar\u00e1 con todas las instalaciones f\u00edsicas y las condiciones para que los animales puedan tener acceso a alimentos, cuidados veterinarios y seguridad mientras est\u00e9n en el albergue. En la segunda fase el albergue estar\u00e1 listo para acoger a perros, gatos y otros animales dom\u00e9sticos.<\/p>\n\n\n\n<p>Las organizaciones sociales interesados en conocer los espacios y participar de su desarrollo pueden acercarse a la Direcci\u00f3n de Gesti\u00f3n Ambiental. Ambos proyectos forman parte del plan de desarrollo de la gesti\u00f3n de Manuel Jim\u00e9nez.<\/p>\n","protected":false},"excerpt":{"rendered":"<p>Por Martin Restituyo El alcalde Manuel Jim\u00e9nez invit\u00f3 a las organizaciones defensoras del Medio Ambiente y los animales a participar del proceso de organizaci\u00f3n y desarrollo del Albergue Municipal de&hellip;<\/p>\n","protected":false},"author":2,"featured_media":55695,"comment_status":"open","ping_status":"open","sticky":false,"template":"","format":"standard","meta":{"content-type":"","jetpack_post_was_ever_published":false,"_jetpack_newsletter_access":"","_jetpack_dont_email_post_to_subs":false,"_jetpack_newsletter_tier_id":0,"_jetpack_memberships_contains_paywalled_content":false,"_jetpack_memberships_contains_paid_content":false,"footnotes":""},"categories":[35,25],"tags":[5232,196,5231,1570],"class_list":["post-55694","post","type-post","status-publish","format-standard","has-post-thumbnail","hentry","category-nacionales","category-portada","tag-albergue-de-animales","tag-manuel-jimenez","tag-parque-ecologico","tag-santo-domingo-este"],"jetpack_featured_media_url":"https:\/\/lasprimeras.com.do\/wp-content\/uploads\/2023\/07\/Manuel-Jimenez-1-1.jpg","jetpack-related-posts":[{"id":51284,"url":"https:\/\/lasprimeras.com.do\/index.php\/2023\/05\/30\/el-alcalde-manuel-jimenez-intervendra-el-cachon-de-la-rubia\/","url_meta":{"origin":55694,"position":0},"title":"El alcalde Manuel Jim\u00e9nez intervendr\u00e1 el Cach\u00f3n de la Rubia","author":"prenxa100","date":"30 de mayo de 2023","format":false,"excerpt":"Santo Domingo Este.-.El alcalde de Santo Domingo Este, Manuel Jim\u00e9nez, anunci\u00f3 la intervenci\u00f3n del Parque Ecol\u00f3gico El Cach\u00f3n de la Rubia, donde ser\u00e1n instalados una serie de atractivos para el disfrute toda la familia, cuyos trabajos se realizar\u00e1n en coordinaci\u00f3n con el Ministerio de Medio Ambiente. Jim\u00e9nez indic\u00f3 que el\u2026","rel":"","context":"En \u00abNACIONALES\u00bb","block_context":{"text":"NACIONALES","link":"https:\/\/lasprimeras.com.do\/index.php\/category\/nacionales\/"},"img":{"alt_text":"","src":"","width":0,"height":0},"classes":[]},{"id":112816,"url":"https:\/\/lasprimeras.com.do\/index.php\/2025\/10\/27\/exdiputado-arremete-contra-el-cambio-de-nombre-de-la-avenida-ecologica-profesor-juan-bosch-por-la-av-doctor-jose-francisco-pena-gomez\/","url_meta":{"origin":55694,"position":1},"title":"Exdiputado arremete contra el cambio de nombre de la\u00a0avenida Ecol\u00f3gica profesor Juan Bosch por la Av. doctor Jos\u00e9 Francisco Pe\u00f1a G\u00f3mez","author":"Nelson Feliz","date":"27 de octubre de 2025","format":false,"excerpt":"El exdiputado y\u00a0 miembro del Comit\u00e9 Central del Partido de la Liberaci\u00f3n Dominicana (PLD) D,\u00a0V\u00edctor Manuel Terrero, ha alzado su voz en protesta contra la aprobaci\u00f3n legislativa que renombra la\u00a0avenida Ecol\u00f3gica\u00a0profesor Juan Bosch por la Avenida doctor Jos\u00e9 Francisco Pe\u00f1a G\u00f3mez. Terrero, un destacado miembro del Comit\u00e9 Central del Partido\u2026","rel":"","context":"En \u00abPOLITICA\u00bb","block_context":{"text":"POLITICA","link":"https:\/\/lasprimeras.com.do\/index.php\/category\/politica\/"},"img":{"alt_text":"V\u00edctor Manuel Terrero","src":"https:\/\/i0.wp.com\/lasprimeras.com.do\/wp-content\/uploads\/2024\/04\/Victor-Manuel-Terrero.jpg?resize=350%2C200&ssl=1","width":350,"height":200,"srcset":"https:\/\/i0.wp.com\/lasprimeras.com.do\/wp-content\/uploads\/2024\/04\/Victor-Manuel-Terrero.jpg?resize=350%2C200&ssl=1 1x, https:\/\/i0.wp.com\/lasprimeras.com.do\/wp-content\/uploads\/2024\/04\/Victor-Manuel-Terrero.jpg?resize=525%2C300&ssl=1 1.5x"},"classes":[]},{"id":50734,"url":"https:\/\/lasprimeras.com.do\/index.php\/2023\/05\/23\/manuel-jimenez-inaugura-oficina-turistica-municipal-en-santo-domingo-este\/","url_meta":{"origin":55694,"position":2},"title":"Manuel Jim\u00e9nez inaugura oficina tur\u00edstica municipal en Santo Domingo Este","author":"prenxa100","date":"23 de mayo de 2023","format":false,"excerpt":"LA NUEVA PLATAFORMA DE SERVICIO SERVIR\u00c1 DE SOPORTE PARA PROMOCIONAR LA RUTA TUR\u00cdSTICA DEL MUNICIPIO. Santo Domingo Este.-. El alcalde de Santo Domingo Este, Manuel Jim\u00e9nez dej\u00f3 inaugurada la Oficina Tur\u00edstica del municipio, a trav\u00e9s de la cual se podr\u00e1 canalizar y gestionar cualquier tipo de informaci\u00f3n o tr\u00e1mite relacionado\u2026","rel":"","context":"En \u00abNACIONALES\u00bb","block_context":{"text":"NACIONALES","link":"https:\/\/lasprimeras.com.do\/index.php\/category\/nacionales\/"},"img":{"alt_text":"","src":"","width":0,"height":0},"classes":[]},{"id":112842,"url":"https:\/\/lasprimeras.com.do\/index.php\/2025\/10\/27\/senado-designa-con-los-nombres-profesor-juan-bosch-la-circunvalacion-y-doctor-jose-francisco-pena-gomez-la-av-ecologica\/","url_meta":{"origin":55694,"position":3},"title":"Senado designa con los nombres \u201cProfesor Juan Bosch\u201d la Circunvalaci\u00f3n, y \u201cDoctor Jos\u00e9 Francisco Pe\u00f1a G\u00f3mez\u201d, la Av. Ecol\u00f3gica","author":"Nelson Feliz","date":"27 de octubre de 2025","format":false,"excerpt":"Por: Adalgisa S\u00e1nchez El Senado de la Rep\u00fablica aprob\u00f3 en dos lecturas consecutivas el Proyecto de Ley que designa con los nombres \u201cProfesor Juan Bosch\u201d, la autopista Circunvalaci\u00f3n de Santo Domingo; y \u201cdoctor Jos\u00e9 Francisco Pe\u00f1a G\u00f3mez\u201d, la avenida Ecol\u00f3gica, ubicadas en la provincia Santo Domingo. La pieza legislativa es\u2026","rel":"","context":"En \u00abPOLITICA\u00bb","block_context":{"text":"POLITICA","link":"https:\/\/lasprimeras.com.do\/index.php\/category\/politica\/"},"img":{"alt_text":"","src":"https:\/\/i0.wp.com\/lasprimeras.com.do\/wp-content\/uploads\/2025\/10\/senado-5.jpg?resize=350%2C200&ssl=1","width":350,"height":200,"srcset":"https:\/\/i0.wp.com\/lasprimeras.com.do\/wp-content\/uploads\/2025\/10\/senado-5.jpg?resize=350%2C200&ssl=1 1x, https:\/\/i0.wp.com\/lasprimeras.com.do\/wp-content\/uploads\/2025\/10\/senado-5.jpg?resize=525%2C300&ssl=1 1.5x, https:\/\/i0.wp.com\/lasprimeras.com.do\/wp-content\/uploads\/2025\/10\/senado-5.jpg?resize=700%2C400&ssl=1 2x"},"classes":[]},{"id":64228,"url":"https:\/\/lasprimeras.com.do\/index.php\/2023\/10\/18\/asde-y-medio-ambiente-impiden-instalacion-de-empresa-en-area-protegida-de-la-ecologica\/","url_meta":{"origin":55694,"position":4},"title":"ASDE y Medio Ambiente impiden instalaci\u00f3n de empresa en \u00e1rea protegida de la Ecol\u00f3gica","author":"Nelson Feliz","date":"18 de octubre de 2023","format":false,"excerpt":"Varias personas fueron detenidas cuando fueron sorprendidas infraganti cortado \u00e1rboles en el \u00e1rea protegida. Por Martin Restituyo El Ayuntamiento de Santo Domingo Este y la Procuradur\u00eda para el Medio Ambiente en el municipio impidieron la ocupaci\u00f3n de manera ilegal de un \u00e1rea protegida ubicada en la Avenida Ecol\u00f3gica casi esquina\u2026","rel":"","context":"En \u00abNACIONALES\u00bb","block_context":{"text":"NACIONALES","link":"https:\/\/lasprimeras.com.do\/index.php\/category\/nacionales\/"},"img":{"alt_text":"ASDE","src":"https:\/\/i0.wp.com\/lasprimeras.com.do\/wp-content\/uploads\/2023\/10\/ASDE.jpg?resize=350%2C200&ssl=1","width":350,"height":200,"srcset":"https:\/\/i0.wp.com\/lasprimeras.com.do\/wp-content\/uploads\/2023\/10\/ASDE.jpg?resize=350%2C200&ssl=1 1x, https:\/\/i0.wp.com\/lasprimeras.com.do\/wp-content\/uploads\/2023\/10\/ASDE.jpg?resize=525%2C300&ssl=1 1.5x, https:\/\/i0.wp.com\/lasprimeras.com.do\/wp-content\/uploads\/2023\/10\/ASDE.jpg?resize=700%2C400&ssl=1 2x"},"classes":[]},{"id":54970,"url":"https:\/\/lasprimeras.com.do\/index.php\/2023\/04\/28\/manuel-jimenez-luis-abinader-apoya-grandes-proyectos-en-santo-domingo-este\/","url_meta":{"origin":55694,"position":5},"title":"Manuel Jim\u00e9nez: Luis Abinader apoya grandes proyectos en Santo Domingo Este","author":"Nelson Feliz","date":"28 de abril de 2023","format":false,"excerpt":"Por Martin Restituyo El alcalde Manuel Jim\u00e9nez en su rendici\u00f3n de cuentas de este domingo enumer\u00f3 las grandes obras que se construyen desde el Gobierno Central, y en las que el presidente Luis Abinader ha puesto empe\u00f1o para que se entreguen en el menor tiempo posible. Entre esas obras se\u2026","rel":"","context":"En \u00abECONOM\u00cdA\u00bb","block_context":{"text":"ECONOM\u00cdA","link":"https:\/\/lasprimeras.com.do\/index.php\/category\/economia\/"},"img":{"alt_text":"","src":"https:\/\/i0.wp.com\/lasprimeras.com.do\/wp-content\/uploads\/2023\/07\/manuel-j-1.jpg?resize=350%2C200&ssl=1","width":350,"height":200,"srcset":"https:\/\/i0.wp.com\/lasprimeras.com.do\/wp-content\/uploads\/2023\/07\/manuel-j-1.jpg?resize=350%2C200&ssl=1 1x, https:\/\/i0.wp.com\/lasprimeras.com.do\/wp-content\/uploads\/2023\/07\/manuel-j-1.jpg?resize=525%2C300&ssl=1 1.5x, https:\/\/i0.wp.com\/lasprimeras.com.do\/wp-content\/uploads\/2023\/07\/manuel-j-1.jpg?resize=700%2C400&ssl=1 2x, https:\/\/i0.wp.com\/lasprimeras.com.do\/wp-content\/uploads\/2023\/07\/manuel-j-1.jpg?resize=1050%2C600&ssl=1 3x"},"classes":[]}],"jetpack_sharing_enabled":true,"_links":{"self":[{"href":"https:\/\/lasprimeras.com.do\/index.php\/wp-json\/wp\/v2\/posts\/55694","targetHints":{"allow":["GET"]}}],"collection":[{"href":"https:\/\/lasprimeras.com.do\/index.php\/wp-json\/wp\/v2\/posts"}],"about":[{"href":"https:\/\/lasprimeras.com.do\/index.php\/wp-json\/wp\/v2\/types\/post"}],"author":[{"embeddable":true,"href":"https:\/\/lasprimeras.com.do\/index.php\/wp-json\/wp\/v2\/users\/2"}],"replies":[{"embeddable":true,"href":"https:\/\/lasprimeras.com.do\/index.php\/wp-json\/wp\/v2\/comments?post=55694"}],"version-history":[{"count":2,"href":"https:\/\/lasprimeras.com.do\/index.php\/wp-json\/wp\/v2\/posts\/55694\/revisions"}],"predecessor-version":[{"id":55697,"href":"https:\/\/lasprimeras.com.do\/index.php\/wp-json\/wp\/v2\/posts\/55694\/revisions\/55697"}],"wp:featuredmedia":[{"embeddable":true,"href":"https:\/\/lasprimeras.com.do\/index.php\/wp-json\/wp\/v2\/media\/55695"}],"wp:attachment":[{"href":"https:\/\/lasprimeras.com.do\/index.php\/wp-json\/wp\/v2\/media?parent=55694"}],"wp:term":[{"taxonomy":"category","embeddable":true,"href":"https:\/\/lasprimeras.com.do\/index.php\/wp-json\/wp\/v2\/categories?post=55694"},{"taxonomy":"post_tag","embeddable":true,"href":"https:\/\/lasprimeras.com.do\/index.php\/wp-json\/wp\/v2\/tags?post=55694"}],"curies":[{"name":"wp","href":"https:\/\/api.w.org\/{rel}","templated":true}]}}