{"id":55698,"date":"2023-07-24T13:24:36","date_gmt":"2023-07-24T17:24:36","guid":{"rendered":"https:\/\/lasprimeras.com.do\/?p=55698"},"modified":"2023-07-24T13:24:38","modified_gmt":"2023-07-24T17:24:38","slug":"phd-juramenta-decenas-de-nuevos-integrantes-a-su-comite-municipal-en-santa-barbara-de-samana","status":"publish","type":"post","link":"https:\/\/lasprimeras.com.do\/index.php\/2023\/07\/24\/phd-juramenta-decenas-de-nuevos-integrantes-a-su-comite-municipal-en-santa-barbara-de-samana\/","title":{"rendered":"PHD juramenta decenas de nuevos integrantes a su comit\u00e9 municipal en Santa B\u00e1rbara de Saman\u00e1"},"content":{"rendered":"\n<p>El Partido Humanista Dominicano (PHD) jurament\u00f3 a m\u00e1s de un centenar de nuevos miembros a esa organizaci\u00f3n pol\u00edtica en el municipio de Santa B\u00e1rbara de la provincia de Saman\u00e1; quienes fueron juramentados por el presidente de la entidad, Ram\u00f3n Emilio Goris Taveras y de inmediato asumieron el compromiso de trabajar por la promoci\u00f3n de los candidatos a cargos electivos en el pr\u00f3ximo proceso electoral.<\/p>\n\n\n\n<p>El acto que fue realizado en un restaurante de la provincia tur\u00edstica cont\u00f3 con la presencia del presidente de la organizaci\u00f3n y diputado ante el Parlamento Centroamericano (PARLACEN), Ram\u00f3n Emilio Goris Taveras, del Secretario de Organizaci\u00f3n del PHD, Juli\u00e1n Burgos y de los altos dirigentes de esa organizaci\u00f3n como Virtudes Matos, Germ\u00e1n Taveras, Damarys de la Cruz, Ram\u00f3n Emilio Marcelino, Fabi\u00e1n Mercedes y de la aspirante a diputada por esa organizaci\u00f3n, Fabiery Mercedes.<\/p>\n\n\n\n<p>Ram\u00f3n Emilio Goris Taveras, agreg\u00f3 que la juramentaci\u00f3n marca un hito importante de la organizaci\u00f3n, fundada hace 32 a\u00f1os, con la integraci\u00f3n de \u00a8tantos l\u00edderes sociales, j\u00f3venes y empresarios\u00a8 de una reputada solvencia moral en el municipio de Santa B\u00e1rbara de Saman\u00e1.<\/p>\n\n\n\n<p>\u00a8Hoy es un d\u00eda especial para nuestra organizaci\u00f3n con esta importante juramentaci\u00f3n y el compromiso de ustedes en trabajar unidos y decididos para lograr un buen desempe\u00f1o en el pr\u00f3ximo torneo electoral. Contamos con el trabajo decidido de ustedes a favor de la provincia de Saman\u00e1. Es importante que sepan que en la persona de Fabiery Mercedes tenemos una gran oportunidad de tener una joven mujer que nos representar\u00e1 dignamente en el Congreso Nacional a partir del 2024\u00a8, afirm\u00f3 Ram\u00f3n Emilio Goris Taveras.<\/p>\n\n\n\n<p>Seg\u00fan el alto dirigente del Partido Humanista Dominicano (PHD), Fabi\u00e1n Mercedes, quien funge como enlance pol\u00edtico en la provincia tur\u00edstica, la masiva juramentaci\u00f3n de este domingo constituye en un referente importante de lo que \u00a8est\u00e1 ocurriendo en la provincia de Saman\u00e1 con el partido negro y amarillo.<\/p>\n\n\n\n<p>Es una se\u00f1al directa a las viejas y tradicionales organizaciones de que existe una franja importante de l\u00edderes comunitarios, sociales, deportivos y empresariales que decidieron formar filas en una organizaci\u00f3n que enarbola valores cristianos y \u00e9ticos como lo es el PHD\u00a8.<\/p>\n\n\n\n<p>Mercedes inform\u00f3 que la masiva actividad fue organizada y coordinada por los dirigentes municipales Ruth Esther Kelly Millor y Duarte Metivier.<\/p>\n","protected":false},"excerpt":{"rendered":"<p>El Partido Humanista Dominicano (PHD) jurament\u00f3 a m\u00e1s de un centenar de nuevos miembros a esa organizaci\u00f3n pol\u00edtica en el municipio de Santa B\u00e1rbara de la provincia de Saman\u00e1; quienes&hellip;<\/p>\n","protected":false},"author":2,"featured_media":55699,"comment_status":"open","ping_status":"open","sticky":false,"template":"","format":"standard","meta":{"content-type":"","jetpack_post_was_ever_published":false,"_jetpack_newsletter_access":"","_jetpack_dont_email_post_to_subs":false,"_jetpack_newsletter_tier_id":0,"_jetpack_memberships_contains_paywalled_content":false,"_jetpack_memberships_contains_paid_content":false,"footnotes":""},"categories":[25],"tags":[5234,4487,268,41,42,4233,5233],"class_list":["post-55698","post","type-post","status-publish","format-standard","has-post-thumbnail","hentry","category-portada","tag-comite-municipal","tag-integrantes","tag-juramenta","tag-phd","tag-ramon-emilio-goris","tag-samana","tag-santa-barbara"],"jetpack_featured_media_url":"https:\/\/lasprimeras.com.do\/wp-content\/uploads\/2023\/07\/Ramon-Emilio-Goris.jpg","jetpack-related-posts":[{"id":63772,"url":"https:\/\/lasprimeras.com.do\/index.php\/2023\/10\/15\/otorgan-poderes-al-phd-para-concerta-alianza-con-cualquier-organizacion-politica\/","url_meta":{"origin":55698,"position":0},"title":"Otorgan poderes al PHD para concerta alianza con cualquier organizaci\u00f3n pol\u00edtica","author":"Nelson Feliz","date":"15 de octubre de 2023","format":false,"excerpt":"PHD celebra convenci\u00f3n y escoge candidatos a cargos electivos para 2024 El Partido Humanista Dominicano (PHD) celebr\u00f3 este domingo su VII Convenci\u00f3n Nacional Extraordinaria donde refrend\u00f3 su pol\u00edtica de alianzas y present\u00f3 sus candidatos a cargos electivos para las elecciones municipales y congresionales del pr\u00f3ximo a\u00f1o, seg\u00fan inform\u00f3 su presidente\u2026","rel":"","context":"En \u00abPORTADA\u00bb","block_context":{"text":"PORTADA","link":"https:\/\/lasprimeras.com.do\/index.php\/category\/portada\/"},"img":{"alt_text":"PHD","src":"https:\/\/i0.wp.com\/lasprimeras.com.do\/wp-content\/uploads\/2023\/10\/PHD-1.jpg?resize=350%2C200&ssl=1","width":350,"height":200,"srcset":"https:\/\/i0.wp.com\/lasprimeras.com.do\/wp-content\/uploads\/2023\/10\/PHD-1.jpg?resize=350%2C200&ssl=1 1x, https:\/\/i0.wp.com\/lasprimeras.com.do\/wp-content\/uploads\/2023\/10\/PHD-1.jpg?resize=525%2C300&ssl=1 1.5x, https:\/\/i0.wp.com\/lasprimeras.com.do\/wp-content\/uploads\/2023\/10\/PHD-1.jpg?resize=700%2C400&ssl=1 2x"},"classes":[]},{"id":55911,"url":"https:\/\/lasprimeras.com.do\/index.php\/2023\/07\/26\/phd-imparte-taller-de-formacion-politica-e-induccion-del-humanismo-cristiano\/","url_meta":{"origin":55698,"position":1},"title":"PHD imparte taller de formaci\u00f3n pol\u00edtica e inducci\u00f3n del humanismo cristiano","author":"Nelson Feliz","date":"26 de julio de 2023","format":false,"excerpt":"Ram\u00f3n Emilio Goris Taveras, presidente del PHD, resalta la importancia de la capacitaci\u00f3n pol\u00edtica. El presidente del Partido Humanista Dominicano (PHD), Ram\u00f3n Emilio Goris Taveras, destac\u00f3 la importancia de la formaci\u00f3n pol\u00edtica para tener una nueva generaci\u00f3n rica en valores \u00e9ticos en la Administraci\u00f3n P\u00fablica, en los ayuntamientos y en\u2026","rel":"","context":"En \u00abPORTADA\u00bb","block_context":{"text":"PORTADA","link":"https:\/\/lasprimeras.com.do\/index.php\/category\/portada\/"},"img":{"alt_text":"","src":"https:\/\/i0.wp.com\/lasprimeras.com.do\/wp-content\/uploads\/2023\/07\/PHD-TALLER.jpg?resize=350%2C200&ssl=1","width":350,"height":200,"srcset":"https:\/\/i0.wp.com\/lasprimeras.com.do\/wp-content\/uploads\/2023\/07\/PHD-TALLER.jpg?resize=350%2C200&ssl=1 1x, https:\/\/i0.wp.com\/lasprimeras.com.do\/wp-content\/uploads\/2023\/07\/PHD-TALLER.jpg?resize=525%2C300&ssl=1 1.5x, https:\/\/i0.wp.com\/lasprimeras.com.do\/wp-content\/uploads\/2023\/07\/PHD-TALLER.jpg?resize=700%2C400&ssl=1 2x"},"classes":[]},{"id":73256,"url":"https:\/\/lasprimeras.com.do\/index.php\/2024\/01\/08\/phd-afirma-que-a-la-politica-hay-que-ponerle-contenido-a-favor-del-electorado\/","url_meta":{"origin":55698,"position":2},"title":"PHD afirma que a la pol\u00edtica hay que ponerle contenido a favor del electorado","author":"Nelson Feliz","date":"8 de enero de 2024","format":false,"excerpt":"El presidente del Partido Humanista Dominicano (PHD), Ram\u00f3n Emilio Goris, sugiri\u00f3 a los candidatos y candidatas a cargos electivos de su organizaci\u00f3n ponerle contenido pol\u00edtico y social a sus planes y propuestas para enriquecer el debate y atraer una mayor participaci\u00f3n de votantes en las pr\u00f3ximas elecciones de febrero y\u2026","rel":"","context":"En \u00abPORTADA\u00bb","block_context":{"text":"PORTADA","link":"https:\/\/lasprimeras.com.do\/index.php\/category\/portada\/"},"img":{"alt_text":"Ram\u00f3n Emilio Goris Taveras","src":"https:\/\/i0.wp.com\/lasprimeras.com.do\/wp-content\/uploads\/2023\/06\/Ramon-Emilio-Goris-Taveras.jpg?resize=350%2C200&ssl=1","width":350,"height":200,"srcset":"https:\/\/i0.wp.com\/lasprimeras.com.do\/wp-content\/uploads\/2023\/06\/Ramon-Emilio-Goris-Taveras.jpg?resize=350%2C200&ssl=1 1x, https:\/\/i0.wp.com\/lasprimeras.com.do\/wp-content\/uploads\/2023\/06\/Ramon-Emilio-Goris-Taveras.jpg?resize=525%2C300&ssl=1 1.5x, https:\/\/i0.wp.com\/lasprimeras.com.do\/wp-content\/uploads\/2023\/06\/Ramon-Emilio-Goris-Taveras.jpg?resize=700%2C400&ssl=1 2x"},"classes":[]},{"id":55423,"url":"https:\/\/lasprimeras.com.do\/index.php\/2023\/07\/21\/phd-sostiene-encuentro-politico-con-movimiento-trinitario-liberacion\/","url_meta":{"origin":55698,"position":3},"title":"PHD sostiene encuentro pol\u00edtico con Movimiento Trinitario Liberaci\u00f3n","author":"Nelson Feliz","date":"21 de julio de 2023","format":false,"excerpt":"Ram\u00f3n Emilio Goris Taveras valor\u00f3 el encuentro donde abordaron temas como la inseguridad ciudadana, la mano de obra barata, la protecci\u00f3n a la producci\u00f3n arrocera y la amenaza del fentanilo. Una comisi\u00f3n del Partido Humanista Dominicano (PHD), encabezada por su presidente, Ram\u00f3n Emilio Goris Taveras sostuvo un encuentro pol\u00edtico con\u2026","rel":"","context":"En \u00abPORTADA\u00bb","block_context":{"text":"PORTADA","link":"https:\/\/lasprimeras.com.do\/index.php\/category\/portada\/"},"img":{"alt_text":"PHD","src":"https:\/\/i0.wp.com\/lasprimeras.com.do\/wp-content\/uploads\/2023\/07\/PHD.jpg?resize=350%2C200&ssl=1","width":350,"height":200,"srcset":"https:\/\/i0.wp.com\/lasprimeras.com.do\/wp-content\/uploads\/2023\/07\/PHD.jpg?resize=350%2C200&ssl=1 1x, https:\/\/i0.wp.com\/lasprimeras.com.do\/wp-content\/uploads\/2023\/07\/PHD.jpg?resize=525%2C300&ssl=1 1.5x, https:\/\/i0.wp.com\/lasprimeras.com.do\/wp-content\/uploads\/2023\/07\/PHD.jpg?resize=700%2C400&ssl=1 2x"},"classes":[]},{"id":54377,"url":"https:\/\/lasprimeras.com.do\/index.php\/2023\/07\/10\/phd-pospone-conocimiento-de-alianza-presidencial\/","url_meta":{"origin":55698,"position":4},"title":"PHD pospone conocimiento de alianza presidencial","author":"Nelson Feliz","date":"10 de julio de 2023","format":false,"excerpt":"El Partido Humanista Dominicano ominicano (PHD) posterg\u00f3 la decisi\u00f3n de conocer la propuesta para posible alianza y selecci\u00f3n del candidatos presidencial que llevar\u00e1 esta organizaci\u00f3n pol\u00edtica de caras a participar en el pr\u00f3ximo torneo electoral de la Rep\u00fablica Dominicana. El presidente del PHD, Ram\u00f3n Emilio Goris , explic\u00f3 que la\u2026","rel":"","context":"En \u00abPORTADA\u00bb","block_context":{"text":"PORTADA","link":"https:\/\/lasprimeras.com.do\/index.php\/category\/portada\/"},"img":{"alt_text":"Ram\u00f3n Emilio Goris Taveras","src":"https:\/\/i0.wp.com\/lasprimeras.com.do\/wp-content\/uploads\/2023\/06\/Ramon-Emilio-Goris-Taveras.jpg?resize=350%2C200&ssl=1","width":350,"height":200,"srcset":"https:\/\/i0.wp.com\/lasprimeras.com.do\/wp-content\/uploads\/2023\/06\/Ramon-Emilio-Goris-Taveras.jpg?resize=350%2C200&ssl=1 1x, https:\/\/i0.wp.com\/lasprimeras.com.do\/wp-content\/uploads\/2023\/06\/Ramon-Emilio-Goris-Taveras.jpg?resize=525%2C300&ssl=1 1.5x, https:\/\/i0.wp.com\/lasprimeras.com.do\/wp-content\/uploads\/2023\/06\/Ramon-Emilio-Goris-Taveras.jpg?resize=700%2C400&ssl=1 2x"},"classes":[]},{"id":82008,"url":"https:\/\/lasprimeras.com.do\/index.php\/2024\/04\/27\/ramon-emilio-goris-declara-a-guillermo-como-senador-en-el-phd\/","url_meta":{"origin":55698,"position":5},"title":"Ram\u00f3n Emilio Goris declara a Guillermo como Senador en el PHD","author":"Nelson Feliz","date":"27 de abril de 2024","format":false,"excerpt":"El presidente del Partido Humanista Dominicano (PHD) Ing. Ram\u00f3n Emilio Goris, anunci\u00f3 su respaldo total al Dr. Guillermo Moreno como candidato a Senador por el Distrito Nacional. Goris recibi\u00f3 a Moreno con entusiasmo y en su discurso destac\u00f3 la integridad y el compromiso \u00e9tico del candidato, quien est\u00e1 formalmente inscrito\u2026","rel":"","context":"En \u00abSin categor\u00eda\u00bb","block_context":{"text":"Sin categor\u00eda","link":"https:\/\/lasprimeras.com.do\/index.php\/category\/sin-categoria\/"},"img":{"alt_text":"PHD","src":"https:\/\/i0.wp.com\/lasprimeras.com.do\/wp-content\/uploads\/2024\/04\/PHD.jpg?resize=350%2C200&ssl=1","width":350,"height":200,"srcset":"https:\/\/i0.wp.com\/lasprimeras.com.do\/wp-content\/uploads\/2024\/04\/PHD.jpg?resize=350%2C200&ssl=1 1x, https:\/\/i0.wp.com\/lasprimeras.com.do\/wp-content\/uploads\/2024\/04\/PHD.jpg?resize=525%2C300&ssl=1 1.5x, https:\/\/i0.wp.com\/lasprimeras.com.do\/wp-content\/uploads\/2024\/04\/PHD.jpg?resize=700%2C400&ssl=1 2x"},"classes":[]}],"jetpack_sharing_enabled":true,"_links":{"self":[{"href":"https:\/\/lasprimeras.com.do\/index.php\/wp-json\/wp\/v2\/posts\/55698","targetHints":{"allow":["GET"]}}],"collection":[{"href":"https:\/\/lasprimeras.com.do\/index.php\/wp-json\/wp\/v2\/posts"}],"about":[{"href":"https:\/\/lasprimeras.com.do\/index.php\/wp-json\/wp\/v2\/types\/post"}],"author":[{"embeddable":true,"href":"https:\/\/lasprimeras.com.do\/index.php\/wp-json\/wp\/v2\/users\/2"}],"replies":[{"embeddable":true,"href":"https:\/\/lasprimeras.com.do\/index.php\/wp-json\/wp\/v2\/comments?post=55698"}],"version-history":[{"count":1,"href":"https:\/\/lasprimeras.com.do\/index.php\/wp-json\/wp\/v2\/posts\/55698\/revisions"}],"predecessor-version":[{"id":55700,"href":"https:\/\/lasprimeras.com.do\/index.php\/wp-json\/wp\/v2\/posts\/55698\/revisions\/55700"}],"wp:featuredmedia":[{"embeddable":true,"href":"https:\/\/lasprimeras.com.do\/index.php\/wp-json\/wp\/v2\/media\/55699"}],"wp:attachment":[{"href":"https:\/\/lasprimeras.com.do\/index.php\/wp-json\/wp\/v2\/media?parent=55698"}],"wp:term":[{"taxonomy":"category","embeddable":true,"href":"https:\/\/lasprimeras.com.do\/index.php\/wp-json\/wp\/v2\/categories?post=55698"},{"taxonomy":"post_tag","embeddable":true,"href":"https:\/\/lasprimeras.com.do\/index.php\/wp-json\/wp\/v2\/tags?post=55698"}],"curies":[{"name":"wp","href":"https:\/\/api.w.org\/{rel}","templated":true}]}}