{"id":55705,"date":"2023-07-24T20:01:50","date_gmt":"2023-07-25T00:01:50","guid":{"rendered":"https:\/\/lasprimeras.com.do\/?p=55705"},"modified":"2023-07-24T21:33:35","modified_gmt":"2023-07-25T01:33:35","slug":"william-figuereo-representa-a-rd-en-la-3ra-cumbre-de-transportistas-celebrada-en-ny","status":"publish","type":"post","link":"https:\/\/lasprimeras.com.do\/index.php\/2023\/07\/24\/william-figuereo-representa-a-rd-en-la-3ra-cumbre-de-transportistas-celebrada-en-ny\/","title":{"rendered":"William Figuereo representa a RD en la \u201c3ra. Cumbre de Transportistas\u201d celebrada en NY"},"content":{"rendered":"\n<p>Washington.-. La Rep\u00fablica Dominicana particip\u00f3 en la \u201cTercera Cumbre de Transportistas 2023\u201d celebrada del 20 al 23 de Julio en los Estados Unidos, donde se debatieron las principales causas sobre los accidentes de tr\u00e1nsito que ocurren en las calles, avenidas y carreteras de todo el mundo.<\/p>\n\n\n\n<p>&nbsp;Esta cumbre que&nbsp; fue celebrada en los Estados Unidos, se revel\u00f3 que si la Rep\u00fablica Dominicana, quiere evitar las muertes por accidentes de tr\u00e1nsito, debemos imitar \u201cDoble Stop\u201d en todas las esquinas o intersecciones, para que los ciudadanos y ciudadanas tenga que detenerse y detener el auto, dos veces antes de continuar.<\/p>\n\n\n\n<p>La Rep\u00fablica Dominicana, estuvo representada por el presidente de la Central Nacional Transporte Unificado (CNTU), Lic. William P\u00e9rez Figuereo, quien manifest\u00f3 que esta Cumbre va ayudar much\u00edsimo a nuestro&nbsp; pa\u00eds, si queremos bajar el nivel de muertes por accidentes.<\/p>\n\n\n\n<figure class=\"wp-block-image size-full is-resized\"><img decoding=\"async\" src=\"https:\/\/lasprimeras.com.do\/wp-content\/uploads\/2023\/07\/William-Perez-Figuereo-1.jpg\" alt=\"\" class=\"wp-image-55707\" width=\"834\" height=\"626\" srcset=\"https:\/\/lasprimeras.com.do\/wp-content\/uploads\/2023\/07\/William-Perez-Figuereo-1.jpg 700w, https:\/\/lasprimeras.com.do\/wp-content\/uploads\/2023\/07\/William-Perez-Figuereo-1-300x225.jpg 300w\" sizes=\"(max-width: 834px) 100vw, 834px\" \/><\/figure>\n\n\n\n<p>P\u00e9rez Figuereo, se\u00f1alo que los representantes de Colombia atribuyeron la que la mayor\u00eda de accidentes que suceden en la Rep\u00fablica Dominicana, se debe b\u00e1sicamente a la alta velocidad de los autom\u00f3viles; y adem\u00e1s, los veh\u00edculos pesados deben transitar a una velocidad moderada, si quieren alcanzar el \u00e9xito obtenidos por los colombianos, quienes han reducidos las muertes por accidentes en los \u00faltimos a\u00f1os.<\/p>\n\n\n\n<p>Mientras, que delegaci\u00f3n de Espa\u00f1a, atribuy\u00f3 los accidentes en Rep\u00fablica Dominicana, a alta velocidad, el mantenimiento mec\u00e1nico del veh\u00edculo, y a la calidad de los neum\u00e1ticos, los cuales muchas veces no est\u00e1n en condiciones, o est\u00e1n lisos o recauchados.<\/p>\n\n\n\n<p>Explicaron que han logrado reducir las los accidentes, porque la mayor\u00eda de los espa\u00f1oles o europeos utilizan el servicio del transporte p\u00fablico, el metro; mientras que los veh\u00edculos privados permanecen estacionados en su casa.<\/p>\n\n\n\n<p>Adem\u00e1s, las personas mayores de 65 a\u00f1os no pagan pasajes, ni los ni\u00f1os menores de 5 a\u00f1os, esto incentiva que utilicen el servicio del transporte p\u00fablico y evitar trasladarse en veh\u00edculos privados, a su trabajo, plaza, parque o restaurante.<\/p>\n\n\n\n<p>En su intervenci\u00f3n en la \u201cTercera Cumbre de Transportistas 2023\u201d, el presidente de la CNTU,&nbsp; William P\u00e9rez Figuereo, piensa que todos estos resultados van ayudar mucho a nuestro pa\u00eds, para evitar los accidentes de tr\u00e1nsito.<\/p>\n\n\n\n<p>El empresario del transporte, manifest\u00f3 que la Rep\u00fablica Dominicana se est\u00e1 preparando para retirar de las calles a los enajenados mentales;&nbsp; para que estos sean socorridos y llevados a centros especiales; y evitar que sean atropellados los conductores o choferes.<\/p>\n\n\n\n<p>\u201cEn cuanto, a la Inspecci\u00f3n T\u00e9cnica Vehicular necesitamos que los talleres est\u00e1n conectados a una red, y que funcionen con una base de datos, parecida a la que utiliza la Direcci\u00f3n General de Impuestos Internos (DGII), donde se manejan todas las informaciones Carfax, todas las condiciones; entonces los talleres podr\u00e1n conectarse a esa red, ofrecer las informaciones mec\u00e1nicas de los veh\u00edculos\u201d, afirma P\u00e9rez Figuereo.<\/p>\n","protected":false},"excerpt":{"rendered":"<p>Washington.-. La Rep\u00fablica Dominicana particip\u00f3 en la \u201cTercera Cumbre de Transportistas 2023\u201d celebrada del 20 al 23 de Julio en los Estados Unidos, donde se debatieron las principales causas sobre&hellip;<\/p>\n","protected":false},"author":2,"featured_media":55706,"comment_status":"open","ping_status":"open","sticky":false,"template":"","format":"standard","meta":{"content-type":"","jetpack_post_was_ever_published":false,"_jetpack_newsletter_access":"","_jetpack_dont_email_post_to_subs":false,"_jetpack_newsletter_tier_id":0,"_jetpack_memberships_contains_paywalled_content":false,"_jetpack_memberships_contains_paid_content":false,"footnotes":""},"categories":[35,25],"tags":[5239,1595,127,3998,5238],"class_list":["post-55705","post","type-post","status-publish","format-standard","has-post-thumbnail","hentry","category-nacionales","category-portada","tag-cumbre-de","tag-ny","tag-rd","tag-transportistas","tag-william-p-figuereo"],"jetpack_featured_media_url":"https:\/\/lasprimeras.com.do\/wp-content\/uploads\/2023\/07\/William-Perez-Figuereo.jpg","jetpack-related-posts":[{"id":56144,"url":"https:\/\/lasprimeras.com.do\/index.php\/2023\/07\/28\/cntu-llama-conductores-a-reducir-velocidad-para-evitar-accidentes\/","url_meta":{"origin":55705,"position":0},"title":"CNTU llama conductores a reducir velocidad para evitar accidentes","author":"Nelson Feliz","date":"28 de julio de 2023","format":false,"excerpt":"P\u00e9rez Figuereo pide se\u00f1alizaci\u00f3n vial y reparaci\u00f3n de los sem\u00e1foros. El presidente de la Central Nacional Transporte Unificado (CNTU), William P\u00e9rez Figuereo, solicit\u00f3 hoy a los directores del Instituto Nacional de Tr\u00e1nsito y Transporte Terrestre (Intrant), y Seguridad de Tr\u00e1nsito y Transporte Terrestre (DIGESETT), interpongan sus buenos oficios e inicien\u2026","rel":"","context":"En \u00abNACIONALES\u00bb","block_context":{"text":"NACIONALES","link":"https:\/\/lasprimeras.com.do\/index.php\/category\/nacionales\/"},"img":{"alt_text":"William Perez Figuereo","src":"https:\/\/i0.wp.com\/lasprimeras.com.do\/wp-content\/uploads\/2023\/06\/William-Perez-Figuereo.jpg?resize=350%2C200&ssl=1","width":350,"height":200,"srcset":"https:\/\/i0.wp.com\/lasprimeras.com.do\/wp-content\/uploads\/2023\/06\/William-Perez-Figuereo.jpg?resize=350%2C200&ssl=1 1x, https:\/\/i0.wp.com\/lasprimeras.com.do\/wp-content\/uploads\/2023\/06\/William-Perez-Figuereo.jpg?resize=525%2C300&ssl=1 1.5x, https:\/\/i0.wp.com\/lasprimeras.com.do\/wp-content\/uploads\/2023\/06\/William-Perez-Figuereo.jpg?resize=700%2C400&ssl=1 2x, https:\/\/i0.wp.com\/lasprimeras.com.do\/wp-content\/uploads\/2023\/06\/William-Perez-Figuereo.jpg?resize=1050%2C600&ssl=1 3x, https:\/\/i0.wp.com\/lasprimeras.com.do\/wp-content\/uploads\/2023\/06\/William-Perez-Figuereo.jpg?resize=1400%2C800&ssl=1 4x"},"classes":[]},{"id":88898,"url":"https:\/\/lasprimeras.com.do\/index.php\/2024\/09\/08\/cntu-entrega-propuesta-a-director-intrant-en-busca-de-frenar-accidentes-de-transito-en-rd\/","url_meta":{"origin":55705,"position":1},"title":"CNTU entrega propuesta a director Intrant en busca de frenar accidentes de tr\u00e1nsito en RD","author":"Nelson Feliz","date":"8 de septiembre de 2024","format":false,"excerpt":"El presidente de la Central Nacional de Transportistas Unificados (CNTU), William P\u00e9rez Figuereo, entreg\u00f3 al director del Instituto Nacional de Tr\u00e1nsito y Transporte (Intrant), ingeniero Milton Morrison, un pliego de acciones dirigidas a contrarrestar el problema y salvaguardar la integridad de la poblaci\u00f3n. P\u00e9rez Figuereo, manifest\u00f3 su preocupacion por las\u2026","rel":"","context":"En \u00abNACIONALES\u00bb","block_context":{"text":"NACIONALES","link":"https:\/\/lasprimeras.com.do\/index.php\/category\/nacionales\/"},"img":{"alt_text":"William P\u00e9rez Figuereo","src":"https:\/\/i0.wp.com\/lasprimeras.com.do\/wp-content\/uploads\/2024\/07\/William-Perez-Figuereo.jpg?resize=350%2C200&ssl=1","width":350,"height":200,"srcset":"https:\/\/i0.wp.com\/lasprimeras.com.do\/wp-content\/uploads\/2024\/07\/William-Perez-Figuereo.jpg?resize=350%2C200&ssl=1 1x, https:\/\/i0.wp.com\/lasprimeras.com.do\/wp-content\/uploads\/2024\/07\/William-Perez-Figuereo.jpg?resize=525%2C300&ssl=1 1.5x, https:\/\/i0.wp.com\/lasprimeras.com.do\/wp-content\/uploads\/2024\/07\/William-Perez-Figuereo.jpg?resize=700%2C400&ssl=1 2x"},"classes":[]},{"id":69492,"url":"https:\/\/lasprimeras.com.do\/index.php\/2023\/12\/03\/cntu-y-rd-vial-recuerdan-victimas-fatales-de-accidentes-en-navidades-anteriores\/","url_meta":{"origin":55705,"position":2},"title":"CNTU y RD Vial recuerdan v\u00edctimas fatales de accidentes en navidades anteriores","author":"Nelson Feliz","date":"3 de diciembre de 2023","format":false,"excerpt":"Los presidentes de la Central Nacional del Transporte Unificado (CNTU) y RD Vial, William P\u00e9rez Figuereo y Mar\u00eda D\u00edaz, recordaron hoy las v\u00edctimas fatales que se han registrado en navidades anteriores a causas de los accidentes de tr\u00e1nsito. P\u00e9rez Figuereo y Mar\u00eda D\u00edaz, expertos en tr\u00e1nsito y transporte en Rep\u00fablica\u2026","rel":"","context":"En \u00abNACIONALES\u00bb","block_context":{"text":"NACIONALES","link":"https:\/\/lasprimeras.com.do\/index.php\/category\/nacionales\/"},"img":{"alt_text":"William P\u00e9rez Figuereo y Mar\u00eda D\u00edaz","src":"https:\/\/i0.wp.com\/lasprimeras.com.do\/wp-content\/uploads\/2023\/12\/William-Perez-Figuereo-y-Maria-Diaz.jpg?resize=350%2C200&ssl=1","width":350,"height":200,"srcset":"https:\/\/i0.wp.com\/lasprimeras.com.do\/wp-content\/uploads\/2023\/12\/William-Perez-Figuereo-y-Maria-Diaz.jpg?resize=350%2C200&ssl=1 1x, https:\/\/i0.wp.com\/lasprimeras.com.do\/wp-content\/uploads\/2023\/12\/William-Perez-Figuereo-y-Maria-Diaz.jpg?resize=525%2C300&ssl=1 1.5x, https:\/\/i0.wp.com\/lasprimeras.com.do\/wp-content\/uploads\/2023\/12\/William-Perez-Figuereo-y-Maria-Diaz.jpg?resize=700%2C400&ssl=1 2x"},"classes":[]},{"id":54498,"url":"https:\/\/lasprimeras.com.do\/index.php\/2023\/07\/11\/cntu-pide-al-presidente-abinader-autorizar-mesa-del-transporte-emita-boletin-todas-la-semana\/","url_meta":{"origin":55705,"position":3},"title":"CNTU pide al presidente Abinader autorizar mesa del transporte emita bolet\u00edn todas la semana","author":"Nelson Feliz","date":"11 de julio de 2023","format":false,"excerpt":"El presidente de la Central Nacional de Transportistas Unificados (CNTU), William P\u00e9rez Figuereo, ha propuesto hoy la creaci\u00f3n de una mesa de trabajo para transparentar a trav\u00e9s de los boletines que se deben hacer semanalmente, los accidentes que ocurren en las diferentes v\u00edas del pa\u00eds. P\u00e9rez Figuereo, dijo que as\u00ed\u2026","rel":"","context":"En \u00abNACIONALES\u00bb","block_context":{"text":"NACIONALES","link":"https:\/\/lasprimeras.com.do\/index.php\/category\/nacionales\/"},"img":{"alt_text":"William Perez Figuereo","src":"https:\/\/i0.wp.com\/lasprimeras.com.do\/wp-content\/uploads\/2023\/06\/William-Perez-Figuereo.jpg?resize=350%2C200&ssl=1","width":350,"height":200,"srcset":"https:\/\/i0.wp.com\/lasprimeras.com.do\/wp-content\/uploads\/2023\/06\/William-Perez-Figuereo.jpg?resize=350%2C200&ssl=1 1x, https:\/\/i0.wp.com\/lasprimeras.com.do\/wp-content\/uploads\/2023\/06\/William-Perez-Figuereo.jpg?resize=525%2C300&ssl=1 1.5x, https:\/\/i0.wp.com\/lasprimeras.com.do\/wp-content\/uploads\/2023\/06\/William-Perez-Figuereo.jpg?resize=700%2C400&ssl=1 2x, https:\/\/i0.wp.com\/lasprimeras.com.do\/wp-content\/uploads\/2023\/06\/William-Perez-Figuereo.jpg?resize=1050%2C600&ssl=1 3x, https:\/\/i0.wp.com\/lasprimeras.com.do\/wp-content\/uploads\/2023\/06\/William-Perez-Figuereo.jpg?resize=1400%2C800&ssl=1 4x"},"classes":[]},{"id":109034,"url":"https:\/\/lasprimeras.com.do\/index.php\/2025\/09\/12\/cntu-llama-a-la-conciencia-ciudadana-y-valora-avances-en-el-transporte-colectivo\/","url_meta":{"origin":55705,"position":4},"title":"CNTU llama a la conciencia ciudadana y valora avances en el transporte colectivo","author":"Nelson Feliz","date":"12 de septiembre de 2025","format":false,"excerpt":"El presidente de la Central Nacional del Transporte Unificado (CNTU), William P\u00e9rez Figuereo, expres\u00f3 su preocupaci\u00f3n por la alta incidencia de accidentes de tr\u00e1nsito en la Rep\u00fablica Dominicana, los cuales calific\u00f3 como \u201cuna verdadera tragedia nacional\u201d que afecta a cientos de familias cada a\u00f1o. P\u00e9rez Figuereo record\u00f3 que el pasado\u2026","rel":"","context":"En \u00abNACIONALES\u00bb","block_context":{"text":"NACIONALES","link":"https:\/\/lasprimeras.com.do\/index.php\/category\/nacionales\/"},"img":{"alt_text":"accidentes","src":"https:\/\/i0.wp.com\/lasprimeras.com.do\/wp-content\/uploads\/2023\/10\/accidentes.jpeg?resize=350%2C200&ssl=1","width":350,"height":200,"srcset":"https:\/\/i0.wp.com\/lasprimeras.com.do\/wp-content\/uploads\/2023\/10\/accidentes.jpeg?resize=350%2C200&ssl=1 1x, https:\/\/i0.wp.com\/lasprimeras.com.do\/wp-content\/uploads\/2023\/10\/accidentes.jpeg?resize=525%2C300&ssl=1 1.5x, https:\/\/i0.wp.com\/lasprimeras.com.do\/wp-content\/uploads\/2023\/10\/accidentes.jpeg?resize=700%2C400&ssl=1 2x"},"classes":[]},{"id":51367,"url":"https:\/\/lasprimeras.com.do\/index.php\/2023\/05\/30\/hato-mayor-cntu-atribuye-accidente-al-desorden-que-existe-en-el-transporte-publico\/","url_meta":{"origin":55705,"position":5},"title":"HATO MAYOR: CNTU atribuye accidente al desorden que existe en el transporte p\u00fablico","author":"prenxa100","date":"30 de mayo de 2023","format":false,"excerpt":"Santo Domingo, RD.- El presidente de la Central Nacional de Transportistas Unificados (CNTU), William P\u00e9rez Figuereo, declar\u00f3 este martes que el accidente de tr\u00e1nsito ocurrido en el tramo carretero Sabana de la Mar \u2013 Hato Mayor, donde perdieron la vida al menos\u00a0 cinco estudiantes y otros resultaron heridos, se debe\u2026","rel":"","context":"En \u00abNACIONALES\u00bb","block_context":{"text":"NACIONALES","link":"https:\/\/lasprimeras.com.do\/index.php\/category\/nacionales\/"},"img":{"alt_text":"","src":"","width":0,"height":0},"classes":[]}],"jetpack_sharing_enabled":true,"_links":{"self":[{"href":"https:\/\/lasprimeras.com.do\/index.php\/wp-json\/wp\/v2\/posts\/55705","targetHints":{"allow":["GET"]}}],"collection":[{"href":"https:\/\/lasprimeras.com.do\/index.php\/wp-json\/wp\/v2\/posts"}],"about":[{"href":"https:\/\/lasprimeras.com.do\/index.php\/wp-json\/wp\/v2\/types\/post"}],"author":[{"embeddable":true,"href":"https:\/\/lasprimeras.com.do\/index.php\/wp-json\/wp\/v2\/users\/2"}],"replies":[{"embeddable":true,"href":"https:\/\/lasprimeras.com.do\/index.php\/wp-json\/wp\/v2\/comments?post=55705"}],"version-history":[{"count":2,"href":"https:\/\/lasprimeras.com.do\/index.php\/wp-json\/wp\/v2\/posts\/55705\/revisions"}],"predecessor-version":[{"id":55726,"href":"https:\/\/lasprimeras.com.do\/index.php\/wp-json\/wp\/v2\/posts\/55705\/revisions\/55726"}],"wp:featuredmedia":[{"embeddable":true,"href":"https:\/\/lasprimeras.com.do\/index.php\/wp-json\/wp\/v2\/media\/55706"}],"wp:attachment":[{"href":"https:\/\/lasprimeras.com.do\/index.php\/wp-json\/wp\/v2\/media?parent=55705"}],"wp:term":[{"taxonomy":"category","embeddable":true,"href":"https:\/\/lasprimeras.com.do\/index.php\/wp-json\/wp\/v2\/categories?post=55705"},{"taxonomy":"post_tag","embeddable":true,"href":"https:\/\/lasprimeras.com.do\/index.php\/wp-json\/wp\/v2\/tags?post=55705"}],"curies":[{"name":"wp","href":"https:\/\/api.w.org\/{rel}","templated":true}]}}