{"id":55709,"date":"2023-07-24T20:33:40","date_gmt":"2023-07-25T00:33:40","guid":{"rendered":"https:\/\/lasprimeras.com.do\/?p=55709"},"modified":"2023-07-24T20:33:41","modified_gmt":"2023-07-25T00:33:41","slug":"ingenieros-demandan-gobierno-pague-deudas-atrasadas","status":"publish","type":"post","link":"https:\/\/lasprimeras.com.do\/index.php\/2023\/07\/24\/ingenieros-demandan-gobierno-pague-deudas-atrasadas\/","title":{"rendered":"Ingenieros demandan Gobierno pague deudas atrasadas"},"content":{"rendered":"\n<p><strong>Los profesionales construyeron Centros de Atenci\u00f3n Primarias para Salud P\u00fablica y demandan pago de cubicaciones.<\/strong><\/p>\n\n\n\n<p>Ingenieros contratistas que construyeron y entregaron 50 Centros de Diagn\u00f3sticos y Atenci\u00f3n Primaria sorteados en el a\u00f1o 2013 por la Oficina Supervisora de Obras del Estado (OISOE), solicitan al presidente Luis Abinader, que &nbsp;autorice los pagos pendientes por concepto de cubicaciones finales.<\/p>\n\n\n\n<p>Adem\u00e1s, de la liberaci\u00f3n de las retenciones y devoluci\u00f3n de los intereses cobrados por Banreservas a las L\u00edneas de cr\u00e9dito que les &nbsp;adeuda el Ministerio de Viviendas (MIVED) antigua OISOE.<\/p>\n\n\n\n<p>La Ing. Emerly Eusebio, explic\u00f3 que a pesar de las promesas &nbsp;y asegurarles que pagar\u00edan lo adeudado a trav\u00e9s ahora no les reciben y planean enviar los expedientes al Ministerio de Hacienda.<\/p>\n\n\n\n<p>\u201cTenemos 3 a\u00f1os con los expedientes durmiendo el sue\u00f1o eterno, sin asignarles los recursos en el presupuesto del MIVED antigua OISOE, que encabeza el ministro Carlos Bonilla, quien no nos da la cara, para explicarnos por qu\u00e9 no se realizan los pagos a los ingenieros e ingenieras que se endeudaron hasta la tambora, para cumplir con la entrega de las edificaciones en el tiempo requerido\u201d, manifest\u00f3 Eusebio.<\/p>\n\n\n\n<p>Preciso, que en la gesti\u00f3n de gobierno que encabeza el presidente Abinader, en numerosas ocasiones, se fiscaliz\u00f3 y re-fiscaliz\u00f3 los centros, reduciendo al m\u00ednimo los presupuestos, dejando partidas sin reconocer, aun con las evidencias de su ejecuci\u00f3n, aceptando dicha condici\u00f3n con la promesa de pago, lo que no han cumplido, razones por la que se ven obligados a denunciar lo que calific\u00f3 de maltrato.<\/p>\n\n\n\n<p>Los ingenieros afectados aseguraron que tanto el MIVED, como el Ministerio de Salud P\u00fablica, asumieron las edificaciones e inauguraron todos los centros antes del a\u00f1o 2020, aceptando que los mismos cumplieron con todas las especificaciones y requisitos exigidos.<\/p>\n\n\n\n<p>\u201cEstamos desesperados, continuamos con deudas en ferreter\u00edas,&nbsp; obreros de la construcci\u00f3n y suplidores, lo que ha provocado que muchos compa\u00f1eros hayan enfermado por estas situaciones y por la falta de pagos, incrementando la deuda en aproximadamente RD$200.000.000 millones de pesos\u201d, expresaron.<\/p>\n\n\n\n<p>Sin embargo, dicen que, el presidente sigue exhibiendo esos centros como logro de su gesti\u00f3n entregando recientemente un nuevo y moderno Centro de Diagn\u00f3stico y Atenci\u00f3n Primaria en el municipio de Jarabacoa, como parte de su programa de gobierno de acercar los servicios de salud a la poblaci\u00f3n.<\/p>\n\n\n\n<p>Aseguraron que de no atender sus reclamos llegaran hasta las \u00faltimas consecuencias, con acciones m\u00e1s contundentes, no solo en el pa\u00eds, sino en el exterior &nbsp;a nivel de los organismos de Derechos Humanos y del Trabajo.<\/p>\n","protected":false},"excerpt":{"rendered":"<p>Los profesionales construyeron Centros de Atenci\u00f3n Primarias para Salud P\u00fablica y demandan pago de cubicaciones. Ingenieros contratistas que construyeron y entregaron 50 Centros de Diagn\u00f3sticos y Atenci\u00f3n Primaria sorteados en&hellip;<\/p>\n","protected":false},"author":2,"featured_media":55710,"comment_status":"open","ping_status":"open","sticky":false,"template":"","format":"standard","meta":{"content-type":"","jetpack_post_was_ever_published":false,"_jetpack_newsletter_access":"","_jetpack_dont_email_post_to_subs":false,"_jetpack_newsletter_tier_id":0,"_jetpack_memberships_contains_paywalled_content":false,"_jetpack_memberships_contains_paid_content":false,"footnotes":""},"categories":[39,25],"tags":[5242,1085,5240,171,4018,5241],"class_list":["post-55709","post","type-post","status-publish","format-standard","has-post-thumbnail","hentry","category-economia","category-portada","tag-atrasadas","tag-demanda","tag-deudas","tag-gobierno","tag-ingenieros","tag-pague"],"jetpack_featured_media_url":"https:\/\/lasprimeras.com.do\/wp-content\/uploads\/2023\/07\/Ingenieros.jpeg","jetpack-related-posts":[{"id":53551,"url":"https:\/\/lasprimeras.com.do\/index.php\/2023\/06\/28\/defensor-del-pueblo-busca-se-honren-pagos-adeudados-a-ingenieros-contratistas-del-minerd\/","url_meta":{"origin":55709,"position":0},"title":"Defensor del Pueblo busc\u00e1 se honren pagos adeudados a ingenieros contratistas del MINERD","author":"Nelson Feliz","date":"28 de junio de 2023","format":false,"excerpt":"El Defensor del Pueblo, Pablo Ulloa, realiz\u00f3 una reuni\u00f3n con los ingenieros contratistas escolares del Ministerio de Educaci\u00f3n (UCOCOMI) para buscar una soluci\u00f3n satisfactoria a los reclamos que vienen haciendo desde el a\u00f1o 2013 ante el MINERD para que les paguen por los planteles terminados y entregados y los que\u2026","rel":"","context":"En \u00abNACIONALES\u00bb","block_context":{"text":"NACIONALES","link":"https:\/\/lasprimeras.com.do\/index.php\/category\/nacionales\/"},"img":{"alt_text":"Defensor del Pueblo","src":"https:\/\/i0.wp.com\/lasprimeras.com.do\/wp-content\/uploads\/2023\/06\/Defensor.jpg?resize=350%2C200&ssl=1","width":350,"height":200,"srcset":"https:\/\/i0.wp.com\/lasprimeras.com.do\/wp-content\/uploads\/2023\/06\/Defensor.jpg?resize=350%2C200&ssl=1 1x, https:\/\/i0.wp.com\/lasprimeras.com.do\/wp-content\/uploads\/2023\/06\/Defensor.jpg?resize=525%2C300&ssl=1 1.5x, https:\/\/i0.wp.com\/lasprimeras.com.do\/wp-content\/uploads\/2023\/06\/Defensor.jpg?resize=700%2C400&ssl=1 2x"},"classes":[]},{"id":101383,"url":"https:\/\/lasprimeras.com.do\/index.php\/2025\/06\/20\/tejada-estima-positivo-programa-24-7-para-terminar-1100-aulas-y-contrarrestar-deficit-en-proximo-ano-escolar\/","url_meta":{"origin":55709,"position":1},"title":"Tejada estima \u201cpositivo\u201d Programa 24\/7 para terminar 1,100 aulas y contrarrestar d\u00e9ficit en pr\u00f3ximo a\u00f1o escolar","author":"Nelson Feliz","date":"20 de junio de 2025","format":false,"excerpt":"El expresidente del Colegio Dominicano de Ingenieros, Arquitectos y Agrimensores (Codia) ingeniero Teodoro Tejada calific\u00f3 de \u201cpositivo\u201d el Programa 24\/7 que desarrolla la Direcci\u00f3n de Infraestructura Escolar (DIE) a los fines de concluir mil 100 aulas para contrarrestar el d\u00e9ficit en los planteles p\u00fablicos ante el inicio del a\u00f1o escolar\u2026","rel":"","context":"En \u00abECONOM\u00cdA\u00bb","block_context":{"text":"ECONOM\u00cdA","link":"https:\/\/lasprimeras.com.do\/index.php\/category\/economia\/"},"img":{"alt_text":"Teodoro Tejada","src":"https:\/\/i0.wp.com\/lasprimeras.com.do\/wp-content\/uploads\/2024\/01\/Teodoro-Tejada.jpg?resize=350%2C200&ssl=1","width":350,"height":200,"srcset":"https:\/\/i0.wp.com\/lasprimeras.com.do\/wp-content\/uploads\/2024\/01\/Teodoro-Tejada.jpg?resize=350%2C200&ssl=1 1x, https:\/\/i0.wp.com\/lasprimeras.com.do\/wp-content\/uploads\/2024\/01\/Teodoro-Tejada.jpg?resize=525%2C300&ssl=1 1.5x, https:\/\/i0.wp.com\/lasprimeras.com.do\/wp-content\/uploads\/2024\/01\/Teodoro-Tejada.jpg?resize=700%2C400&ssl=1 2x"},"classes":[]},{"id":126011,"url":"https:\/\/lasprimeras.com.do\/index.php\/2026\/03\/29\/demandan-al-ministro-de-deportes-kelvin-cruz-por-desacato-a-sentencia\/","url_meta":{"origin":55709,"position":2},"title":"Demandan al ministro de Deportes Kelvin Cruz , por desacato a sentencia","author":"Nelson Feliz","date":"29 de marzo de 2026","format":false,"excerpt":"Por Abd\u00edas Estrella Los consorcios Jantesa, Casalca y Disconsa interpusieron una demanda en contra del ministro de Deportes, ingeniero Kevin Cruz, en reclamo de reparaci\u00f3n por da\u00f1os y perjuicios, alegando un supuesto desacato a una sentencia emitida por la Quinta Sala del Tribunal Superior Administrativo. De acuerdo con los representantes\u2026","rel":"","context":"En \u00abJUSTICIA\u00bb","block_context":{"text":"JUSTICIA","link":"https:\/\/lasprimeras.com.do\/index.php\/category\/justicia\/"},"img":{"alt_text":"","src":"https:\/\/i0.wp.com\/lasprimeras.com.do\/wp-content\/uploads\/2026\/03\/Kelvin-Cruz.jpg?resize=350%2C200&ssl=1","width":350,"height":200,"srcset":"https:\/\/i0.wp.com\/lasprimeras.com.do\/wp-content\/uploads\/2026\/03\/Kelvin-Cruz.jpg?resize=350%2C200&ssl=1 1x, https:\/\/i0.wp.com\/lasprimeras.com.do\/wp-content\/uploads\/2026\/03\/Kelvin-Cruz.jpg?resize=525%2C300&ssl=1 1.5x, https:\/\/i0.wp.com\/lasprimeras.com.do\/wp-content\/uploads\/2026\/03\/Kelvin-Cruz.jpg?resize=700%2C400&ssl=1 2x"},"classes":[]},{"id":119312,"url":"https:\/\/lasprimeras.com.do\/index.php\/2026\/01\/10\/senado-aprueba-ley-para-el-pago-de-deuda-por-obras-previas-a-ley-de-compras\/","url_meta":{"origin":55709,"position":3},"title":"Senado aprueba ley para el pago de deuda por obras previas a Ley de Compras","author":"Nelson Feliz","date":"10 de enero de 2026","format":false,"excerpt":"Las obras fueron ejecutadas a trav\u00e9s de distintas instituciones hace m\u00e1s de 30 a\u00f1os. El Senado de la Rep\u00fablica declar\u00f3 de urgencia y aprob\u00f3 en dos lecturas consecutivas el proyecto de ley de reconocimiento y autorizaci\u00f3n de pago de deuda por obras ejecutadas desde el a\u00f1o 1996, iniciativa presentada por\u2026","rel":"","context":"En \u00abNACIONALES\u00bb","block_context":{"text":"NACIONALES","link":"https:\/\/lasprimeras.com.do\/index.php\/category\/nacionales\/"},"img":{"alt_text":"Senado","src":"https:\/\/i0.wp.com\/lasprimeras.com.do\/wp-content\/uploads\/2026\/01\/Senado-1.jpg?resize=350%2C200&ssl=1","width":350,"height":200,"srcset":"https:\/\/i0.wp.com\/lasprimeras.com.do\/wp-content\/uploads\/2026\/01\/Senado-1.jpg?resize=350%2C200&ssl=1 1x, https:\/\/i0.wp.com\/lasprimeras.com.do\/wp-content\/uploads\/2026\/01\/Senado-1.jpg?resize=525%2C300&ssl=1 1.5x, https:\/\/i0.wp.com\/lasprimeras.com.do\/wp-content\/uploads\/2026\/01\/Senado-1.jpg?resize=700%2C400&ssl=1 2x"},"classes":[]},{"id":111910,"url":"https:\/\/lasprimeras.com.do\/index.php\/2025\/10\/15\/la-carta-de-guido-a-danilo-medina\/","url_meta":{"origin":55709,"position":4},"title":"La Carta de Guido a Danilo Medina","author":"Nelson Feliz","date":"15 de octubre de 2025","format":false,"excerpt":"Santo Domingo, 14 de octubre de 2025 Escrito por Guido G\u00f3mez Mazara A Danilo Medina, con cari\u00f1o. El a\u00f1o en que nac\u00ed, Sidney Poitier salt\u00f3 a la fama con su estelar papel en la pel\u00edcula \u2018Al maestro con cari\u00f1o\u2019, inspirada en la novela de E. R. Braithwaite. He pensado mucho\u2026","rel":"","context":"En \u00abOPINI\u00d3N\u00bb","block_context":{"text":"OPINI\u00d3N","link":"https:\/\/lasprimeras.com.do\/index.php\/category\/opinion\/"},"img":{"alt_text":"La Carta de Guido a Danilo Medina","src":"https:\/\/i0.wp.com\/lasprimeras.com.do\/wp-content\/uploads\/2025\/10\/Guido-Gomez-y-Danilo-Medina.jpg?resize=350%2C200&ssl=1","width":350,"height":200,"srcset":"https:\/\/i0.wp.com\/lasprimeras.com.do\/wp-content\/uploads\/2025\/10\/Guido-Gomez-y-Danilo-Medina.jpg?resize=350%2C200&ssl=1 1x, https:\/\/i0.wp.com\/lasprimeras.com.do\/wp-content\/uploads\/2025\/10\/Guido-Gomez-y-Danilo-Medina.jpg?resize=525%2C300&ssl=1 1.5x, https:\/\/i0.wp.com\/lasprimeras.com.do\/wp-content\/uploads\/2025\/10\/Guido-Gomez-y-Danilo-Medina.jpg?resize=700%2C400&ssl=1 2x"},"classes":[]},{"id":100841,"url":"https:\/\/lasprimeras.com.do\/index.php\/2025\/06\/12\/condenan-intento-hacienda-de-querer-invalidar-documentos-pago-deudas-de-obras-hechas-rd\/","url_meta":{"origin":55709,"position":5},"title":"Condenan intento Hacienda de querer invalidar documentos pago deudas de obras hechas RD","author":"Nelson Feliz","date":"12 de junio de 2025","format":false,"excerpt":"Por Ram\u00f3n Mercedes NUEVA YORK.- Ingenieros dominicanos residentes en esta ciudad condenan el intento del Ministerio de Hacienda que preside Jos\u00e9 Manuel Vicente, de querer invalidar documentos referentes al pago de deudas por obras entregadas desde hace a\u00f1os por la constructora \u201cIngenieros Liberato y Asociados\u201d. Los profesionales Martha Su\u00e1rez, Wilson\u2026","rel":"","context":"En \u00abINTERNACIONALES\u00bb","block_context":{"text":"INTERNACIONALES","link":"https:\/\/lasprimeras.com.do\/index.php\/category\/sin-categoria\/internacionales\/"},"img":{"alt_text":"","src":"https:\/\/i0.wp.com\/lasprimeras.com.do\/wp-content\/uploads\/2025\/06\/WhatsApp-Image-2025-06-12-at-5.10.49-AM-2.jpeg?resize=350%2C200&ssl=1","width":350,"height":200,"srcset":"https:\/\/i0.wp.com\/lasprimeras.com.do\/wp-content\/uploads\/2025\/06\/WhatsApp-Image-2025-06-12-at-5.10.49-AM-2.jpeg?resize=350%2C200&ssl=1 1x, https:\/\/i0.wp.com\/lasprimeras.com.do\/wp-content\/uploads\/2025\/06\/WhatsApp-Image-2025-06-12-at-5.10.49-AM-2.jpeg?resize=525%2C300&ssl=1 1.5x, https:\/\/i0.wp.com\/lasprimeras.com.do\/wp-content\/uploads\/2025\/06\/WhatsApp-Image-2025-06-12-at-5.10.49-AM-2.jpeg?resize=700%2C400&ssl=1 2x"},"classes":[]}],"jetpack_sharing_enabled":true,"_links":{"self":[{"href":"https:\/\/lasprimeras.com.do\/index.php\/wp-json\/wp\/v2\/posts\/55709","targetHints":{"allow":["GET"]}}],"collection":[{"href":"https:\/\/lasprimeras.com.do\/index.php\/wp-json\/wp\/v2\/posts"}],"about":[{"href":"https:\/\/lasprimeras.com.do\/index.php\/wp-json\/wp\/v2\/types\/post"}],"author":[{"embeddable":true,"href":"https:\/\/lasprimeras.com.do\/index.php\/wp-json\/wp\/v2\/users\/2"}],"replies":[{"embeddable":true,"href":"https:\/\/lasprimeras.com.do\/index.php\/wp-json\/wp\/v2\/comments?post=55709"}],"version-history":[{"count":1,"href":"https:\/\/lasprimeras.com.do\/index.php\/wp-json\/wp\/v2\/posts\/55709\/revisions"}],"predecessor-version":[{"id":55711,"href":"https:\/\/lasprimeras.com.do\/index.php\/wp-json\/wp\/v2\/posts\/55709\/revisions\/55711"}],"wp:featuredmedia":[{"embeddable":true,"href":"https:\/\/lasprimeras.com.do\/index.php\/wp-json\/wp\/v2\/media\/55710"}],"wp:attachment":[{"href":"https:\/\/lasprimeras.com.do\/index.php\/wp-json\/wp\/v2\/media?parent=55709"}],"wp:term":[{"taxonomy":"category","embeddable":true,"href":"https:\/\/lasprimeras.com.do\/index.php\/wp-json\/wp\/v2\/categories?post=55709"},{"taxonomy":"post_tag","embeddable":true,"href":"https:\/\/lasprimeras.com.do\/index.php\/wp-json\/wp\/v2\/tags?post=55709"}],"curies":[{"name":"wp","href":"https:\/\/api.w.org\/{rel}","templated":true}]}}