{"id":55720,"date":"2023-07-24T21:22:13","date_gmt":"2023-07-25T01:22:13","guid":{"rendered":"https:\/\/lasprimeras.com.do\/?p=55720"},"modified":"2023-07-24T21:22:15","modified_gmt":"2023-07-25T01:22:15","slug":"clausura-del-campamento-cristo-rey-basketball-2023","status":"publish","type":"post","link":"https:\/\/lasprimeras.com.do\/index.php\/2023\/07\/24\/clausura-del-campamento-cristo-rey-basketball-2023\/","title":{"rendered":"Clausura del Campamento Cristo Rey Basketball 2023"},"content":{"rendered":"\n<p><strong>Transformando vidas de ni\u00f1os del sector de Cristo Rey.<\/strong><\/p>\n\n\n\n<p>Con la entonaci\u00f3n del Himno Nacional dirigido por la banda de m\u00fasica de la Polic\u00eda Nacional y la bendici\u00f3n de Dios de parte del padre Carlos Ml. Pati\u00f1o Rojas, concluy\u00f3 el &#8220;Campamento Cristo Rey Basketball 2023&#8221; (CampCRBasketball), un evento que busca transformar la vida de los ni\u00f1os del sector de Cristo Rey mediante la pr\u00e1ctica del baloncesto, la ense\u00f1anza de los valores \u00e9ticos y la fe.<\/p>\n\n\n\n<p>Durante cuatro d\u00edas llenos de diversi\u00f3n, aprendizaje, charlas motivacionales, reflexi\u00f3n y crecimiento, los ni\u00f1os tuvieron la oportunidad de disfrutar de una experiencia inolvidable,recibieron entrenamiento por parte de instructores y profesionales en el baloncesto, quienes les ense\u00f1aron diversas t\u00e9cnicas, habilidades y destrezas para mejorar su desempe\u00f1o en la cancha.<\/p>\n\n\n\n<figure class=\"wp-block-image size-full is-resized\"><img decoding=\"async\" src=\"https:\/\/lasprimeras.com.do\/wp-content\/uploads\/2023\/07\/Clausura-1.jpg\" alt=\"\" class=\"wp-image-55722\" width=\"837\" height=\"628\" srcset=\"https:\/\/lasprimeras.com.do\/wp-content\/uploads\/2023\/07\/Clausura-1.jpg 700w, https:\/\/lasprimeras.com.do\/wp-content\/uploads\/2023\/07\/Clausura-1-300x225.jpg 300w\" sizes=\"(max-width: 837px) 100vw, 837px\" \/><\/figure>\n\n\n\n<p>En la culminaci\u00f3n del campamento, los ni\u00f1os disfrutaron de palomitas de ma\u00edz, algod\u00f3n, helados Bon, entre otras.<\/p>\n\n\n\n<figure class=\"wp-block-image size-full is-resized\"><img decoding=\"async\" src=\"https:\/\/lasprimeras.com.do\/wp-content\/uploads\/2023\/07\/Clausura-2.jpg\" alt=\"\" class=\"wp-image-55723\" width=\"836\" height=\"627\" srcset=\"https:\/\/lasprimeras.com.do\/wp-content\/uploads\/2023\/07\/Clausura-2.jpg 700w, https:\/\/lasprimeras.com.do\/wp-content\/uploads\/2023\/07\/Clausura-2-300x225.jpg 300w\" sizes=\"(max-width: 836px) 100vw, 836px\" \/><\/figure>\n\n\n\n<p>El campamento, que tuvo lugar en la parroquia de Cristo Rey, se dieron citas grandes iconos del baloncesto y atletas de alto rendimiento, como: Hugo D\u00edaz, a quien fue dedicado el evento; Carlos Mart\u00ednez, Julio Cesar Javier (Ayata) y Carlos Paniagua.<\/p>\n\n\n\n<p>Durante la clausura, que fue amenizada por el talentoso maestro de ceremonia, Junior Noboa, se entregaron reconocimientos a: Hugo D\u00edaz, Dionis Berroa Dalmasi y Francisco Montilla (Papa).<\/p>\n\n\n\n<p>Mientras, a los ni\u00f1os se les entreg\u00f3 medallas y por equipo se les obsequi\u00f3 pelotas de mini-b\u00e1squet.<\/p>\n\n\n\n<figure class=\"wp-block-image size-full is-resized\"><img decoding=\"async\" src=\"https:\/\/lasprimeras.com.do\/wp-content\/uploads\/2023\/07\/Clausura-3.jpg\" alt=\"\" class=\"wp-image-55724\" width=\"837\" height=\"628\" srcset=\"https:\/\/lasprimeras.com.do\/wp-content\/uploads\/2023\/07\/Clausura-3.jpg 700w, https:\/\/lasprimeras.com.do\/wp-content\/uploads\/2023\/07\/Clausura-3-300x225.jpg 300w\" sizes=\"(max-width: 837px) 100vw, 837px\" \/><\/figure>\n\n\n\n<p>El presidente del campamento, Carlos Jim\u00e9nez (Aquiles), agradeci\u00f3 a: Comedores Econ\u00f3micos, Panificadora Dollys, el Instituto Nacional de Educaci\u00f3n F\u00edsica (INEFI), Cooperativa La Telef\u00f3nica, Helados Bon, la Banda de m\u00fasica de la Polic\u00eda Nacional, Estilo Divino RD, Brigada de Bomberos, Estructura Deportiva Metropolitana (EDM), amigos y allegados, quienes patrocinaron y colaboraron en este hermoso evento.<\/p>\n\n\n\n<p>Tambi\u00e9n agradeci\u00f3 a los padres de los ni\u00f1os que confiaron en nosotros y permitieron a sus hijos vivir esta experiencia \u00fanica. \u201cNo podemos despedirnos sin mencionar el fant\u00e1stico equipo de entrenadores y el personal t\u00e9cnico del campamento. Su dedicaci\u00f3n y pasi\u00f3n por el baloncesto fueron fundamentales para el \u00e9xito de esta experiencia. \u00a1Gracias por su arduo trabajo y compromiso!<\/p>\n\n\n\n<p>Esperamos seguir siendo parte de su crecimiento deportivo en futuras ediciones\u201d, a\u00f1adi\u00f3 Aquiles.<\/p>\n\n\n\n<p>En la clausura del campamento, donde se vivi\u00f3 momento de alegr\u00eda y orgullo, tambi\u00e9n estuvieron presentes: el vicepresidente del campamento coronel licenciado Ram\u00f3n Santiago Bel\u00e9n G\u00f3mez, P.N.; Icono del baloncesto, Hugo D\u00edaz; Inmortal del deporte y ex capit\u00e1n de la selecci\u00f3n Nacional del Baloncesto, Soterio Ram\u00edrez; jugador de baloncesto coronel licenciado Wilson G\u00f3mez Astacio, P.N.; coronel Edward D\u00edaz N\u00fa\u00f1ez, P.N.; Padre Carlos Ml. Pati\u00f1o Rojas, Ana Ram\u00edrez, entre otros.<\/p>\n\n\n\n<p>El campamento Cristo Rey Basketball 2023, se desarroll\u00f3 durante los d\u00edas 20, 21, 22 y 23 de julio del presente a\u00f1o.<\/p>\n","protected":false},"excerpt":{"rendered":"<p>Transformando vidas de ni\u00f1os del sector de Cristo Rey. Con la entonaci\u00f3n del Himno Nacional dirigido por la banda de m\u00fasica de la Polic\u00eda Nacional y la bendici\u00f3n de Dios&hellip;<\/p>\n","protected":false},"author":2,"featured_media":55721,"comment_status":"open","ping_status":"open","sticky":false,"template":"","format":"standard","meta":{"content-type":"","jetpack_post_was_ever_published":false,"_jetpack_newsletter_access":"","_jetpack_dont_email_post_to_subs":false,"_jetpack_newsletter_tier_id":0,"_jetpack_memberships_contains_paywalled_content":false,"_jetpack_memberships_contains_paid_content":false,"footnotes":""},"categories":[1],"tags":[5253,5252,747,2166,58],"class_list":["post-55720","post","type-post","status-publish","format-standard","has-post-thumbnail","hentry","category-sin-categoria","tag-basketball","tag-campamento","tag-clausura","tag-cristo-rey","tag-ninos"],"jetpack_featured_media_url":"https:\/\/lasprimeras.com.do\/wp-content\/uploads\/2023\/07\/Clausura.jpg","jetpack-related-posts":[{"id":97376,"url":"https:\/\/lasprimeras.com.do\/index.php\/2025\/04\/19\/sigue-cerrado-centro-diversion-ocean-de-cristo-rey\/","url_meta":{"origin":55720,"position":0},"title":"Sigue cerrado centro diversi\u00f3n \u00abOcean\u00bb de Cristo Rey","author":"Nelson Feliz","date":"19 de abril de 2025","format":false,"excerpt":"Por Fernando Suero El local \u201cOcean\u201d, en el sector Cristo Rey, permanece cerrado tras la intervenci\u00f3n policial de un evento masivo con piscina el pasado Viernes Santo. Un cartel del programa de Control de Bebidas Alcoh\u00f3licas (COBA) se\u00f1ala la clausura temporal del estacionamiento y la calle aparece desierta. La clausura\u2026","rel":"","context":"En \u00abNACIONALES\u00bb","block_context":{"text":"NACIONALES","link":"https:\/\/lasprimeras.com.do\/index.php\/category\/nacionales\/"},"img":{"alt_text":"","src":"https:\/\/i0.wp.com\/lasprimeras.com.do\/wp-content\/uploads\/2025\/04\/ocean-1.jpg?resize=350%2C200&ssl=1","width":350,"height":200,"srcset":"https:\/\/i0.wp.com\/lasprimeras.com.do\/wp-content\/uploads\/2025\/04\/ocean-1.jpg?resize=350%2C200&ssl=1 1x, https:\/\/i0.wp.com\/lasprimeras.com.do\/wp-content\/uploads\/2025\/04\/ocean-1.jpg?resize=525%2C300&ssl=1 1.5x, https:\/\/i0.wp.com\/lasprimeras.com.do\/wp-content\/uploads\/2025\/04\/ocean-1.jpg?resize=700%2C400&ssl=1 2x"},"classes":[]},{"id":96947,"url":"https:\/\/lasprimeras.com.do\/index.php\/2025\/04\/11\/carnaval-de-cristo-rey-reconoce-labor-altruista-roberto-rojas-a-favor-del-sector\/","url_meta":{"origin":55720,"position":1},"title":"Carnaval de Cristo Rey reconoce labor altruista Roberto Rojas a favor del sector","author":"Nelson Feliz","date":"11 de abril de 2025","format":false,"excerpt":"Por Ram\u00f3n Mercedes NUEVA YORK.- El empresario Roberto Rojas fue reconocido durante la celebraci\u00f3n del Carnaval de Cristo Rey por sus constantes obras altruistas a favor de cientos de residentes en el sector capitalino, a trav\u00e9s de su Fundaci\u00f3n Soluci\u00f3n Nacional (SOLN) que dirige desde NYC. Al evento asistieron m\u00e1s\u2026","rel":"","context":"En \u00abINTERNACIONALES\u00bb","block_context":{"text":"INTERNACIONALES","link":"https:\/\/lasprimeras.com.do\/index.php\/category\/sin-categoria\/internacionales\/"},"img":{"alt_text":"","src":"https:\/\/i0.wp.com\/lasprimeras.com.do\/wp-content\/uploads\/2025\/04\/WhatsApp-Image-2025-04-08-at-6.33.03-AM.jpeg?resize=350%2C200&ssl=1","width":350,"height":200},"classes":[]},{"id":91048,"url":"https:\/\/lasprimeras.com.do\/index.php\/2024\/11\/08\/cristo-park-el-espacio-que-le-cambio-la-vida-a-la-gente-de-cristo-rey\/","url_meta":{"origin":55720,"position":2},"title":"Cristo Park, el espacio que le cambi\u00f3 la vida a la gente de Cristo Rey","author":"Nelson Feliz","date":"8 de noviembre de 2024","format":false,"excerpt":"Este parque que combina elementos ambientales y recreativos cumpli\u00f3 su primer a\u00f1o de inaugurado Aunque no se tiene registrada la cantidad de personas que ha disfrutado del Cristo Park en su primer a\u00f1o, lo cierto es que este espacio dej\u00f3 atr\u00e1s 50 a\u00f1os de desidia y abandono en la que\u2026","rel":"","context":"En \u00abNACIONALES\u00bb","block_context":{"text":"NACIONALES","link":"https:\/\/lasprimeras.com.do\/index.php\/category\/nacionales\/"},"img":{"alt_text":"","src":"https:\/\/i0.wp.com\/lasprimeras.com.do\/wp-content\/uploads\/2024\/11\/Fellito-Subervi-7.jpg?resize=350%2C200&ssl=1","width":350,"height":200,"srcset":"https:\/\/i0.wp.com\/lasprimeras.com.do\/wp-content\/uploads\/2024\/11\/Fellito-Subervi-7.jpg?resize=350%2C200&ssl=1 1x, https:\/\/i0.wp.com\/lasprimeras.com.do\/wp-content\/uploads\/2024\/11\/Fellito-Subervi-7.jpg?resize=525%2C300&ssl=1 1.5x, https:\/\/i0.wp.com\/lasprimeras.com.do\/wp-content\/uploads\/2024\/11\/Fellito-Subervi-7.jpg?resize=700%2C400&ssl=1 2x"},"classes":[]},{"id":101757,"url":"https:\/\/lasprimeras.com.do\/index.php\/2025\/06\/26\/protestan-por-terminacion-de-pabellon-en-la-escuela-parroquial-de-cristo-rey\/","url_meta":{"origin":55720,"position":3},"title":"Protestan por terminaci\u00f3n de pabell\u00f3n en la Escuela Parroquial de Cristo Rey\u00a0","author":"Nelson Feliz","date":"26 de junio de 2025","format":false,"excerpt":"Durante la ceremonia de entrega de medallas al m\u00e9rito estudiantil y de notas a los alumnos que culminaron el reciente a\u00f1o escolar 2024-2025, la directora docente de la Escuela Parroquial Cristo Rey, Sor Iluminada Guzm\u00e1n (Sor Mercy), anunci\u00f3 que sus funciones\u00a0en dicho centro hab\u00edan concluidas, debido a su traslado a\u2026","rel":"","context":"En \u00abNACIONALES\u00bb","block_context":{"text":"NACIONALES","link":"https:\/\/lasprimeras.com.do\/index.php\/category\/nacionales\/"},"img":{"alt_text":"","src":"https:\/\/i0.wp.com\/lasprimeras.com.do\/wp-content\/uploads\/2025\/06\/PROTESTA.jpg?resize=350%2C200&ssl=1","width":350,"height":200,"srcset":"https:\/\/i0.wp.com\/lasprimeras.com.do\/wp-content\/uploads\/2025\/06\/PROTESTA.jpg?resize=350%2C200&ssl=1 1x, https:\/\/i0.wp.com\/lasprimeras.com.do\/wp-content\/uploads\/2025\/06\/PROTESTA.jpg?resize=525%2C300&ssl=1 1.5x, https:\/\/i0.wp.com\/lasprimeras.com.do\/wp-content\/uploads\/2025\/06\/PROTESTA.jpg?resize=700%2C400&ssl=1 2x"},"classes":[]},{"id":102148,"url":"https:\/\/lasprimeras.com.do\/index.php\/2025\/07\/01\/condenan-a-la-caasd-y-al-adn-a-pagar-rd10-millones-a-padres-de-nina-que-murio-en-cristo-park\/","url_meta":{"origin":55720,"position":4},"title":"Condenan a la CAASD y al ADN a pagar RD$10 millones a padres de ni\u00f1a que muri\u00f3 en Cristo Park","author":"Nelson Feliz","date":"1 de julio de 2025","format":false,"excerpt":"Ambas instituciones deber\u00e1n pagar 5 millones de pesos cada una por da\u00f1os morales a los progenitores de la menor. Un tribunal conden\u00f3 a la Corporaci\u00f3n de Acueducto y Alcantarillado de Santo Domingo (CAASD) y al Ayuntamiento del Distrito Nacional a pagarles cinco millones de pesos, \"cada uno\", a los padres\u2026","rel":"","context":"En \u00abNACIONALES\u00bb","block_context":{"text":"NACIONALES","link":"https:\/\/lasprimeras.com.do\/index.php\/category\/nacionales\/"},"img":{"alt_text":"","src":"https:\/\/i0.wp.com\/lasprimeras.com.do\/wp-content\/uploads\/2025\/07\/Jesserlit-Maria-Brazoban-Rosa.jpg?resize=350%2C200&ssl=1","width":350,"height":200,"srcset":"https:\/\/i0.wp.com\/lasprimeras.com.do\/wp-content\/uploads\/2025\/07\/Jesserlit-Maria-Brazoban-Rosa.jpg?resize=350%2C200&ssl=1 1x, https:\/\/i0.wp.com\/lasprimeras.com.do\/wp-content\/uploads\/2025\/07\/Jesserlit-Maria-Brazoban-Rosa.jpg?resize=525%2C300&ssl=1 1.5x, https:\/\/i0.wp.com\/lasprimeras.com.do\/wp-content\/uploads\/2025\/07\/Jesserlit-Maria-Brazoban-Rosa.jpg?resize=700%2C400&ssl=1 2x"},"classes":[]},{"id":66705,"url":"https:\/\/lasprimeras.com.do\/index.php\/2023\/11\/09\/presidente-inaugura-cristo-park-un-nuevo-parque-ambiental-y-recreativo-en-cristo-rey\/","url_meta":{"origin":55720,"position":5},"title":"Presidente inaugura &#8216;Cristo Park&#8217;, un nuevo parque ambiental y recreativo en Cristo Rey","author":"BIMARY DE JES\u00daS Matos","date":"9 de noviembre de 2023","format":false,"excerpt":"Santo Domingo.-El presidente Luis Abinader, acompa\u00f1ado del director de la Corporaci\u00f3n del Acueducto y Alcantarillado de Santo Domingo (CAASD), Felipe Suberv\u00ed (Fellito), inaugur\u00f3 este mi\u00e9rcoles el parque ambiental y recreativo Cristo Park, en el sector de Cristo Rey, en el Distrito Nacional. Pensado como el \u2018Central Park\u2019 de la ciudad\u2026","rel":"","context":"En \u00abPORTADA\u00bb","block_context":{"text":"PORTADA","link":"https:\/\/lasprimeras.com.do\/index.php\/category\/portada\/"},"img":{"alt_text":"","src":"https:\/\/i0.wp.com\/lasprimeras.com.do\/wp-content\/uploads\/2023\/11\/WhatsApp-Image-2023-11-08-at-2.23.52-PM-2.jpeg?resize=350%2C200&ssl=1","width":350,"height":200,"srcset":"https:\/\/i0.wp.com\/lasprimeras.com.do\/wp-content\/uploads\/2023\/11\/WhatsApp-Image-2023-11-08-at-2.23.52-PM-2.jpeg?resize=350%2C200&ssl=1 1x, https:\/\/i0.wp.com\/lasprimeras.com.do\/wp-content\/uploads\/2023\/11\/WhatsApp-Image-2023-11-08-at-2.23.52-PM-2.jpeg?resize=525%2C300&ssl=1 1.5x"},"classes":[]}],"jetpack_sharing_enabled":true,"_links":{"self":[{"href":"https:\/\/lasprimeras.com.do\/index.php\/wp-json\/wp\/v2\/posts\/55720","targetHints":{"allow":["GET"]}}],"collection":[{"href":"https:\/\/lasprimeras.com.do\/index.php\/wp-json\/wp\/v2\/posts"}],"about":[{"href":"https:\/\/lasprimeras.com.do\/index.php\/wp-json\/wp\/v2\/types\/post"}],"author":[{"embeddable":true,"href":"https:\/\/lasprimeras.com.do\/index.php\/wp-json\/wp\/v2\/users\/2"}],"replies":[{"embeddable":true,"href":"https:\/\/lasprimeras.com.do\/index.php\/wp-json\/wp\/v2\/comments?post=55720"}],"version-history":[{"count":1,"href":"https:\/\/lasprimeras.com.do\/index.php\/wp-json\/wp\/v2\/posts\/55720\/revisions"}],"predecessor-version":[{"id":55725,"href":"https:\/\/lasprimeras.com.do\/index.php\/wp-json\/wp\/v2\/posts\/55720\/revisions\/55725"}],"wp:featuredmedia":[{"embeddable":true,"href":"https:\/\/lasprimeras.com.do\/index.php\/wp-json\/wp\/v2\/media\/55721"}],"wp:attachment":[{"href":"https:\/\/lasprimeras.com.do\/index.php\/wp-json\/wp\/v2\/media?parent=55720"}],"wp:term":[{"taxonomy":"category","embeddable":true,"href":"https:\/\/lasprimeras.com.do\/index.php\/wp-json\/wp\/v2\/categories?post=55720"},{"taxonomy":"post_tag","embeddable":true,"href":"https:\/\/lasprimeras.com.do\/index.php\/wp-json\/wp\/v2\/tags?post=55720"}],"curies":[{"name":"wp","href":"https:\/\/api.w.org\/{rel}","templated":true}]}}