{"id":55727,"date":"2023-07-24T21:50:00","date_gmt":"2023-07-25T01:50:00","guid":{"rendered":"https:\/\/lasprimeras.com.do\/?p=55727"},"modified":"2023-07-24T21:50:01","modified_gmt":"2023-07-25T01:50:01","slug":"fp-inaugura-local-en-san-jose-de-ocoa-y-juramenta-dirigentes-del-prm-y-pld","status":"publish","type":"post","link":"https:\/\/lasprimeras.com.do\/index.php\/2023\/07\/24\/fp-inaugura-local-en-san-jose-de-ocoa-y-juramenta-dirigentes-del-prm-y-pld\/","title":{"rendered":"FP inaugura local en San Jos\u00e9 de Ocoa y juramenta dirigentes del PRM y PLD"},"content":{"rendered":"\n<p>Por Martin Restituyo<\/p>\n\n\n\n<p>El Partido Fuerza del Pueblo (FP) organizaci\u00f3n que encabeza el expresidente Leonel Fern\u00e1ndez Reyna dej\u00f3 inaugurado un nuevo local en el Distrito Municipal La Ci\u00e9naga, provincia San Jos\u00e9 de Ocoa.<\/p>\n\n\n\n<p>La actividad estuvo encabezada por el Supervisor provincial, delegado Pol\u00edtico ante la Junta Central Electoral, Manuel Crespo, quien asegur\u00f3 que el triunfo est\u00e1 asegurado en esa demarcaci\u00f3n con el trabajo de los dirigentes y toda la militancia.<\/p>\n\n\n\n<p>\u201cEste nuevo local de la FP forma parte de los esfuerzos que llevamos a cabo todos los dirigentes a nivel nacional, con el prop\u00f3sito de fortalecer, unificar y continuar sumando voluntades para hacer de nuestro partido, la organizaci\u00f3n m\u00e1s fuerte y vigorosa de la Rep\u00fablica Dominicana\u201d, puntualiz\u00f3.<\/p>\n\n\n\n<figure class=\"wp-block-image size-full is-resized\"><img decoding=\"async\" src=\"https:\/\/lasprimeras.com.do\/wp-content\/uploads\/2023\/07\/MANUEL.jpg\" alt=\"\" class=\"wp-image-55729\" width=\"836\" height=\"376\" srcset=\"https:\/\/lasprimeras.com.do\/wp-content\/uploads\/2023\/07\/MANUEL.jpg 700w, https:\/\/lasprimeras.com.do\/wp-content\/uploads\/2023\/07\/MANUEL-300x135.jpg 300w\" sizes=\"(max-width: 836px) 100vw, 836px\" \/><\/figure>\n\n\n\n<p>El miembro de la Direcci\u00f3n Pol\u00edtica, Manuel Crespo asegur\u00f3 que en San Jos\u00e9 de Ocoa, los hombres y mujeres de la Fuerza del Pueblo le dar\u00e1n una contundente derrota a la dirigencia del Partido Revoluciona Moderno (PRM) en las elecciones municipales, congresuales y presidenciales del pr\u00f3ximo a\u00f1o.<\/p>\n\n\n\n<p>Juramentaci\u00f3n<\/p>\n\n\n\n<p>En este acto tambi\u00e9n fueron juramentados los importantes dirigentes de los partidos Revolucionario Moderno; Dar\u00edo Chalas, Pedro Pichardo, Julio Gonz\u00e1lez, Esbelin Santana y Mait\u00e9 Gonz\u00e1lez, y por el de la Liberaci\u00f3n Dominicana, Moreno Castillo, lo cual deja a estas dos organizaciones pol\u00edticas pr\u00e1cticamente desmanteladas, sin estructuras y dirigentes importantes.<\/p>\n\n\n\n<p>Al hablar en la inauguraci\u00f3n, el alcalde de ese distrito municipal y candidato a esa misma posici\u00f3n, \u00c1ngel D\u00edaz, resalt\u00f3 las obras construidas en su administraci\u00f3n y afirm\u00f3 que en las elecciones venideras del a\u00f1o 2024, la victoria de la Fuerza del Pueblo en esa comunidad ser\u00e1 contundente en todos los niveles de elecci\u00f3n popular.<\/p>\n\n\n\n<p>A finalizar el acto inaugural del local, ubicado en la calle Bienvenido Sep\u00falveda n\u00famero 6, todos los presentes realizaron un recorrido por varias calles de la comunidad, desatando el entusiasmo de la gente, quienes vociferaban se van.<\/p>\n\n\n\n<p>En esta actividad estuvieron presentes adem\u00e1s, el senador Jos\u00e9 Antonio Castillo, diputada y candidata Josefa Mej\u00eda y el precandidato a diputado Cesar William Tejeda (Chichi Pan). Tambi\u00e9n el presidente de la FP en la Ci\u00e9naga, Carlos Presinal entre otras personalidades.<\/p>\n","protected":false},"excerpt":{"rendered":"<p>Por Martin Restituyo El Partido Fuerza del Pueblo (FP) organizaci\u00f3n que encabeza el expresidente Leonel Fern\u00e1ndez Reyna dej\u00f3 inaugurado un nuevo local en el Distrito Municipal La Ci\u00e9naga, provincia San&hellip;<\/p>\n","protected":false},"author":2,"featured_media":55728,"comment_status":"open","ping_status":"open","sticky":false,"template":"","format":"standard","meta":{"content-type":"","jetpack_post_was_ever_published":false,"_jetpack_newsletter_access":"","_jetpack_dont_email_post_to_subs":false,"_jetpack_newsletter_tier_id":0,"_jetpack_memberships_contains_paywalled_content":false,"_jetpack_memberships_contains_paid_content":false,"footnotes":""},"categories":[1],"tags":[983,158,268,269,31,4393],"class_list":["post-55727","post","type-post","status-publish","format-standard","has-post-thumbnail","hentry","category-sin-categoria","tag-dirigentes","tag-fuerza-del-pueblo","tag-juramenta","tag-pld","tag-prm","tag-san-jose-de-ocoa"],"jetpack_featured_media_url":"https:\/\/lasprimeras.com.do\/wp-content\/uploads\/2023\/07\/MANUEL1.jpg","jetpack-related-posts":[{"id":115603,"url":"https:\/\/lasprimeras.com.do\/index.php\/2025\/11\/24\/regidor-del-pld-y-dirigentes-del-prm-se-juramentan-en-la-fuerza-del-pueblo\/","url_meta":{"origin":55727,"position":0},"title":"Regidor del PLD y dirigentes del PRM se juramentan en la Fuerza del Pueblo","author":"Nelson Feliz","date":"24 de noviembre de 2025","format":false,"excerpt":"En un acto encabezado por Radham\u00e9s Jim\u00e9nez Pe\u00f1a, l\u00edderes comunitarios, pastores y exdirigentes de varios partidos pol\u00edticos oficializaron su paso a las filas de la Fuerza del Pueblo. En una muestra de reconfiguraci\u00f3n pol\u00edtica en Santo Domingo Norte, un importante grupo de dirigentes y l\u00edderes comunitarios de distintas fuerzas pol\u00edticas\u2026","rel":"","context":"En \u00abPOLITICA\u00bb","block_context":{"text":"POLITICA","link":"https:\/\/lasprimeras.com.do\/index.php\/category\/politica\/"},"img":{"alt_text":"Radham\u00e9s Jim\u00e9nez Pe\u00f1a","src":"https:\/\/i0.wp.com\/lasprimeras.com.do\/wp-content\/uploads\/2025\/11\/Radhames-Jimenez-Pena-1.jpg?resize=350%2C200&ssl=1","width":350,"height":200,"srcset":"https:\/\/i0.wp.com\/lasprimeras.com.do\/wp-content\/uploads\/2025\/11\/Radhames-Jimenez-Pena-1.jpg?resize=350%2C200&ssl=1 1x, https:\/\/i0.wp.com\/lasprimeras.com.do\/wp-content\/uploads\/2025\/11\/Radhames-Jimenez-Pena-1.jpg?resize=525%2C300&ssl=1 1.5x, https:\/\/i0.wp.com\/lasprimeras.com.do\/wp-content\/uploads\/2025\/11\/Radhames-Jimenez-Pena-1.jpg?resize=700%2C400&ssl=1 2x"},"classes":[]},{"id":107171,"url":"https:\/\/lasprimeras.com.do\/index.php\/2025\/08\/24\/leonel-juramentara-este-domingo-nuevos-miembros-de-la-fp-en-spm\/","url_meta":{"origin":55727,"position":1},"title":"Leonel jurament\u00f3 este domingo nuevos miembros de la FP en SPM","author":"Nelson Feliz","date":"24 de agosto de 2025","format":false,"excerpt":"El presidente del partido Fuerza del Pueblo (FP), Leonel Fern\u00e1ndez, jurament\u00f3 nuevos dirigentes y personalidades en la provincia San Pedro de Macor\u00eds, provenientes del Partido Revolucionario Moderno (PRM) como del Partido de la Liberaci\u00f3n Dominicana (PLD), lo que evidencia el creciente fortalecimiento de esa organizaci\u00f3n. La primera actividad se llev\u00f3\u2026","rel":"","context":"En \u00abPOLITICA\u00bb","block_context":{"text":"POLITICA","link":"https:\/\/lasprimeras.com.do\/index.php\/category\/politica\/"},"img":{"alt_text":"","src":"https:\/\/i0.wp.com\/lasprimeras.com.do\/wp-content\/uploads\/2025\/08\/Leonel-Fernandez.jpg?resize=350%2C200&ssl=1","width":350,"height":200,"srcset":"https:\/\/i0.wp.com\/lasprimeras.com.do\/wp-content\/uploads\/2025\/08\/Leonel-Fernandez.jpg?resize=350%2C200&ssl=1 1x, https:\/\/i0.wp.com\/lasprimeras.com.do\/wp-content\/uploads\/2025\/08\/Leonel-Fernandez.jpg?resize=525%2C300&ssl=1 1.5x, https:\/\/i0.wp.com\/lasprimeras.com.do\/wp-content\/uploads\/2025\/08\/Leonel-Fernandez.jpg?resize=700%2C400&ssl=1 2x"},"classes":[]},{"id":103989,"url":"https:\/\/lasprimeras.com.do\/index.php\/2025\/07\/21\/leonel-juramenta-2-regidores-y-mas-dirigentes-del-pld-prm-y-otras-organizaciones-en-san-cristobal\/","url_meta":{"origin":55727,"position":2},"title":"Leonel juramenta 2 regidores y m\u00e1s dirigentes del PLD, PRM y otras organizaciones en San Crist\u00f3bal","author":"Nelson Feliz","date":"21 de julio de 2025","format":false,"excerpt":"En un acto multitudinario celebrado este domingo 20 de julio en el Club Deportivo Ciro P\u00e9rez, el presidente de la Fuerza del Pueblo (FP), Leonel Fern\u00e1ndez, jurament\u00f3 a dos regidores y decenas de dirigentes provenientes del Partido de la Liberaci\u00f3n Dominicana (PLD), del Partido Revolucionario Moderno (PRM) y de otras\u2026","rel":"","context":"En \u00abPOLITICA\u00bb","block_context":{"text":"POLITICA","link":"https:\/\/lasprimeras.com.do\/index.php\/category\/politica\/"},"img":{"alt_text":"Leonel Fern\u00e1ndez","src":"https:\/\/i0.wp.com\/lasprimeras.com.do\/wp-content\/uploads\/2025\/07\/Leonel-Fernandez-4.jpg?resize=350%2C200&ssl=1","width":350,"height":200,"srcset":"https:\/\/i0.wp.com\/lasprimeras.com.do\/wp-content\/uploads\/2025\/07\/Leonel-Fernandez-4.jpg?resize=350%2C200&ssl=1 1x, https:\/\/i0.wp.com\/lasprimeras.com.do\/wp-content\/uploads\/2025\/07\/Leonel-Fernandez-4.jpg?resize=525%2C300&ssl=1 1.5x, https:\/\/i0.wp.com\/lasprimeras.com.do\/wp-content\/uploads\/2025\/07\/Leonel-Fernandez-4.jpg?resize=700%2C400&ssl=1 2x"},"classes":[]},{"id":125863,"url":"https:\/\/lasprimeras.com.do\/index.php\/2026\/03\/26\/fp-se-fortalece-leonel-juramenta-exgobernador-y-dirigentes-del-prm-pld\/","url_meta":{"origin":55727,"position":3},"title":"FP se fortalece: Leonel juramenta exgobernador y dirigentes del PRM-PLD","author":"Nelson Feliz","date":"26 de marzo de 2026","format":false,"excerpt":"La incorporaci\u00f3n de l\u00edderes comunitarios, profesionales y dirigentes pol\u00edticos fortalece la estructura de la Fuerza del Pueblo en la provincia. El presidente del partido Fuerza del Pueblo (FP) y expresidente de la Rep\u00fablica, Leonel Fern\u00e1ndez, jurament\u00f3 en esa organizaci\u00f3n a decenas de nuevos miembros en la provincia Hermanas Mirabal, en\u2026","rel":"","context":"En \u00abPOLITICA\u00bb","block_context":{"text":"POLITICA","link":"https:\/\/lasprimeras.com.do\/index.php\/category\/politica\/"},"img":{"alt_text":"Leonel Fern\u00e1ndez","src":"https:\/\/i0.wp.com\/lasprimeras.com.do\/wp-content\/uploads\/2026\/03\/Leonel-Fernandez-3.jpg?resize=350%2C200&ssl=1","width":350,"height":200,"srcset":"https:\/\/i0.wp.com\/lasprimeras.com.do\/wp-content\/uploads\/2026\/03\/Leonel-Fernandez-3.jpg?resize=350%2C200&ssl=1 1x, https:\/\/i0.wp.com\/lasprimeras.com.do\/wp-content\/uploads\/2026\/03\/Leonel-Fernandez-3.jpg?resize=525%2C300&ssl=1 1.5x, https:\/\/i0.wp.com\/lasprimeras.com.do\/wp-content\/uploads\/2026\/03\/Leonel-Fernandez-3.jpg?resize=700%2C400&ssl=1 2x"},"classes":[]},{"id":121683,"url":"https:\/\/lasprimeras.com.do\/index.php\/2026\/02\/08\/leonel-juramenta-en-la-fp-al-expresidente-del-pld-y-decenas-de-dirigentes-en-licey-al-medio\/","url_meta":{"origin":55727,"position":4},"title":"Leonel juramenta en la FP al expresidente del PLD y decenas de dirigentes en Licey al Medio","author":"Nelson Feliz","date":"8 de febrero de 2026","format":false,"excerpt":"El presidente del partido Fuerza del Pueblo (FP), Leonel Fern\u00e1ndez, encabez\u00f3 la tarde de este s\u00e1bado un acto de juramentaci\u00f3n en el municipio de Licey al Medio, donde formaliz\u00f3 la incorporaci\u00f3n a esa organizaci\u00f3n del dirigente pol\u00edtico Jos\u00e9 Dur\u00e1n L\u00f3pez, expresidente del Partido de la Liberaci\u00f3n Dominicana (PLD) en esa\u2026","rel":"","context":"En \u00abPOLITICA\u00bb","block_context":{"text":"POLITICA","link":"https:\/\/lasprimeras.com.do\/index.php\/category\/politica\/"},"img":{"alt_text":"Leonel Fern\u00e1ndez","src":"https:\/\/i0.wp.com\/lasprimeras.com.do\/wp-content\/uploads\/2026\/02\/Leonel-Fernandez-3.jpg?resize=350%2C200&ssl=1","width":350,"height":200,"srcset":"https:\/\/i0.wp.com\/lasprimeras.com.do\/wp-content\/uploads\/2026\/02\/Leonel-Fernandez-3.jpg?resize=350%2C200&ssl=1 1x, https:\/\/i0.wp.com\/lasprimeras.com.do\/wp-content\/uploads\/2026\/02\/Leonel-Fernandez-3.jpg?resize=525%2C300&ssl=1 1.5x, https:\/\/i0.wp.com\/lasprimeras.com.do\/wp-content\/uploads\/2026\/02\/Leonel-Fernandez-3.jpg?resize=700%2C400&ssl=1 2x"},"classes":[]},{"id":121070,"url":"https:\/\/lasprimeras.com.do\/index.php\/2026\/01\/31\/leonel-fernandez-encabezara-juramentacion-de-nuevos-miembros-de-fp-este-domingo\/","url_meta":{"origin":55727,"position":5},"title":"Leonel Fern\u00e1ndez encabezar\u00e1 juramentaci\u00f3n de nuevos miembros de FP este domingo","author":"Nelson Feliz","date":"31 de enero de 2026","format":false,"excerpt":"El presidente del partido Fuerza del Pueblo (FP), Leonel Fern\u00e1ndez, contin\u00faa este domingo el proceso de juramentaci\u00f3n de nuevos miembros en esa organizaci\u00f3n, como parte del fortalecimiento que impulsa la entidad opositora a nivel nacional. El acto de este domingo tendr\u00e1 lugar a las 10:00 de la ma\u00f1ana en el\u2026","rel":"","context":"En \u00abPOLITICA\u00bb","block_context":{"text":"POLITICA","link":"https:\/\/lasprimeras.com.do\/index.php\/category\/politica\/"},"img":{"alt_text":"","src":"https:\/\/i0.wp.com\/lasprimeras.com.do\/wp-content\/uploads\/2025\/08\/Leonel-Fernandez.jpg?resize=350%2C200&ssl=1","width":350,"height":200,"srcset":"https:\/\/i0.wp.com\/lasprimeras.com.do\/wp-content\/uploads\/2025\/08\/Leonel-Fernandez.jpg?resize=350%2C200&ssl=1 1x, https:\/\/i0.wp.com\/lasprimeras.com.do\/wp-content\/uploads\/2025\/08\/Leonel-Fernandez.jpg?resize=525%2C300&ssl=1 1.5x, https:\/\/i0.wp.com\/lasprimeras.com.do\/wp-content\/uploads\/2025\/08\/Leonel-Fernandez.jpg?resize=700%2C400&ssl=1 2x"},"classes":[]}],"jetpack_sharing_enabled":true,"_links":{"self":[{"href":"https:\/\/lasprimeras.com.do\/index.php\/wp-json\/wp\/v2\/posts\/55727","targetHints":{"allow":["GET"]}}],"collection":[{"href":"https:\/\/lasprimeras.com.do\/index.php\/wp-json\/wp\/v2\/posts"}],"about":[{"href":"https:\/\/lasprimeras.com.do\/index.php\/wp-json\/wp\/v2\/types\/post"}],"author":[{"embeddable":true,"href":"https:\/\/lasprimeras.com.do\/index.php\/wp-json\/wp\/v2\/users\/2"}],"replies":[{"embeddable":true,"href":"https:\/\/lasprimeras.com.do\/index.php\/wp-json\/wp\/v2\/comments?post=55727"}],"version-history":[{"count":1,"href":"https:\/\/lasprimeras.com.do\/index.php\/wp-json\/wp\/v2\/posts\/55727\/revisions"}],"predecessor-version":[{"id":55730,"href":"https:\/\/lasprimeras.com.do\/index.php\/wp-json\/wp\/v2\/posts\/55727\/revisions\/55730"}],"wp:featuredmedia":[{"embeddable":true,"href":"https:\/\/lasprimeras.com.do\/index.php\/wp-json\/wp\/v2\/media\/55728"}],"wp:attachment":[{"href":"https:\/\/lasprimeras.com.do\/index.php\/wp-json\/wp\/v2\/media?parent=55727"}],"wp:term":[{"taxonomy":"category","embeddable":true,"href":"https:\/\/lasprimeras.com.do\/index.php\/wp-json\/wp\/v2\/categories?post=55727"},{"taxonomy":"post_tag","embeddable":true,"href":"https:\/\/lasprimeras.com.do\/index.php\/wp-json\/wp\/v2\/tags?post=55727"}],"curies":[{"name":"wp","href":"https:\/\/api.w.org\/{rel}","templated":true}]}}