{"id":55748,"date":"2023-07-25T06:20:53","date_gmt":"2023-07-25T10:20:53","guid":{"rendered":"https:\/\/lasprimeras.com.do\/?p=55748"},"modified":"2023-07-25T06:20:55","modified_gmt":"2023-07-25T10:20:55","slug":"senador-menendez-convoca-comite-de-relaciones-exteriores-para-tratar-tema-de-haiti","status":"publish","type":"post","link":"https:\/\/lasprimeras.com.do\/index.php\/2023\/07\/25\/senador-menendez-convoca-comite-de-relaciones-exteriores-para-tratar-tema-de-haiti\/","title":{"rendered":"Senador Men\u00e9ndez convoca Comit\u00e9 de Relaciones Exteriores para tratar tema de Hait\u00ed"},"content":{"rendered":"\n<p><strong>La reuni\u00f3n fue convocada para el jueves 27 de julio como resultado de la visita de una delegaci\u00f3n dominicana enviada por el presidente Luis Abinader<\/strong>.<\/p>\n\n\n\n<p>El vocero de la presidencia, Homero Figueroa, inform\u00f3 a trav\u00e9s de su cuenta oficial en la red social Twitter, los resultados de una reuni\u00f3n crucial entre la delegaci\u00f3n dominicana enviada por el presidente Abinader y el senador Bob Men\u00e9ndez, presidente del destacado Comit\u00e9 de Relaciones Exteriores del Senado de Estados Unidos.<\/p>\n\n\n\n<p>La reuni\u00f3n, celebrada el mi\u00e9rcoles pasado, tuvo como objetivo abordar los preocupantes efectos de la crisis en Hait\u00ed sobre la Rep\u00fablica Dominicana y c\u00f3mo afrontar esta compleja situaci\u00f3n desde una perspectiva internacional.<\/p>\n\n\n\n<p>La importancia del encuentro fue tal que el senador Men\u00e9ndez ha convocado al mismo Comit\u00e9 de Relaciones Exteriores del Senado de Estados Unidos para una reuni\u00f3n especial, programada para el pr\u00f3ximo jueves a las 10 de la ma\u00f1ana, en la que se analizar\u00e1 en profundidad el tema de Hait\u00ed y se buscar\u00e1n los pr\u00f3ximos pasos para una respuesta colectiva.<\/p>\n\n\n\n<p>La p\u00e1gina oficial del Senado estadounidense ha confirmado la convocatoria, que se centrar\u00e1 espec\u00edficamente en examinar la situaci\u00f3n del Hemisferio Occidental, con \u00e9nfasis en la crisis en Hait\u00ed y las medidas que la comunidad internacional puede implementar para brindar apoyo y estabilidad a la regi\u00f3n.<\/p>\n\n\n\n<p>Se espera que la reuni\u00f3n del pr\u00f3ximo jueves en el Senado de Estados Unidos sea un paso significativo hacia una respuesta conjunta y efectiva ante la situaci\u00f3n en Hait\u00ed y sus implicaciones para la estabilidad y el desarrollo del Hemisferio Occidental.<\/p>\n\n\n\n<p>Durante la reuni\u00f3n del pasado mi\u00e9rcoles con el senador Men\u00e9ndez, la delegaci\u00f3n dominicana estuvo integrada por destacados representantes del Gobierno y personalidades de la sociedad civil.<\/p>\n\n\n\n<p>Entre los participantes se encontraban el viceministro administrativo de la presidencia, Andr\u00e9s Lugo Risk; el viceministro de Pol\u00edtica Exterior Bilateral, Jos\u00e9 Julio G\u00f3mez; el presidente de la Academia Dominicana de la Historia, Juan Daniel Balc\u00e1cer; el vicepresidente de la FNP, Pelegr\u00edn Castillo; y la presidenta del PAL, Maritza L\u00f3pez.<\/p>\n\n\n\n<p>El encuentro permiti\u00f3 un fruct\u00edfero intercambio de ideas y perspectivas, destacando la importancia de la colaboraci\u00f3n internacional para enfrentar los desaf\u00edos que la crisis en Hait\u00ed plantea para la Rep\u00fablica Dominicana y la regi\u00f3n en su conjunto.<\/p>\n\n\n\n<p>La delegaci\u00f3n la completan Jos\u00e9 Julio G\u00f3mez, viceministro de relaciones exteriores; la diputada Rafaela Alburquerque, del PRSC; y el embajador, Alexander De la Rosa.<\/p>\n","protected":false},"excerpt":{"rendered":"<p>La reuni\u00f3n fue convocada para el jueves 27 de julio como resultado de la visita de una delegaci\u00f3n dominicana enviada por el presidente Luis Abinader. El vocero de la presidencia,&hellip;<\/p>\n","protected":false},"author":2,"featured_media":55749,"comment_status":"open","ping_status":"open","sticky":false,"template":"","format":"standard","meta":{"content-type":"","jetpack_post_was_ever_published":false,"_jetpack_newsletter_access":"","_jetpack_dont_email_post_to_subs":false,"_jetpack_newsletter_tier_id":0,"_jetpack_memberships_contains_paywalled_content":false,"_jetpack_memberships_contains_paid_content":false,"footnotes":""},"categories":[35,25],"tags":[5102,1840,98,5263,413],"class_list":["post-55748","post","type-post","status-publish","format-standard","has-post-thumbnail","hentry","category-nacionales","category-portada","tag-bob-menendez","tag-comite","tag-estados-unidos","tag-relaciones-exteriores","tag-senado"],"jetpack_featured_media_url":"https:\/\/lasprimeras.com.do\/wp-content\/uploads\/2023\/07\/Bob-Menendez.jpg","jetpack-related-posts":[{"id":55452,"url":"https:\/\/lasprimeras.com.do\/index.php\/2023\/07\/21\/delegacion-dominicana-en-washington-se-reunen-con-bob-menendez\/","url_meta":{"origin":55748,"position":0},"title":"Delegaci\u00f3n dominicana en Washington se re\u00fanen con Bob Men\u00e9ndez","author":"Nelson Feliz","date":"21 de julio de 2023","format":false,"excerpt":"El grupo fue recibido en el reconocido Comit\u00e9 Jud\u00edo Estadounidense (AJC) por el Sr. Robert Elman, presidente honorario, y su directora para Am\u00e9rica Latina, Dina Siegel Vann. La comisi\u00f3n designada por el presidente Luis Abinader se reuni\u00f3 con el presidente del Comit\u00e9 de Relaciones Exteriores del Senado de los Estados\u2026","rel":"","context":"En \u00abPORTADA\u00bb","block_context":{"text":"PORTADA","link":"https:\/\/lasprimeras.com.do\/index.php\/category\/portada\/"},"img":{"alt_text":"Delegaci\u00f3n dominicana en Washington","src":"https:\/\/i0.wp.com\/lasprimeras.com.do\/wp-content\/uploads\/2023\/07\/delegacion-1.jpg?resize=350%2C200&ssl=1","width":350,"height":200,"srcset":"https:\/\/i0.wp.com\/lasprimeras.com.do\/wp-content\/uploads\/2023\/07\/delegacion-1.jpg?resize=350%2C200&ssl=1 1x, https:\/\/i0.wp.com\/lasprimeras.com.do\/wp-content\/uploads\/2023\/07\/delegacion-1.jpg?resize=525%2C300&ssl=1 1.5x, https:\/\/i0.wp.com\/lasprimeras.com.do\/wp-content\/uploads\/2023\/07\/delegacion-1.jpg?resize=700%2C400&ssl=1 2x"},"classes":[]},{"id":61146,"url":"https:\/\/lasprimeras.com.do\/index.php\/2023\/09\/22\/mas-de-100-mil-dolares-en-lingotes-de-oro-encontraron-en-casa-del-senador-bob-menendez-y-su-esposa\/","url_meta":{"origin":55748,"position":1},"title":"M\u00e1s de 100 mil d\u00f3lares en lingotes de oro encontraron en casa del senador Bob Men\u00e9ndez y su esposa","author":"Nelson Feliz","date":"22 de septiembre de 2023","format":false,"excerpt":"El soborno habr\u00eda sido en beneficio para que el senador realice una serie de actos corruptos. El senador estadounidense Bob Men\u00e9ndez, de Nueva Jersey, y su esposa fueron acusados el viernes de aceptar sobornos en efectivo, lingotes de oro y un coche de lujo por una serie de actos corruptos,\u2026","rel":"","context":"En \u00abSin categor\u00eda\u00bb","block_context":{"text":"Sin categor\u00eda","link":"https:\/\/lasprimeras.com.do\/index.php\/category\/sin-categoria\/"},"img":{"alt_text":"","src":"https:\/\/i0.wp.com\/lasprimeras.com.do\/wp-content\/uploads\/2023\/09\/ORO.png?resize=350%2C200&ssl=1","width":350,"height":200,"srcset":"https:\/\/i0.wp.com\/lasprimeras.com.do\/wp-content\/uploads\/2023\/09\/ORO.png?resize=350%2C200&ssl=1 1x, https:\/\/i0.wp.com\/lasprimeras.com.do\/wp-content\/uploads\/2023\/09\/ORO.png?resize=525%2C300&ssl=1 1.5x, https:\/\/i0.wp.com\/lasprimeras.com.do\/wp-content\/uploads\/2023\/09\/ORO.png?resize=700%2C400&ssl=1 2x"},"classes":[]},{"id":83149,"url":"https:\/\/lasprimeras.com.do\/index.php\/2024\/05\/12\/por-segunda-vez-el-senador-bob-menendez-enfrenta-un-juicio-por-corrupcion\/","url_meta":{"origin":55748,"position":2},"title":"Por segunda vez, el senador Bob Men\u00e9ndez enfrenta un juicio por corrupci\u00f3n","author":"Nelson Feliz","date":"12 de mayo de 2024","format":false,"excerpt":"Esta vez se trata de lingotes de oro. POR LARRY NEUMEISTER Y MIKE CATALINI NUEVA YORK (AP) \u2014 Por segunda vez en una d\u00e9cada, el senador estadounidense Bob Men\u00e9ndez enfrenta el lunes un juicio por corrupci\u00f3n con su carrera pol\u00edtica y su libertad en juego en un caso penal que\u2026","rel":"","context":"En \u00abSin categor\u00eda\u00bb","block_context":{"text":"Sin categor\u00eda","link":"https:\/\/lasprimeras.com.do\/index.php\/category\/sin-categoria\/"},"img":{"alt_text":"Bob Men\u00e9ndez","src":"https:\/\/i0.wp.com\/lasprimeras.com.do\/wp-content\/uploads\/2024\/05\/Bob-Menendez.jpg?resize=350%2C200&ssl=1","width":350,"height":200,"srcset":"https:\/\/i0.wp.com\/lasprimeras.com.do\/wp-content\/uploads\/2024\/05\/Bob-Menendez.jpg?resize=350%2C200&ssl=1 1x, https:\/\/i0.wp.com\/lasprimeras.com.do\/wp-content\/uploads\/2024\/05\/Bob-Menendez.jpg?resize=525%2C300&ssl=1 1.5x, https:\/\/i0.wp.com\/lasprimeras.com.do\/wp-content\/uploads\/2024\/05\/Bob-Menendez.jpg?resize=700%2C400&ssl=1 2x"},"classes":[]},{"id":115501,"url":"https:\/\/lasprimeras.com.do\/index.php\/2025\/11\/23\/congreso-nacional-recibe-delegacion-de-congresistas-estadounidenses\/","url_meta":{"origin":55748,"position":3},"title":"Congreso Nacional recibe delegaci\u00f3n de congresistas estadounidenses","author":"Nelson Feliz","date":"23 de noviembre de 2025","format":false,"excerpt":"Congresistas locales e internacionales externaron gran preocupaci\u00f3n por la situaci\u00f3n haitiana y solicitan que sea incluida como agenda legislativa. El Congreso Nacional, representado por Ricardo de los Santos, presidente del Senado, y Alfredo Pacheco, presidente de la C\u00e1mara de Diputados, recibi\u00f3 este s\u00e1bado una amplia delegaci\u00f3n de congresistas de Estados\u2026","rel":"","context":"En \u00abNACIONALES\u00bb","block_context":{"text":"NACIONALES","link":"https:\/\/lasprimeras.com.do\/index.php\/category\/nacionales\/"},"img":{"alt_text":"","src":"https:\/\/i0.wp.com\/lasprimeras.com.do\/wp-content\/uploads\/2025\/11\/tress.jpg?resize=350%2C200&ssl=1","width":350,"height":200,"srcset":"https:\/\/i0.wp.com\/lasprimeras.com.do\/wp-content\/uploads\/2025\/11\/tress.jpg?resize=350%2C200&ssl=1 1x, https:\/\/i0.wp.com\/lasprimeras.com.do\/wp-content\/uploads\/2025\/11\/tress.jpg?resize=525%2C300&ssl=1 1.5x, https:\/\/i0.wp.com\/lasprimeras.com.do\/wp-content\/uploads\/2025\/11\/tress.jpg?resize=700%2C400&ssl=1 2x"},"classes":[]},{"id":86356,"url":"https:\/\/lasprimeras.com.do\/index.php\/2024\/07\/23\/el-senador-bob-menendez-condenado-por-sobornos-dejara-su-cargo\/","url_meta":{"origin":55748,"position":4},"title":"El senador Bob Menendez, condenado por sobornos, dejar\u00e1 su cargo","author":"Nelson Feliz","date":"23 de julio de 2024","format":false,"excerpt":"BY MIKE CATALINI TRENTON, Nueva Jersey, EE.UU. (AP) \u2014 El senador federal Bob Menendez dejar\u00e1 su cargo el 20 de agosto tras ser declarado culpable de aceptar sobornos por actos corruptos, entre ellos actuar como agente del gobierno egipcio, escribi\u00f3 \u00e9l en una carta enviada al gobernador de Nueva Jersey\u2026","rel":"","context":"En \u00abSin categor\u00eda\u00bb","block_context":{"text":"Sin categor\u00eda","link":"https:\/\/lasprimeras.com.do\/index.php\/category\/sin-categoria\/"},"img":{"alt_text":"Bob Menendez","src":"https:\/\/i0.wp.com\/lasprimeras.com.do\/wp-content\/uploads\/2024\/07\/Bob-Menendez.png?resize=350%2C200&ssl=1","width":350,"height":200,"srcset":"https:\/\/i0.wp.com\/lasprimeras.com.do\/wp-content\/uploads\/2024\/07\/Bob-Menendez.png?resize=350%2C200&ssl=1 1x, https:\/\/i0.wp.com\/lasprimeras.com.do\/wp-content\/uploads\/2024\/07\/Bob-Menendez.png?resize=525%2C300&ssl=1 1.5x, https:\/\/i0.wp.com\/lasprimeras.com.do\/wp-content\/uploads\/2024\/07\/Bob-Menendez.png?resize=700%2C400&ssl=1 2x"},"classes":[]},{"id":55036,"url":"https:\/\/lasprimeras.com.do\/index.php\/2023\/07\/17\/abinader-inicia-jornada-en-la-reunion-entre-lideres-europeos-y-del-caribe\/","url_meta":{"origin":55748,"position":5},"title":"Abinader inicia jornada en la reuni\u00f3n entre l\u00edderes europeos y del Caribe","author":"Nelson Feliz","date":"17 de julio de 2023","format":false,"excerpt":"El presidente Luis Abinader inici\u00f3 la jornada de hoy lunes en Bruselas, con su participaci\u00f3n en la reuni\u00f3n entre l\u00edderes europeos y del Caribe en el marco de la Cumbre UNI\u00d3N EUROPEA-CELAC que se celebra en esta naci\u00f3n este lunes y ma\u00f1ana martes. Previo a la reuni\u00f3n entre l\u00edderes europeos\u2026","rel":"","context":"En \u00abPORTADA\u00bb","block_context":{"text":"PORTADA","link":"https:\/\/lasprimeras.com.do\/index.php\/category\/portada\/"},"img":{"alt_text":"Luis Abinader","src":"https:\/\/i0.wp.com\/lasprimeras.com.do\/wp-content\/uploads\/2023\/07\/Luis-Abinader-2.jpg?resize=350%2C200&ssl=1","width":350,"height":200,"srcset":"https:\/\/i0.wp.com\/lasprimeras.com.do\/wp-content\/uploads\/2023\/07\/Luis-Abinader-2.jpg?resize=350%2C200&ssl=1 1x, https:\/\/i0.wp.com\/lasprimeras.com.do\/wp-content\/uploads\/2023\/07\/Luis-Abinader-2.jpg?resize=525%2C300&ssl=1 1.5x, https:\/\/i0.wp.com\/lasprimeras.com.do\/wp-content\/uploads\/2023\/07\/Luis-Abinader-2.jpg?resize=700%2C400&ssl=1 2x"},"classes":[]}],"jetpack_sharing_enabled":true,"_links":{"self":[{"href":"https:\/\/lasprimeras.com.do\/index.php\/wp-json\/wp\/v2\/posts\/55748","targetHints":{"allow":["GET"]}}],"collection":[{"href":"https:\/\/lasprimeras.com.do\/index.php\/wp-json\/wp\/v2\/posts"}],"about":[{"href":"https:\/\/lasprimeras.com.do\/index.php\/wp-json\/wp\/v2\/types\/post"}],"author":[{"embeddable":true,"href":"https:\/\/lasprimeras.com.do\/index.php\/wp-json\/wp\/v2\/users\/2"}],"replies":[{"embeddable":true,"href":"https:\/\/lasprimeras.com.do\/index.php\/wp-json\/wp\/v2\/comments?post=55748"}],"version-history":[{"count":1,"href":"https:\/\/lasprimeras.com.do\/index.php\/wp-json\/wp\/v2\/posts\/55748\/revisions"}],"predecessor-version":[{"id":55750,"href":"https:\/\/lasprimeras.com.do\/index.php\/wp-json\/wp\/v2\/posts\/55748\/revisions\/55750"}],"wp:featuredmedia":[{"embeddable":true,"href":"https:\/\/lasprimeras.com.do\/index.php\/wp-json\/wp\/v2\/media\/55749"}],"wp:attachment":[{"href":"https:\/\/lasprimeras.com.do\/index.php\/wp-json\/wp\/v2\/media?parent=55748"}],"wp:term":[{"taxonomy":"category","embeddable":true,"href":"https:\/\/lasprimeras.com.do\/index.php\/wp-json\/wp\/v2\/categories?post=55748"},{"taxonomy":"post_tag","embeddable":true,"href":"https:\/\/lasprimeras.com.do\/index.php\/wp-json\/wp\/v2\/tags?post=55748"}],"curies":[{"name":"wp","href":"https:\/\/api.w.org\/{rel}","templated":true}]}}