{"id":55751,"date":"2023-07-25T06:38:06","date_gmt":"2023-07-25T10:38:06","guid":{"rendered":"https:\/\/lasprimeras.com.do\/?p=55751"},"modified":"2023-07-25T06:38:07","modified_gmt":"2023-07-25T10:38:07","slug":"infotep-y-daeh-se-unen-para-capacitar-a-mas-de-3000-tecnicos-del-sector-sanitario","status":"publish","type":"post","link":"https:\/\/lasprimeras.com.do\/index.php\/2023\/07\/25\/infotep-y-daeh-se-unen-para-capacitar-a-mas-de-3000-tecnicos-del-sector-sanitario\/","title":{"rendered":"INFOTEP y DAEH se unen para capacitar a m\u00e1s de 3000 t\u00e9cnicos del sector sanitario"},"content":{"rendered":"\n<p><strong>Ser\u00e1n entrenados o validados en seis ambulancias que operar\u00e1n como talleres de entrenamiento y simulaci\u00f3n.<\/strong><\/p>\n\n\n\n<p>Por Martin Restituyo<\/p>\n\n\n\n<p>El Instituto Nacional de Formaci\u00f3n T\u00e9cnico Profesional (INFOTEP), recibi\u00f3 de parte de la Direcci\u00f3n de Servicios de Atenci\u00f3n a Emergencias Extrahospitalarias (DAEH) seis unidades de ambulancias que ser\u00e1n convertidas en Talleres de Entrenamiento y Simulaci\u00f3n para capacitar a los servidores de sector sanitario, en todo el territorio dominicano.<\/p>\n\n\n\n<p>El director general del INFOTEP, Rafael Santos Bad\u00eda, indic\u00f3 que mediante este programa de capacitaci\u00f3n se validar\u00e1n y certificar\u00e1n los conocimientos a mil 631 servidores activos, y se capacitar\u00e1n mil 566 nuevos, para un total de tres mil 197 colaboradores, para ofrecer servicios de asistencia sanitaria de calidad, a los usuarios que lo requieran.<\/p>\n\n\n\n<p>\u201cTodos reconocemos la importancia de la primera atenci\u00f3n humana, en los eventos de salud, los primeros rostros, manos y palabras para el paciente que requiere ser transportado a un centro de atenci\u00f3n de salud, de aqu\u00ed se desprende la importancia de este valioso proyecto para el bienestar de la ciudadan\u00eda\u201d, expres\u00f3 Santos Bad\u00eda.<\/p>\n\n\n\n<p>El director de Servicios de Atenci\u00f3n a Emergencias Extrahospitalaria,&nbsp;mayor general retirado, Juan Manuel M\u00e9ndez, destac\u00f3 la relevancia estrat\u00e9gica del inicio de este programa de capacitaci\u00f3n para el sistema de salud y afirm\u00f3 que facilitar\u00e1 una mejora de la calidad de vida de ese recurso humano que es parte de la tripulaci\u00f3n de una ambulancia.<\/p>\n\n\n\n<p>\u201cCon este cambio de visi\u00f3n, y en reconocimiento al trabajo tan importante de los servidores de transporte sanitario, lograremos la tecnificaci\u00f3n de su trabajo y con ello, la posibilidad de mejorar sus ingresos\u201d, expres\u00f3 M\u00e9ndez.<\/p>\n\n\n\n<p>Los servidores del transporte sanitario tambi\u00e9n ser\u00e1n capacitarlos en habilidades blandas, que fortalezcan sus relaciones con los usuarios del servicio.<\/p>\n\n\n\n<p>El director de la DAEH hizo entrega de las seis ambulancias que ser\u00e1n utilizadas como laboratorios modulares de simulaci\u00f3n, construidos con unidades que est\u00e1n fuera de operaciones luego del cumplimiento de su vida \u00fatil y reparadas por el INFOTEP.<\/p>\n\n\n\n<p>Esas unidades ser\u00e1n ubicadas en las diferentes Direcciones Regionales del INFOTEP, en todo el territorio Nacional.<\/p>\n","protected":false},"excerpt":{"rendered":"<p>Ser\u00e1n entrenados o validados en seis ambulancias que operar\u00e1n como talleres de entrenamiento y simulaci\u00f3n. Por Martin Restituyo El Instituto Nacional de Formaci\u00f3n T\u00e9cnico Profesional (INFOTEP), recibi\u00f3 de parte de&hellip;<\/p>\n","protected":false},"author":2,"featured_media":55752,"comment_status":"open","ping_status":"open","sticky":false,"template":"","format":"standard","meta":{"content-type":"","jetpack_post_was_ever_published":false,"_jetpack_newsletter_access":"","_jetpack_dont_email_post_to_subs":false,"_jetpack_newsletter_tier_id":0,"_jetpack_memberships_contains_paywalled_content":false,"_jetpack_memberships_contains_paid_content":false,"footnotes":""},"categories":[35,25],"tags":[1880],"class_list":["post-55751","post","type-post","status-publish","format-standard","has-post-thumbnail","hentry","category-nacionales","category-portada","tag-infotep"],"jetpack_featured_media_url":"https:\/\/lasprimeras.com.do\/wp-content\/uploads\/2023\/07\/INFOTEP.jpg","jetpack-related-posts":[{"id":101864,"url":"https:\/\/lasprimeras.com.do\/index.php\/2025\/06\/27\/infotep-entrega-aula-movil-al-politecnico-ann-ted-kheel-en-punta-cana\/","url_meta":{"origin":55751,"position":0},"title":"INFOTEP entrega aula m\u00f3vil al Polit\u00e9cnico Ann &#038; Ted Kheel en Punta Cana","author":"Nelson Feliz","date":"27 de junio de 2025","format":false,"excerpt":"El Instituto Nacional de Formaci\u00f3n T\u00e9cnico Profesional (INFOTEP) y la Direcci\u00f3n de Servicios de Atenci\u00f3n a Emergencias Extrahospitalarias (DAEH), fue entregada una ambulancia equipada como aula m\u00f3vil de entrenamiento y simulaci\u00f3n, destinada a fortalecer la formaci\u00f3n t\u00e9cnica en salud en B\u00e1varo-Punta Cana. El director general del INFOTEP, Rafael Santos Bad\u00eda,\u2026","rel":"","context":"En \u00abNACIONALES\u00bb","block_context":{"text":"NACIONALES","link":"https:\/\/lasprimeras.com.do\/index.php\/category\/nacionales\/"},"img":{"alt_text":"","src":"https:\/\/i0.wp.com\/lasprimeras.com.do\/wp-content\/uploads\/2025\/06\/INFOTEP-1-1.jpg?resize=350%2C200&ssl=1","width":350,"height":200,"srcset":"https:\/\/i0.wp.com\/lasprimeras.com.do\/wp-content\/uploads\/2025\/06\/INFOTEP-1-1.jpg?resize=350%2C200&ssl=1 1x, https:\/\/i0.wp.com\/lasprimeras.com.do\/wp-content\/uploads\/2025\/06\/INFOTEP-1-1.jpg?resize=525%2C300&ssl=1 1.5x, https:\/\/i0.wp.com\/lasprimeras.com.do\/wp-content\/uploads\/2025\/06\/INFOTEP-1-1.jpg?resize=700%2C400&ssl=1 2x"},"classes":[]},{"id":122984,"url":"https:\/\/lasprimeras.com.do\/index.php\/2026\/02\/24\/infotep-instala-talleres-moviles-en-montellano-en-puerto-plata\/","url_meta":{"origin":55751,"position":1},"title":"INFOTEP instala talleres m\u00f3viles en Montellano en Puerto Plata","author":"Nelson Feliz","date":"24 de febrero de 2026","format":false,"excerpt":"_La iniciativa permitir\u00e1 capacitar de inmediato a j\u00f3venes y adultos en \u00e1reas clave para el sector hotelero y de servicios._ El Instituto Nacional de Formaci\u00f3n T\u00e9cnico Profesional (INFOTEP), como parte de su estrategia para fortalecer el capital humano vinculado al desarrollo tur\u00edstico de la provincia, dej\u00f3 formalmente instalados y en\u2026","rel":"","context":"En \u00abNACIONALES\u00bb","block_context":{"text":"NACIONALES","link":"https:\/\/lasprimeras.com.do\/index.php\/category\/nacionales\/"},"img":{"alt_text":"","src":"https:\/\/i0.wp.com\/lasprimeras.com.do\/wp-content\/uploads\/2026\/02\/IMG-20260224-WA0320.jpg?resize=350%2C200&ssl=1","width":350,"height":200},"classes":[]},{"id":125184,"url":"https:\/\/lasprimeras.com.do\/index.php\/2026\/03\/20\/infotep-destaca-crecimiento-de-su-programa-de-aprendizaje-digital\/","url_meta":{"origin":55751,"position":2},"title":"INFOTEP destaca crecimiento de su programa de Aprendizaje Digital","author":"Nelson Feliz","date":"20 de marzo de 2026","format":false,"excerpt":"\u00b7 La instituci\u00f3n supera las metas en modalidad virtual, con m\u00e1s de 34 mil participantes capacitados en 2025 y una creciente oferta digital accesible en todo el pa\u00eds En ocasi\u00f3n del D\u00eda Mundial del Aprendizaje Digital, el Instituto Nacional de Formaci\u00f3n T\u00e9cnico Profesional (INFOTEP) destac\u00f3 el crecimiento y el impacto\u2026","rel":"","context":"En \u00abNACIONALES\u00bb","block_context":{"text":"NACIONALES","link":"https:\/\/lasprimeras.com.do\/index.php\/category\/nacionales\/"},"img":{"alt_text":"","src":"https:\/\/i0.wp.com\/lasprimeras.com.do\/wp-content\/uploads\/2026\/03\/IMG-20260319-WA0483.jpg?resize=350%2C200&ssl=1","width":350,"height":200,"srcset":"https:\/\/i0.wp.com\/lasprimeras.com.do\/wp-content\/uploads\/2026\/03\/IMG-20260319-WA0483.jpg?resize=350%2C200&ssl=1 1x, https:\/\/i0.wp.com\/lasprimeras.com.do\/wp-content\/uploads\/2026\/03\/IMG-20260319-WA0483.jpg?resize=525%2C300&ssl=1 1.5x, https:\/\/i0.wp.com\/lasprimeras.com.do\/wp-content\/uploads\/2026\/03\/IMG-20260319-WA0483.jpg?resize=700%2C400&ssl=1 2x, https:\/\/i0.wp.com\/lasprimeras.com.do\/wp-content\/uploads\/2026\/03\/IMG-20260319-WA0483.jpg?resize=1050%2C600&ssl=1 3x, https:\/\/i0.wp.com\/lasprimeras.com.do\/wp-content\/uploads\/2026\/03\/IMG-20260319-WA0483.jpg?resize=1400%2C800&ssl=1 4x"},"classes":[]},{"id":108147,"url":"https:\/\/lasprimeras.com.do\/index.php\/2025\/09\/03\/infotep-gradua-97-tecnicos-especializados-en-areas-claves-de-la-industria-turistica-en-punta-cana\/","url_meta":{"origin":55751,"position":3},"title":"INFOTEP grad\u00faa 97 t\u00e9cnicos especializados en \u00e1reas claves de la industria tur\u00edstica en Punta Cana","author":"Nelson Feliz","date":"3 de septiembre de 2025","format":false,"excerpt":"El Instituto Nacional de Formaci\u00f3n T\u00e9cnico Profesional (INFOTEP) entreg\u00f3 t\u00edtulos de T\u00e9cnicos con salida plena a 97 trabajadores de la cadena Meli\u00e1 Hotels, en las \u00e1reas de Gastronom\u00eda, Gesti\u00f3n de Piso Hotelero, Bar y Restaurante, quienes completaron los requisitos del proceso de Evaluaci\u00f3n Ocupacional, reconociendo as\u00ed su experiencia y competencia\u2026","rel":"","context":"En \u00abTURISMO\u00bb","block_context":{"text":"TURISMO","link":"https:\/\/lasprimeras.com.do\/index.php\/category\/turismo\/"},"img":{"alt_text":"","src":"https:\/\/i0.wp.com\/lasprimeras.com.do\/wp-content\/uploads\/2025\/09\/infotep.jpg?resize=350%2C200&ssl=1","width":350,"height":200,"srcset":"https:\/\/i0.wp.com\/lasprimeras.com.do\/wp-content\/uploads\/2025\/09\/infotep.jpg?resize=350%2C200&ssl=1 1x, https:\/\/i0.wp.com\/lasprimeras.com.do\/wp-content\/uploads\/2025\/09\/infotep.jpg?resize=525%2C300&ssl=1 1.5x, https:\/\/i0.wp.com\/lasprimeras.com.do\/wp-content\/uploads\/2025\/09\/infotep.jpg?resize=700%2C400&ssl=1 2x"},"classes":[]},{"id":106061,"url":"https:\/\/lasprimeras.com.do\/index.php\/2025\/08\/10\/infotep-impulsara-formacion-especializada-para-el-desarrollo-turistico-de-punta-bergantin-y-montellano\/","url_meta":{"origin":55751,"position":4},"title":"INFOTEP impulsar\u00e1 formaci\u00f3n especializada para el desarrollo tur\u00edstico de Punta Bergant\u00edn y Montellano","author":"Nelson Feliz","date":"10 de agosto de 2025","format":false,"excerpt":"El Instituto Nacional de Formaci\u00f3n T\u00e9cnico Profesional (INFOTEP) anunci\u00f3, junto al Fideicomiso Punta Bergant\u00edn, la construcci\u00f3n de dos centros de formaci\u00f3n, uno especializado en hoteler\u00eda y otro en el municipio de Villa Montellano, como parte de su compromiso de capacitar el capital humano que demandar\u00e1 el desarrollo tur\u00edstico de la\u2026","rel":"","context":"En \u00abTURISMO\u00bb","block_context":{"text":"TURISMO","link":"https:\/\/lasprimeras.com.do\/index.php\/category\/turismo\/"},"img":{"alt_text":"","src":"https:\/\/i0.wp.com\/lasprimeras.com.do\/wp-content\/uploads\/2025\/08\/infotep-1-1.jpg?resize=350%2C200&ssl=1","width":350,"height":200,"srcset":"https:\/\/i0.wp.com\/lasprimeras.com.do\/wp-content\/uploads\/2025\/08\/infotep-1-1.jpg?resize=350%2C200&ssl=1 1x, https:\/\/i0.wp.com\/lasprimeras.com.do\/wp-content\/uploads\/2025\/08\/infotep-1-1.jpg?resize=525%2C300&ssl=1 1.5x, https:\/\/i0.wp.com\/lasprimeras.com.do\/wp-content\/uploads\/2025\/08\/infotep-1-1.jpg?resize=700%2C400&ssl=1 2x"},"classes":[]},{"id":126274,"url":"https:\/\/lasprimeras.com.do\/index.php\/2026\/03\/31\/infotep-y-universidad-isa-revisan-alianza-para-fortalecer-formacion-de-tecnicos-del-sector-agropecuario\/","url_meta":{"origin":55751,"position":5},"title":"INFOTEP y Universidad ISA revisan alianza para fortalecer formaci\u00f3n de t\u00e9cnicos del sector agropecuario","author":"Nelson Feliz","date":"31 de marzo de 2026","format":false,"excerpt":"\u00b7 La directora general del INFOTEP, Maira Morla Pineda, encabez\u00f3 el encuentro con autoridades de la Universidad ISA. El Instituto Nacional de Formaci\u00f3n T\u00e9cnico Profesional (INFOTEP) y la Universidad ISA iniciaron un proceso de evaluaci\u00f3n de su alianza estrat\u00e9gica con el objetivo de fortalecer la formaci\u00f3n de t\u00e9cnicos capacitados para\u2026","rel":"","context":"En \u00abNACIONALES\u00bb","block_context":{"text":"NACIONALES","link":"https:\/\/lasprimeras.com.do\/index.php\/category\/nacionales\/"},"img":{"alt_text":"","src":"https:\/\/i0.wp.com\/lasprimeras.com.do\/wp-content\/uploads\/2026\/03\/IMG-20260331-WA0742.jpg?resize=350%2C200&ssl=1","width":350,"height":200,"srcset":"https:\/\/i0.wp.com\/lasprimeras.com.do\/wp-content\/uploads\/2026\/03\/IMG-20260331-WA0742.jpg?resize=350%2C200&ssl=1 1x, https:\/\/i0.wp.com\/lasprimeras.com.do\/wp-content\/uploads\/2026\/03\/IMG-20260331-WA0742.jpg?resize=525%2C300&ssl=1 1.5x, https:\/\/i0.wp.com\/lasprimeras.com.do\/wp-content\/uploads\/2026\/03\/IMG-20260331-WA0742.jpg?resize=700%2C400&ssl=1 2x, https:\/\/i0.wp.com\/lasprimeras.com.do\/wp-content\/uploads\/2026\/03\/IMG-20260331-WA0742.jpg?resize=1050%2C600&ssl=1 3x, https:\/\/i0.wp.com\/lasprimeras.com.do\/wp-content\/uploads\/2026\/03\/IMG-20260331-WA0742.jpg?resize=1400%2C800&ssl=1 4x"},"classes":[]}],"jetpack_sharing_enabled":true,"_links":{"self":[{"href":"https:\/\/lasprimeras.com.do\/index.php\/wp-json\/wp\/v2\/posts\/55751","targetHints":{"allow":["GET"]}}],"collection":[{"href":"https:\/\/lasprimeras.com.do\/index.php\/wp-json\/wp\/v2\/posts"}],"about":[{"href":"https:\/\/lasprimeras.com.do\/index.php\/wp-json\/wp\/v2\/types\/post"}],"author":[{"embeddable":true,"href":"https:\/\/lasprimeras.com.do\/index.php\/wp-json\/wp\/v2\/users\/2"}],"replies":[{"embeddable":true,"href":"https:\/\/lasprimeras.com.do\/index.php\/wp-json\/wp\/v2\/comments?post=55751"}],"version-history":[{"count":1,"href":"https:\/\/lasprimeras.com.do\/index.php\/wp-json\/wp\/v2\/posts\/55751\/revisions"}],"predecessor-version":[{"id":55753,"href":"https:\/\/lasprimeras.com.do\/index.php\/wp-json\/wp\/v2\/posts\/55751\/revisions\/55753"}],"wp:featuredmedia":[{"embeddable":true,"href":"https:\/\/lasprimeras.com.do\/index.php\/wp-json\/wp\/v2\/media\/55752"}],"wp:attachment":[{"href":"https:\/\/lasprimeras.com.do\/index.php\/wp-json\/wp\/v2\/media?parent=55751"}],"wp:term":[{"taxonomy":"category","embeddable":true,"href":"https:\/\/lasprimeras.com.do\/index.php\/wp-json\/wp\/v2\/categories?post=55751"},{"taxonomy":"post_tag","embeddable":true,"href":"https:\/\/lasprimeras.com.do\/index.php\/wp-json\/wp\/v2\/tags?post=55751"}],"curies":[{"name":"wp","href":"https:\/\/api.w.org\/{rel}","templated":true}]}}