{"id":55754,"date":"2023-07-25T07:03:39","date_gmt":"2023-07-25T11:03:39","guid":{"rendered":"https:\/\/lasprimeras.com.do\/?p=55754"},"modified":"2023-07-25T07:03:40","modified_gmt":"2023-07-25T11:03:40","slug":"garcia-fermin-califica-a-antonio-guzman-como-uno-de-los-mejores-presidentes-de-la-rd","status":"publish","type":"post","link":"https:\/\/lasprimeras.com.do\/index.php\/2023\/07\/25\/garcia-fermin-califica-a-antonio-guzman-como-uno-de-los-mejores-presidentes-de-la-rd\/","title":{"rendered":"Garc\u00eda Ferm\u00edn califica a Antonio Guzman como uno de los mejores presidentes de la RD"},"content":{"rendered":"\n<p>El Ministro de Educaci\u00f3n Superior doctor Franklin Garc\u00eda Ferm\u00edn, calific\u00f3 al expresidente Presidente Antonio Guzm\u00e1n Fern\u00e1ndez, como uno de los mejores de Rep\u00fablica Dominicana, debido a su valent\u00eda para ponerle fin al r\u00e9gimen que denomin\u00f3 el Gobierno de los 12 A\u00f1os.<\/p>\n\n\n\n<p>Al dictar la conferencia: &#8220;La vida y obra de Gobierno del Presidente Antonio Guzm\u00e1n Fern\u00e1ndez&#8221; en la Cooperativa de Servicios M\u00faltiples para Maestros (COOPNAMA-Santiago), organizada por el Frente Universitario de Docentes Modernos (FUDOMO), en la seccional de Santiago.<\/p>\n\n\n\n<p>El funcionario indic\u00f3 que tras su llegada al Partido Revolucionario Dominicano, Guzm\u00e1n inici\u00f3 una trayectoria pol\u00edtica que lo llev\u00f3 directo a la Presidencia de la Rep\u00fablica en el a\u00f1o 1978.<\/p>\n\n\n\n<p>Subray\u00f3 que el accionar de Guzman Fermandez es similar a la vida pol\u00edtica del presidente Luis Abinader, en cuanto a honradez y lucha contra la corrupci\u00f3n.<\/p>\n\n\n\n<p>&#8220;Esa carrera pol\u00edtica tuvo un momento luminoso cuando el Gobierno Constitucional de 1963, en reconocimiento a sus m\u00e9ritos en el Partido Revolucionario Dominicano (PRD), lo design\u00f3 Secretario de Estado de Agricultura, luego en 1964 tras el derrocamiento de Juan Bosch, pas\u00f3 a formar parte del Comit\u00e9 Ejecutivo Nacional y la Comisi\u00f3n Pol\u00edtica del PRD&#8221;, destac\u00f3 Garc\u00eda Ferm\u00edn.<\/p>\n\n\n\n<p>En ese mismo orden, indic\u00f3 que el 16 de mayo de 1978 tom\u00f3 posesi\u00f3n del Gobierno de la Rep\u00fablica Dominicana, lo que represent\u00f3 un antes y un despu\u00e9s en la vida democr\u00e1tica dominicana.<\/p>\n\n\n\n<p>&#8220;De inmediato realiz\u00f3 cambios en el ordenamiento burocr\u00e1tico-militar, tom\u00f3 medidas contra la corrupci\u00f3n , liber\u00f3 a los presos pol\u00edticos, regres\u00f3 a los exiliados de los Gobiernos de Joaquin Balaguer y se encamin\u00f3 hacia un nuevo ordenamiento del Estado dominicano&#8221;, reiter\u00f3.<\/p>\n\n\n\n<p>Garc\u00eda Ferm\u00edn tambi\u00e9n subray\u00f3 la de &#8220;despolitizaci\u00f3n&#8221; de las fuerzas armadas y la Polic\u00eda Nacional, las cuales hab\u00edan sido convertidas en instrumentos de represi\u00f3n y de luchas internas.<\/p>\n\n\n\n<p>&#8220;El salario m\u00ednimo, que era de 62 pesos con cincuenta centavos lo elev\u00f3 al doble, es decir a 125 pesos y derog\u00f3 una serie de medidas administrativas que afectanban el disfrute de las libertades individuales, dando paso al establecimiento de un ambiente de libertad en el pa\u00eds&#8221;, concluy\u00f3.<\/p>\n","protected":false},"excerpt":{"rendered":"<p>El Ministro de Educaci\u00f3n Superior doctor Franklin Garc\u00eda Ferm\u00edn, calific\u00f3 al expresidente Presidente Antonio Guzm\u00e1n Fern\u00e1ndez, como uno de los mejores de Rep\u00fablica Dominicana, debido a su valent\u00eda para ponerle&hellip;<\/p>\n","protected":false},"author":2,"featured_media":55755,"comment_status":"open","ping_status":"open","sticky":false,"template":"","format":"standard","meta":{"content-type":"","jetpack_post_was_ever_published":false,"_jetpack_newsletter_access":"","_jetpack_dont_email_post_to_subs":false,"_jetpack_newsletter_tier_id":0,"_jetpack_memberships_contains_paywalled_content":false,"_jetpack_memberships_contains_paid_content":false,"footnotes":""},"categories":[25],"tags":[5264,1373,5265,3538,1226],"class_list":["post-55754","post","type-post","status-publish","format-standard","has-post-thumbnail","hentry","category-portada","tag-antonio-guzman","tag-franklin-garcia-fermin","tag-mejores","tag-presidentes","tag-republica-dominicana"],"jetpack_featured_media_url":"https:\/\/lasprimeras.com.do\/wp-content\/uploads\/2023\/07\/Franklin-Garcia-Fermin-1.jpg","jetpack-related-posts":[{"id":118270,"url":"https:\/\/lasprimeras.com.do\/index.php\/2025\/12\/26\/garcia-fermin-califica-de-infundados-vaticinios-de-leonel-fernandez\/","url_meta":{"origin":55754,"position":0},"title":"Garc\u00eda Ferm\u00edn califica de infundados vaticinios de Leonel Fern\u00e1ndez","author":"Nelson Feliz","date":"26 de diciembre de 2025","format":false,"excerpt":"Miembro de la Direcci\u00f3n Ejecutiva del Partido Revolucionario Moderno (PRM), destaca solidez de RD Las recientes declaraciones del presidente del partido Fuerza del Pueblo, Leonel Fern\u00e1ndez, describiendo a la Rep\u00fablica Dominicana como un pa\u00eds en \u201cruinas\u201d y sumido en una supuesta par\u00e1lisis econ\u00f3mica, no solo son infundadas, sino que distorsionan\u2026","rel":"","context":"En \u00abPOLITICA\u00bb","block_context":{"text":"POLITICA","link":"https:\/\/lasprimeras.com.do\/index.php\/category\/politica\/"},"img":{"alt_text":"","src":"https:\/\/i0.wp.com\/lasprimeras.com.do\/wp-content\/uploads\/2025\/09\/Franklin-Garcia-Fermin.jpg?resize=350%2C200&ssl=1","width":350,"height":200,"srcset":"https:\/\/i0.wp.com\/lasprimeras.com.do\/wp-content\/uploads\/2025\/09\/Franklin-Garcia-Fermin.jpg?resize=350%2C200&ssl=1 1x, https:\/\/i0.wp.com\/lasprimeras.com.do\/wp-content\/uploads\/2025\/09\/Franklin-Garcia-Fermin.jpg?resize=525%2C300&ssl=1 1.5x, https:\/\/i0.wp.com\/lasprimeras.com.do\/wp-content\/uploads\/2025\/09\/Franklin-Garcia-Fermin.jpg?resize=700%2C400&ssl=1 2x"},"classes":[]},{"id":109308,"url":"https:\/\/lasprimeras.com.do\/index.php\/2025\/09\/16\/garcia-fermin-reafirma-compromiso-con-la-educacion-superior-durante-visita-a-unisnorte\/","url_meta":{"origin":55754,"position":1},"title":"Garcia Ferm\u00edn reafirma compromiso con la educaci\u00f3n superior durante visita a Unisnorte","author":"Nelson Feliz","date":"16 de septiembre de 2025","format":false,"excerpt":"El ministro de Educaci\u00f3n Superior, Ciencia y Tecnolog\u00eda (MESCyT), doctor Franklin Garc\u00eda Ferm\u00edn, resalt\u00f3 el compromiso del Gobierno dominicano con la expansi\u00f3n y el fortalecimiento de la educaci\u00f3n superior, durante una visita oficial a las nuevas instalaciones de la Universidad Santo Domingo Norte (Unisnorte). Acompa\u00f1ado por autoridades de la instituci\u00f3n,\u2026","rel":"","context":"En \u00abNACIONALES\u00bb","block_context":{"text":"NACIONALES","link":"https:\/\/lasprimeras.com.do\/index.php\/category\/nacionales\/"},"img":{"alt_text":"","src":"https:\/\/i0.wp.com\/lasprimeras.com.do\/wp-content\/uploads\/2025\/09\/Franklin-Garcia-Fermin-1-1.jpg?resize=350%2C200&ssl=1","width":350,"height":200,"srcset":"https:\/\/i0.wp.com\/lasprimeras.com.do\/wp-content\/uploads\/2025\/09\/Franklin-Garcia-Fermin-1-1.jpg?resize=350%2C200&ssl=1 1x, https:\/\/i0.wp.com\/lasprimeras.com.do\/wp-content\/uploads\/2025\/09\/Franklin-Garcia-Fermin-1-1.jpg?resize=525%2C300&ssl=1 1.5x, https:\/\/i0.wp.com\/lasprimeras.com.do\/wp-content\/uploads\/2025\/09\/Franklin-Garcia-Fermin-1-1.jpg?resize=700%2C400&ssl=1 2x"},"classes":[]},{"id":106064,"url":"https:\/\/lasprimeras.com.do\/index.php\/2025\/08\/10\/franklin-garcia-fermin-encabeza-caminata-por-la-salud-en-el-parque-jardin-botanico-nacional\/","url_meta":{"origin":55754,"position":2},"title":"Franklin Garc\u00eda Ferm\u00edn encabeza \u201cCaminata por la Salud\u201d en el Parque Jard\u00edn Bot\u00e1nico Nacional","author":"Nelson Feliz","date":"10 de agosto de 2025","format":false,"excerpt":"La actividad, celebrada en el marco del 47.\u00ba aniversario de la creaci\u00f3n del MESCyT, cont\u00f3 con la colaboraci\u00f3n de la Fundaci\u00f3n Cruz Jimini\u00e1n, que preside el fil\u00e1ntropo doctor Antonio Cruz Jimini\u00e1n. El ministro de Educaci\u00f3n Superior, Ciencia y Tecnolog\u00eda (MESCyT), doctor Franklin Garc\u00eda Ferm\u00edn, encabez\u00f3 una caminata por la salud,\u2026","rel":"","context":"En \u00abNACIONALES\u00bb","block_context":{"text":"NACIONALES","link":"https:\/\/lasprimeras.com.do\/index.php\/category\/nacionales\/"},"img":{"alt_text":"Franklin Garc\u00eda Ferm\u00edn","src":"https:\/\/i0.wp.com\/lasprimeras.com.do\/wp-content\/uploads\/2025\/08\/Franklin-Garcia-Fermin.jpg?resize=350%2C200&ssl=1","width":350,"height":200,"srcset":"https:\/\/i0.wp.com\/lasprimeras.com.do\/wp-content\/uploads\/2025\/08\/Franklin-Garcia-Fermin.jpg?resize=350%2C200&ssl=1 1x, https:\/\/i0.wp.com\/lasprimeras.com.do\/wp-content\/uploads\/2025\/08\/Franklin-Garcia-Fermin.jpg?resize=525%2C300&ssl=1 1.5x, https:\/\/i0.wp.com\/lasprimeras.com.do\/wp-content\/uploads\/2025\/08\/Franklin-Garcia-Fermin.jpg?resize=700%2C400&ssl=1 2x"},"classes":[]},{"id":118469,"url":"https:\/\/lasprimeras.com.do\/index.php\/2025\/12\/29\/coordinador-de-los-300-con-leonel-dice-franklin-garcia-esta-muy-divorciado-de-la-realidad-dominicana\/","url_meta":{"origin":55754,"position":3},"title":"Coordinador de los 300 con Leonel dice Franklin Garc\u00eda esta muy divorciado de la realidad dominicana","author":"Nelson Feliz","date":"29 de diciembre de 2025","format":false,"excerpt":"Por Ram\u00f3n Mercedes NUEVA YORK.- El coordinador general del Proyecto \u00ab300 con Leonel\u00bb en esta ciudad, Geraldo Rosario, se\u00f1al\u00f3 que el actual miembro de la Direcci\u00f3n Ejecutiva del Partido Revolucionario Moderno (PRM), Franklin Garc\u00eda Ferm\u00edn, se encuentra muy divorciado de la realidad de la Rep\u00fablica Dominicana. Rosario basa su criterio\u2026","rel":"","context":"En \u00abPOLITICA\u00bb","block_context":{"text":"POLITICA","link":"https:\/\/lasprimeras.com.do\/index.php\/category\/politica\/"},"img":{"alt_text":"","src":"https:\/\/i0.wp.com\/lasprimeras.com.do\/wp-content\/uploads\/2025\/12\/IMG-20251229-WA0076.jpg?resize=350%2C200&ssl=1","width":350,"height":200,"srcset":"https:\/\/i0.wp.com\/lasprimeras.com.do\/wp-content\/uploads\/2025\/12\/IMG-20251229-WA0076.jpg?resize=350%2C200&ssl=1 1x, https:\/\/i0.wp.com\/lasprimeras.com.do\/wp-content\/uploads\/2025\/12\/IMG-20251229-WA0076.jpg?resize=525%2C300&ssl=1 1.5x"},"classes":[]},{"id":109655,"url":"https:\/\/lasprimeras.com.do\/index.php\/2025\/09\/21\/leonel-fernandez-recibe-en-funglode-a-faride-raful-y-a-la-comision-de-reforma-policial\/","url_meta":{"origin":55754,"position":4},"title":"Leonel Fern\u00e1ndez recibe en Funglode a Faride Raful y a la Comisi\u00f3n de Reforma Policial","author":"Nelson Feliz","date":"21 de septiembre de 2025","format":false,"excerpt":"El expresidente y l\u00edder de Fuerza del Pueblo sostuvo un encuentro en el que se present\u00f3 el anteproyecto de ley de reforma policial. El presidente de la Fuerza del Pueblo y expresidente de la Rep\u00fablica, Leonel Fern\u00e1ndez, recibi\u00f3 en la sede de la Fundaci\u00f3n Global Democracia y Desarrollo (Funglode) a\u2026","rel":"","context":"En \u00abPOLITICA\u00bb","block_context":{"text":"POLITICA","link":"https:\/\/lasprimeras.com.do\/index.php\/category\/politica\/"},"img":{"alt_text":"","src":"","width":0,"height":0},"classes":[]},{"id":97916,"url":"https:\/\/lasprimeras.com.do\/index.php\/2025\/04\/24\/garcia-fermin-valora-aportes-de-la-revolucion-de-abril-de-1965-a-la-democracia-dominicana\/","url_meta":{"origin":55754,"position":5},"title":"Garc\u00eda Ferm\u00edn valora aportes de la Revoluci\u00f3n de Abril de 1965 a la democracia dominicana","author":"Nelson Feliz","date":"24 de abril de 2025","format":false,"excerpt":"El ministro de Educaci\u00f3n Superior doctor Franklin Garc\u00eda Ferm\u00edn, valor\u00f3 la Revoluci\u00f3n de Abril de 1965, al conmemorarse este jueves, 60 a\u00f1os de la gesta patri\u00f3tica que abri\u00f3 las puertas de la democracia a la sociedad dominicana. Dijo que los aportes de militares, encabezados por el coronel Francisco Alberto Caama\u00f1o\u2026","rel":"","context":"En \u00abHISTORIA\u00bb","block_context":{"text":"HISTORIA","link":"https:\/\/lasprimeras.com.do\/index.php\/category\/historia\/"},"img":{"alt_text":"","src":"https:\/\/i0.wp.com\/lasprimeras.com.do\/wp-content\/uploads\/2025\/04\/Franklin-Garcia-Fermin-1.jpg?resize=350%2C200&ssl=1","width":350,"height":200,"srcset":"https:\/\/i0.wp.com\/lasprimeras.com.do\/wp-content\/uploads\/2025\/04\/Franklin-Garcia-Fermin-1.jpg?resize=350%2C200&ssl=1 1x, https:\/\/i0.wp.com\/lasprimeras.com.do\/wp-content\/uploads\/2025\/04\/Franklin-Garcia-Fermin-1.jpg?resize=525%2C300&ssl=1 1.5x, https:\/\/i0.wp.com\/lasprimeras.com.do\/wp-content\/uploads\/2025\/04\/Franklin-Garcia-Fermin-1.jpg?resize=700%2C400&ssl=1 2x"},"classes":[]}],"jetpack_sharing_enabled":true,"_links":{"self":[{"href":"https:\/\/lasprimeras.com.do\/index.php\/wp-json\/wp\/v2\/posts\/55754","targetHints":{"allow":["GET"]}}],"collection":[{"href":"https:\/\/lasprimeras.com.do\/index.php\/wp-json\/wp\/v2\/posts"}],"about":[{"href":"https:\/\/lasprimeras.com.do\/index.php\/wp-json\/wp\/v2\/types\/post"}],"author":[{"embeddable":true,"href":"https:\/\/lasprimeras.com.do\/index.php\/wp-json\/wp\/v2\/users\/2"}],"replies":[{"embeddable":true,"href":"https:\/\/lasprimeras.com.do\/index.php\/wp-json\/wp\/v2\/comments?post=55754"}],"version-history":[{"count":1,"href":"https:\/\/lasprimeras.com.do\/index.php\/wp-json\/wp\/v2\/posts\/55754\/revisions"}],"predecessor-version":[{"id":55756,"href":"https:\/\/lasprimeras.com.do\/index.php\/wp-json\/wp\/v2\/posts\/55754\/revisions\/55756"}],"wp:featuredmedia":[{"embeddable":true,"href":"https:\/\/lasprimeras.com.do\/index.php\/wp-json\/wp\/v2\/media\/55755"}],"wp:attachment":[{"href":"https:\/\/lasprimeras.com.do\/index.php\/wp-json\/wp\/v2\/media?parent=55754"}],"wp:term":[{"taxonomy":"category","embeddable":true,"href":"https:\/\/lasprimeras.com.do\/index.php\/wp-json\/wp\/v2\/categories?post=55754"},{"taxonomy":"post_tag","embeddable":true,"href":"https:\/\/lasprimeras.com.do\/index.php\/wp-json\/wp\/v2\/tags?post=55754"}],"curies":[{"name":"wp","href":"https:\/\/api.w.org\/{rel}","templated":true}]}}