{"id":55759,"date":"2023-07-25T07:50:16","date_gmt":"2023-07-25T11:50:16","guid":{"rendered":"https:\/\/lasprimeras.com.do\/?p=55759"},"modified":"2023-07-25T07:50:18","modified_gmt":"2023-07-25T11:50:18","slug":"muere-hombre-herido-por-abogado-en-spm","status":"publish","type":"post","link":"https:\/\/lasprimeras.com.do\/index.php\/2023\/07\/25\/muere-hombre-herido-por-abogado-en-spm\/","title":{"rendered":"Muere hombre herido por abogado en SPM"},"content":{"rendered":"\n<p>Muri\u00f3 en el Hospital Antonio Musa de esta ciudad un hombre quien hab\u00eda sido herido de una pu\u00f1alada por abogado en un negocio de San Pedro de Macor\u00eds.<\/p>\n\n\n\n<p>Se trata de Guillermo Castro Mej\u00eda, de 53 a\u00f1os, quien era oriundo de San Jos\u00e9 de los Llanos y resid\u00eda en el Barrio Villa Faro de esta ciudad.<\/p>\n\n\n\n<p>El incidente hab\u00eda ocurrido en el Comedor Guerrero propiedad del doctor Jos\u00e9 Arismendy Abreu (Jos\u00e9 Canseco), quien es investigado en la Polic\u00eda.<\/p>\n\n\n\n<p>El referido negocio est\u00e1 ubicado en la intersecci\u00f3n de la avenida Laureano Canto con Francisco Alberto Caama\u00f1o, frente al Estadio T\u00e9telo Vargas de aqu\u00ed.<\/p>\n\n\n\n<p>Castro Mejia hab\u00eda sido llevado a la sala de emergencias del Hospital Antonio Musa con una herida en el abdomen, donde posteriormente falleci\u00f3.<\/p>\n","protected":false},"excerpt":{"rendered":"<p>Muri\u00f3 en el Hospital Antonio Musa de esta ciudad un hombre quien hab\u00eda sido herido de una pu\u00f1alada por abogado en un negocio de San Pedro de Macor\u00eds. Se trata&hellip;<\/p>\n","protected":false},"author":2,"featured_media":55760,"comment_status":"open","ping_status":"open","sticky":false,"template":"","format":"standard","meta":{"content-type":"","jetpack_post_was_ever_published":false,"_jetpack_newsletter_access":"","_jetpack_dont_email_post_to_subs":false,"_jetpack_newsletter_tier_id":0,"_jetpack_memberships_contains_paywalled_content":false,"_jetpack_memberships_contains_paid_content":false,"footnotes":""},"categories":[35],"tags":[2597,307,46,650,966],"class_list":["post-55759","post","type-post","status-publish","format-standard","has-post-thumbnail","hentry","category-nacionales","tag-abogado","tag-herido","tag-hombre","tag-muere","tag-spm"],"jetpack_featured_media_url":"https:\/\/lasprimeras.com.do\/wp-content\/uploads\/2023\/07\/WhatsApp-Image-2023-07-24-at-3.34.10-PM.jpeg","jetpack-related-posts":[{"id":55999,"url":"https:\/\/lasprimeras.com.do\/index.php\/2023\/07\/27\/aplazan-audiencia-contra-abogado-acusado-de-ultimar-hombre-spm\/","url_meta":{"origin":55759,"position":0},"title":"Aplazan audiencia contra abogado acusado de ultimar hombre SPM","author":"Nelson Feliz","date":"27 de julio de 2023","format":false,"excerpt":"Aplazan para el pr\u00f3ximo lunes audiencia contra el abogado Jos\u00e9 Arismendi Abreu Araujo (Canseco), acusado de herir mortalmente al nombrado Jos\u00e9 Guillermo Castro Mej\u00eda (Felix) en un lamentable suceso ocurrido el pasado domingo frente al Huacalito de San Pedro de Macor\u00eds. Canseco, de 68 a\u00f1os de edad, abogado , residente\u2026","rel":"","context":"En \u00abJUSTICIA\u00bb","block_context":{"text":"JUSTICIA","link":"https:\/\/lasprimeras.com.do\/index.php\/category\/justicia\/"},"img":{"alt_text":"","src":"","width":0,"height":0},"classes":[]},{"id":55757,"url":"https:\/\/lasprimeras.com.do\/index.php\/2023\/07\/25\/apresaron-abogado-que-hirio-mortalmente-a-un-hombre-en-spm\/","url_meta":{"origin":55759,"position":1},"title":"Apresaron abogado que hiri\u00f3 mortalmente a un hombre en SPM","author":"Nelson Feliz","date":"25 de julio de 2023","format":false,"excerpt":"Miembros de la Direcci\u00f3n Regional Sureste de la Polic\u00eda Nacional adscritos a la Subdirecci\u00f3n Regional de Investigaciones Dicrim, apresaron al nombrado Jos\u00e9 Arismendi Abreu Araujo, (Canseco), de 68 a\u00f1os de edad, abogado, residente en el sector Villa Providencia, en San Pedro de Macor\u00eds. Abreu Araujo, est\u00e1 siendo acusado de herir\u2026","rel":"","context":"En \u00abMILITARES\u00bb","block_context":{"text":"MILITARES","link":"https:\/\/lasprimeras.com.do\/index.php\/category\/militares\/"},"img":{"alt_text":"preso-celda","src":"https:\/\/i0.wp.com\/lasprimeras.com.do\/wp-content\/uploads\/2023\/06\/preso-celda.jpg?resize=350%2C200&ssl=1","width":350,"height":200,"srcset":"https:\/\/i0.wp.com\/lasprimeras.com.do\/wp-content\/uploads\/2023\/06\/preso-celda.jpg?resize=350%2C200&ssl=1 1x, https:\/\/i0.wp.com\/lasprimeras.com.do\/wp-content\/uploads\/2023\/06\/preso-celda.jpg?resize=525%2C300&ssl=1 1.5x, https:\/\/i0.wp.com\/lasprimeras.com.do\/wp-content\/uploads\/2023\/06\/preso-celda.jpg?resize=700%2C400&ssl=1 2x"},"classes":[]},{"id":92427,"url":"https:\/\/lasprimeras.com.do\/index.php\/2025\/01\/04\/hombre-muere-tras-sufrir-infarto-mientras-conducia-e-impactar-vehiculo-en-spm\/","url_meta":{"origin":55759,"position":2},"title":"Hombre muere tras sufrir infarto mientras conduc\u00eda e impactar veh\u00edculo en SPM","author":"Nelson Feliz","date":"4 de enero de 2025","format":false,"excerpt":"Un hombre perdi\u00f3 la vida luego de que sufriera un infarto que lo hizo impactar el veh\u00edculo que conduc\u00eda, en un hecho registrado en la avenida Laureano Canto, frente al parque Los Restauradores, en San Pedro de Macor\u00eds. La v\u00edctima fue identificada como Julio C\u00e9sar Derrick, quien manejaba una yipeta\u2026","rel":"","context":"En \u00abNACIONALES\u00bb","block_context":{"text":"NACIONALES","link":"https:\/\/lasprimeras.com.do\/index.php\/category\/nacionales\/"},"img":{"alt_text":"","src":"https:\/\/i0.wp.com\/lasprimeras.com.do\/wp-content\/uploads\/2025\/01\/Julio-Cesar-Derrick.jpg?resize=350%2C200&ssl=1","width":350,"height":200},"classes":[]},{"id":56215,"url":"https:\/\/lasprimeras.com.do\/index.php\/2023\/07\/29\/muere-el-pollo-mientras-recibia-atenciones-medicas-en-el-hospital-dr-antonio-musa\/","url_meta":{"origin":55759,"position":3},"title":"Muere \u201cEl Pollo\u201d mientras recib\u00eda atenciones m\u00e9dicas en el Hospital Dr. Antonio Musa","author":"Nelson Feliz","date":"29 de julio de 2023","format":false,"excerpt":"-Otras cuatro personas resultan detenidas, uno de ellos resulta herido en el enfrentamiento con agentes del DINTEL en Hato Mayor. -Les ocupan armas de fuego, drogas, motocicletas y dispositivos electr\u00f3nicos. Por Martin Restituyo Un presunto delincuente sindicado como integrante de una peligrosa banda cay\u00f3 abatido durante un enfrentamiento con agentes\u2026","rel":"","context":"En \u00abMILITARES\u00bb","block_context":{"text":"MILITARES","link":"https:\/\/lasprimeras.com.do\/index.php\/category\/militares\/"},"img":{"alt_text":"Evidencias","src":"https:\/\/i0.wp.com\/lasprimeras.com.do\/wp-content\/uploads\/2023\/07\/Evidencias-1.jpg?resize=350%2C200&ssl=1","width":350,"height":200,"srcset":"https:\/\/i0.wp.com\/lasprimeras.com.do\/wp-content\/uploads\/2023\/07\/Evidencias-1.jpg?resize=350%2C200&ssl=1 1x, https:\/\/i0.wp.com\/lasprimeras.com.do\/wp-content\/uploads\/2023\/07\/Evidencias-1.jpg?resize=525%2C300&ssl=1 1.5x, https:\/\/i0.wp.com\/lasprimeras.com.do\/wp-content\/uploads\/2023\/07\/Evidencias-1.jpg?resize=700%2C400&ssl=1 2x"},"classes":[]},{"id":75161,"url":"https:\/\/lasprimeras.com.do\/index.php\/2024\/01\/29\/un-muerto-y-varios-heridos-durante-un-teteo-en-spm\/","url_meta":{"origin":55759,"position":4},"title":"Un muerto y varios heridos durante un teteo en SPM","author":"Nelson Feliz","date":"29 de enero de 2024","format":false,"excerpt":"Un joven muri\u00f3 y otros resultaron heridos en un incidente ocurrido cuando se celebraba una fiesta al aire libre, en el Barrio Blanco de San Pedro de Macor\u00eds. El muerto es Roimy Rodr\u00edguez de Le\u00f3n, de 19 a\u00f1os, quien resid\u00eda en la calle T\u00e9telo Vargas del Barrio Restauraci\u00f3n. Entre de\u2026","rel":"","context":"En \u00abNACIONALES\u00bb","block_context":{"text":"NACIONALES","link":"https:\/\/lasprimeras.com.do\/index.php\/category\/nacionales\/"},"img":{"alt_text":"Roimy Rodr\u00edguez de Le\u00f3n","src":"https:\/\/i0.wp.com\/lasprimeras.com.do\/wp-content\/uploads\/2024\/01\/Roimy-Rodriguez-de-Leon-1.jpg?resize=350%2C200&ssl=1","width":350,"height":200},"classes":[]},{"id":49378,"url":"https:\/\/lasprimeras.com.do\/index.php\/2023\/05\/10\/cmd-convoca-paro-por-5-dias-desde-este-jueves-en-hospital-antonio-musa-de-spm\/","url_meta":{"origin":55759,"position":5},"title":"CMD convoca paro por 5 d\u00edas desde este jueves en hospital Antonio Musa de SPM","author":"prenxa100","date":"10 de mayo de 2023","format":false,"excerpt":"San Pedro de Macoris.-. La filial del Colegio M\u00e9dico Dominicano en San Pedro de Macor\u00eds, anunci\u00f3 un paro de labores desde este jueves en el hospital regional Dr. Antonio Musa debido a las precarias condiciones que presenta ese centro de salud. La doctora Elsa Herrera, presidenta de la filial del\u2026","rel":"","context":"En \u00abPORTADA\u00bb","block_context":{"text":"PORTADA","link":"https:\/\/lasprimeras.com.do\/index.php\/category\/portada\/"},"img":{"alt_text":"","src":"","width":0,"height":0},"classes":[]}],"jetpack_sharing_enabled":true,"_links":{"self":[{"href":"https:\/\/lasprimeras.com.do\/index.php\/wp-json\/wp\/v2\/posts\/55759","targetHints":{"allow":["GET"]}}],"collection":[{"href":"https:\/\/lasprimeras.com.do\/index.php\/wp-json\/wp\/v2\/posts"}],"about":[{"href":"https:\/\/lasprimeras.com.do\/index.php\/wp-json\/wp\/v2\/types\/post"}],"author":[{"embeddable":true,"href":"https:\/\/lasprimeras.com.do\/index.php\/wp-json\/wp\/v2\/users\/2"}],"replies":[{"embeddable":true,"href":"https:\/\/lasprimeras.com.do\/index.php\/wp-json\/wp\/v2\/comments?post=55759"}],"version-history":[{"count":1,"href":"https:\/\/lasprimeras.com.do\/index.php\/wp-json\/wp\/v2\/posts\/55759\/revisions"}],"predecessor-version":[{"id":55761,"href":"https:\/\/lasprimeras.com.do\/index.php\/wp-json\/wp\/v2\/posts\/55759\/revisions\/55761"}],"wp:featuredmedia":[{"embeddable":true,"href":"https:\/\/lasprimeras.com.do\/index.php\/wp-json\/wp\/v2\/media\/55760"}],"wp:attachment":[{"href":"https:\/\/lasprimeras.com.do\/index.php\/wp-json\/wp\/v2\/media?parent=55759"}],"wp:term":[{"taxonomy":"category","embeddable":true,"href":"https:\/\/lasprimeras.com.do\/index.php\/wp-json\/wp\/v2\/categories?post=55759"},{"taxonomy":"post_tag","embeddable":true,"href":"https:\/\/lasprimeras.com.do\/index.php\/wp-json\/wp\/v2\/tags?post=55759"}],"curies":[{"name":"wp","href":"https:\/\/api.w.org\/{rel}","templated":true}]}}