{"id":55762,"date":"2023-07-25T08:17:37","date_gmt":"2023-07-25T12:17:37","guid":{"rendered":"https:\/\/lasprimeras.com.do\/?p=55762"},"modified":"2023-07-25T08:17:38","modified_gmt":"2023-07-25T12:17:38","slug":"jce-reconfigura-57-juntas-y-12-ocles-por-renuncias-personal","status":"publish","type":"post","link":"https:\/\/lasprimeras.com.do\/index.php\/2023\/07\/25\/jce-reconfigura-57-juntas-y-12-ocles-por-renuncias-personal\/","title":{"rendered":"JCE reconfigura 57 juntas y 12 Ocles por renuncias personal"},"content":{"rendered":"\n<p>La Junta Central Electoral (JCE) mediante la resoluci\u00f3n 29\/2023 emitida el pasado viernes complet\u00f3 las vacantes y reconfigur\u00f3 los roles de los integrantes de 57 juntas electorales y de 12 Oficinas de Coordinaci\u00f3n de Log\u00edstica Electoral en el Exterior (Ocles) en las que se hab\u00edan producido m\u00e1s de 70 renuncias e inasistencia.<\/p>\n\n\n\n<p>La resoluci\u00f3n explica que las sustituciones fueron por las ausencias permanentes y cartas de renuncia de miembros de las juntas electorales de Arenoso, Bajos de Haina, Cabral, Cabrera, Casta\u00f1uelas, Cayetano Germos\u00e9n, Comendador, Consuelo, Constanza, Dajab\u00f3n, Distrito Nacional, El Pinal, El Valle, Fundaci\u00f3n, Galv\u00e1n, Guayabal, Guayub\u00edn, Hondo Valle, Jamao al Norte y J\u00e1nico.<\/p>\n\n\n\n<p>Tambi\u00e9n Jiman\u00ed, La Descubierta, La Vega, Las Matas de Santa Cruz, Las Yayas de Viajama, Licey al Medio, Los Cacaos, Los Hidalgos, Mella, Montecristi, Nagua, Neyba, Oviedo, Padre las Casas, Pedernales, Pepillo Salcedo, Piedra Blanca, Pimentel, Postrer R\u00edo, Quisqueya, Rancho Arriba, Salcedo, San Jos\u00e9 de los Llanos y San Jos\u00e9 de las Matas.<\/p>\n\n\n\n<p>Igualmente, San Pedro de Macor\u00eds, San Juan de la Maguana, Santo Domingo Norte, San V\u00edctor, Sos\u00faa, T\u00e1bara Arriba, Tenares, Vicente Noble, Villa Bison\u00f3, Villa Gonz\u00e1lez, Villa de los Alm\u00e1cigos, Villa la Marta, Villa Montellano, Villa Riva, Villa V\u00e1squez, Yamas\u00e1.<\/p>\n\n\n\n<p>En tanto, las renuncias e inasistencias ocurrieron en las Ocles de Barcelona, Espa\u00f1a; California, New Jersey, Philadelphia, Orlando y Washingnton, en Estados Unidos, as\u00ed como Milano, Italia; Montreal, Canad\u00e1, Curazao y Chile.<\/p>\n\n\n\n<p>En el caso de la junta electoral de Consuelo, en Barahona, se design\u00f3 un nuevo presidente que recay\u00f3 en Libertad Mateo. Lo propio ocurri\u00f3 en la junta electoral de Galv\u00e1n, tambi\u00e9n en Barahona, cuyo nuevo presidente es Rigoberto Escalante.<\/p>\n\n\n\n<p>Tambi\u00e9n en la Ocle de Toronto el pleno de la JCE tuvo que desigar un nuevo presidente que recay\u00f3 en Keiter Agust\u00ed Feliz Pe\u00f1a y en Venezuela, que fue designado Hugo Danilo Rivas Rosario. Las dem\u00e1s vacantes corresponden a vocales y primera y segunda suplencias.<\/p>\n\n\n\n<p>El \u00f3rgano electoral otorg\u00f3 un plazo de quince d\u00edas a los partidos pol\u00edticos y la ciudadan\u00eda en general para que emitan su opini\u00f3n su los nuevos miembros de las Ocles de Toronto y Caracas.<\/p>\n\n\n\n<p>La JCE hab\u00eda completado en 2022 la integraci\u00f3n de las 158 juntas electorales que hay en el pa\u00eds y el proceso de la conformaci\u00f3n de las Ocles ocurri\u00f3 m\u00e1s tarde. El presidente de la JCE, Rom\u00e1n J\u00e1quez, ha dicho que \u201cmadrug\u00f3\u201d en la escogencia de las juntas para garantizar el \u00e9xito de los comicios.<\/p>\n\n\n\n<p>La JCE establece que la formaci\u00f3n es obligatoria<\/p>\n\n\n\n<p>La JCE establece en la resoluci\u00f3n 29\/2023 que la formaci\u00f3n para el nuevo personal de las juntas electorales y las Ocles es obligatoria. La JCE a trav\u00e9s de la Escuela Nacional de Formaci\u00f3n Electoral dise\u00f1\u00f3 los talleres de formaci\u00f3n para los miembros de las juntas electorales y los colegios de votaci\u00f3n. El \u00f3rgano ya ha avanzado en ese proceso y en reclutar todo el personal que trabajar\u00e1 en el montaje de las elecciones de 2024.<\/p>\n","protected":false},"excerpt":{"rendered":"<p>La Junta Central Electoral (JCE) mediante la resoluci\u00f3n 29\/2023 emitida el pasado viernes complet\u00f3 las vacantes y reconfigur\u00f3 los roles de los integrantes de 57 juntas electorales y de 12&hellip;<\/p>\n","protected":false},"author":2,"featured_media":55763,"comment_status":"open","ping_status":"open","sticky":false,"template":"","format":"standard","meta":{"content-type":"","jetpack_post_was_ever_published":false,"_jetpack_newsletter_access":"","_jetpack_dont_email_post_to_subs":false,"_jetpack_newsletter_tier_id":0,"_jetpack_memberships_contains_paywalled_content":false,"_jetpack_memberships_contains_paid_content":false,"footnotes":""},"categories":[35,25],"tags":[5268,5271,5270,3401,5269,5272],"class_list":["post-55762","post","type-post","status-publish","format-standard","has-post-thumbnail","hentry","category-nacionales","category-portada","tag-junta-central-electoral","tag-juntas","tag-ocles","tag-personal","tag-reconfigura","tag-renuncias"],"jetpack_featured_media_url":"https:\/\/lasprimeras.com.do\/wp-content\/uploads\/2023\/07\/jce-2.jpg","jetpack-related-posts":[{"id":122362,"url":"https:\/\/lasprimeras.com.do\/index.php\/2026\/02\/16\/jce-emite-reglamento-para-regular-afiliaciones-y-desafiliaciones-en-organizaciones-politicas\/","url_meta":{"origin":55762,"position":0},"title":"JCE emite reglamento para regular afiliaciones y desafiliaciones en organizaciones pol\u00edticas","author":"Nelson Feliz","date":"16 de febrero de 2026","format":false,"excerpt":"La Junta Central Electoral, una vez reciba los registros de afiliados, realizar\u00e1 los cruces pertinentes, para determinar que los mismos cumplen con lo establecido en este art\u00edculo y comunicarlo a las respectivas organizaciones. La Junta Central Electoral (JCE) emiti\u00f3 un reglamento mediante el cual buscan regular las afiliaciones y desafiliaciones\u2026","rel":"","context":"En \u00abNACIONALES\u00bb","block_context":{"text":"NACIONALES","link":"https:\/\/lasprimeras.com.do\/index.php\/category\/nacionales\/"},"img":{"alt_text":"","src":"https:\/\/i0.wp.com\/lasprimeras.com.do\/wp-content\/uploads\/2025\/10\/JCE-1.jpg?resize=350%2C200&ssl=1","width":350,"height":200,"srcset":"https:\/\/i0.wp.com\/lasprimeras.com.do\/wp-content\/uploads\/2025\/10\/JCE-1.jpg?resize=350%2C200&ssl=1 1x, https:\/\/i0.wp.com\/lasprimeras.com.do\/wp-content\/uploads\/2025\/10\/JCE-1.jpg?resize=525%2C300&ssl=1 1.5x, https:\/\/i0.wp.com\/lasprimeras.com.do\/wp-content\/uploads\/2025\/10\/JCE-1.jpg?resize=700%2C400&ssl=1 2x"},"classes":[]},{"id":59115,"url":"https:\/\/lasprimeras.com.do\/index.php\/2023\/08\/30\/danilo-diaz-resolucion-de-la-jce-favorece-campana-reeleccionista\/","url_meta":{"origin":55762,"position":1},"title":"Danilo D\u00edaz: Resoluci\u00f3n de la JCE favorece campa\u00f1a reeleccionista","author":"Nelson Feliz","date":"30 de agosto de 2023","format":false,"excerpt":"Es lamentable que la JCE haya preferido la confrontaci\u00f3n antes que el di\u00e1logo con los partidos pol\u00edticos, como establece la Ley. El delegado pol\u00edtico suplente del Partido de la Liberaci\u00f3n Dominicana (PLD) ante la Junta Central Electoral, Danilo D\u00edaz, dijo que la ratificaci\u00f3n de ese organismo prohibiendo los m\u00edtines, marchas\u2026","rel":"","context":"En \u00abSin categor\u00eda\u00bb","block_context":{"text":"Sin categor\u00eda","link":"https:\/\/lasprimeras.com.do\/index.php\/category\/sin-categoria\/"},"img":{"alt_text":"","src":"https:\/\/i0.wp.com\/lasprimeras.com.do\/wp-content\/uploads\/2023\/08\/Danilo-Diaz.jpg?resize=350%2C200&ssl=1","width":350,"height":200},"classes":[]},{"id":65302,"url":"https:\/\/lasprimeras.com.do\/index.php\/2023\/10\/27\/jce-implementara-piloto-voto-en-casa-para-discapacitados\/","url_meta":{"origin":55762,"position":2},"title":"JCE implementar\u00e1 piloto voto en casa para discapacitados","author":"BIMARY DE JES\u00daS Matos","date":"27 de octubre de 2023","format":false,"excerpt":"Santo Domingo.-La Junta Central Electoral (JCE) aprob\u00f3 la resoluci\u00f3n 73-2023 que establece el alcance y las condiciones para la implementaci\u00f3n del programa de \u201cVoto Accesible\u201d en las Elecciones Generales Ordinarias del a\u00f1o 2024. Este programa est\u00e1 destinado a facilitar y asegurar el ejercicio del sufragio activo de las personas con\u2026","rel":"","context":"En \u00abSin categor\u00eda\u00bb","block_context":{"text":"Sin categor\u00eda","link":"https:\/\/lasprimeras.com.do\/index.php\/category\/sin-categoria\/"},"img":{"alt_text":"","src":"https:\/\/i0.wp.com\/lasprimeras.com.do\/wp-content\/uploads\/2023\/10\/WhatsApp-Image-2023-10-23-at-5.18.59-AM.jpeg?resize=350%2C200&ssl=1","width":350,"height":200,"srcset":"https:\/\/i0.wp.com\/lasprimeras.com.do\/wp-content\/uploads\/2023\/10\/WhatsApp-Image-2023-10-23-at-5.18.59-AM.jpeg?resize=350%2C200&ssl=1 1x, https:\/\/i0.wp.com\/lasprimeras.com.do\/wp-content\/uploads\/2023\/10\/WhatsApp-Image-2023-10-23-at-5.18.59-AM.jpeg?resize=525%2C300&ssl=1 1.5x, https:\/\/i0.wp.com\/lasprimeras.com.do\/wp-content\/uploads\/2023\/10\/WhatsApp-Image-2023-10-23-at-5.18.59-AM.jpeg?resize=700%2C400&ssl=1 2x"},"classes":[]},{"id":66675,"url":"https:\/\/lasprimeras.com.do\/index.php\/2023\/11\/08\/jce-rechaza-la-candidatura-presidencial-de-ramfis-trujillo\/","url_meta":{"origin":55762,"position":3},"title":"JCE rechaza la candidatura presidencial de Ramfis Trujillo","author":"Nelson Feliz","date":"8 de noviembre de 2023","format":false,"excerpt":"El pleno de la Junta Central Electoral (JCE) rechaz\u00f3 la candidatura presidencial de Ramfis Trujillo, quien buscaba postularse por el Partido Esperanza Democr\u00e1tica (PED). En las motivaciones para negarle la candidatura presidencial al nieto del dictador Rafael Leonidas Trujillo, el pleno de la JCE explic\u00f3 que el candidato no cumple\u2026","rel":"","context":"En \u00abPORTADA\u00bb","block_context":{"text":"PORTADA","link":"https:\/\/lasprimeras.com.do\/index.php\/category\/portada\/"},"img":{"alt_text":"Ramfis Dom\u00ednguez Trujillo","src":"https:\/\/i0.wp.com\/lasprimeras.com.do\/wp-content\/uploads\/2023\/08\/ranfis.jpeg?resize=350%2C200&ssl=1","width":350,"height":200,"srcset":"https:\/\/i0.wp.com\/lasprimeras.com.do\/wp-content\/uploads\/2023\/08\/ranfis.jpeg?resize=350%2C200&ssl=1 1x, https:\/\/i0.wp.com\/lasprimeras.com.do\/wp-content\/uploads\/2023\/08\/ranfis.jpeg?resize=525%2C300&ssl=1 1.5x, https:\/\/i0.wp.com\/lasprimeras.com.do\/wp-content\/uploads\/2023\/08\/ranfis.jpeg?resize=700%2C400&ssl=1 2x"},"classes":[]},{"id":50776,"url":"https:\/\/lasprimeras.com.do\/index.php\/2023\/05\/23\/danilo-diaz-es-correcta-rectificacion-de-la-jce\/","url_meta":{"origin":55762,"position":4},"title":"Danilo D\u00edaz: Es correcta rectificaci\u00f3n de la JCE","author":"prenxa100","date":"23 de mayo de 2023","format":false,"excerpt":"El PLD considera positiva y v\u00e1lida la resoluci\u00f3n de 14-2023 de la Junta Central Electoral, que rectifica la resoluci\u00f3n anterior. SANTO DOMINGO.-. El miembro de su Comit\u00e9 Pol\u00edtico del Partido de la Liberaci\u00f3n Dominicana (PLD) Danilo D\u00edaz, consider\u00f3 positiva y v\u00e1lida la resoluci\u00f3n 14-2023 de la Junta Central Electoral, en\u2026","rel":"","context":"En \u00abPORTADA\u00bb","block_context":{"text":"PORTADA","link":"https:\/\/lasprimeras.com.do\/index.php\/category\/portada\/"},"img":{"alt_text":"","src":"","width":0,"height":0},"classes":[]},{"id":101901,"url":"https:\/\/lasprimeras.com.do\/index.php\/2025\/06\/29\/jce-este-martes-entra-en-vigor-formato-unico-para-actas-del-estado-civil-y-el-reajuste-de-las-tasas\/","url_meta":{"origin":55762,"position":5},"title":"JCE: \u201cEste martes entra en vigor formato \u00fanico para actas del estado civil y el reajuste de las tasas\u201d","author":"Nelson Feliz","date":"29 de junio de 2025","format":false,"excerpt":"La Junta Central Electoral (JCE) recuerda que este martes 1 de julio de 2025 entra en vigor la Resoluci\u00f3n No. 09-2025 (modificada por la Resoluci\u00f3n No. 14-2025), que establece un \u00fanico formato para las actas de estado civil y el reajuste de las tasas para distintos servicios que ofrece la\u2026","rel":"","context":"En \u00abNACIONALES\u00bb","block_context":{"text":"NACIONALES","link":"https:\/\/lasprimeras.com.do\/index.php\/category\/nacionales\/"},"img":{"alt_text":"","src":"https:\/\/i0.wp.com\/lasprimeras.com.do\/wp-content\/uploads\/2025\/06\/jce-2.jpg?resize=350%2C200&ssl=1","width":350,"height":200,"srcset":"https:\/\/i0.wp.com\/lasprimeras.com.do\/wp-content\/uploads\/2025\/06\/jce-2.jpg?resize=350%2C200&ssl=1 1x, https:\/\/i0.wp.com\/lasprimeras.com.do\/wp-content\/uploads\/2025\/06\/jce-2.jpg?resize=525%2C300&ssl=1 1.5x, https:\/\/i0.wp.com\/lasprimeras.com.do\/wp-content\/uploads\/2025\/06\/jce-2.jpg?resize=700%2C400&ssl=1 2x"},"classes":[]}],"jetpack_sharing_enabled":true,"_links":{"self":[{"href":"https:\/\/lasprimeras.com.do\/index.php\/wp-json\/wp\/v2\/posts\/55762","targetHints":{"allow":["GET"]}}],"collection":[{"href":"https:\/\/lasprimeras.com.do\/index.php\/wp-json\/wp\/v2\/posts"}],"about":[{"href":"https:\/\/lasprimeras.com.do\/index.php\/wp-json\/wp\/v2\/types\/post"}],"author":[{"embeddable":true,"href":"https:\/\/lasprimeras.com.do\/index.php\/wp-json\/wp\/v2\/users\/2"}],"replies":[{"embeddable":true,"href":"https:\/\/lasprimeras.com.do\/index.php\/wp-json\/wp\/v2\/comments?post=55762"}],"version-history":[{"count":1,"href":"https:\/\/lasprimeras.com.do\/index.php\/wp-json\/wp\/v2\/posts\/55762\/revisions"}],"predecessor-version":[{"id":55764,"href":"https:\/\/lasprimeras.com.do\/index.php\/wp-json\/wp\/v2\/posts\/55762\/revisions\/55764"}],"wp:featuredmedia":[{"embeddable":true,"href":"https:\/\/lasprimeras.com.do\/index.php\/wp-json\/wp\/v2\/media\/55763"}],"wp:attachment":[{"href":"https:\/\/lasprimeras.com.do\/index.php\/wp-json\/wp\/v2\/media?parent=55762"}],"wp:term":[{"taxonomy":"category","embeddable":true,"href":"https:\/\/lasprimeras.com.do\/index.php\/wp-json\/wp\/v2\/categories?post=55762"},{"taxonomy":"post_tag","embeddable":true,"href":"https:\/\/lasprimeras.com.do\/index.php\/wp-json\/wp\/v2\/tags?post=55762"}],"curies":[{"name":"wp","href":"https:\/\/api.w.org\/{rel}","templated":true}]}}