{"id":55785,"date":"2023-07-25T10:41:35","date_gmt":"2023-07-25T14:41:35","guid":{"rendered":"https:\/\/lasprimeras.com.do\/?p=55785"},"modified":"2023-07-25T10:41:37","modified_gmt":"2023-07-25T14:41:37","slug":"tres-hombres-muertos-en-el-tercer-asesinato-multiple-de-2023-en-puerto-rico","status":"publish","type":"post","link":"https:\/\/lasprimeras.com.do\/index.php\/2023\/07\/25\/tres-hombres-muertos-en-el-tercer-asesinato-multiple-de-2023-en-puerto-rico\/","title":{"rendered":"Tres hombres muertos en el tercer asesinato m\u00faltiple de 2023 en Puerto Rico"},"content":{"rendered":"\n<p>Tres hombres fueron asesinados la madrugada de este martes a balazos en el barrio Campeche del municipio de Carolina, en el norte de Puerto Rico, en el tercer asesinato m\u00faltiple ocurrido en la isla este 2023.<\/p>\n\n\n\n<p>A las 6.20 hora local (10.20 GMT) la Polic\u00eda fue alertada sobre un incidente con tres muertos en el lugar mencionado anteriormente, seg\u00fan un comunicado difundido por las autoridades puertorrique\u00f1as.<\/p>\n\n\n\n<p>Al llegar los agentes a la escena encontraron en el pavimento, los cuerpos baleados de tres hombres, los cuales hasta el momento no han sido identificados.<\/p>\n\n\n\n<p>Agentes, del Negociado de la Polic\u00eda de Puerto Rico, adscritos a la Divisi\u00f3n de Homicidios del \u00e1rea de Carolina, en uni\u00f3n al fiscal de turno se encuentran en el lugar para esclarecer las causas de lo ocurrido.<\/p>\n\n\n\n<p>Asimismo, los agentes informaron de que dos mujeres fueron asesinadas la madrugada de este martes en el interior de un veh\u00edculo en el municipio de Pi\u00f1ones, en el norte de la isla.<\/p>\n\n\n\n<p>El primer asesinato m\u00faltiple del a\u00f1o en la isla se produjo el 21 de febrero cuando dos hombres de 24 a\u00f1os y un menor de 4 a\u00f1os fueron asesinados y otros dos menores fueron heridos de bala por disparos hechos por sicarios en Cata\u00f1o, municipio aleda\u00f1o a San Juan, la capital puertorrique\u00f1a.<\/p>\n\n\n\n<p>El segundo crimen m\u00faltiple de 2023 en Puerto Rico ocurri\u00f3 cuando tres personas murieron y dos resultaron heridas en un tiroteo registrado el 10 de abril cerca de un negocio en Guayama, en el sur de Puerto Rico.<\/p>\n\n\n\n<p>Una gran parte de las muertes violentas que se registran en la isla est\u00e1n vinculadas a ajustes de cuentas relacionados con el narcotr\u00e1fico.<\/p>\n\n\n\n<p>Agencia EFE<\/p>\n","protected":false},"excerpt":{"rendered":"<p>Tres hombres fueron asesinados la madrugada de este martes a balazos en el barrio Campeche del municipio de Carolina, en el norte de Puerto Rico, en el tercer asesinato m\u00faltiple&hellip;<\/p>\n","protected":false},"author":2,"featured_media":55786,"comment_status":"open","ping_status":"open","sticky":false,"template":"","format":"standard","meta":{"content-type":"","jetpack_post_was_ever_published":false,"_jetpack_newsletter_access":"","_jetpack_dont_email_post_to_subs":false,"_jetpack_newsletter_tier_id":0,"_jetpack_memberships_contains_paywalled_content":false,"_jetpack_memberships_contains_paid_content":false,"footnotes":""},"categories":[1],"tags":[771,715,686,1078],"class_list":["post-55785","post","type-post","status-publish","format-standard","has-post-thumbnail","hentry","category-sin-categoria","tag-asesinato","tag-hombres","tag-muertos","tag-puerto-rico"],"jetpack_featured_media_url":"https:\/\/lasprimeras.com.do\/wp-content\/uploads\/2023\/07\/bala.jpg","jetpack-related-posts":[{"id":53140,"url":"https:\/\/lasprimeras.com.do\/index.php\/2023\/06\/23\/manzanillo-apresan-tres-personas-raptaron-hombre-para-llevarlos-a-puerto-rico\/","url_meta":{"origin":55785,"position":0},"title":"Manzanillo: Apresan tres personas raptaron hombre para llevarlos a Puerto Rico","author":"Nelson Feliz","date":"23 de junio de 2023","format":false,"excerpt":"Tres personas fueron detenidas en el municipio de Pepillo Salcedo (Manzanillo), a quien previamente obligaron subirse a un veh\u00edculo con el supuesto fin de cobrarle doscientos mil pesos que alegadamente le hab\u00edan pagado para llevarlos a la isla de Puerto Rico. Los detenidos son Nicol\u00e1s S\u00e1nchez Almonte, de 26 a\u00f1os;\u2026","rel":"","context":"En \u00abMILITARES\u00bb","block_context":{"text":"MILITARES","link":"https:\/\/lasprimeras.com.do\/index.php\/category\/militares\/"},"img":{"alt_text":"","src":"https:\/\/i0.wp.com\/lasprimeras.com.do\/wp-content\/uploads\/2023\/06\/presos.jpg?resize=350%2C200&ssl=1","width":350,"height":200,"srcset":"https:\/\/i0.wp.com\/lasprimeras.com.do\/wp-content\/uploads\/2023\/06\/presos.jpg?resize=350%2C200&ssl=1 1x, https:\/\/i0.wp.com\/lasprimeras.com.do\/wp-content\/uploads\/2023\/06\/presos.jpg?resize=525%2C300&ssl=1 1.5x, https:\/\/i0.wp.com\/lasprimeras.com.do\/wp-content\/uploads\/2023\/06\/presos.jpg?resize=700%2C400&ssl=1 2x"},"classes":[]},{"id":67452,"url":"https:\/\/lasprimeras.com.do\/index.php\/2023\/11\/15\/condenan-a-tres-hombres-por-triple-asesinato-en-barberia-de-sfm\/","url_meta":{"origin":55785,"position":1},"title":"Condenan a tres hombres por triple asesinato en barber\u00eda de SFM","author":"Nelson Feliz","date":"15 de noviembre de 2023","format":false,"excerpt":"El Segundo Tribunal Colegiado de la provincia Duarte conden\u00f3 a dos hombres, cada uno a 30 a\u00f1os de prisi\u00f3n, por el asesinato de tres personas, entre ellas un ni\u00f1o, en un hecho ocurrido en 2021 en una barber\u00eda en San Francisco de Macor\u00eds, inform\u00f3 el Ministerio P\u00fablico. Los condenados son\u2026","rel":"","context":"En \u00abJUSTICIA\u00bb","block_context":{"text":"JUSTICIA","link":"https:\/\/lasprimeras.com.do\/index.php\/category\/justicia\/"},"img":{"alt_text":"","src":"https:\/\/i0.wp.com\/lasprimeras.com.do\/wp-content\/uploads\/2023\/11\/preso.jpg?resize=350%2C200&ssl=1","width":350,"height":200},"classes":[]},{"id":79846,"url":"https:\/\/lasprimeras.com.do\/index.php\/2024\/03\/31\/turba-mata-a-dos-sospechosos-de-comprar-armas-para-pandillas-en-haiti-afirma-la-policia\/","url_meta":{"origin":55785,"position":2},"title":"Turba mata a dos sospechosos de comprar armas para pandillas en Hait\u00ed, afirma la polic\u00eda","author":"Nelson Feliz","date":"31 de marzo de 2024","format":false,"excerpt":"Estos asesinatos subrayan cu\u00e1n superada est\u00e1 la polic\u00eda en Hait\u00ed y la ira de los haitianos tras varios meses de asesinatos. Puerto Pr\u00edncipe,AP - Dos hombres fueron asesinados a machetazos en Hait\u00ed por una turba que crey\u00f3 que iban a comprar municiones o armas para las pandillas que han aterrorizado\u2026","rel":"","context":"En \u00abSin categor\u00eda\u00bb","block_context":{"text":"Sin categor\u00eda","link":"https:\/\/lasprimeras.com.do\/index.php\/category\/sin-categoria\/"},"img":{"alt_text":"Guardias Haiti","src":"https:\/\/i0.wp.com\/lasprimeras.com.do\/wp-content\/uploads\/2024\/03\/Guardias-Haiti.jpg?resize=350%2C200&ssl=1","width":350,"height":200,"srcset":"https:\/\/i0.wp.com\/lasprimeras.com.do\/wp-content\/uploads\/2024\/03\/Guardias-Haiti.jpg?resize=350%2C200&ssl=1 1x, https:\/\/i0.wp.com\/lasprimeras.com.do\/wp-content\/uploads\/2024\/03\/Guardias-Haiti.jpg?resize=525%2C300&ssl=1 1.5x, https:\/\/i0.wp.com\/lasprimeras.com.do\/wp-content\/uploads\/2024\/03\/Guardias-Haiti.jpg?resize=700%2C400&ssl=1 2x"},"classes":[]},{"id":49397,"url":"https:\/\/lasprimeras.com.do\/index.php\/2023\/05\/10\/apresan-dominicanos-llegaron-como-polizones-a-puerto-rico\/","url_meta":{"origin":55785,"position":3},"title":"Apresan dominicanos llegaron como polizones a Puerto Rico","author":"prenxa100","date":"10 de mayo de 2023","format":false,"excerpt":"SAN JUAN, Puerto Rico.- Tres dominicanos que viajaron como polizones en una barcaza fueron detenidos por oficiales de Aduanas y Protecci\u00f3n Fronteriza en el sur de Puerto Rico. Seg\u00fan inform\u00f3 en un comunicado el CBP, sus oficiales fueron alertados en el puerto de Ponce (sur) por oficiales de la Polic\u00eda\u2026","rel":"","context":"En \u00abSin categor\u00eda\u00bb","block_context":{"text":"Sin categor\u00eda","link":"https:\/\/lasprimeras.com.do\/index.php\/category\/sin-categoria\/"},"img":{"alt_text":"","src":"","width":0,"height":0},"classes":[]},{"id":59807,"url":"https:\/\/lasprimeras.com.do\/index.php\/2023\/09\/07\/incautan-328-kilos-de-cocaina-y-arrestan-3-dominicanos-en-p-rico\/","url_meta":{"origin":55785,"position":4},"title":"Incautan 328 kilos de coca\u00edna y arrestan 3 dominicanos en P.Rico","author":"Nelson Feliz","date":"7 de septiembre de 2023","format":false,"excerpt":"Agentes de Aduanas y Protecci\u00f3n Fronteriza de Estados Unidos interceptaron este jueves una embarcaci\u00f3n con tres hombres de Rep\u00fablica Dominicana que transportaban 723 libras (328 kilos) de coca\u00edna en la costa de Lo\u00edza, en el norte de Puerto Rico. El valor estimado de los narc\u00f3ticos, el cuarto alijo incautado en\u2026","rel":"","context":"En \u00abSin categor\u00eda\u00bb","block_context":{"text":"Sin categor\u00eda","link":"https:\/\/lasprimeras.com.do\/index.php\/category\/sin-categoria\/"},"img":{"alt_text":"coca","src":"https:\/\/i0.wp.com\/lasprimeras.com.do\/wp-content\/uploads\/2023\/09\/coca.jpeg?resize=350%2C200&ssl=1","width":350,"height":200,"srcset":"https:\/\/i0.wp.com\/lasprimeras.com.do\/wp-content\/uploads\/2023\/09\/coca.jpeg?resize=350%2C200&ssl=1 1x, https:\/\/i0.wp.com\/lasprimeras.com.do\/wp-content\/uploads\/2023\/09\/coca.jpeg?resize=525%2C300&ssl=1 1.5x"},"classes":[]},{"id":75601,"url":"https:\/\/lasprimeras.com.do\/index.php\/2024\/02\/02\/condenan-a-40-anos-a-hombre-mato-a-su-expareja-y-disparo-contra-sus-dos-hijos\/","url_meta":{"origin":55785,"position":5},"title":"Condenan a 40 a\u00f1os a hombre mat\u00f3 a su expareja y dispar\u00f3 contra sus dos hijos","author":"Nelson Feliz","date":"2 de febrero de 2024","format":false,"excerpt":"Por Roberto P\u00e9rez El Tercer Tribunal Colegiado de Santiago, acogi\u00f3 a unanimidad la solicitud del Ministerio P\u00fablico y conden\u00f3 a 40 a\u00f1os de c\u00e1rcel a un hombre que asesin\u00f3 de su expareja, al asestarle un disparo en la frente en momentos en los que penetr\u00f3 a la residencia de la\u2026","rel":"","context":"En \u00abJUSTICIA\u00bb","block_context":{"text":"JUSTICIA","link":"https:\/\/lasprimeras.com.do\/index.php\/category\/justicia\/"},"img":{"alt_text":"condenado","src":"https:\/\/i0.wp.com\/lasprimeras.com.do\/wp-content\/uploads\/2024\/02\/condenado.jpg?resize=350%2C200&ssl=1","width":350,"height":200,"srcset":"https:\/\/i0.wp.com\/lasprimeras.com.do\/wp-content\/uploads\/2024\/02\/condenado.jpg?resize=350%2C200&ssl=1 1x, https:\/\/i0.wp.com\/lasprimeras.com.do\/wp-content\/uploads\/2024\/02\/condenado.jpg?resize=525%2C300&ssl=1 1.5x"},"classes":[]}],"jetpack_sharing_enabled":true,"_links":{"self":[{"href":"https:\/\/lasprimeras.com.do\/index.php\/wp-json\/wp\/v2\/posts\/55785","targetHints":{"allow":["GET"]}}],"collection":[{"href":"https:\/\/lasprimeras.com.do\/index.php\/wp-json\/wp\/v2\/posts"}],"about":[{"href":"https:\/\/lasprimeras.com.do\/index.php\/wp-json\/wp\/v2\/types\/post"}],"author":[{"embeddable":true,"href":"https:\/\/lasprimeras.com.do\/index.php\/wp-json\/wp\/v2\/users\/2"}],"replies":[{"embeddable":true,"href":"https:\/\/lasprimeras.com.do\/index.php\/wp-json\/wp\/v2\/comments?post=55785"}],"version-history":[{"count":1,"href":"https:\/\/lasprimeras.com.do\/index.php\/wp-json\/wp\/v2\/posts\/55785\/revisions"}],"predecessor-version":[{"id":55787,"href":"https:\/\/lasprimeras.com.do\/index.php\/wp-json\/wp\/v2\/posts\/55785\/revisions\/55787"}],"wp:featuredmedia":[{"embeddable":true,"href":"https:\/\/lasprimeras.com.do\/index.php\/wp-json\/wp\/v2\/media\/55786"}],"wp:attachment":[{"href":"https:\/\/lasprimeras.com.do\/index.php\/wp-json\/wp\/v2\/media?parent=55785"}],"wp:term":[{"taxonomy":"category","embeddable":true,"href":"https:\/\/lasprimeras.com.do\/index.php\/wp-json\/wp\/v2\/categories?post=55785"},{"taxonomy":"post_tag","embeddable":true,"href":"https:\/\/lasprimeras.com.do\/index.php\/wp-json\/wp\/v2\/tags?post=55785"}],"curies":[{"name":"wp","href":"https:\/\/api.w.org\/{rel}","templated":true}]}}