{"id":55791,"date":"2023-07-25T10:52:02","date_gmt":"2023-07-25T14:52:02","guid":{"rendered":"https:\/\/lasprimeras.com.do\/?p=55791"},"modified":"2023-07-25T10:52:03","modified_gmt":"2023-07-25T14:52:03","slug":"el-presidente-lasso-decreta-el-estado-de-excepcion-en-las-carceles-de-ecuador","status":"publish","type":"post","link":"https:\/\/lasprimeras.com.do\/index.php\/2023\/07\/25\/el-presidente-lasso-decreta-el-estado-de-excepcion-en-las-carceles-de-ecuador\/","title":{"rendered":"El presidente Lasso decreta el estado de excepci\u00f3n en las c\u00e1rceles de Ecuador"},"content":{"rendered":"\n<p>El presidente de Ecuador, Guillermo Lasso, decret\u00f3 el estado de excepci\u00f3n &#8220;por grave conmoci\u00f3n interna&#8221; en todos los centros de privaci\u00f3n de la libertad que integran el Sistema de Rehabilitaci\u00f3n Social a nivel nacional, por sesenta d\u00edas.<\/p>\n\n\n\n<p>La Secretar\u00eda General de Comunicaci\u00f3n de la Presidencia difundi\u00f3 este martes el decreto, suscrito por el jefe de Estado con fecha del lunes, en momentos en que enfrentamientos entre reos han dejado 6 fallecidos y 11 heridos en la penitenciar\u00eda de la provincia del Guayas.<\/p>\n\n\n\n<p>Adem\u00e1s, en momentos en que 96 agentes penitenciarios permanecen retenidos por reclusos en cinco c\u00e1rceles, y que presos de 13 centros de reclusi\u00f3n mantienen una huelga de hambre.<\/p>\n\n\n\n<p>La declaratoria de estado de excepci\u00f3n busca preservar los derechos de las personas privadas de la libertad (PPL), como grupo de atenci\u00f3n prioritaria, as\u00ed como de los agentes penitenciarios y de la Polic\u00eda.<\/p>\n\n\n\n<p>Su finalidad tambi\u00e9n es controlar las circunstancias actuales y restablecer la convivencia pac\u00edfica, el orden y el normal funcionamiento de los centros de privaci\u00f3n de libertad.<\/p>\n\n\n\n<p>Con el decreto se dispone la intervenci\u00f3n de las Fuerzas Armadas en el interior de las c\u00e1rceles, una actuaci\u00f3n excepcional temporal, subsidiaria y exclusiva ante graves alteraciones del orden.<\/p>\n\n\n\n<p>El ingreso de las Fuerzas Armadas a las c\u00e1rceles se realizar\u00e1 hasta retomar su control y garantizar que no existe amenaza o afectaci\u00f3n grave a la vida e integridad f\u00edsica o sexual de los reos, visitantes, servidores penitenciarios, entre otros.<\/p>\n\n\n\n<p>El decreto tambi\u00e9n se\u00f1ala la suspensi\u00f3n del derechos a la inviolabilidad de la correspondencia y de la libertad de reuni\u00f3n entre PPL.<\/p>\n\n\n\n<p>La ma\u00f1ana de este martes polic\u00edas y militares se preparaban para participar en un operativo en la penitenciar\u00eda de la provincia del Guayas, donde se registraron enfrentamientos entre reos desde el pasado s\u00e1bado.<\/p>\n\n\n\n<p>El decreto relativo a las c\u00e1rceles se emiti\u00f3 mientras se ha acordado tambi\u00e9n declarar, por 60 d\u00edas, el estado de excepci\u00f3n y un toque de queda nocturno en las provincias de Manab\u00ed y de Los R\u00edos y en el municipio de Dur\u00e1n, un d\u00eda despu\u00e9s de que el alcalde de Manta, Agust\u00edn Intriago, fue asesinado.<\/p>\n\n\n\n<p>Agencia EFE<\/p>\n","protected":false},"excerpt":{"rendered":"<p>El presidente de Ecuador, Guillermo Lasso, decret\u00f3 el estado de excepci\u00f3n &#8220;por grave conmoci\u00f3n interna&#8221; en todos los centros de privaci\u00f3n de la libertad que integran el Sistema de Rehabilitaci\u00f3n&hellip;<\/p>\n","protected":false},"author":2,"featured_media":55792,"comment_status":"open","ping_status":"open","sticky":false,"template":"","format":"standard","meta":{"content-type":"","jetpack_post_was_ever_published":false,"_jetpack_newsletter_access":"","_jetpack_dont_email_post_to_subs":false,"_jetpack_newsletter_tier_id":0,"_jetpack_memberships_contains_paywalled_content":false,"_jetpack_memberships_contains_paid_content":false,"footnotes":""},"categories":[1],"tags":[5289,5287,975,5288,1744],"class_list":["post-55791","post","type-post","status-publish","format-standard","has-post-thumbnail","hentry","category-sin-categoria","tag-carceles","tag-decreta","tag-ecuador","tag-estado-de-excepcion","tag-guillermo-lasso"],"jetpack_featured_media_url":"https:\/\/lasprimeras.com.do\/wp-content\/uploads\/2023\/07\/Guillermo-Lasso.jpg","jetpack-related-posts":[{"id":50134,"url":"https:\/\/lasprimeras.com.do\/index.php\/2023\/05\/17\/presidente-de-ecuador-aplica-muerte-cruzada-y-disuelve-parlamento\/","url_meta":{"origin":55791,"position":0},"title":"Presidente de ecuador aplica \u201cmuerte cruzada\u201d y disuelve el Parlamento","author":"prenxa100","date":"17 de mayo de 2023","format":false,"excerpt":"Quito (EFE).-\u00a0El presidente de Ecuador, Guillermo Lasso, decret\u00f3 en medio del juicio pol\u00edtico en su contra la denominada \u201cmuerte cruzada\u201d, que disuelve la Asamblea Nacional (Parlamento), de mayor\u00eda opositora, y convoca elecciones generales anticipadas, de modo que gobernar\u00e1 mediante decretos hasta que asuma su sucesor. En un mensaje a la\u2026","rel":"","context":"En \u00abSin categor\u00eda\u00bb","block_context":{"text":"Sin categor\u00eda","link":"https:\/\/lasprimeras.com.do\/index.php\/category\/sin-categoria\/"},"img":{"alt_text":"","src":"","width":0,"height":0},"classes":[]},{"id":59163,"url":"https:\/\/lasprimeras.com.do\/index.php\/2023\/08\/31\/dos-coches-bomba-explotan-en-ecuador-quito-sin-victimas\/","url_meta":{"origin":55791,"position":1},"title":"Dos coches bomba explotan en Ecuador, Quito sin v\u00edctimas","author":"Nelson Feliz","date":"31 de agosto de 2023","format":false,"excerpt":"QUITO.- Dos veh\u00edculos cargados con material explosivo han estallado en cuesti\u00f3n de horas en la capital de Ecuador, Quito, sin causar v\u00edctimas, lo que ha desatado una investigaci\u00f3n que ya ha derivado en la detenci\u00f3n de al menos seis personas. El primero de los coches se incendi\u00f3 el mi\u00e9rcoles por\u2026","rel":"","context":"En \u00abSin categor\u00eda\u00bb","block_context":{"text":"Sin categor\u00eda","link":"https:\/\/lasprimeras.com.do\/index.php\/category\/sin-categoria\/"},"img":{"alt_text":"coches bomba","src":"https:\/\/i0.wp.com\/lasprimeras.com.do\/wp-content\/uploads\/2023\/08\/Coches-bomba.jpeg?resize=350%2C200&ssl=1","width":350,"height":200,"srcset":"https:\/\/i0.wp.com\/lasprimeras.com.do\/wp-content\/uploads\/2023\/08\/Coches-bomba.jpeg?resize=350%2C200&ssl=1 1x, https:\/\/i0.wp.com\/lasprimeras.com.do\/wp-content\/uploads\/2023\/08\/Coches-bomba.jpeg?resize=525%2C300&ssl=1 1.5x, https:\/\/i0.wp.com\/lasprimeras.com.do\/wp-content\/uploads\/2023\/08\/Coches-bomba.jpeg?resize=700%2C400&ssl=1 2x"},"classes":[]},{"id":88536,"url":"https:\/\/lasprimeras.com.do\/index.php\/2024\/08\/30\/noboa-extiende-por-30-dias-mas-el-estado-de-excepcion-en-seis-provincias-de-ecuador\/","url_meta":{"origin":55791,"position":2},"title":"Noboa extiende por 30 d\u00edas m\u00e1s el estado de excepci\u00f3n en seis provincias de Ecuador","author":"Nelson Feliz","date":"30 de agosto de 2024","format":false,"excerpt":"Quito, (EFE).- El presidente de Ecuador, Daniel Noboa, extendi\u00f3 este viernes por 30 d\u00edas m\u00e1s el \u00faltimo estado de excepci\u00f3n que hab\u00eda decretado en 6 de las 24 provincias del pa\u00eds y un municipio de una s\u00e9ptima provincia, por grave conmoci\u00f3n interna para hacer frente al crimen organizado. El estado\u2026","rel":"","context":"En \u00abSin categor\u00eda\u00bb","block_context":{"text":"Sin categor\u00eda","link":"https:\/\/lasprimeras.com.do\/index.php\/category\/sin-categoria\/"},"img":{"alt_text":"","src":"https:\/\/i0.wp.com\/lasprimeras.com.do\/wp-content\/uploads\/2024\/08\/Daniel-Noboa.jpg?resize=350%2C200&ssl=1","width":350,"height":200,"srcset":"https:\/\/i0.wp.com\/lasprimeras.com.do\/wp-content\/uploads\/2024\/08\/Daniel-Noboa.jpg?resize=350%2C200&ssl=1 1x, https:\/\/i0.wp.com\/lasprimeras.com.do\/wp-content\/uploads\/2024\/08\/Daniel-Noboa.jpg?resize=525%2C300&ssl=1 1.5x, https:\/\/i0.wp.com\/lasprimeras.com.do\/wp-content\/uploads\/2024\/08\/Daniel-Noboa.jpg?resize=700%2C400&ssl=1 2x"},"classes":[]},{"id":50329,"url":"https:\/\/lasprimeras.com.do\/index.php\/2023\/05\/19\/la-corte-constitucional-de-ecuador-inadmite-demandas-de-inconstitucionalidad-de-la-muerte-cruzada\/","url_meta":{"origin":55791,"position":3},"title":"La Corte Constitucional de Ecuador inadmite demandas de inconstitucionalidad de la muerte cruzada","author":"prenxa100","date":"19 de mayo de 2023","format":false,"excerpt":"Los tribunales encargados decidieron por unanimidad no admitir las solicitudes en todos los casos. Ecuador, RT.-.La Corte Constitucional de Ecuador ha inadmitido las demandas de inconstitucionalidad presentadas contra el decreto ejecutivo mediante el cual el presidente Guillermo Lasso declar\u00f3 la muerte cruzada. Los jueces del organismo emitieron seis pronunciamientos, en\u2026","rel":"","context":"En \u00abSin categor\u00eda\u00bb","block_context":{"text":"Sin categor\u00eda","link":"https:\/\/lasprimeras.com.do\/index.php\/category\/sin-categoria\/"},"img":{"alt_text":"","src":"","width":0,"height":0},"classes":[]},{"id":50997,"url":"https:\/\/lasprimeras.com.do\/index.php\/2023\/05\/25\/guillermo-lasso-se-recupera-de-una-exitosa-intervencion-quirurgica-de-prostata-en-eeuu\/","url_meta":{"origin":55791,"position":4},"title":"Guillermo Lasso se recupera de una &#8220;exitosa&#8221; intervenci\u00f3n quir\u00fargica de pr\u00f3stata en EEUU","author":"prenxa100","date":"25 de mayo de 2023","format":false,"excerpt":"Madrid, Espa\u00f1a, AP.-. El presidente de Ecuador, Guillermo Lasso, se est\u00e1 recuperando en el Hospital Houston Methodist de Estados Unidos, despu\u00e9s de haberse sometido a una \"exitosa\" operaci\u00f3n de pr\u00f3stata. La Secretar\u00eda General de Comunicaci\u00f3n de la Presidencia ha informado de la intervenci\u00f3n, indicando que el mandatario ya est\u00e1 en\u2026","rel":"","context":"En \u00abSin categor\u00eda\u00bb","block_context":{"text":"Sin categor\u00eda","link":"https:\/\/lasprimeras.com.do\/index.php\/category\/sin-categoria\/"},"img":{"alt_text":"","src":"","width":0,"height":0},"classes":[]},{"id":63708,"url":"https:\/\/lasprimeras.com.do\/index.php\/2023\/10\/15\/ecuador-vota-este-domingo-la-posible-vuelta-correismo-al-poder\/","url_meta":{"origin":55791,"position":5},"title":"Ecuador vota este domingo la posible vuelta \u2018corre\u00edsmo\u2019 al poder","author":"BIMARY DE JES\u00daS Matos","date":"15 de octubre de 2023","format":false,"excerpt":"QUITO.- Los ecuatorianos est\u00e1n llamados de nuevo este domingo a las urnas para la segunda vuelta de las elecciones presidenciales, en las que la candidata del Movimiento Revoluci\u00f3n Ciudadana, Luisa Gonz\u00e1lez, aliada del expresidente Rafael Correa, aspira a hacer valer su condici\u00f3n de favorita frente al empresario Daniel Noboa, que\u2026","rel":"","context":"En \u00abSin categor\u00eda\u00bb","block_context":{"text":"Sin categor\u00eda","link":"https:\/\/lasprimeras.com.do\/index.php\/category\/sin-categoria\/"},"img":{"alt_text":"","src":"","width":0,"height":0},"classes":[]}],"jetpack_sharing_enabled":true,"_links":{"self":[{"href":"https:\/\/lasprimeras.com.do\/index.php\/wp-json\/wp\/v2\/posts\/55791","targetHints":{"allow":["GET"]}}],"collection":[{"href":"https:\/\/lasprimeras.com.do\/index.php\/wp-json\/wp\/v2\/posts"}],"about":[{"href":"https:\/\/lasprimeras.com.do\/index.php\/wp-json\/wp\/v2\/types\/post"}],"author":[{"embeddable":true,"href":"https:\/\/lasprimeras.com.do\/index.php\/wp-json\/wp\/v2\/users\/2"}],"replies":[{"embeddable":true,"href":"https:\/\/lasprimeras.com.do\/index.php\/wp-json\/wp\/v2\/comments?post=55791"}],"version-history":[{"count":1,"href":"https:\/\/lasprimeras.com.do\/index.php\/wp-json\/wp\/v2\/posts\/55791\/revisions"}],"predecessor-version":[{"id":55793,"href":"https:\/\/lasprimeras.com.do\/index.php\/wp-json\/wp\/v2\/posts\/55791\/revisions\/55793"}],"wp:featuredmedia":[{"embeddable":true,"href":"https:\/\/lasprimeras.com.do\/index.php\/wp-json\/wp\/v2\/media\/55792"}],"wp:attachment":[{"href":"https:\/\/lasprimeras.com.do\/index.php\/wp-json\/wp\/v2\/media?parent=55791"}],"wp:term":[{"taxonomy":"category","embeddable":true,"href":"https:\/\/lasprimeras.com.do\/index.php\/wp-json\/wp\/v2\/categories?post=55791"},{"taxonomy":"post_tag","embeddable":true,"href":"https:\/\/lasprimeras.com.do\/index.php\/wp-json\/wp\/v2\/tags?post=55791"}],"curies":[{"name":"wp","href":"https:\/\/api.w.org\/{rel}","templated":true}]}}