{"id":55797,"date":"2023-07-25T12:41:36","date_gmt":"2023-07-25T16:41:36","guid":{"rendered":"https:\/\/lasprimeras.com.do\/?p=55797"},"modified":"2023-07-25T12:41:38","modified_gmt":"2023-07-25T16:41:38","slug":"joven-dominicana-gana-premio-lideres-espaciales-de-america-del-norte-central-y-el-caribe","status":"publish","type":"post","link":"https:\/\/lasprimeras.com.do\/index.php\/2023\/07\/25\/joven-dominicana-gana-premio-lideres-espaciales-de-america-del-norte-central-y-el-caribe\/","title":{"rendered":"Joven dominicana gana Premio L\u00edderes Espaciales de Am\u00e9rica del Norte, Central y el Caribe"},"content":{"rendered":"\n<p>Una joven dominicana de 19 a\u00f1os de edad fue seleccionada ganadora del reconocimiento L\u00edder Espacial de Norteam\u00e9rica, Centroam\u00e9rica y el Caribe 2023, siendo la primera criolla en recibir este premio que es otorgado por la Space Generation Advisory Council (SGAC).<\/p>\n\n\n\n<p>Se trata de la joven Sheily Francheska Valerio Sapeg, quien estudi\u00f3 en el Polit\u00e9cnico &#8220;Nuestra Se\u00f1ora del Perpetuo Socorro&#8221; de la Fuerza A\u00e9rea de la Rep\u00fablica Dominicana (FARD), donde se gradu\u00f3 con la m\u00e1xima excelencia acad\u00e9mica en T\u00e9cnico de Mantenimiento Aeron\u00e1utico y actualmente se encuentra realizando un M\u00e1ster Program en Emprendimiento Espacial en el Instituto Europeo de Innovaci\u00f3n para la Sostenibilidad (EIIS) en colaboraci\u00f3n con Airbus.<\/p>\n\n\n\n<p>Tras recibir el premio, la joven Valerio Sapeg expres\u00f3 que el reconocimiento sirve para abrir espacio a m\u00e1s dominicanos en el \u00e1mbito aeroespacial, poniendo el ejemplo de que entre los dem\u00e1s ganadores hay empleados de la NASA (Administraci\u00f3n Nacional de Aeron\u00e1utica y el Espacio) y con postgrados.<\/p>\n\n\n\n<p>\u201cUna joven de 19 a\u00f1os de Rep\u00fablica Dominicana recibir este reconocimiento, primero es gran honor como dominicana y que se reconoce la trayectoria que he tenido a tan corta edad y me siento muy agradecida con el premio que otorga esta entidad\u201d, indic\u00f3.<\/p>\n\n\n\n<p>Dijo que el premio significa un reconocimiento a toda la regi\u00f3n trat\u00e1ndose de una instituci\u00f3n como la Space Generation Advisory Council, una organizaci\u00f3n sin fines de lucro que representa a los estudiantes universitarios y j\u00f3venes profesionales del espacio ante las Naciones Unidas, las agencias espaciales, la industria y el mundo acad\u00e9mico.<\/p>\n\n\n\n<p>Sobre su inspiraci\u00f3n el tema aeroespacial, Sheily Francheska Valerio Sapeg indic\u00f3 que creci\u00f3 en ambiente aeron\u00e1utico, ya que se educ\u00f3 en colegio de la Fuerza A\u00e9rea, y empez\u00f3 a participar en ambientes internacionales de tema aeroespacial.<\/p>\n\n\n\n<p>\u201cEl premio muestra que es posible que j\u00f3venes dominicanos se involucren en el tema aeroespacial\u201d, sostuvo.<\/p>\n\n\n\n<p>Manifest\u00f3 que entre sus metas est\u00e1 el lanzamiento pr\u00f3ximamente del proyecto Educaci\u00f3n en \u00d3rbita, una organizaci\u00f3n sin fines de lucro que la joven est\u00e1 desarrollando en Rep\u00fablica Dominicana como fundadora.<\/p>\n\n\n\n<p>En Costa Rica<\/p>\n\n\n\n<p>El premio L\u00edder Espacial de Norteam\u00e9rica, Centroam\u00e9rica y el Caribe 2023 tiene como objetivo fomentar la diversidad y la interacci\u00f3n entre los miembros del sector espacial con diversos antecedentes geogr\u00e1ficos y profesionales.<\/p>\n\n\n\n<p>Los ganadores, incluida Sheily Sapeg, tendr\u00e1n el privilegio de ser patrocinados para asistir al 4to Taller de la Generaci\u00f3n Espacial para Am\u00e9rica del Norte, Central y el Caribe, que se llevar\u00e1 a cabo el 9 y 10 de septiembre de 2023 en San Jos\u00e9, Costa Rica.<\/p>\n\n\n\n<p>Este evento reunir\u00e1 a hasta 150 estudiantes y j\u00f3venes profesionales de toda la regi\u00f3n de NCAC y m\u00e1s all\u00e1, quienes tendr\u00e1n la oportunidad de participar en importantes discusiones sobre la industria espacial actual.<\/p>\n\n\n\n<p>Perfil de Sheily Sapeg<\/p>\n\n\n\n<p>En 2021, Sheily Sapeg particip\u00f3 en el 6to Taller Sudamericano en L\u00ednea de SGAC y form\u00f3 una propuesta para apoyar el crecimiento de la educaci\u00f3n y divulgaci\u00f3n espacial.<\/p>\n\n\n\n<p>Como Embajadora Voluntaria de la Asociaci\u00f3n Aeroespacial Dominicana, colabor\u00f3 en la organizaci\u00f3n de la &#8220;VII Reuni\u00f3n de la Red Latinoamericana y del Caribe del Espacio&#8221; (ReLaCa) en Rep\u00fablica Dominicana 2022 y se desempe\u00f1\u00f3 como auxiliar de rondas durante la realizaci\u00f3n del Concurso Latinoamericano Manfred Lachs Moot Court.<\/p>\n\n\n\n<p>En el mismo a\u00f1o, recibi\u00f3 el Reconocimiento como M\u00e1ximo Nivel Establecido en Excelencia Acad\u00e9mica otorgado por el (CESAC).<\/p>\n\n\n\n<p>Ha podido colaborar con grupos multidisciplinarios en concursos internacionales como The Mars Society: Expedici\u00f3n Telerrob\u00f3tica a Marte, un concurso internacional de dise\u00f1o de misiones en el 2022, y en el NASA Space Apps Challenge 2021 donde present\u00f3 junto a su equipo Voyage42 soluciones para contrarrestar la contaminaci\u00f3n por sargazo en Rep\u00fablica Dominicana utilizando los beneficios de la observaci\u00f3n satelital.<\/p>\n\n\n\n<p>Fue miembro de la Mesa Directiva y Coordinadora Juvenil de la Red Internacional &#8220;J\u00f3venes del Futuro&#8221; en Am\u00e9rica Latina y actualmente es miembro del programa Space4Women creado por la Oficina de Naciones Unidas dedicada a asuntos Espaciales (UNOOSA), es miembro del Club Juvenil de Rep\u00fablica Dominicana (UNESCO) y L\u00edder Comunitaria en She Is The Universe.<\/p>\n\n\n\n<p>Sheily es fundadora de \u00a8Educaci\u00f3n en \u00d3rbita\u00a8 Asociaci\u00f3n Dominicana sin fines de lucro dedicada a la educaci\u00f3n, difusi\u00f3n e inclusi\u00f3n en materia aeron\u00e1utica y espacial, para apoyar la participaci\u00f3n de los j\u00f3venes en el \u00e1rea aeroespacial, y convertir a la Rep\u00fablica Dominicana en un pa\u00eds l\u00edder, brindando acceso para todos.<\/p>\n","protected":false},"excerpt":{"rendered":"<p>Una joven dominicana de 19 a\u00f1os de edad fue seleccionada ganadora del reconocimiento L\u00edder Espacial de Norteam\u00e9rica, Centroam\u00e9rica y el Caribe 2023, siendo la primera criolla en recibir este premio&hellip;<\/p>\n","protected":false},"author":2,"featured_media":55798,"comment_status":"open","ping_status":"open","sticky":false,"template":"","format":"standard","meta":{"content-type":"","jetpack_post_was_ever_published":false,"_jetpack_newsletter_access":"","_jetpack_dont_email_post_to_subs":false,"_jetpack_newsletter_tier_id":0,"_jetpack_memberships_contains_paywalled_content":false,"_jetpack_memberships_contains_paid_content":false,"footnotes":""},"categories":[35,25],"tags":[5294,259,3794,549,5292,223,1127,4855,1845,5293],"class_list":["post-55797","post","type-post","status-publish","format-standard","has-post-thumbnail","hentry","category-nacionales","category-portada","tag-america-del-norte","tag-caribe","tag-central","tag-dominicana","tag-espaciales","tag-gana","tag-joven","tag-lideres","tag-premio","tag-sheily-francheska-valerio-sapeg"],"jetpack_featured_media_url":"https:\/\/lasprimeras.com.do\/wp-content\/uploads\/2023\/07\/Sheily-Francheska-Valerio-Sapeg-1.jpg","jetpack-related-posts":[{"id":83681,"url":"https:\/\/lasprimeras.com.do\/index.php\/2024\/05\/23\/la-dni-firma-acuerdo-con-empresa-espacial-para-cuidar-seguridad-nacional\/","url_meta":{"origin":55797,"position":0},"title":"La DNI firma acuerdo con empresa espacial para cuidar seguridad nacional","author":"Nelson Feliz","date":"23 de mayo de 2024","format":false,"excerpt":"El estudio se realizar\u00e1 por seis meses en el municipio de Oviedo, provincia de Pedernales. El acuerdo fue firmado con una empresa espacial del estado de Florida. La Rep\u00fablica Dominicana firm\u00f3 ayer un contrato para realizar un estudio sobre la viabilidad de establecer un puerto espacial comercial cerca de la\u2026","rel":"","context":"En \u00abNACIONALES\u00bb","block_context":{"text":"NACIONALES","link":"https:\/\/lasprimeras.com.do\/index.php\/category\/nacionales\/"},"img":{"alt_text":"","src":"https:\/\/i0.wp.com\/lasprimeras.com.do\/wp-content\/uploads\/2024\/05\/DNI.jpg?resize=350%2C200&ssl=1","width":350,"height":200,"srcset":"https:\/\/i0.wp.com\/lasprimeras.com.do\/wp-content\/uploads\/2024\/05\/DNI.jpg?resize=350%2C200&ssl=1 1x, https:\/\/i0.wp.com\/lasprimeras.com.do\/wp-content\/uploads\/2024\/05\/DNI.jpg?resize=525%2C300&ssl=1 1.5x, https:\/\/i0.wp.com\/lasprimeras.com.do\/wp-content\/uploads\/2024\/05\/DNI.jpg?resize=700%2C400&ssl=1 2x"},"classes":[]},{"id":123235,"url":"https:\/\/lasprimeras.com.do\/index.php\/2026\/02\/27\/presidente-abinader-republica-dominicana-entra-a-la-economia-espacial-con-puerto-en-oviedo\/","url_meta":{"origin":55797,"position":1},"title":"Presidente Abinader: \u00a0Rep\u00fablica Dominicana entra a la econom\u00eda espacial con puerto en Oviedo","author":"Nelson Feliz","date":"27 de febrero de 2026","format":false,"excerpt":"Durante su Rendici\u00f3n de Cuentas ante la Asamblea Nacional, en el marco del 182 aniversario de la Independencia Nacional, el presidente Luis Abinader, anunci\u00f3 este viernes que la Rep\u00fablica Dominicana firmo un acuerdo para la construcci\u00f3n de un puerto espacial comercial en Oviedo, provincia Pedernales, un proyecto que contempla una\u2026","rel":"","context":"En \u00abECONOM\u00cdA\u00bb","block_context":{"text":"ECONOM\u00cdA","link":"https:\/\/lasprimeras.com.do\/index.php\/category\/economia\/"},"img":{"alt_text":"","src":"https:\/\/i0.wp.com\/lasprimeras.com.do\/wp-content\/uploads\/2026\/02\/Luis-Abinader-c-1.jpg?resize=350%2C200&ssl=1","width":350,"height":200,"srcset":"https:\/\/i0.wp.com\/lasprimeras.com.do\/wp-content\/uploads\/2026\/02\/Luis-Abinader-c-1.jpg?resize=350%2C200&ssl=1 1x, https:\/\/i0.wp.com\/lasprimeras.com.do\/wp-content\/uploads\/2026\/02\/Luis-Abinader-c-1.jpg?resize=525%2C300&ssl=1 1.5x"},"classes":[]},{"id":124895,"url":"https:\/\/lasprimeras.com.do\/index.php\/2026\/03\/17\/republica-dominicana-traza-ruta-hacia-la-economia-espacial-con-proyecto-en-pedernales\/","url_meta":{"origin":55797,"position":2},"title":"Rep\u00fablica Dominicana traza ruta hacia la econom\u00eda espacial con proyecto en Pedernales","author":"Nelson Feliz","date":"17 de marzo de 2026","format":false,"excerpt":"La empresa LOD Holdings presentan iniciativa estrat\u00e9gica que posiciona al pa\u00eds como nuevo hub regional de lanzamientos, con enfoque sostenible, regulado y de inversi\u00f3n internacional. El proyecto tendr\u00e1 una inversi\u00f3n estimada de m\u00e1s de 600 millones de d\u00f3lares. El Gobierno de la Rep\u00fablica Dominicana, a trav\u00e9s del Ministerio de la\u2026","rel":"","context":"En \u00abECONOM\u00cdA\u00bb","block_context":{"text":"ECONOM\u00cdA","link":"https:\/\/lasprimeras.com.do\/index.php\/category\/economia\/"},"img":{"alt_text":"","src":"https:\/\/i0.wp.com\/lasprimeras.com.do\/wp-content\/uploads\/2026\/03\/COHETES-OVIEDO.jpg?resize=350%2C200&ssl=1","width":350,"height":200,"srcset":"https:\/\/i0.wp.com\/lasprimeras.com.do\/wp-content\/uploads\/2026\/03\/COHETES-OVIEDO.jpg?resize=350%2C200&ssl=1 1x, https:\/\/i0.wp.com\/lasprimeras.com.do\/wp-content\/uploads\/2026\/03\/COHETES-OVIEDO.jpg?resize=525%2C300&ssl=1 1.5x, https:\/\/i0.wp.com\/lasprimeras.com.do\/wp-content\/uploads\/2026\/03\/COHETES-OVIEDO.jpg?resize=700%2C400&ssl=1 2x"},"classes":[]},{"id":109405,"url":"https:\/\/lasprimeras.com.do\/index.php\/2025\/09\/21\/la-frontera-espacial-de-la-republica-dominicana-desafios-y-oportunidades\/","url_meta":{"origin":55797,"position":3},"title":"La frontera espacial de la Rep\u00fablica Dominicana: desaf\u00edos y oportunidades","author":"Nelson Feliz","date":"21 de septiembre de 2025","format":false,"excerpt":"Por Justo Del Orbe La Rep\u00fablica Dominicana, Estado caribe\u00f1o con un acelerado desarrollo en materia de telecomunicaciones y tecnolog\u00eda, enfrenta hoy un debate estrat\u00e9gico poco explorado: su frontera espacial. En una era marcada por la revoluci\u00f3n digital, la inteligencia artificial y la conectividad global, el espacio ultraterrestre ha dejado de\u2026","rel":"","context":"En \u00abOPINI\u00d3N\u00bb","block_context":{"text":"OPINI\u00d3N","link":"https:\/\/lasprimeras.com.do\/index.php\/category\/opinion\/"},"img":{"alt_text":"","src":"https:\/\/i0.wp.com\/lasprimeras.com.do\/wp-content\/uploads\/2025\/09\/Justo-Del-Orbe.jpg?resize=350%2C200&ssl=1","width":350,"height":200,"srcset":"https:\/\/i0.wp.com\/lasprimeras.com.do\/wp-content\/uploads\/2025\/09\/Justo-Del-Orbe.jpg?resize=350%2C200&ssl=1 1x, https:\/\/i0.wp.com\/lasprimeras.com.do\/wp-content\/uploads\/2025\/09\/Justo-Del-Orbe.jpg?resize=525%2C300&ssl=1 1.5x, https:\/\/i0.wp.com\/lasprimeras.com.do\/wp-content\/uploads\/2025\/09\/Justo-Del-Orbe.jpg?resize=700%2C400&ssl=1 2x"},"classes":[]},{"id":90727,"url":"https:\/\/lasprimeras.com.do\/index.php\/2024\/10\/27\/rd-y-la-nasa-firman-acuerdo-que-permitira-la-exploracion-y-el-desarrollo-de-la-industria-espacial\/","url_meta":{"origin":55797,"position":4},"title":"RD y la Nasa firman acuerdo que permitir\u00e1 la exploraci\u00f3n y el desarrollo de la industria espacial","author":"Nelson Feliz","date":"27 de octubre de 2024","format":false,"excerpt":"Sonia Guzm\u00e1n destaca que este pacto abre la oportunidad a RD de atraer inversiones en el \u00e1rea, como de compa\u00f1\u00edas privadas que colocan sat\u00e9lites de comunicaciones y de otros servicios. Washington D.C.\u2013 La Rep\u00fablica Dominicana, representada por la embajadora en Estados Unidos, Sonia Guzm\u00e1n, y la NASA, representada por su\u2026","rel":"","context":"En \u00abSin categor\u00eda\u00bb","block_context":{"text":"Sin categor\u00eda","link":"https:\/\/lasprimeras.com.do\/index.php\/category\/sin-categoria\/"},"img":{"alt_text":"","src":"https:\/\/i0.wp.com\/lasprimeras.com.do\/wp-content\/uploads\/2024\/10\/Sonia-Guzman-embajadora-dominicana-en-EEUU-y-Bill-Nelson-administrador-de-la-NASA.jpg?resize=350%2C200&ssl=1","width":350,"height":200,"srcset":"https:\/\/i0.wp.com\/lasprimeras.com.do\/wp-content\/uploads\/2024\/10\/Sonia-Guzman-embajadora-dominicana-en-EEUU-y-Bill-Nelson-administrador-de-la-NASA.jpg?resize=350%2C200&ssl=1 1x, https:\/\/i0.wp.com\/lasprimeras.com.do\/wp-content\/uploads\/2024\/10\/Sonia-Guzman-embajadora-dominicana-en-EEUU-y-Bill-Nelson-administrador-de-la-NASA.jpg?resize=525%2C300&ssl=1 1.5x, https:\/\/i0.wp.com\/lasprimeras.com.do\/wp-content\/uploads\/2024\/10\/Sonia-Guzman-embajadora-dominicana-en-EEUU-y-Bill-Nelson-administrador-de-la-NASA.jpg?resize=700%2C400&ssl=1 2x"},"classes":[]},{"id":68079,"url":"https:\/\/lasprimeras.com.do\/index.php\/2023\/11\/21\/seul-dice-que-pionyang-ha-lanzado-un-cohete-espacial-con-un-satelite-a-bordo\/","url_meta":{"origin":55797,"position":5},"title":"Se\u00fal dice que Pionyang ha lanzado un cohete espacial con un sat\u00e9lite a bordo","author":"Nelson Feliz","date":"21 de noviembre de 2023","format":false,"excerpt":"El ej\u00e9rcito surcoreano inform\u00f3 hoy en un comunicado que \"Corea del Norte ha lanzado un sat\u00e9lite de reconocimiento en direcci\u00f3n sur\", mientras que las autoridades japonesas activaron la alerta de misiles en Okinawa (sur del pa\u00eds) y recomendaron la evacuaci\u00f3n de la poblaci\u00f3n local. El lanzamiento del cohete espacial con\u2026","rel":"","context":"En \u00abSin categor\u00eda\u00bb","block_context":{"text":"Sin categor\u00eda","link":"https:\/\/lasprimeras.com.do\/index.php\/category\/sin-categoria\/"},"img":{"alt_text":"cohete espacial","src":"https:\/\/i0.wp.com\/lasprimeras.com.do\/wp-content\/uploads\/2023\/11\/cohete-espacial.jpeg?resize=350%2C200&ssl=1","width":350,"height":200,"srcset":"https:\/\/i0.wp.com\/lasprimeras.com.do\/wp-content\/uploads\/2023\/11\/cohete-espacial.jpeg?resize=350%2C200&ssl=1 1x, https:\/\/i0.wp.com\/lasprimeras.com.do\/wp-content\/uploads\/2023\/11\/cohete-espacial.jpeg?resize=525%2C300&ssl=1 1.5x, https:\/\/i0.wp.com\/lasprimeras.com.do\/wp-content\/uploads\/2023\/11\/cohete-espacial.jpeg?resize=700%2C400&ssl=1 2x"},"classes":[]}],"jetpack_sharing_enabled":true,"_links":{"self":[{"href":"https:\/\/lasprimeras.com.do\/index.php\/wp-json\/wp\/v2\/posts\/55797","targetHints":{"allow":["GET"]}}],"collection":[{"href":"https:\/\/lasprimeras.com.do\/index.php\/wp-json\/wp\/v2\/posts"}],"about":[{"href":"https:\/\/lasprimeras.com.do\/index.php\/wp-json\/wp\/v2\/types\/post"}],"author":[{"embeddable":true,"href":"https:\/\/lasprimeras.com.do\/index.php\/wp-json\/wp\/v2\/users\/2"}],"replies":[{"embeddable":true,"href":"https:\/\/lasprimeras.com.do\/index.php\/wp-json\/wp\/v2\/comments?post=55797"}],"version-history":[{"count":1,"href":"https:\/\/lasprimeras.com.do\/index.php\/wp-json\/wp\/v2\/posts\/55797\/revisions"}],"predecessor-version":[{"id":55799,"href":"https:\/\/lasprimeras.com.do\/index.php\/wp-json\/wp\/v2\/posts\/55797\/revisions\/55799"}],"wp:featuredmedia":[{"embeddable":true,"href":"https:\/\/lasprimeras.com.do\/index.php\/wp-json\/wp\/v2\/media\/55798"}],"wp:attachment":[{"href":"https:\/\/lasprimeras.com.do\/index.php\/wp-json\/wp\/v2\/media?parent=55797"}],"wp:term":[{"taxonomy":"category","embeddable":true,"href":"https:\/\/lasprimeras.com.do\/index.php\/wp-json\/wp\/v2\/categories?post=55797"},{"taxonomy":"post_tag","embeddable":true,"href":"https:\/\/lasprimeras.com.do\/index.php\/wp-json\/wp\/v2\/tags?post=55797"}],"curies":[{"name":"wp","href":"https:\/\/api.w.org\/{rel}","templated":true}]}}