{"id":55806,"date":"2023-07-25T13:25:40","date_gmt":"2023-07-25T17:25:40","guid":{"rendered":"https:\/\/lasprimeras.com.do\/?p=55806"},"modified":"2023-07-25T13:25:42","modified_gmt":"2023-07-25T17:25:42","slug":"direccion-seguridad-ciudadana-realiza-operativo-y-fiscalizacion-en-la-ciudad-juan-bosch","status":"publish","type":"post","link":"https:\/\/lasprimeras.com.do\/index.php\/2023\/07\/25\/direccion-seguridad-ciudadana-realiza-operativo-y-fiscalizacion-en-la-ciudad-juan-bosch\/","title":{"rendered":"Direcci\u00f3n Seguridad Ciudadana realiza operativo y fiscalizaci\u00f3n en la Ciudad Juan Bosch"},"content":{"rendered":"\n<p>El director de Seguridad Ciudadana de la Ciudad Juan Bosch en Santo Domingo Este, teniente cnel. del ej\u00e9rcito de Rep\u00fablica Dominicana, Juan Ram\u00f3n Aquino encabez\u00f3 un operativo en conjunto con la Digesett con la finalidad de evitar accidentes de tr\u00e1nsito, y violaciones a la ley 63-17.<\/p>\n\n\n\n<p>En dicho operativo participar\u00f3n agentes de la Polic\u00eda Nacional, Ej\u00e9rcito, Fuerza A\u00e9rea y Armada Dominicana, fueron fiscalizados decenas de conductores de veh\u00edculos livianos por transitar v\u00eda contraria, licencia vencida, y motociclistas sin casco protector, manejo temerario, entre otras infracciones.<\/p>\n\n\n\n<p>Alrededor de 28 m motocicletas fueron retenidas por no cumplir los requisitos para continuar su marcha en las v\u00edas p\u00fablicas, 19 fiscalizados por inobservar la norma que regula el tr\u00e1nsito, movilidad y transporte terrestre, tambi\u00e9n fueron detenidas 6 personas para fines de depuraci\u00f3n.<\/p>\n\n\n\n<figure class=\"wp-block-image size-full is-resized\"><img decoding=\"async\" src=\"https:\/\/lasprimeras.com.do\/wp-content\/uploads\/2023\/07\/Juan-Ramon-Aquino-1.jpg\" alt=\"\" class=\"wp-image-55808\" width=\"833\" height=\"625\" srcset=\"https:\/\/lasprimeras.com.do\/wp-content\/uploads\/2023\/07\/Juan-Ramon-Aquino-1.jpg 700w, https:\/\/lasprimeras.com.do\/wp-content\/uploads\/2023\/07\/Juan-Ramon-Aquino-1-300x225.jpg 300w\" sizes=\"(max-width: 833px) 100vw, 833px\" \/><\/figure>\n\n\n\n<p>Aquino, determin\u00f3 que de manera permanente el personal bajo su mando, tiene instrucciones de mantener la tranquilidad y paz social, respetando las leyes, la Constituci\u00f3n de la Rep\u00fablica y sobre resguardando los derechos humanos de cada ciudadano.<\/p>\n\n\n\n<p>\u201cNosotros estamos vigilantes de cada situaci\u00f3n que pueda afectar la seguridad de esta ciudad, aplicando los protocolos y normas vigentes, adem\u00e1s de las instrucciones que nos emiten los superiores y el alto mando militar que se mantiene pendiente, no solo de nuestra comunidad, sino de todo el pa\u00eds\u201d.<\/p>\n\n\n\n<p>Aclar\u00f3 que el personal de la seguridad tiene la responsabilidad de salvaguardar vidas, bienes y propiedades en las \u00e1reas p\u00fablicas, no dentro de los residenciales, ya que cada Condominio tiene una seguridad interna que debe velar por mantener el orden en su \u00e1rea de responsabilidad.<\/p>\n","protected":false},"excerpt":{"rendered":"<p>El director de Seguridad Ciudadana de la Ciudad Juan Bosch en Santo Domingo Este, teniente cnel. del ej\u00e9rcito de Rep\u00fablica Dominicana, Juan Ram\u00f3n Aquino encabez\u00f3 un operativo en conjunto con&hellip;<\/p>\n","protected":false},"author":2,"featured_media":55807,"comment_status":"open","ping_status":"open","sticky":false,"template":"","format":"standard","meta":{"content-type":"","jetpack_post_was_ever_published":false,"_jetpack_newsletter_access":"","_jetpack_dont_email_post_to_subs":false,"_jetpack_newsletter_tier_id":0,"_jetpack_memberships_contains_paywalled_content":false,"_jetpack_memberships_contains_paid_content":false,"footnotes":""},"categories":[3057],"tags":[177,1443,5297,3485,4774],"class_list":["post-55806","post","type-post","status-publish","format-standard","has-post-thumbnail","hentry","category-militares","tag-ciudad-juan-bosch","tag-direccion","tag-fiscalizacion","tag-operativo","tag-seguridad-ciudadana"],"jetpack_featured_media_url":"https:\/\/lasprimeras.com.do\/wp-content\/uploads\/2023\/07\/Juan-Ramon-Aquino.jpg","jetpack-related-posts":[{"id":54048,"url":"https:\/\/lasprimeras.com.do\/index.php\/2023\/07\/06\/director-de-seguridad-de-ciudad-juan-bosch-conductores-a-mantener-prudencia-y-no-violar-la-ley-de-transito\/","url_meta":{"origin":55806,"position":0},"title":"Director de Seguridad de Ciudad Juan Bosch: conductores a mantener prudencia y no violar la ley de tr\u00e1nsito","author":"Nelson Feliz","date":"6 de julio de 2023","format":false,"excerpt":"Seguridad de Ciudad concientiza conductores de veh\u00edculos a observar la ley de tr\u00e1nsito 63-17 El director de seguridad de la Ciudad Juan Bosch en Santo Domingo Este, teniente coronel del Ej\u00e9rcito de Rep\u00fablica Dominicana, Ram\u00f3n Aquino, encabez\u00f3 un operativo de concientizaci\u00f3n a conductores de veh\u00edculos que\u00a0 transitan en v\u00eda contraria\u2026","rel":"","context":"En \u00abNACIONALES\u00bb","block_context":{"text":"NACIONALES","link":"https:\/\/lasprimeras.com.do\/index.php\/category\/nacionales\/"},"img":{"alt_text":"Ram\u00f3n Aquino","src":"https:\/\/i0.wp.com\/lasprimeras.com.do\/wp-content\/uploads\/2023\/07\/Ramon-Aquino-1.jpg?resize=350%2C200&ssl=1","width":350,"height":200,"srcset":"https:\/\/i0.wp.com\/lasprimeras.com.do\/wp-content\/uploads\/2023\/07\/Ramon-Aquino-1.jpg?resize=350%2C200&ssl=1 1x, https:\/\/i0.wp.com\/lasprimeras.com.do\/wp-content\/uploads\/2023\/07\/Ramon-Aquino-1.jpg?resize=525%2C300&ssl=1 1.5x, https:\/\/i0.wp.com\/lasprimeras.com.do\/wp-content\/uploads\/2023\/07\/Ramon-Aquino-1.jpg?resize=700%2C400&ssl=1 2x"},"classes":[]},{"id":79080,"url":"https:\/\/lasprimeras.com.do\/index.php\/2024\/03\/23\/digesett-sigue-firme-con-los-operativos-para-hacer-cumplir-la-ley-de-transito\/","url_meta":{"origin":55806,"position":1},"title":"Digesett sigue firme con los operativos para hacer cumplir la ley de tr\u00e1nsito","author":"Juana Mercedes","date":"23 de marzo de 2024","format":false,"excerpt":"El director de la Direcci\u00f3n General de Seguridad de Tr\u00e1nsito y Transperrestre\u00a0(Digesett) general\u00a0Francisco Osoria de la Cruz,\u00a0garantiz\u00f3 que la entidad, implementa\u00a0operativos\u00a0para disminuir los\u00a0accidentes de tr\u00e1nsito\u00a0y hacer cumplir la\u00a0Ley 63-17 en la Rep\u00fablica Dominicana. La entidad revel\u00f3 en datos estad\u00edsticos que en los operativos realizados por los agentes de la Digesett\u2026","rel":"","context":"En \u00abMILITARES\u00bb","block_context":{"text":"MILITARES","link":"https:\/\/lasprimeras.com.do\/index.php\/category\/militares\/"},"img":{"alt_text":"Francisco Osoria de la Cruz","src":"https:\/\/i0.wp.com\/lasprimeras.com.do\/wp-content\/uploads\/2023\/12\/Francisco-Osoria-de-la-Cruz.jpg?resize=350%2C200&ssl=1","width":350,"height":200,"srcset":"https:\/\/i0.wp.com\/lasprimeras.com.do\/wp-content\/uploads\/2023\/12\/Francisco-Osoria-de-la-Cruz.jpg?resize=350%2C200&ssl=1 1x, https:\/\/i0.wp.com\/lasprimeras.com.do\/wp-content\/uploads\/2023\/12\/Francisco-Osoria-de-la-Cruz.jpg?resize=525%2C300&ssl=1 1.5x, https:\/\/i0.wp.com\/lasprimeras.com.do\/wp-content\/uploads\/2023\/12\/Francisco-Osoria-de-la-Cruz.jpg?resize=700%2C400&ssl=1 2x"},"classes":[]},{"id":66099,"url":"https:\/\/lasprimeras.com.do\/index.php\/2023\/11\/03\/logan-jimenez-vehiculos-varados-en-las-calles-en-ciudad-juan-bosch-podrian-provocar-accidentes-de-transitos\/","url_meta":{"origin":55806,"position":2},"title":"Logan Jim\u00e9nez: \u201cVeh\u00edculos varados en las calles en Ciudad Juan Bosch podr\u00edan provocar accidentes de tr\u00e1nsitos\u201d","author":"Nelson Feliz","date":"3 de noviembre de 2023","format":false,"excerpt":"Pese a los esfuerzos de las autoridades contin\u00faan estacionamientos improvisados en las v\u00edas p\u00fablicas provocando accidentes en muchas comunidades del pa\u00eds. El periodista Logan Jim\u00e9nez Ramos, director del peri\u00f3dico digital \"La Voz Sin Censura\" denunci\u00f3 este viernes que conductores con frecuencia estacionan veh\u00edculos pesados en la v\u00edas p\u00fablicas en la\u2026","rel":"","context":"En \u00abNACIONALES\u00bb","block_context":{"text":"NACIONALES","link":"https:\/\/lasprimeras.com.do\/index.php\/category\/nacionales\/"},"img":{"alt_text":"","src":"https:\/\/i0.wp.com\/lasprimeras.com.do\/wp-content\/uploads\/2023\/11\/logan.jpg?resize=350%2C200&ssl=1","width":350,"height":200,"srcset":"https:\/\/i0.wp.com\/lasprimeras.com.do\/wp-content\/uploads\/2023\/11\/logan.jpg?resize=350%2C200&ssl=1 1x, https:\/\/i0.wp.com\/lasprimeras.com.do\/wp-content\/uploads\/2023\/11\/logan.jpg?resize=525%2C300&ssl=1 1.5x"},"classes":[]},{"id":71534,"url":"https:\/\/lasprimeras.com.do\/index.php\/2023\/12\/20\/digesett-junto-intrant-fiscalizan-a-conductores-de-vehiculos-pesados-por-violacion-a-la-ley-63-17\/","url_meta":{"origin":55806,"position":3},"title":"DIGESETT junto INTRANT fiscalizan a conductores de veh\u00edculos pesados por violaci\u00f3n a la Ley 63-17","author":"Nelson Feliz","date":"20 de diciembre de 2023","format":false,"excerpt":"Por Mart\u00edn Restituyo La Direcci\u00f3n General de Seguridad de Tr\u00e1nsito y Transporte Terrestre (DIGESETT) junto al Instituto Nacional de Tr\u00e1nsito y Transporte Terrestre (INTRANT) toman acciones contundente contra conductores de veh\u00edculos pesados que transitan por lugares prohibidos y no tienen permiso de circulaci\u00f3n durante las festividades Navide\u00f1as. En estos operativos,\u2026","rel":"","context":"En \u00abNACIONALES\u00bb","block_context":{"text":"NACIONALES","link":"https:\/\/lasprimeras.com.do\/index.php\/category\/nacionales\/"},"img":{"alt_text":"Camiones","src":"https:\/\/i0.wp.com\/lasprimeras.com.do\/wp-content\/uploads\/2023\/12\/Camiones-1.jpg?resize=350%2C200&ssl=1","width":350,"height":200,"srcset":"https:\/\/i0.wp.com\/lasprimeras.com.do\/wp-content\/uploads\/2023\/12\/Camiones-1.jpg?resize=350%2C200&ssl=1 1x, https:\/\/i0.wp.com\/lasprimeras.com.do\/wp-content\/uploads\/2023\/12\/Camiones-1.jpg?resize=525%2C300&ssl=1 1.5x, https:\/\/i0.wp.com\/lasprimeras.com.do\/wp-content\/uploads\/2023\/12\/Camiones-1.jpg?resize=700%2C400&ssl=1 2x"},"classes":[]},{"id":99647,"url":"https:\/\/lasprimeras.com.do\/index.php\/2025\/05\/24\/residentes-de-ciudad-juan-bosch-denuncian-abandono-estatal-caos-vial-y-colapso-urbano\/","url_meta":{"origin":55806,"position":4},"title":"Residentes de Ciudad Juan Bosch denuncian abandono estatal, caos vial y colapso urbano","author":"Nelson Feliz","date":"24 de mayo de 2025","format":false,"excerpt":"Rechazan intento de sustituir la OMSA por sindicatos; acusan al Gobierno de permitir desorden, inseguridad y destrucci\u00f3n de los espacios p\u00fablicos en violaci\u00f3n a la Ley 63-17. Por Logan Jim\u00e9nez Ramos Este fin de semana, los residentes de Ciudad Juan Bosch denunciaron un abandono sistem\u00e1tico por parte de las autoridades.\u2026","rel":"","context":"En \u00abNACIONALES\u00bb","block_context":{"text":"NACIONALES","link":"https:\/\/lasprimeras.com.do\/index.php\/category\/nacionales\/"},"img":{"alt_text":"","src":"https:\/\/i0.wp.com\/lasprimeras.com.do\/wp-content\/uploads\/2025\/05\/caos.jpg?resize=350%2C200&ssl=1","width":350,"height":200,"srcset":"https:\/\/i0.wp.com\/lasprimeras.com.do\/wp-content\/uploads\/2025\/05\/caos.jpg?resize=350%2C200&ssl=1 1x, https:\/\/i0.wp.com\/lasprimeras.com.do\/wp-content\/uploads\/2025\/05\/caos.jpg?resize=525%2C300&ssl=1 1.5x, https:\/\/i0.wp.com\/lasprimeras.com.do\/wp-content\/uploads\/2025\/05\/caos.jpg?resize=700%2C400&ssl=1 2x"},"classes":[]},{"id":79831,"url":"https:\/\/lasprimeras.com.do\/index.php\/2024\/03\/31\/4109-motociclistas-han-sido-multados-por-transitar-sin-casco-protector-en-semana-santa\/","url_meta":{"origin":55806,"position":5},"title":"4,109 motociclistas han sido multados por transitar sin casco protector en Semana Santa","author":"Nelson Feliz","date":"31 de marzo de 2024","format":false,"excerpt":"Se han fiscalizado 1,432 conductores por transitar sin seguro o vencido unos 1,260 por exceso de velocidad, as\u00ed como 1,164 por transitar sin licencia o con ella vencida. El Centro de Operaciones de Emergencias (COE) inform\u00f3 en su tercer bolet\u00edn del operativo \u201cConciencia por la vida Semana Santa 2024\u201d, que\u2026","rel":"","context":"En \u00abNACIONALES\u00bb","block_context":{"text":"NACIONALES","link":"https:\/\/lasprimeras.com.do\/index.php\/category\/nacionales\/"},"img":{"alt_text":"motoristas","src":"https:\/\/i0.wp.com\/lasprimeras.com.do\/wp-content\/uploads\/2024\/03\/motoristas.jpg?resize=350%2C200&ssl=1","width":350,"height":200,"srcset":"https:\/\/i0.wp.com\/lasprimeras.com.do\/wp-content\/uploads\/2024\/03\/motoristas.jpg?resize=350%2C200&ssl=1 1x, https:\/\/i0.wp.com\/lasprimeras.com.do\/wp-content\/uploads\/2024\/03\/motoristas.jpg?resize=525%2C300&ssl=1 1.5x, https:\/\/i0.wp.com\/lasprimeras.com.do\/wp-content\/uploads\/2024\/03\/motoristas.jpg?resize=700%2C400&ssl=1 2x"},"classes":[]}],"jetpack_sharing_enabled":true,"_links":{"self":[{"href":"https:\/\/lasprimeras.com.do\/index.php\/wp-json\/wp\/v2\/posts\/55806","targetHints":{"allow":["GET"]}}],"collection":[{"href":"https:\/\/lasprimeras.com.do\/index.php\/wp-json\/wp\/v2\/posts"}],"about":[{"href":"https:\/\/lasprimeras.com.do\/index.php\/wp-json\/wp\/v2\/types\/post"}],"author":[{"embeddable":true,"href":"https:\/\/lasprimeras.com.do\/index.php\/wp-json\/wp\/v2\/users\/2"}],"replies":[{"embeddable":true,"href":"https:\/\/lasprimeras.com.do\/index.php\/wp-json\/wp\/v2\/comments?post=55806"}],"version-history":[{"count":1,"href":"https:\/\/lasprimeras.com.do\/index.php\/wp-json\/wp\/v2\/posts\/55806\/revisions"}],"predecessor-version":[{"id":55809,"href":"https:\/\/lasprimeras.com.do\/index.php\/wp-json\/wp\/v2\/posts\/55806\/revisions\/55809"}],"wp:featuredmedia":[{"embeddable":true,"href":"https:\/\/lasprimeras.com.do\/index.php\/wp-json\/wp\/v2\/media\/55807"}],"wp:attachment":[{"href":"https:\/\/lasprimeras.com.do\/index.php\/wp-json\/wp\/v2\/media?parent=55806"}],"wp:term":[{"taxonomy":"category","embeddable":true,"href":"https:\/\/lasprimeras.com.do\/index.php\/wp-json\/wp\/v2\/categories?post=55806"},{"taxonomy":"post_tag","embeddable":true,"href":"https:\/\/lasprimeras.com.do\/index.php\/wp-json\/wp\/v2\/tags?post=55806"}],"curies":[{"name":"wp","href":"https:\/\/api.w.org\/{rel}","templated":true}]}}