{"id":55816,"date":"2023-07-25T18:57:46","date_gmt":"2023-07-25T22:57:46","guid":{"rendered":"https:\/\/lasprimeras.com.do\/?p=55816"},"modified":"2023-07-25T18:57:48","modified_gmt":"2023-07-25T22:57:48","slug":"dxc-se-convierte-en-miembro-de-la-internacional-democrata-de-centro","status":"publish","type":"post","link":"https:\/\/lasprimeras.com.do\/index.php\/2023\/07\/25\/dxc-se-convierte-en-miembro-de-la-internacional-democrata-de-centro\/","title":{"rendered":"DxC se convierte en miembro de la Internacional Dem\u00f3crata de Centro"},"content":{"rendered":"\n<p><strong>La IDC-CDI est\u00e1 integrada por 73 pa\u00edses y m\u00e1s de 90 partidos pol\u00edticos, se encarga de fomentar el di\u00e1logo y la cooperaci\u00f3n entre las naciones.<\/strong><\/p>\n\n\n\n<p>El Partido Dominicanos por el Cambio (DxC), ha completado los requisitos y ha sido admitido formalmente como miembro de la prestigiosa e importante organizaci\u00f3n Internacional Dem\u00f3crata de Centro (IDC-CDI).&nbsp;<\/p>\n\n\n\n<p>Esta decisi\u00f3n fue tomada en su reuni\u00f3n del Comit\u00e9 Ejecutivo realizada en la Rep\u00fablica de Eslovenia, en donde DxC estuvo representado por Mateo Espaillat y Claudio Marte, presidente y secretario de Asuntos Internacionales, respectivamente.<\/p>\n\n\n\n<p>La IDC-CDI es una organizaci\u00f3n global de partidos de centro y centro-derecha, basada en los valores y principios cristianos del humanismo integral, actualmente presidida por Andr\u00e9s Pastrana, ex-presidente de Colombia y como Secretario General funge el eurodiputado Antonio L\u00f3pez-Ist\u00fariz. La IDC-CDI tiene&nbsp;sede en Bruselas, est\u00e1&nbsp;integrada por m\u00e1s de&nbsp;90 partidos pol\u00edticos de 73 pa\u00edses&nbsp;y de importantes l\u00edderes que se preocupan por promover los principios y valores democr\u00e1ticos.<\/p>\n\n\n\n<p>Como parte de la IDC-CDI, el Partido DxC estar\u00e1 participando de los eventos de intercambio de experiencias en los que se abordan temas como democracia, econom\u00eda de mercado, protecci\u00f3n del medio ambiente, desarrollo sostenible, educaci\u00f3n, seguridad, el respeto a los derechos humanos, entre otros.<\/p>\n\n\n\n<p>\u201cNos sentimos honrados de que el Partido Domi<a><\/a>nicanos por el Cambio, pertenezca a esta importante organizaci\u00f3n internacional que tiene prop\u00f3sitos que nosotros compartimos, principalmente trabajar por pol\u00edticas a favor de la democracia y la defensa de los derechos humanos\u201d, expres\u00f3 Eduardo Estrella, l\u00edder del DxC.<\/p>\n\n\n\n<p>Mateo Espaillat, presidente del partido DxC.&nbsp;manifest\u00f3 lo provechoso que es pertenecer a la&nbsp;IDC-CDI, que&nbsp;se&nbsp;encarga de fomentar el di\u00e1logo y la cooperaci\u00f3n entre las naciones afiliadas a la entidad, por medio de reuniones, conferencias y seminarios, as\u00ed como otras actividades que tienen como objetivo abordar temas de gran relevancia.<\/p>\n\n\n\n<p>\u201cNuestro inter\u00e9s es ser parte de la promoci\u00f3n y adopci\u00f3n de pol\u00edticas centradas en la democracia y desarrollo econ\u00f3mico sostenible e impulsar el fomento a la igualdad de oportunidades e inclusi\u00f3n social\u201d, agreg\u00f3 Espaillat.<\/p>\n\n\n\n<p>La IDC-CDI fundada en 1961, cuenta entre sus miembros con varios primeros ministros y presidentes alrededor del mundo.<\/p>\n","protected":false},"excerpt":{"rendered":"<p>La IDC-CDI est\u00e1 integrada por 73 pa\u00edses y m\u00e1s de 90 partidos pol\u00edticos, se encarga de fomentar el di\u00e1logo y la cooperaci\u00f3n entre las naciones. El Partido Dominicanos por el&hellip;<\/p>\n","protected":false},"author":2,"featured_media":55817,"comment_status":"open","ping_status":"open","sticky":false,"template":"","format":"standard","meta":{"content-type":"","jetpack_post_was_ever_published":false,"_jetpack_newsletter_access":"","_jetpack_dont_email_post_to_subs":false,"_jetpack_newsletter_tier_id":0,"_jetpack_memberships_contains_paywalled_content":false,"_jetpack_memberships_contains_paid_content":false,"footnotes":""},"categories":[25],"tags":[3182,743,5300,487,4384,1638,694],"class_list":["post-55816","post","type-post","status-publish","format-standard","has-post-thumbnail","hentry","category-portada","tag-cambio","tag-centro","tag-democrata","tag-dominicanos","tag-dxc","tag-internacional","tag-partido"],"jetpack_featured_media_url":"https:\/\/lasprimeras.com.do\/wp-content\/uploads\/2023\/07\/DxC-mienbro-del-IDC-1.jpg","jetpack-related-posts":[{"id":64818,"url":"https:\/\/lasprimeras.com.do\/index.php\/2023\/10\/23\/eduardo-estrella-dxc-multiplica-trabajos-para-lograr-victoria-en-primera-vuelta\/","url_meta":{"origin":55816,"position":0},"title":"Eduardo Estrella: \u201cDxC multiplica trabajos para lograr victoria en primera vuelta\u201d","author":"Nelson Feliz","date":"23 de octubre de 2023","format":false,"excerpt":"Presidente del partido, Mateo Espaillat, dice escogen m\u00e1s de 290 candidatos en asambleas regionales y del Consejo Ejecutivo Nacional. El Partido Dominicanos por el Cambio (DxC) sus candidatos en municipios y distritos municipales de todo el pa\u00eds, con miras a su participaci\u00f3n en las pr\u00f3ximas elecciones generales, as\u00ed como tambi\u00e9n\u2026","rel":"","context":"En \u00abSin categor\u00eda\u00bb","block_context":{"text":"Sin categor\u00eda","link":"https:\/\/lasprimeras.com.do\/index.php\/category\/sin-categoria\/"},"img":{"alt_text":"Eduardo Estrella","src":"https:\/\/i0.wp.com\/lasprimeras.com.do\/wp-content\/uploads\/2023\/10\/DxC-1.jpeg?resize=350%2C200&ssl=1","width":350,"height":200,"srcset":"https:\/\/i0.wp.com\/lasprimeras.com.do\/wp-content\/uploads\/2023\/10\/DxC-1.jpeg?resize=350%2C200&ssl=1 1x, https:\/\/i0.wp.com\/lasprimeras.com.do\/wp-content\/uploads\/2023\/10\/DxC-1.jpeg?resize=525%2C300&ssl=1 1.5x, https:\/\/i0.wp.com\/lasprimeras.com.do\/wp-content\/uploads\/2023\/10\/DxC-1.jpeg?resize=700%2C400&ssl=1 2x"},"classes":[]},{"id":78545,"url":"https:\/\/lasprimeras.com.do\/index.php\/2024\/03\/17\/dxc-juramenta-a-jorge-suero-presidente-en-cataluna\/","url_meta":{"origin":55816,"position":1},"title":"DXC juramenta a Jorge Suero presidente en Catalu\u00f1a","author":"Nelson Feliz","date":"17 de marzo de 2024","format":false,"excerpt":"BARCELONA, Espa\u00f1a.- El Partido Dominicano por el Cambio (DXC) jurament\u00f3 a Jorge Adalberto Suero como presidente de esta organizaci\u00f3n pol\u00edtica para la regi\u00f3n de Catalu\u00f1a. En la juramentaci\u00f3n participaron Frizio Burgos, presidente del DXC en Europa y Naty Nova Sierra, candidata a diputada de ultramar por el Partido Revolucionario Moderno\u2026","rel":"","context":"En \u00abSin categor\u00eda\u00bb","block_context":{"text":"Sin categor\u00eda","link":"https:\/\/lasprimeras.com.do\/index.php\/category\/sin-categoria\/"},"img":{"alt_text":"Jorge Adalberto Suero","src":"https:\/\/i0.wp.com\/lasprimeras.com.do\/wp-content\/uploads\/2024\/03\/Jorge-Adalberto-Suero-1.jpg?resize=350%2C200&ssl=1","width":350,"height":200,"srcset":"https:\/\/i0.wp.com\/lasprimeras.com.do\/wp-content\/uploads\/2024\/03\/Jorge-Adalberto-Suero-1.jpg?resize=350%2C200&ssl=1 1x, https:\/\/i0.wp.com\/lasprimeras.com.do\/wp-content\/uploads\/2024\/03\/Jorge-Adalberto-Suero-1.jpg?resize=525%2C300&ssl=1 1.5x, https:\/\/i0.wp.com\/lasprimeras.com.do\/wp-content\/uploads\/2024\/03\/Jorge-Adalberto-Suero-1.jpg?resize=700%2C400&ssl=1 2x"},"classes":[]},{"id":59536,"url":"https:\/\/lasprimeras.com.do\/index.php\/2023\/09\/05\/dxc-escoge-comision-nacional-electoral-y-aprueba-reglamento-para-escogencia-de-candidatos\/","url_meta":{"origin":55816,"position":2},"title":"DxC escoge Comisi\u00f3n Nacional Electoral y aprueba Reglamento para escogencia de candidatos","author":"Nelson Feliz","date":"5 de septiembre de 2023","format":false,"excerpt":"L\u00edder del Partido DxC, Eduardo Estrella, hizo llamado a continuar trabajando sin descanso para lograr triunfo en las elecciones de 2024. El Partido Dominicanos por el Cambio (DxC) respalda las acciones de la Junta Central Electoral (JCE) en torno a poner un alto a la campa\u00f1a electoral a destiempo que\u2026","rel":"","context":"En \u00abSin categor\u00eda\u00bb","block_context":{"text":"Sin categor\u00eda","link":"https:\/\/lasprimeras.com.do\/index.php\/category\/sin-categoria\/"},"img":{"alt_text":"Eduardo Estrella","src":"https:\/\/i0.wp.com\/lasprimeras.com.do\/wp-content\/uploads\/2023\/09\/DxC-1.jpeg?resize=350%2C200&ssl=1","width":350,"height":200,"srcset":"https:\/\/i0.wp.com\/lasprimeras.com.do\/wp-content\/uploads\/2023\/09\/DxC-1.jpeg?resize=350%2C200&ssl=1 1x, https:\/\/i0.wp.com\/lasprimeras.com.do\/wp-content\/uploads\/2023\/09\/DxC-1.jpeg?resize=525%2C300&ssl=1 1.5x, https:\/\/i0.wp.com\/lasprimeras.com.do\/wp-content\/uploads\/2023\/09\/DxC-1.jpeg?resize=700%2C400&ssl=1 2x"},"classes":[]},{"id":70313,"url":"https:\/\/lasprimeras.com.do\/index.php\/2023\/12\/10\/partido-dxc-proclama-a-luis-abinader-como-su-candidato-a-la-presidencia-2024\/","url_meta":{"origin":55816,"position":3},"title":"Partido DxC proclama a Luis Abinader como su candidato a la presidencia 2024","author":"Nelson Feliz","date":"10 de diciembre de 2023","format":false,"excerpt":"El Partido Dominicanos por el Cambio (DxC) proclam\u00f3 oficialmente a Luis Abinader Corona como su candidato a la presidencia de la Rep\u00fablica, en alianza para las elecciones del 2024. El masivo acto de proclamaci\u00f3n, estuvo encabezado por la primera dama de la Rep\u00fablica, Raquel Arbaje; Eduardo Estrella, l\u00edder pol\u00edtico de\u2026","rel":"","context":"En \u00abSin categor\u00eda\u00bb","block_context":{"text":"Sin categor\u00eda","link":"https:\/\/lasprimeras.com.do\/index.php\/category\/sin-categoria\/"},"img":{"alt_text":"Eduardo Estrella","src":"https:\/\/i0.wp.com\/lasprimeras.com.do\/wp-content\/uploads\/2023\/12\/Proclamacion-Luis-Abinader.jpg?resize=350%2C200&ssl=1","width":350,"height":200,"srcset":"https:\/\/i0.wp.com\/lasprimeras.com.do\/wp-content\/uploads\/2023\/12\/Proclamacion-Luis-Abinader.jpg?resize=350%2C200&ssl=1 1x, https:\/\/i0.wp.com\/lasprimeras.com.do\/wp-content\/uploads\/2023\/12\/Proclamacion-Luis-Abinader.jpg?resize=525%2C300&ssl=1 1.5x, https:\/\/i0.wp.com\/lasprimeras.com.do\/wp-content\/uploads\/2023\/12\/Proclamacion-Luis-Abinader.jpg?resize=700%2C400&ssl=1 2x"},"classes":[]},{"id":54116,"url":"https:\/\/lasprimeras.com.do\/index.php\/2023\/07\/07\/dxc-participa-en-la-recogida-de-desechos-solidos-alrededor-del-rio-yaque-del-norte\/","url_meta":{"origin":55816,"position":4},"title":"DxC participa en la recogida de desechos s\u00f3lidos alrededor del R\u00edo Yaque del Norte","author":"Nelson Feliz","date":"7 de julio de 2023","format":false,"excerpt":"La Secretar\u00eda Nacional de Medio Ambiente del Partido Dominicanos por el Cambio (DxC), junto a organizaciones medioambientales y la Recicladora Tropical, se unieron para una campa\u00f1a de recogida de desechos s\u00f3lidos cercanos al R\u00edo Yaque del Norte. Esta iniciativa llamada \u201cYaque Fest\u201d, uni\u00f3 a decenas de j\u00f3venes y p\u00fablico general\u2026","rel":"","context":"En \u00abNACIONALES\u00bb","block_context":{"text":"NACIONALES","link":"https:\/\/lasprimeras.com.do\/index.php\/category\/nacionales\/"},"img":{"alt_text":"J\u00f3venes del Partido DxC en jornada de recogida de basura.","src":"https:\/\/i0.wp.com\/lasprimeras.com.do\/wp-content\/uploads\/2023\/07\/Jovenes-del-Partido-DxC-en-jornada-de-recogida-de-basura.jpg?resize=350%2C200&ssl=1","width":350,"height":200,"srcset":"https:\/\/i0.wp.com\/lasprimeras.com.do\/wp-content\/uploads\/2023\/07\/Jovenes-del-Partido-DxC-en-jornada-de-recogida-de-basura.jpg?resize=350%2C200&ssl=1 1x, https:\/\/i0.wp.com\/lasprimeras.com.do\/wp-content\/uploads\/2023\/07\/Jovenes-del-Partido-DxC-en-jornada-de-recogida-de-basura.jpg?resize=525%2C300&ssl=1 1.5x, https:\/\/i0.wp.com\/lasprimeras.com.do\/wp-content\/uploads\/2023\/07\/Jovenes-del-Partido-DxC-en-jornada-de-recogida-de-basura.jpg?resize=700%2C400&ssl=1 2x"},"classes":[]},{"id":79261,"url":"https:\/\/lasprimeras.com.do\/index.php\/2024\/03\/25\/jce-publica-resolucion-con-las-alianzas-aprobadas-para-las-elecciones-de-mayo\/","url_meta":{"origin":55816,"position":5},"title":"JCE publica resoluci\u00f3n con las alianzas aprobadas para las elecciones de mayo","author":"BIMARY DE JES\u00daS Matos","date":"25 de marzo de 2024","format":false,"excerpt":"Santo Domingo.-Ante las expectativas surgidas por las declaraciones del dirigente pelede\u00edsta Francisco Javier Garc\u00eda de que, este lunes, la alianza opositora \u201cRescate RD\u201d, conformada por los partidos Revolucionario Dominicano (PRD), de la Liberaci\u00f3n Dominicana (PLD) y Fuerza del Pueblo (FP), anunciar\u00e1 nuevos acuerdos, esto es lo que ha aprobado la\u2026","rel":"","context":"En \u00abSin categor\u00eda\u00bb","block_context":{"text":"Sin categor\u00eda","link":"https:\/\/lasprimeras.com.do\/index.php\/category\/sin-categoria\/"},"img":{"alt_text":"","src":"https:\/\/i0.wp.com\/lasprimeras.com.do\/wp-content\/uploads\/2024\/03\/1-millon-de-jovenes-votaran-en-las-elecciones-municipales-2-7.jpg?resize=350%2C200&ssl=1","width":350,"height":200,"srcset":"https:\/\/i0.wp.com\/lasprimeras.com.do\/wp-content\/uploads\/2024\/03\/1-millon-de-jovenes-votaran-en-las-elecciones-municipales-2-7.jpg?resize=350%2C200&ssl=1 1x, https:\/\/i0.wp.com\/lasprimeras.com.do\/wp-content\/uploads\/2024\/03\/1-millon-de-jovenes-votaran-en-las-elecciones-municipales-2-7.jpg?resize=525%2C300&ssl=1 1.5x, https:\/\/i0.wp.com\/lasprimeras.com.do\/wp-content\/uploads\/2024\/03\/1-millon-de-jovenes-votaran-en-las-elecciones-municipales-2-7.jpg?resize=700%2C400&ssl=1 2x"},"classes":[]}],"jetpack_sharing_enabled":true,"_links":{"self":[{"href":"https:\/\/lasprimeras.com.do\/index.php\/wp-json\/wp\/v2\/posts\/55816","targetHints":{"allow":["GET"]}}],"collection":[{"href":"https:\/\/lasprimeras.com.do\/index.php\/wp-json\/wp\/v2\/posts"}],"about":[{"href":"https:\/\/lasprimeras.com.do\/index.php\/wp-json\/wp\/v2\/types\/post"}],"author":[{"embeddable":true,"href":"https:\/\/lasprimeras.com.do\/index.php\/wp-json\/wp\/v2\/users\/2"}],"replies":[{"embeddable":true,"href":"https:\/\/lasprimeras.com.do\/index.php\/wp-json\/wp\/v2\/comments?post=55816"}],"version-history":[{"count":1,"href":"https:\/\/lasprimeras.com.do\/index.php\/wp-json\/wp\/v2\/posts\/55816\/revisions"}],"predecessor-version":[{"id":55818,"href":"https:\/\/lasprimeras.com.do\/index.php\/wp-json\/wp\/v2\/posts\/55816\/revisions\/55818"}],"wp:featuredmedia":[{"embeddable":true,"href":"https:\/\/lasprimeras.com.do\/index.php\/wp-json\/wp\/v2\/media\/55817"}],"wp:attachment":[{"href":"https:\/\/lasprimeras.com.do\/index.php\/wp-json\/wp\/v2\/media?parent=55816"}],"wp:term":[{"taxonomy":"category","embeddable":true,"href":"https:\/\/lasprimeras.com.do\/index.php\/wp-json\/wp\/v2\/categories?post=55816"},{"taxonomy":"post_tag","embeddable":true,"href":"https:\/\/lasprimeras.com.do\/index.php\/wp-json\/wp\/v2\/tags?post=55816"}],"curies":[{"name":"wp","href":"https:\/\/api.w.org\/{rel}","templated":true}]}}