{"id":55825,"date":"2023-07-25T20:06:56","date_gmt":"2023-07-26T00:06:56","guid":{"rendered":"https:\/\/lasprimeras.com.do\/?p=55825"},"modified":"2023-07-25T20:06:57","modified_gmt":"2023-07-26T00:06:57","slug":"presidente-abinader-reforma-de-la-policia-ya-no-tiene-retorno-y-avanza-segun-lo-programado","status":"publish","type":"post","link":"https:\/\/lasprimeras.com.do\/index.php\/2023\/07\/25\/presidente-abinader-reforma-de-la-policia-ya-no-tiene-retorno-y-avanza-segun-lo-programado\/","title":{"rendered":"Presidente Abinader: Reforma de la Polic\u00eda ya no tiene retorno y avanza, seg\u00fan lo programado"},"content":{"rendered":"\n<p><strong>Mandatario inaugura el nuevo edificio del Instituto Policial construido a un costo de 156 millones de pesos y beneficiar\u00e1 de a m\u00e1s de 37 mil miembros activos de la Polic\u00eda Nacional.<\/strong><\/p>\n\n\n\n<p>El presidente Luis Abinader entreg\u00f3 este martes el nuevo y moderno edificio que aloja el Instituto Policial de Educaci\u00f3n Superior (IPES), donde afirm\u00f3 que la reforma de la Polic\u00eda Nacional ya no tiene retorno y est\u00e1 en un camino exitoso.<\/p>\n\n\n\n<p>&#8220;La reforma de la polic\u00eda ya no tiene retorno, la reforma de la polic\u00eda est\u00e1 en un camino exitoso, donde todav\u00eda tiene que enfrentar much\u00edsimos problemas y much\u00edsimas situaciones, pero la polic\u00eda de hoy es muy superior a la polic\u00eda que nosotros encontramos cuando llegamos al gobierno&#8221;, resalt\u00f3 el mandatario.<\/p>\n\n\n\n<p>El presidente Abinader insisti\u00f3 que la reforma de la polic\u00eda avanza todos los d\u00edas y que cada paso de avance es mayor que los anteriores.<\/p>\n\n\n\n<figure class=\"wp-block-image size-full is-resized\"><img decoding=\"async\" src=\"https:\/\/lasprimeras.com.do\/wp-content\/uploads\/2023\/07\/Luis-Abinader-3-1.jpg\" alt=\"\" class=\"wp-image-55827\" width=\"838\" height=\"558\" srcset=\"https:\/\/lasprimeras.com.do\/wp-content\/uploads\/2023\/07\/Luis-Abinader-3-1.jpg 700w, https:\/\/lasprimeras.com.do\/wp-content\/uploads\/2023\/07\/Luis-Abinader-3-1-300x200.jpg 300w\" sizes=\"(max-width: 838px) 100vw, 838px\" \/><\/figure>\n\n\n\n<p>El jefe de Estado reconoci\u00f3 que las reformas en ninguna instituci\u00f3n son f\u00e1ciles porque como su significado lo indica es cambiar, es hacer las cosas diferentes, es hacerlo de la manera en que los t\u00e9cnicos y los especialista indican de tal manera que d\u00e9 el resultado.<\/p>\n\n\n\n<figure class=\"wp-block-image size-full is-resized\"><img decoding=\"async\" src=\"https:\/\/lasprimeras.com.do\/wp-content\/uploads\/2023\/07\/Luis-Abinader-4-1.jpg\" alt=\"\" class=\"wp-image-55828\" width=\"836\" height=\"619\" srcset=\"https:\/\/lasprimeras.com.do\/wp-content\/uploads\/2023\/07\/Luis-Abinader-4-1.jpg 700w, https:\/\/lasprimeras.com.do\/wp-content\/uploads\/2023\/07\/Luis-Abinader-4-1-300x222.jpg 300w\" sizes=\"(max-width: 836px) 100vw, 836px\" \/><\/figure>\n\n\n\n<p>Sin embargo, dijo, con la reforma la polic\u00eda completa buscan para dignificar la instituci\u00f3n, reformando los seres humanos, reeducando a gente buena, preparada, polic\u00edas que est\u00e1n entregando su vida para mantener la seguridad ciudadana y en la cual han necesitado como lo han recibido en este gobierno, una mayor educaci\u00f3n para que se protejan ellos y tambi\u00e9n al pa\u00eds de la mejor manera.<\/p>\n\n\n\n<p>Indic\u00f3 que en este proceso se est\u00e1n mejorando las instalaciones de entrenamiento y cit\u00f3 como referencia la nueva de R\u00edo San Juan, que dijo, ser\u00e1 modelo de centroam\u00e9rica.<\/p>\n\n\n\n<p>El gobernante enfatiz\u00f3 que la reforma de la Polic\u00eda Nacional est\u00e1 en proceso, pero aclar\u00f3, va a ser un proceso continuo y de muchos a\u00f1os. <\/p>\n\n\n\n<p>&#8220;Esto no significa para aquellos que hacen apuntes, de que ya todo est\u00e1 bien, de que no van a haber problemas, significa que estamos en el proceso de reforma y estamos en la direcci\u00f3n correcta y que vamos a ir perfeccionando cada d\u00eda&#8221;, asegur\u00f3 Abinader.<\/p>\n\n\n\n<p>Y agreg\u00f3: &#8220;Eso es lo que significa, que tenemos ya una instituci\u00f3n que cada d\u00eda m\u00e1s ustedes se pueden sentir orgullosos y orgullosas de ella y repito, si hay un legado que quiero dejar en el gobierno, es esa consolidaci\u00f3n de la reformas de la reforma policial porque con una instituci\u00f3n policial fuerte es una instituci\u00f3n realmente que vamos a tener mucho mejor calidad de vida y el pa\u00eds avanza&#8221;.<\/p>\n\n\n\n<p>La nueva edificaci\u00f3n que se ejecut\u00f3 como parte de la Reforma Educativa Policial, a trav\u00e9s del Ministerio de Obras P\u00fablicas con un monto de unos RD$156 millones de pesos, beneficiar\u00e1 de manera directa a m\u00e1s de 37 mil miembros activos de la Polic\u00eda Nacional y se traduce en una muestra de los cambios palpables de la reforma educativa policial.<\/p>\n","protected":false},"excerpt":{"rendered":"<p>Mandatario inaugura el nuevo edificio del Instituto Policial construido a un costo de 156 millones de pesos y beneficiar\u00e1 de a m\u00e1s de 37 mil miembros activos de la Polic\u00eda&hellip;<\/p>\n","protected":false},"author":2,"featured_media":55826,"comment_status":"open","ping_status":"open","sticky":false,"template":"","format":"standard","meta":{"content-type":"","jetpack_post_was_ever_published":false,"_jetpack_newsletter_access":"","_jetpack_dont_email_post_to_subs":false,"_jetpack_newsletter_tier_id":0,"_jetpack_memberships_contains_paywalled_content":false,"_jetpack_memberships_contains_paid_content":false,"footnotes":""},"categories":[39,25],"tags":[609,67,1157,5305,820,4430],"class_list":["post-55825","post","type-post","status-publish","format-standard","has-post-thumbnail","hentry","category-economia","category-portada","tag-avanza","tag-luis-abinader","tag-policia-nacional","tag-programado","tag-reforma","tag-retorno"],"jetpack_featured_media_url":"https:\/\/lasprimeras.com.do\/wp-content\/uploads\/2023\/07\/IPES.jpg","jetpack-related-posts":[{"id":100195,"url":"https:\/\/lasprimeras.com.do\/index.php\/2025\/06\/03\/gobierno-pone-en-marcha-nuevo-modelo-de-patrullaje-y-servicio-policial-en-el-gran-santo-domingo\/","url_meta":{"origin":55825,"position":0},"title":"Gobierno pone en marcha nuevo modelo de patrullaje y servicio policial en el Gran Santo Domingo","author":"Nelson Feliz","date":"3 de junio de 2025","format":false,"excerpt":"Presidente Abinader encabeza integraci\u00f3n de m\u00e1s de 1,100 polic\u00edas al nuevo modelo de servicio y patrullaje en fase piloto. El presidente de la Rep\u00fablica, Luis Abinader lanz\u00f3 este lunes el \u201cNuevo Modelo de Servicio y Patrullaje Policial\u201d en varios sectores del Gran Santo Domingo, una estrategia que busca fortalecer la\u2026","rel":"","context":"En \u00abNACIONALES\u00bb","block_context":{"text":"NACIONALES","link":"https:\/\/lasprimeras.com.do\/index.php\/category\/nacionales\/"},"img":{"alt_text":"","src":"https:\/\/i0.wp.com\/lasprimeras.com.do\/wp-content\/uploads\/2025\/06\/patrullaje-en-fase-piloto.jpg?resize=350%2C200&ssl=1","width":350,"height":200,"srcset":"https:\/\/i0.wp.com\/lasprimeras.com.do\/wp-content\/uploads\/2025\/06\/patrullaje-en-fase-piloto.jpg?resize=350%2C200&ssl=1 1x, https:\/\/i0.wp.com\/lasprimeras.com.do\/wp-content\/uploads\/2025\/06\/patrullaje-en-fase-piloto.jpg?resize=525%2C300&ssl=1 1.5x, https:\/\/i0.wp.com\/lasprimeras.com.do\/wp-content\/uploads\/2025\/06\/patrullaje-en-fase-piloto.jpg?resize=700%2C400&ssl=1 2x"},"classes":[]},{"id":117414,"url":"https:\/\/lasprimeras.com.do\/index.php\/2025\/12\/10\/abinader-encabeza-graduacion-de-64-nuevos-cadetes-de-la-policia-nacional\/","url_meta":{"origin":55825,"position":1},"title":"Abinader encabeza graduaci\u00f3n de 64 nuevos cadetes de la Polic\u00eda Nacional","author":"Nelson Feliz","date":"10 de diciembre de 2025","format":false,"excerpt":"Director de la Escuela para Cadetes, coronel Julio Enmanuel Valenzuela Pe\u00f1a, reconoci\u00f3 el respaldo firme del presidente Abinader a la reforma y modernizaci\u00f3n de la Polic\u00eda Nacional, destacando que su visi\u00f3n y acompa\u00f1amiento han fortalecido la formaci\u00f3n, renovado procesos institucionales y elevado los est\u00e1ndares \u00e9ticos y profesionales de los futuros\u2026","rel":"","context":"En \u00abNACIONALES\u00bb","block_context":{"text":"NACIONALES","link":"https:\/\/lasprimeras.com.do\/index.php\/category\/nacionales\/"},"img":{"alt_text":"","src":"https:\/\/i0.wp.com\/lasprimeras.com.do\/wp-content\/uploads\/2025\/12\/Luis.jpg?resize=350%2C200&ssl=1","width":350,"height":200,"srcset":"https:\/\/i0.wp.com\/lasprimeras.com.do\/wp-content\/uploads\/2025\/12\/Luis.jpg?resize=350%2C200&ssl=1 1x, https:\/\/i0.wp.com\/lasprimeras.com.do\/wp-content\/uploads\/2025\/12\/Luis.jpg?resize=525%2C300&ssl=1 1.5x, https:\/\/i0.wp.com\/lasprimeras.com.do\/wp-content\/uploads\/2025\/12\/Luis.jpg?resize=700%2C400&ssl=1 2x"},"classes":[]},{"id":120076,"url":"https:\/\/lasprimeras.com.do\/index.php\/2026\/01\/20\/1100-mujeres-ingresan-como-aspirantes-a-policias\/","url_meta":{"origin":55825,"position":2},"title":"1,100 mujeres ingresan como aspirantes a polic\u00edas","author":"Nelson Feliz","date":"20 de enero de 2026","format":false,"excerpt":"Un total de 1,100 mujeres aspirantes a polic\u00edas ingresaron a la Escuela de Entrenamiento Policial Mayor General Eulogio Benito Monci\u00f3n Leonardo, marcando un hito hist\u00f3rico en el fortalecimiento institucional y la equidad de g\u00e9nero dentro de la entidad. La ceremonia de incorporaci\u00f3n fue presidida por el general Esteban Figuereo Garc\u00eda,\u2026","rel":"","context":"En \u00abMILITARES\u00bb","block_context":{"text":"MILITARES","link":"https:\/\/lasprimeras.com.do\/index.php\/category\/militares\/"},"img":{"alt_text":"","src":"https:\/\/i0.wp.com\/lasprimeras.com.do\/wp-content\/uploads\/2026\/01\/Policias.jpg?resize=350%2C200&ssl=1","width":350,"height":200,"srcset":"https:\/\/i0.wp.com\/lasprimeras.com.do\/wp-content\/uploads\/2026\/01\/Policias.jpg?resize=350%2C200&ssl=1 1x, https:\/\/i0.wp.com\/lasprimeras.com.do\/wp-content\/uploads\/2026\/01\/Policias.jpg?resize=525%2C300&ssl=1 1.5x, https:\/\/i0.wp.com\/lasprimeras.com.do\/wp-content\/uploads\/2026\/01\/Policias.jpg?resize=700%2C400&ssl=1 2x"},"classes":[]},{"id":103567,"url":"https:\/\/lasprimeras.com.do\/index.php\/2025\/07\/16\/abinader-dice-sometera-nueva-ley-organica-de-la-policia-nacional-el-16-de-agosto\/","url_meta":{"origin":55825,"position":3},"title":"Abinader dice someter\u00e1 nueva ley org\u00e1nica de la Polic\u00eda Nacional el 16 de agosto","author":"Nelson Feliz","date":"16 de julio de 2025","format":false,"excerpt":"El gobernante asegur\u00f3 que esa nueva ley ser\u00e1 la base jur\u00eddica para avanzar en los cambios estructurales que demanda el cuerpo del orden. El presidente Luis Abinader anunci\u00f3 este mi\u00e9rcoles que trabajan en la elaboraci\u00f3n de una nueva ley org\u00e1nica de la Polic\u00eda Nacional, que pretende presentar el pr\u00f3ximo 16\u2026","rel":"","context":"En \u00abNACIONALES\u00bb","block_context":{"text":"NACIONALES","link":"https:\/\/lasprimeras.com.do\/index.php\/category\/nacionales\/"},"img":{"alt_text":"","src":"https:\/\/i0.wp.com\/lasprimeras.com.do\/wp-content\/uploads\/2025\/07\/Luis-Abinader-2-1.jpg?resize=350%2C200&ssl=1","width":350,"height":200,"srcset":"https:\/\/i0.wp.com\/lasprimeras.com.do\/wp-content\/uploads\/2025\/07\/Luis-Abinader-2-1.jpg?resize=350%2C200&ssl=1 1x, https:\/\/i0.wp.com\/lasprimeras.com.do\/wp-content\/uploads\/2025\/07\/Luis-Abinader-2-1.jpg?resize=525%2C300&ssl=1 1.5x, https:\/\/i0.wp.com\/lasprimeras.com.do\/wp-content\/uploads\/2025\/07\/Luis-Abinader-2-1.jpg?resize=700%2C400&ssl=1 2x"},"classes":[]},{"id":109029,"url":"https:\/\/lasprimeras.com.do\/index.php\/2025\/09\/12\/certifican-a-40-agentes-de-la-policia-nacional-como-analistas-estrategicos-en-seguridad-ciudadana\/","url_meta":{"origin":55825,"position":4},"title":"Certifican a 40 agentes de la Polic\u00eda Nacional como analistas estrat\u00e9gicos en seguridad ciudadana","author":"Nelson Feliz","date":"12 de septiembre de 2025","format":false,"excerpt":"El Instituto Policial de Educaci\u00f3n Superior (IPES), certific\u00f3 a 40 agentes policiales como analistas estrat\u00e9gicos en seguridad ciudadana, que participaron en el curso b\u00e1sico en \"An\u00e1lisis y Planeaci\u00f3n Operativa de Servicio de Polic\u00eda (CEPOL), a traves del cual fortalecieron sus capacidades institucionales en materia de prevenci\u00f3n, planificaci\u00f3n y toma de\u2026","rel":"","context":"En \u00abMILITARES\u00bb","block_context":{"text":"MILITARES","link":"https:\/\/lasprimeras.com.do\/index.php\/category\/militares\/"},"img":{"alt_text":"","src":"https:\/\/i0.wp.com\/lasprimeras.com.do\/wp-content\/uploads\/2025\/09\/PN.jpg?resize=350%2C200&ssl=1","width":350,"height":200,"srcset":"https:\/\/i0.wp.com\/lasprimeras.com.do\/wp-content\/uploads\/2025\/09\/PN.jpg?resize=350%2C200&ssl=1 1x, https:\/\/i0.wp.com\/lasprimeras.com.do\/wp-content\/uploads\/2025\/09\/PN.jpg?resize=525%2C300&ssl=1 1.5x, https:\/\/i0.wp.com\/lasprimeras.com.do\/wp-content\/uploads\/2025\/09\/PN.jpg?resize=700%2C400&ssl=1 2x"},"classes":[]},{"id":63285,"url":"https:\/\/lasprimeras.com.do\/index.php\/2023\/10\/11\/abinader-deja-inaugurado-importante-centro-de-entrenamiento-policial\/","url_meta":{"origin":55825,"position":5},"title":"Abinader deja inaugurado importante Centro de Entrenamiento Policial.","author":"Nelson Feliz","date":"11 de octubre de 2023","format":false,"excerpt":"Mandatario asegura evoluci\u00f3n educativa de la PN est\u00e1 dando pasos agigantados y, se est\u00e1n viendo sus frutos, con la apertura del centro. El presidente Luis Abinader inaugur\u00f3 este mi\u00e9rcoles el nuevo Centro de Entrenamiento Policial en este municipio, que servir\u00e1 para el entrenamiento y capacitaci\u00f3n de unos 3 mil nuevos\u2026","rel":"","context":"En \u00abMILITARES\u00bb","block_context":{"text":"MILITARES","link":"https:\/\/lasprimeras.com.do\/index.php\/category\/militares\/"},"img":{"alt_text":"Luis Abinader","src":"https:\/\/i0.wp.com\/lasprimeras.com.do\/wp-content\/uploads\/2023\/10\/Luis-Abinader-2-1.jpg?resize=350%2C200&ssl=1","width":350,"height":200,"srcset":"https:\/\/i0.wp.com\/lasprimeras.com.do\/wp-content\/uploads\/2023\/10\/Luis-Abinader-2-1.jpg?resize=350%2C200&ssl=1 1x, https:\/\/i0.wp.com\/lasprimeras.com.do\/wp-content\/uploads\/2023\/10\/Luis-Abinader-2-1.jpg?resize=525%2C300&ssl=1 1.5x"},"classes":[]}],"jetpack_sharing_enabled":true,"_links":{"self":[{"href":"https:\/\/lasprimeras.com.do\/index.php\/wp-json\/wp\/v2\/posts\/55825","targetHints":{"allow":["GET"]}}],"collection":[{"href":"https:\/\/lasprimeras.com.do\/index.php\/wp-json\/wp\/v2\/posts"}],"about":[{"href":"https:\/\/lasprimeras.com.do\/index.php\/wp-json\/wp\/v2\/types\/post"}],"author":[{"embeddable":true,"href":"https:\/\/lasprimeras.com.do\/index.php\/wp-json\/wp\/v2\/users\/2"}],"replies":[{"embeddable":true,"href":"https:\/\/lasprimeras.com.do\/index.php\/wp-json\/wp\/v2\/comments?post=55825"}],"version-history":[{"count":1,"href":"https:\/\/lasprimeras.com.do\/index.php\/wp-json\/wp\/v2\/posts\/55825\/revisions"}],"predecessor-version":[{"id":55829,"href":"https:\/\/lasprimeras.com.do\/index.php\/wp-json\/wp\/v2\/posts\/55825\/revisions\/55829"}],"wp:featuredmedia":[{"embeddable":true,"href":"https:\/\/lasprimeras.com.do\/index.php\/wp-json\/wp\/v2\/media\/55826"}],"wp:attachment":[{"href":"https:\/\/lasprimeras.com.do\/index.php\/wp-json\/wp\/v2\/media?parent=55825"}],"wp:term":[{"taxonomy":"category","embeddable":true,"href":"https:\/\/lasprimeras.com.do\/index.php\/wp-json\/wp\/v2\/categories?post=55825"},{"taxonomy":"post_tag","embeddable":true,"href":"https:\/\/lasprimeras.com.do\/index.php\/wp-json\/wp\/v2\/tags?post=55825"}],"curies":[{"name":"wp","href":"https:\/\/api.w.org\/{rel}","templated":true}]}}