{"id":55830,"date":"2023-07-25T20:37:14","date_gmt":"2023-07-26T00:37:14","guid":{"rendered":"https:\/\/lasprimeras.com.do\/?p=55830"},"modified":"2023-07-25T20:37:16","modified_gmt":"2023-07-26T00:37:16","slug":"gobierno-deshumanizado-que-mantiene-al-pueblo-comiendo-chin-y-caro","status":"publish","type":"post","link":"https:\/\/lasprimeras.com.do\/index.php\/2023\/07\/25\/gobierno-deshumanizado-que-mantiene-al-pueblo-comiendo-chin-y-caro\/","title":{"rendered":"Gobierno deshumanizado que mantiene al pueblo comiendo chin y caro"},"content":{"rendered":"\n<p><strong>El PLD se solidariza con el pueblo dominicano, ante la nueva embestida del Presidente Abinader y del Gobierno del PRM.<\/strong><\/p>\n\n\n\n<p>El Partido de la Liberaci\u00f3n Dominicana (PLD) le reproch\u00f3 al Gobierno y al Presidente de la Rep\u00fablica, Luis Abinader, que llame \u201cMENTIRA\u00bb a la realidad que hoy padece la poblaci\u00f3n, situaci\u00f3n que se explica por las erradas pol\u00edticas de la actual administraci\u00f3n, que han provocado un aumento desproporcionado de los precios de principales productos de la canasta familiar.<\/p>\n\n\n\n<p>En rueda de prensa el Gabinete T\u00e9cnico del PLD, que este martes abord\u00f3 el tema de la carest\u00eda de los alimentos y la prevalencia del hambre en la Rep\u00fablica Dominicana, seg\u00fan datos de la Organizaci\u00f3n de las Naciones Unidas para la Alimentaci\u00f3n y la Agricultura (FAO, por sus siglas en ingl\u00e9s), enumer\u00f3 lo que llama \u201cmentiras del Gobierno\u201d.<\/p>\n\n\n\n<p>Winston Marte, experto agropecuario, miembro del Comit\u00e9 Central pelede\u00edsta, junto a Carlos Segura Foster, Olgo Fern\u00e1ndez, Geovanny Arias y Winston Santos, denunci\u00f3 la situaci\u00f3n de calamidad de la poblaci\u00f3n por las erradas pol\u00edticas de la actual administraci\u00f3n.<\/p>\n\n\n\n<p>\u201cLa verdad es que el Gobierno miente. La realidad es que el pueblo sufre\u00bb, dice el Partido de la Liberaci\u00f3n Dominicana, citando a la FAO que demostr\u00f3 en un reciente informe que aument\u00f3 a 6.3% la prevalencia del hambre en la Rep\u00fablica Dominicana.<\/p>\n\n\n\n<p>\u201cEsto quiere decir que en el gobierno del PRM, los dominicanos est\u00e1n consumiendo 67% menos prote\u00edna que antes\u201d, afirma el Gabinete t\u00e9cnico del PLD en la exposici\u00f3n realizada por Winston Marte con el respaldo de un documento que copiamos a continuaci\u00f3n:<\/p>\n\n\n\n<hr class=\"wp-block-separator has-alpha-channel-opacity\"\/>\n\n\n\n<p>PARTIDO DE LA LIBERACI\u00d3N DOMINICANA<\/p>\n\n\n\n<p>\u201cServir al Partido para Servir al Pueblo\u201d<\/p>\n\n\n\n<p>PLD enumera mentiras del Gobierno; evidencia con datos aumento canasta familiar<\/p>\n\n\n\n<p>El Partido de la Liberaci\u00f3n Dominicana (PLD) se solidariza con el pueblo dominicano, ante la nueva embestida del Presidente y del Gobierno del PRM.<\/p>\n\n\n\n<p>Condenamos de manera en\u00e9rgica que el Gobierno llame \u00abMENTIRA\u00bb a la realidad que hoy padece la poblaci\u00f3n, por las erradas pol\u00edticas de la actual administraci\u00f3n, que han provocado un aumento desproporcionado de los principales productos de la canasta familiar.<\/p>\n\n\n\n<p>Adem\u00e1s del pueblo, el Gobierno tendr\u00e1 que acusar de mentirosa a la Organizaci\u00f3n de las Naciones Unidas para la Alimentaci\u00f3n y la Agricultura (FAO, por sus siglas en ingl\u00e9s), entidad que demostr\u00f3 en un reciente informe que aument\u00f3 a 6.3% la prevalencia del hambre en la Rep\u00fablica Dominicana.<\/p>\n\n\n\n<p>El Gobierno del PRM llama mentirosas a las amas de casa que hoy compran a 40 pesos el arroz que compraban a 26; que compraban las habichuelas rojas a 57 pesos la libra y hoy, si no dan 91 pesos, no las consiguen en ning\u00fan colmado.<\/p>\n\n\n\n<p>Acusa el Gobierno de mentirosas a las madres solteras que compran el litro de leche l\u00edquida para sus hijos a 75 pesos. Antes, la adquir\u00edan a 55 pesos.<\/p>\n\n\n\n<p>Tilda el Presidente de mentirosa a la familia dominicana que hoy compra la libra de yuca a 35, y antes la adquir\u00eda a 15 pesos. La carne de cerdo pas\u00f3 de 86 a 152 pesos.<\/p>\n\n\n\n<p>El Gobierno del PRM acusa de mentiroso al pueblo que hoy compra la libra de pollo entre 81 y 100 pesos, y que antes la consegu\u00eda a 55. El huevo pas\u00f3 de 5 a 8 pesos.<\/p>\n\n\n\n<p>Ante esta realidad, de mentiras del Gobierno y calamidad del pueblo, recordamos las verdades que sabe y recuerda la familia dominicana:<\/p>\n\n\n\n<p>En los gobiernos del PLD, se redujo en 1.5 millones el n\u00famero de personas que sufr\u00edan hambre.<\/p>\n\n\n\n<p>El suministro de prote\u00ednas, seg\u00fan lo dice la FAO, cay\u00f3 de 68.3 gramos por persona por d\u00eda en el 2020 a 22.4 gramos por persona por d\u00eda en el a\u00f1o 2022.<\/p>\n\n\n\n<p>Esto quiere decir que en el gobierno del PRM, los dominicanos est\u00e1n consumiendo 67% menos prote\u00edna que antes.<\/p>\n\n\n\n<p>Contrario al presente Gobierno, el PLD dise\u00f1\u00f3 y ejecut\u00f3 pol\u00edticas p\u00fablicas como las Visita Sorpresas, democratizaci\u00f3n del cr\u00e9dito agropecuario, introducci\u00f3n de tecnolog\u00edas, titulaci\u00f3n de terrenos del Estado, asistencia t\u00e9cnica en el campo, seguro agropecuario, reparaci\u00f3n de caminos interparcelarios, construcci\u00f3n y reconstrucci\u00f3n de canales de riego, la construcci\u00f3n de presas y la sanidad e inocuidad agropecuaria.<\/p>\n\n\n\n<p>La VERDAD es que el Gobierno MIENTE. La REALIDAD es que el pueblo sufre.<\/p>\n\n\n\n<p>Todo lo anterior se reduce en CARI\u00d1O AL PUEBLO versus DESPRECIO.<\/p>\n\n\n\n<p>El PLD, como siempre, acompa\u00f1a al pueblo dominicano en su lucha contra el Gobierno deshumano, que lo mantiene comiendo chin y caro.<\/p>\n","protected":false},"excerpt":{"rendered":"<p>El PLD se solidariza con el pueblo dominicano, ante la nueva embestida del Presidente Abinader y del Gobierno del PRM. El Partido de la Liberaci\u00f3n Dominicana (PLD) le reproch\u00f3 al&hellip;<\/p>\n","protected":false},"author":2,"featured_media":55831,"comment_status":"open","ping_status":"open","sticky":false,"template":"","format":"standard","meta":{"content-type":"","jetpack_post_was_ever_published":false,"_jetpack_newsletter_access":"","_jetpack_dont_email_post_to_subs":false,"_jetpack_newsletter_tier_id":0,"_jetpack_memberships_contains_paywalled_content":false,"_jetpack_memberships_contains_paid_content":false,"footnotes":""},"categories":[25],"tags":[5306,171,269,31,1379],"class_list":["post-55830","post","type-post","status-publish","format-standard","has-post-thumbnail","hentry","category-portada","tag-deshumanizado","tag-gobierno","tag-pld","tag-prm","tag-pueblo"],"jetpack_featured_media_url":"https:\/\/lasprimeras.com.do\/wp-content\/uploads\/2023\/07\/PLD-1.jpeg","jetpack-related-posts":[{"id":119101,"url":"https:\/\/lasprimeras.com.do\/index.php\/2026\/01\/07\/gustavo-guzman-el-prm-defraudo-al-pueblo-dominicano\/","url_meta":{"origin":55830,"position":0},"title":"Gustavo Guzm\u00e1n : El PRM defraud\u00f3 al pueblo dominicano","author":"Nelson Feliz","date":"7 de enero de 2026","format":false,"excerpt":"Gustavo Guzm\u00e1n","rel":"","context":"En \u00abPOLITICA\u00bb","block_context":{"text":"POLITICA","link":"https:\/\/lasprimeras.com.do\/index.php\/category\/politica\/"},"img":{"alt_text":"","src":"https:\/\/i0.wp.com\/lasprimeras.com.do\/wp-content\/uploads\/2026\/01\/Gustavo-Guzman.jpg?resize=350%2C200&ssl=1","width":350,"height":200,"srcset":"https:\/\/i0.wp.com\/lasprimeras.com.do\/wp-content\/uploads\/2026\/01\/Gustavo-Guzman.jpg?resize=350%2C200&ssl=1 1x, https:\/\/i0.wp.com\/lasprimeras.com.do\/wp-content\/uploads\/2026\/01\/Gustavo-Guzman.jpg?resize=525%2C300&ssl=1 1.5x, https:\/\/i0.wp.com\/lasprimeras.com.do\/wp-content\/uploads\/2026\/01\/Gustavo-Guzman.jpg?resize=700%2C400&ssl=1 2x"},"classes":[]},{"id":106814,"url":"https:\/\/lasprimeras.com.do\/index.php\/2025\/08\/19\/ivan-lorenzo-abinader-debe-pedir-perdon-al-pld-y-al-pueblo-desde-un-furgon-escolar\/","url_meta":{"origin":55830,"position":1},"title":"Iv\u00e1n Lorenzo: \u201cAbinader debe pedir perd\u00f3n al PLD y al pueblo desde un furg\u00f3n escolar\u201d","author":"Nelson Feliz","date":"19 de agosto de 2025","format":false,"excerpt":"El vicepresidente del Partido de la Liberaci\u00f3n Dominicana (PLD) y exsenador Iv\u00e1n Lorenzo afirm\u00f3 este martes que el presidente Luis Abinader deber\u00eda iniciar el a\u00f1o escolar visitando los furgones habilitados como aulas y, desde all\u00ed, pedir perd\u00f3n al PLD y al pueblo dominicano. \u201cEs importante que tambi\u00e9n el se\u00f1or presidente\u2026","rel":"","context":"En \u00abPOLITICA\u00bb","block_context":{"text":"POLITICA","link":"https:\/\/lasprimeras.com.do\/index.php\/category\/politica\/"},"img":{"alt_text":"","src":"https:\/\/i0.wp.com\/lasprimeras.com.do\/wp-content\/uploads\/2025\/08\/Yvan-Lorenzo.jpg?resize=350%2C200&ssl=1","width":350,"height":200,"srcset":"https:\/\/i0.wp.com\/lasprimeras.com.do\/wp-content\/uploads\/2025\/08\/Yvan-Lorenzo.jpg?resize=350%2C200&ssl=1 1x, https:\/\/i0.wp.com\/lasprimeras.com.do\/wp-content\/uploads\/2025\/08\/Yvan-Lorenzo.jpg?resize=525%2C300&ssl=1 1.5x, https:\/\/i0.wp.com\/lasprimeras.com.do\/wp-content\/uploads\/2025\/08\/Yvan-Lorenzo.jpg?resize=700%2C400&ssl=1 2x"},"classes":[]},{"id":103090,"url":"https:\/\/lasprimeras.com.do\/index.php\/2025\/07\/11\/fracasa-la-visita-del-presidente-luis-abinader-a-montecristi\/","url_meta":{"origin":55830,"position":2},"title":"Fracasa la visita del presidente Luis Abinader a Montecristi","author":"Nelson Feliz","date":"11 de julio de 2025","format":false,"excerpt":"El pueblo le dio la espalda al mandatario en una visita marcada por el rechazo y la indiferencia. La m\u00e1s reciente visita del presidente Luis Abinader a la provincia Montecristi, result\u00f3 ser un verdadero fracaso pol\u00edtico, afirm\u00f3 el presidente del Partido de la Liberaci\u00f3n Dominicana all\u00ed. Alexander Rivas, presidente del\u2026","rel":"","context":"En \u00abPOLITICA\u00bb","block_context":{"text":"POLITICA","link":"https:\/\/lasprimeras.com.do\/index.php\/category\/politica\/"},"img":{"alt_text":"","src":"https:\/\/i0.wp.com\/lasprimeras.com.do\/wp-content\/uploads\/2025\/07\/Alexander-Rivas.jpg?resize=350%2C200&ssl=1","width":350,"height":200,"srcset":"https:\/\/i0.wp.com\/lasprimeras.com.do\/wp-content\/uploads\/2025\/07\/Alexander-Rivas.jpg?resize=350%2C200&ssl=1 1x, https:\/\/i0.wp.com\/lasprimeras.com.do\/wp-content\/uploads\/2025\/07\/Alexander-Rivas.jpg?resize=525%2C300&ssl=1 1.5x, https:\/\/i0.wp.com\/lasprimeras.com.do\/wp-content\/uploads\/2025\/07\/Alexander-Rivas.jpg?resize=700%2C400&ssl=1 2x"},"classes":[]},{"id":103995,"url":"https:\/\/lasprimeras.com.do\/index.php\/2025\/07\/21\/johnny-pujols-el-gobierno-del-prm-engana-al-pueblo-con-mas-propaganda-que-realizaciones\/","url_meta":{"origin":55830,"position":3},"title":"Johnny Pujols: El gobierno del PRM enga\u00f1a al pueblo con m\u00e1s propaganda que realizaciones","author":"Nelson Feliz","date":"21 de julio de 2025","format":false,"excerpt":"El secretario general del Partido de la Liberaci\u00f3n Dominicana (PLD), Johnny Pujols, afirm\u00f3 este domingo que el gobierno del Partido Revolucionario Moderno (PRM) ha enga\u00f1ado al pueblo dominicano con una estrategia basada en m\u00e1s propaganda que realizaciones concretas. La declaraci\u00f3n fue ofrecida durante una asamblea provincial celebrada en Dajab\u00f3n, con\u2026","rel":"","context":"En \u00abPOLITICA\u00bb","block_context":{"text":"POLITICA","link":"https:\/\/lasprimeras.com.do\/index.php\/category\/politica\/"},"img":{"alt_text":"Johnny Pujols","src":"https:\/\/i0.wp.com\/lasprimeras.com.do\/wp-content\/uploads\/2025\/07\/Johnny-Pujols-1-1.jpg?resize=350%2C200&ssl=1","width":350,"height":200,"srcset":"https:\/\/i0.wp.com\/lasprimeras.com.do\/wp-content\/uploads\/2025\/07\/Johnny-Pujols-1-1.jpg?resize=350%2C200&ssl=1 1x, https:\/\/i0.wp.com\/lasprimeras.com.do\/wp-content\/uploads\/2025\/07\/Johnny-Pujols-1-1.jpg?resize=525%2C300&ssl=1 1.5x, https:\/\/i0.wp.com\/lasprimeras.com.do\/wp-content\/uploads\/2025\/07\/Johnny-Pujols-1-1.jpg?resize=700%2C400&ssl=1 2x"},"classes":[]},{"id":103075,"url":"https:\/\/lasprimeras.com.do\/index.php\/2025\/07\/11\/dirigentes-del-pld-cuestionan-advertencia-de-luis-abinaderdicen-que-corresponde-a-la-jce\/","url_meta":{"origin":55830,"position":4},"title":"Dirigentes del PLD cuestionan advertencia de Luis Abinader;dicen que corresponde a la JCE","author":"Nelson Feliz","date":"11 de julio de 2025","format":false,"excerpt":"Dirigentes del PLD reaccionan a las declaraciones del presidente Luis Abinader sobre los funcionarios de su Gobierno en campa\u00f1a electoral. Ante la advertencia que hizo el presidente Luis Abinader a los funcionarios, que son aspirantes a la candidatura presidencial por su Partido de que, si quieren hacer campa\u00f1a, deber\u00e1n dejar\u2026","rel":"","context":"En \u00abPOLITICA\u00bb","block_context":{"text":"POLITICA","link":"https:\/\/lasprimeras.com.do\/index.php\/category\/politica\/"},"img":{"alt_text":"Dirigentes del PLD","src":"https:\/\/i0.wp.com\/lasprimeras.com.do\/wp-content\/uploads\/2025\/07\/Dirigentes-del-PLD.jpg?resize=350%2C200&ssl=1","width":350,"height":200,"srcset":"https:\/\/i0.wp.com\/lasprimeras.com.do\/wp-content\/uploads\/2025\/07\/Dirigentes-del-PLD.jpg?resize=350%2C200&ssl=1 1x, https:\/\/i0.wp.com\/lasprimeras.com.do\/wp-content\/uploads\/2025\/07\/Dirigentes-del-PLD.jpg?resize=525%2C300&ssl=1 1.5x, https:\/\/i0.wp.com\/lasprimeras.com.do\/wp-content\/uploads\/2025\/07\/Dirigentes-del-PLD.jpg?resize=700%2C400&ssl=1 2x"},"classes":[]},{"id":111303,"url":"https:\/\/lasprimeras.com.do\/index.php\/2025\/10\/07\/lo-dicho-por-abinader-sobre-el-endeudamiento-es-un-chiste-que-no-genera-risas\/","url_meta":{"origin":55830,"position":5},"title":"Lo dicho por Abinader sobre el endeudamiento es un chiste que no genera risas","author":"Nelson Feliz","date":"7 de octubre de 2025","format":false,"excerpt":"Francisco Javier Garc\u00eda acusa al gobierno de \u201cmaquillar los n\u00fameros para no asumir su responsabilidad en el incremento del endeudamiento p\u00fablico\u201d El miembro del Comit\u00e9 Pol\u00edtico del Partido de la Liberaci\u00f3n Dominicana (PLD), Francisco Javier Garc\u00eda, acusa al Gobierno de intentar \u201cmaquillar los n\u00fameros\u201d en vez de asumir su responsabilidad\u2026","rel":"","context":"En \u00abPOLITICA\u00bb","block_context":{"text":"POLITICA","link":"https:\/\/lasprimeras.com.do\/index.php\/category\/politica\/"},"img":{"alt_text":"","src":"https:\/\/i0.wp.com\/lasprimeras.com.do\/wp-content\/uploads\/2025\/10\/Francisco-Javier-Garcia.jpg?resize=350%2C200&ssl=1","width":350,"height":200,"srcset":"https:\/\/i0.wp.com\/lasprimeras.com.do\/wp-content\/uploads\/2025\/10\/Francisco-Javier-Garcia.jpg?resize=350%2C200&ssl=1 1x, https:\/\/i0.wp.com\/lasprimeras.com.do\/wp-content\/uploads\/2025\/10\/Francisco-Javier-Garcia.jpg?resize=525%2C300&ssl=1 1.5x"},"classes":[]}],"jetpack_sharing_enabled":true,"_links":{"self":[{"href":"https:\/\/lasprimeras.com.do\/index.php\/wp-json\/wp\/v2\/posts\/55830","targetHints":{"allow":["GET"]}}],"collection":[{"href":"https:\/\/lasprimeras.com.do\/index.php\/wp-json\/wp\/v2\/posts"}],"about":[{"href":"https:\/\/lasprimeras.com.do\/index.php\/wp-json\/wp\/v2\/types\/post"}],"author":[{"embeddable":true,"href":"https:\/\/lasprimeras.com.do\/index.php\/wp-json\/wp\/v2\/users\/2"}],"replies":[{"embeddable":true,"href":"https:\/\/lasprimeras.com.do\/index.php\/wp-json\/wp\/v2\/comments?post=55830"}],"version-history":[{"count":1,"href":"https:\/\/lasprimeras.com.do\/index.php\/wp-json\/wp\/v2\/posts\/55830\/revisions"}],"predecessor-version":[{"id":55832,"href":"https:\/\/lasprimeras.com.do\/index.php\/wp-json\/wp\/v2\/posts\/55830\/revisions\/55832"}],"wp:featuredmedia":[{"embeddable":true,"href":"https:\/\/lasprimeras.com.do\/index.php\/wp-json\/wp\/v2\/media\/55831"}],"wp:attachment":[{"href":"https:\/\/lasprimeras.com.do\/index.php\/wp-json\/wp\/v2\/media?parent=55830"}],"wp:term":[{"taxonomy":"category","embeddable":true,"href":"https:\/\/lasprimeras.com.do\/index.php\/wp-json\/wp\/v2\/categories?post=55830"},{"taxonomy":"post_tag","embeddable":true,"href":"https:\/\/lasprimeras.com.do\/index.php\/wp-json\/wp\/v2\/tags?post=55830"}],"curies":[{"name":"wp","href":"https:\/\/api.w.org\/{rel}","templated":true}]}}