{"id":55838,"date":"2023-07-25T21:16:45","date_gmt":"2023-07-26T01:16:45","guid":{"rendered":"https:\/\/lasprimeras.com.do\/?p=55838"},"modified":"2023-07-25T21:16:47","modified_gmt":"2023-07-26T01:16:47","slug":"mp-presenta-441-testigos-contra-jean-alain-y-otros-en-caso-medusa","status":"publish","type":"post","link":"https:\/\/lasprimeras.com.do\/index.php\/2023\/07\/25\/mp-presenta-441-testigos-contra-jean-alain-y-otros-en-caso-medusa\/","title":{"rendered":"MP presenta 441 testigos contra Jean Alain y otros en caso Medusa"},"content":{"rendered":"\n<p>El Ministerio P\u00fablico concluy\u00f3 este martes la presentaci\u00f3n de 441 testigos o pruebas testimoniales en la audiencia preliminar del caso Medusa, que tiene como principal implicado al exprocurador general Jean Alain Rodr\u00edguez.<\/p>\n\n\n\n<p>El fiscal litigante y representante del organismo acusador, Miguel Collado, expres\u00f3 a la salida de la audiencia, que se realiz\u00f3 de 9:00 de la ma\u00f1ana a 5:00 de la tarde, que del expediente de 12,274 se avanz\u00f3 en la lectura hasta la hoja 1,775.<\/p>\n\n\n\n<p>\u00abQuedamos en la prueba pericial n\u00famero 55 de 77 y continuaremos leyendo el pr\u00f3ximo viernes la pruebas periciales y luego pasaremos a las pruebas documentales y materiales\u00bb, manifest\u00f3.<\/p>\n\n\n\n<p>El representante del Ministerio P\u00fablico declar\u00f3 que dentro de los testigos, muchos delataron que le hicieron entrega de altas sumas de dinero al expreocurador.<\/p>\n\n\n\n<p>Seg\u00fan el \u00f3rgano acusador, Rodr\u00edguez encabez\u00f3 una supuesta estructura de corrupci\u00f3n cuando estuvo al frente de la Procuradur\u00eda General de la Rep\u00fablica de 2016 a 2020.<\/p>\n\n\n\n<p>En el caso Medusa, que se conoce en el Tercer Juzgado de Instrucci\u00f3n del Distrito Nacional, el MP acusa a 41 personas f\u00edsicas y 22 empresas de coalici\u00f3n de funcionarios, prevaricaci\u00f3n, asociaci\u00f3n de malhechores y estafa contra el Estado. Tambi\u00e9n, por sobornos, cr\u00edmenes y delitos de alta tecnolog\u00eda y lavado de activos.<\/p>\n","protected":false},"excerpt":{"rendered":"<p>El Ministerio P\u00fablico concluy\u00f3 este martes la presentaci\u00f3n de 441 testigos o pruebas testimoniales en la audiencia preliminar del caso Medusa, que tiene como principal implicado al exprocurador general Jean&hellip;<\/p>\n","protected":false},"author":2,"featured_media":54559,"comment_status":"open","ping_status":"open","sticky":false,"template":"","format":"standard","meta":{"content-type":"","jetpack_post_was_ever_published":false,"_jetpack_newsletter_access":"","_jetpack_dont_email_post_to_subs":false,"_jetpack_newsletter_tier_id":0,"_jetpack_memberships_contains_paywalled_content":false,"_jetpack_memberships_contains_paid_content":false,"footnotes":""},"categories":[289],"tags":[1354,4949,1968,2185],"class_list":["post-55838","post","type-post","status-publish","format-standard","has-post-thumbnail","hentry","category-justicia","tag-caso-medusa","tag-jean-alain","tag-mp","tag-testigos"],"jetpack_featured_media_url":"https:\/\/lasprimeras.com.do\/wp-content\/uploads\/2023\/07\/Jean-Alain-Rodriguez-Sanchez.jpeg","jetpack-related-posts":[{"id":54558,"url":"https:\/\/lasprimeras.com.do\/index.php\/2023\/07\/12\/mp-jean-alain-adquirio-un-apartamento-con-fondos-desviados-de-la-fiscalia-del-dn\/","url_meta":{"origin":55838,"position":0},"title":"MP: Jean Alain adquiri\u00f3 un apartamento con fondos desviados de la Fiscal\u00eda del DN","author":"Nelson Feliz","date":"12 de julio de 2023","format":false,"excerpt":"Al continuar con la lectura de la acusaci\u00f3n por corrupci\u00f3n administrativa de la Operaci\u00f3n Medusa, durante la audiencia preliminar que se conoce en el Sexto Juzgado de la Instrucci\u00f3n del Distrito Nacional, el Ministerio P\u00fablico sostuvo que en la gesti\u00f3n del exprocurador Jean Alain Rodr\u00edguez S\u00e1nchez se adquiri\u00f3 un apartamento\u2026","rel":"","context":"En \u00abJUSTICIA\u00bb","block_context":{"text":"JUSTICIA","link":"https:\/\/lasprimeras.com.do\/index.php\/category\/justicia\/"},"img":{"alt_text":"Jean Alain Rodr\u00edguez S\u00e1nchez","src":"https:\/\/i0.wp.com\/lasprimeras.com.do\/wp-content\/uploads\/2023\/07\/Jean-Alain-Rodriguez-Sanchez.jpeg?resize=350%2C200&ssl=1","width":350,"height":200,"srcset":"https:\/\/i0.wp.com\/lasprimeras.com.do\/wp-content\/uploads\/2023\/07\/Jean-Alain-Rodriguez-Sanchez.jpeg?resize=350%2C200&ssl=1 1x, https:\/\/i0.wp.com\/lasprimeras.com.do\/wp-content\/uploads\/2023\/07\/Jean-Alain-Rodriguez-Sanchez.jpeg?resize=525%2C300&ssl=1 1.5x, https:\/\/i0.wp.com\/lasprimeras.com.do\/wp-content\/uploads\/2023\/07\/Jean-Alain-Rodriguez-Sanchez.jpeg?resize=700%2C400&ssl=1 2x"},"classes":[]},{"id":68916,"url":"https:\/\/lasprimeras.com.do\/index.php\/2023\/11\/28\/mp-esta-a-punto-de-finalizar-lectura-del-expediente-de-jean-alain-y-demas-imputados\/","url_meta":{"origin":55838,"position":1},"title":"MP est\u00e1 a punto de finalizar lectura del expediente de Jean Alain y dem\u00e1s imputados","author":"Nelson Feliz","date":"28 de noviembre de 2023","format":false,"excerpt":"Despu\u00e9s de m\u00e1s de cinco meses de lectura, dos veces a la semana, del expediente acusatorio del caso de supuesta corrupci\u00f3n llamado Medusa, el Ministerio P\u00fablico ha quedado en la p\u00e1gina 12,078 de un total de 12,274 que conforman el documento. Para el pr\u00f3ximo viernes restan 196 p\u00e1ginas. El fin\u2026","rel":"","context":"En \u00abJUSTICIA\u00bb","block_context":{"text":"JUSTICIA","link":"https:\/\/lasprimeras.com.do\/index.php\/category\/justicia\/"},"img":{"alt_text":"Jean Alain Rodr\u00edguez S\u00e1nchez","src":"https:\/\/i0.wp.com\/lasprimeras.com.do\/wp-content\/uploads\/2023\/07\/Jean-Alain-Rodriguez-Sanchez.jpeg?resize=350%2C200&ssl=1","width":350,"height":200,"srcset":"https:\/\/i0.wp.com\/lasprimeras.com.do\/wp-content\/uploads\/2023\/07\/Jean-Alain-Rodriguez-Sanchez.jpeg?resize=350%2C200&ssl=1 1x, https:\/\/i0.wp.com\/lasprimeras.com.do\/wp-content\/uploads\/2023\/07\/Jean-Alain-Rodriguez-Sanchez.jpeg?resize=525%2C300&ssl=1 1.5x, https:\/\/i0.wp.com\/lasprimeras.com.do\/wp-content\/uploads\/2023\/07\/Jean-Alain-Rodriguez-Sanchez.jpeg?resize=700%2C400&ssl=1 2x"},"classes":[]},{"id":78732,"url":"https:\/\/lasprimeras.com.do\/index.php\/2024\/03\/19\/continua-audiencia-preliminar-sobre-el-caso-medusa\/","url_meta":{"origin":55838,"position":2},"title":"Contin\u00faa audiencia preliminar sobre el caso Medusa","author":"Nelson Feliz","date":"19 de marzo de 2024","format":false,"excerpt":"Contin\u00faa la audiencia preliminar del caso Medusa, con la intervenci\u00f3n del imputado Jos\u00e9 Liriano y la empresa Lirtec SRL, creada de acuerdo con el Ministerio P\u00fablico como parte del entramado societario dirigido por el exprocurador Jean Alain Rodr\u00edguez, para defraudar al Estado dominicano con 6,000 millones de pesos. El \u00f3rgano\u2026","rel":"","context":"En \u00abJUSTICIA\u00bb","block_context":{"text":"JUSTICIA","link":"https:\/\/lasprimeras.com.do\/index.php\/category\/justicia\/"},"img":{"alt_text":"audiencia","src":"https:\/\/i0.wp.com\/lasprimeras.com.do\/wp-content\/uploads\/2024\/03\/audiencia.jpeg?resize=350%2C200&ssl=1","width":350,"height":200,"srcset":"https:\/\/i0.wp.com\/lasprimeras.com.do\/wp-content\/uploads\/2024\/03\/audiencia.jpeg?resize=350%2C200&ssl=1 1x, https:\/\/i0.wp.com\/lasprimeras.com.do\/wp-content\/uploads\/2024\/03\/audiencia.jpeg?resize=525%2C300&ssl=1 1.5x, https:\/\/i0.wp.com\/lasprimeras.com.do\/wp-content\/uploads\/2024\/03\/audiencia.jpeg?resize=700%2C400&ssl=1 2x"},"classes":[]},{"id":75276,"url":"https:\/\/lasprimeras.com.do\/index.php\/2024\/01\/31\/jean-alain-caso-medusa-buscara-hoy-su-libertad\/","url_meta":{"origin":55838,"position":3},"title":"Jean Alain, caso Medusa, buscar\u00e1 hoy su libertad","author":"BIMARY DE JES\u00daS Matos","date":"31 de enero de 2024","format":false,"excerpt":"SANTO DOMINGO.- La defensa del exprocurador Jean Alain Rodr\u00edguez buscar\u00e1 hoy que se cumpla la decisi\u00f3n del Consejo de Trabajo de los Derechos Humanos del Organismo de las Naciones Unidas (ONU), que ordena al Gobierno su inmediata libertad, tras calificar arbitraria su prisi\u00f3n. Este pedido viene luego de que el\u2026","rel":"","context":"En \u00abPORTADA\u00bb","block_context":{"text":"PORTADA","link":"https:\/\/lasprimeras.com.do\/index.php\/category\/portada\/"},"img":{"alt_text":"","src":"https:\/\/i0.wp.com\/lasprimeras.com.do\/wp-content\/uploads\/2024\/01\/CANDIDATO-A-REGIDOR-Justicia-Social-JOSUE-MENDEZ-APOYARA-A-DIO-ASTACIO-DEL-PRM-3.webp?resize=350%2C200&ssl=1","width":350,"height":200,"srcset":"https:\/\/i0.wp.com\/lasprimeras.com.do\/wp-content\/uploads\/2024\/01\/CANDIDATO-A-REGIDOR-Justicia-Social-JOSUE-MENDEZ-APOYARA-A-DIO-ASTACIO-DEL-PRM-3.webp?resize=350%2C200&ssl=1 1x, https:\/\/i0.wp.com\/lasprimeras.com.do\/wp-content\/uploads\/2024\/01\/CANDIDATO-A-REGIDOR-Justicia-Social-JOSUE-MENDEZ-APOYARA-A-DIO-ASTACIO-DEL-PRM-3.webp?resize=525%2C300&ssl=1 1.5x, https:\/\/i0.wp.com\/lasprimeras.com.do\/wp-content\/uploads\/2024\/01\/CANDIDATO-A-REGIDOR-Justicia-Social-JOSUE-MENDEZ-APOYARA-A-DIO-ASTACIO-DEL-PRM-3.webp?resize=700%2C400&ssl=1 2x"},"classes":[]},{"id":121908,"url":"https:\/\/lasprimeras.com.do\/index.php\/2026\/02\/11\/wilson-camacho-asegura-que-jean-alain-huye-a-las-pruebas-como-el-diablo-a-la-cruz\/","url_meta":{"origin":55838,"position":4},"title":"Wilson Camacho asegura que Jean Alain huye a las pruebas &#8220;como el diablo a la cruz&#8221;","author":"Nelson Feliz","date":"11 de febrero de 2026","format":false,"excerpt":"El titular de Persecuci\u00f3n del MP acus\u00f3 al exprocurador general de mentir y de intentar retrasar el proceso, mientras que el funcionario dice que es el \u00f3rgano persecutor que lo ha dilatado El titular de la Direcci\u00f3n de Persecuci\u00f3n del Ministerio P\u00fablico, Wilson Camacho, acus\u00f3 este mi\u00e9rcoles al exprocurador Jean\u2026","rel":"","context":"En \u00abJUSTICIA\u00bb","block_context":{"text":"JUSTICIA","link":"https:\/\/lasprimeras.com.do\/index.php\/category\/justicia\/"},"img":{"alt_text":"","src":"https:\/\/i0.wp.com\/lasprimeras.com.do\/wp-content\/uploads\/2026\/02\/Wilson-Camacho-1.jpg?resize=350%2C200&ssl=1","width":350,"height":200,"srcset":"https:\/\/i0.wp.com\/lasprimeras.com.do\/wp-content\/uploads\/2026\/02\/Wilson-Camacho-1.jpg?resize=350%2C200&ssl=1 1x, https:\/\/i0.wp.com\/lasprimeras.com.do\/wp-content\/uploads\/2026\/02\/Wilson-Camacho-1.jpg?resize=525%2C300&ssl=1 1.5x, https:\/\/i0.wp.com\/lasprimeras.com.do\/wp-content\/uploads\/2026\/02\/Wilson-Camacho-1.jpg?resize=700%2C400&ssl=1 2x"},"classes":[]},{"id":72155,"url":"https:\/\/lasprimeras.com.do\/index.php\/2023\/12\/27\/caso-medusa-detenido-por-recusacion-a-juez-amauri-martinez-y-a-los-de-la-corte-de-apelacion-del-dn\/","url_meta":{"origin":55838,"position":5},"title":"Caso Medusa, detenido por recusaci\u00f3n a juez Amauri Mart\u00ednez y a los de la Corte de Apelaci\u00f3n del DN","author":"Nelson Feliz","date":"27 de diciembre de 2023","format":false,"excerpt":"-Defensa de acusado extendi\u00f3 recusaci\u00f3n a jueces del pleno de la Corte de Apelaci\u00f3n del Distrito Nacional. -Hasta que la SCJ decida sobre la acci\u00f3n el expediente estar\u00e1 estancado. El caso de corrupci\u00f3n denominado Operaci\u00f3n Medusa contin\u00faa estancado por segunda semana por una recusaci\u00f3n que un abogado interpuso contra el\u2026","rel":"","context":"En \u00abJUSTICIA\u00bb","block_context":{"text":"JUSTICIA","link":"https:\/\/lasprimeras.com.do\/index.php\/category\/justicia\/"},"img":{"alt_text":"Amauri Mart\u00ednez","src":"https:\/\/i0.wp.com\/lasprimeras.com.do\/wp-content\/uploads\/2023\/12\/Amauri-Martinez.jpg?resize=350%2C200&ssl=1","width":350,"height":200,"srcset":"https:\/\/i0.wp.com\/lasprimeras.com.do\/wp-content\/uploads\/2023\/12\/Amauri-Martinez.jpg?resize=350%2C200&ssl=1 1x, https:\/\/i0.wp.com\/lasprimeras.com.do\/wp-content\/uploads\/2023\/12\/Amauri-Martinez.jpg?resize=525%2C300&ssl=1 1.5x, https:\/\/i0.wp.com\/lasprimeras.com.do\/wp-content\/uploads\/2023\/12\/Amauri-Martinez.jpg?resize=700%2C400&ssl=1 2x"},"classes":[]}],"jetpack_sharing_enabled":true,"_links":{"self":[{"href":"https:\/\/lasprimeras.com.do\/index.php\/wp-json\/wp\/v2\/posts\/55838","targetHints":{"allow":["GET"]}}],"collection":[{"href":"https:\/\/lasprimeras.com.do\/index.php\/wp-json\/wp\/v2\/posts"}],"about":[{"href":"https:\/\/lasprimeras.com.do\/index.php\/wp-json\/wp\/v2\/types\/post"}],"author":[{"embeddable":true,"href":"https:\/\/lasprimeras.com.do\/index.php\/wp-json\/wp\/v2\/users\/2"}],"replies":[{"embeddable":true,"href":"https:\/\/lasprimeras.com.do\/index.php\/wp-json\/wp\/v2\/comments?post=55838"}],"version-history":[{"count":1,"href":"https:\/\/lasprimeras.com.do\/index.php\/wp-json\/wp\/v2\/posts\/55838\/revisions"}],"predecessor-version":[{"id":55839,"href":"https:\/\/lasprimeras.com.do\/index.php\/wp-json\/wp\/v2\/posts\/55838\/revisions\/55839"}],"wp:featuredmedia":[{"embeddable":true,"href":"https:\/\/lasprimeras.com.do\/index.php\/wp-json\/wp\/v2\/media\/54559"}],"wp:attachment":[{"href":"https:\/\/lasprimeras.com.do\/index.php\/wp-json\/wp\/v2\/media?parent=55838"}],"wp:term":[{"taxonomy":"category","embeddable":true,"href":"https:\/\/lasprimeras.com.do\/index.php\/wp-json\/wp\/v2\/categories?post=55838"},{"taxonomy":"post_tag","embeddable":true,"href":"https:\/\/lasprimeras.com.do\/index.php\/wp-json\/wp\/v2\/tags?post=55838"}],"curies":[{"name":"wp","href":"https:\/\/api.w.org\/{rel}","templated":true}]}}