{"id":55840,"date":"2023-07-25T21:22:36","date_gmt":"2023-07-26T01:22:36","guid":{"rendered":"https:\/\/lasprimeras.com.do\/?p=55840"},"modified":"2023-07-25T21:22:38","modified_gmt":"2023-07-26T01:22:38","slug":"administracion-de-jet-set-dice-rayo-provoco-incendio-afecto-su-planta-electrica","status":"publish","type":"post","link":"https:\/\/lasprimeras.com.do\/index.php\/2023\/07\/25\/administracion-de-jet-set-dice-rayo-provoco-incendio-afecto-su-planta-electrica\/","title":{"rendered":"Administraci\u00f3n de Jet Set dice rayo provoc\u00f3 incendio afect\u00f3 su planta el\u00e9ctrica"},"content":{"rendered":"\n<p>Un rayo provoc\u00f3 el incendio que afect\u00f3 la tarde de este martes la planta el\u00e9ctrica de la discoteca Jet Set, ubicada en la avenida Independencia del Distrito Nacional.<\/p>\n\n\n\n<p>As\u00ed lo inform\u00f3 el establecimiento de entretenimiento a trav\u00e9s de un comunicado de prensa.<\/p>\n\n\n\n<p>&#8220;La situaci\u00f3n se dio, sin pasar a mayores, luego de que un rayo impactara la planta el\u00e9ctrica del establecimiento a causa de las lluvias que han ocurrido durante la tarde de hoy en gran parte de la ciudad de Santo Domingo&#8221;, explic\u00f3 la Administraci\u00f3n en el documento.<\/p>\n\n\n\n<p>En ese sentido, se\u00f1al\u00f3 que el siniestro no caus\u00f3 da\u00f1o f\u00edsico a ninguna persona, ni al edificio.<\/p>\n\n\n\n<p>Asimismo, detall\u00f3 que el fuego fue controlado por unidades del Cuerpo de Bomberos del Distrito Nacional.<\/p>\n\n\n\n<figure class=\"wp-block-image size-large\"><img decoding=\"async\" width=\"1024\" height=\"682\" src=\"https:\/\/lasprimeras.com.do\/wp-content\/uploads\/2023\/07\/planta-jet-set-3-f2312332-1024x682.jpeg\" alt=\"\" class=\"wp-image-55842\" srcset=\"https:\/\/lasprimeras.com.do\/wp-content\/uploads\/2023\/07\/planta-jet-set-3-f2312332-1024x682.jpeg 1024w, https:\/\/lasprimeras.com.do\/wp-content\/uploads\/2023\/07\/planta-jet-set-3-f2312332-300x200.jpeg 300w, https:\/\/lasprimeras.com.do\/wp-content\/uploads\/2023\/07\/planta-jet-set-3-f2312332-768x512.jpeg 768w, https:\/\/lasprimeras.com.do\/wp-content\/uploads\/2023\/07\/planta-jet-set-3-f2312332-1536x1023.jpeg 1536w, https:\/\/lasprimeras.com.do\/wp-content\/uploads\/2023\/07\/planta-jet-set-3-f2312332.jpeg 1600w\" sizes=\"(max-width: 1024px) 100vw, 1024px\" \/><\/figure>\n\n\n\n<p>La empresa de diversi\u00f3n agradeci\u00f3 la preocupaci\u00f3n manifestada por los ciudadanos.<\/p>\n\n\n\n<p>&#8220;Jet Set agradece la preocupaci\u00f3n manifestada por los ciudadanos tras la publicaci\u00f3n de varios videos en redes sociales&#8221;, concluy\u00f3 el comunicado.<\/p>\n\n\n\n<p>Como se estila en estos casos, el Departamento T\u00e9cnico del Cuerpo de Bomberos del Distrito Nacional, inici\u00f3 la fase de investigaci\u00f3n para emitir su informe sobre la causa del incendio.<\/p>\n","protected":false},"excerpt":{"rendered":"<p>Un rayo provoc\u00f3 el incendio que afect\u00f3 la tarde de este martes la planta el\u00e9ctrica de la discoteca Jet Set, ubicada en la avenida Independencia del Distrito Nacional. As\u00ed lo&hellip;<\/p>\n","protected":false},"author":2,"featured_media":55841,"comment_status":"open","ping_status":"open","sticky":false,"template":"","format":"standard","meta":{"content-type":"","jetpack_post_was_ever_published":false,"_jetpack_newsletter_access":"","_jetpack_dont_email_post_to_subs":false,"_jetpack_newsletter_tier_id":0,"_jetpack_memberships_contains_paywalled_content":false,"_jetpack_memberships_contains_paid_content":false,"footnotes":""},"categories":[35],"tags":[473,5311,1399,1324,1405,5310],"class_list":["post-55840","post","type-post","status-publish","format-standard","has-post-thumbnail","hentry","category-nacionales","tag-administracion","tag-afecto","tag-incendio","tag-jet-set","tag-planta","tag-rayo"],"jetpack_featured_media_url":"https:\/\/lasprimeras.com.do\/wp-content\/uploads\/2023\/07\/planta-electrica-de-Jet-Set-afectada-por-el-fuego.jpg","jetpack-related-posts":[{"id":97002,"url":"https:\/\/lasprimeras.com.do\/index.php\/2025\/04\/13\/cespedes-martinez-atribuye-tragedia-de-jet-set-a-falta-de-supervision-del-dueno-y-la-autoridades\/","url_meta":{"origin":55840,"position":0},"title":"C\u00e9spedes Mart\u00ednez atribuye tragedia de Jet Set a falta de supervisi\u00f3n del due\u00f1o y la autoridades","author":"Nelson Feliz","date":"13 de abril de 2025","format":false,"excerpt":"El ex-procurador General de la Rep\u00fablica, V\u00edctor C\u00e9spedes Mart\u00ednez, asegur\u00f3 que la tragedia en el centro de diversi\u00f3n nocturno Jet Set, fue provocada por falta de supervisi\u00f3n y negligencia tanto del due\u00f1o como de las autoridades. C\u00e9spedes Mart\u00ednez sostuvo que en cualquier lugar donde acuden tantas personas es de obligaci\u00f3n\u2026","rel":"","context":"En \u00abNACIONALES\u00bb","block_context":{"text":"NACIONALES","link":"https:\/\/lasprimeras.com.do\/index.php\/category\/nacionales\/"},"img":{"alt_text":"V\u00edctor C\u00e9spedes Martinez","src":"https:\/\/i0.wp.com\/lasprimeras.com.do\/wp-content\/uploads\/2025\/04\/Victor-Cespedes-Martinez.jpg?resize=350%2C200&ssl=1","width":350,"height":200,"srcset":"https:\/\/i0.wp.com\/lasprimeras.com.do\/wp-content\/uploads\/2025\/04\/Victor-Cespedes-Martinez.jpg?resize=350%2C200&ssl=1 1x, https:\/\/i0.wp.com\/lasprimeras.com.do\/wp-content\/uploads\/2025\/04\/Victor-Cespedes-Martinez.jpg?resize=525%2C300&ssl=1 1.5x"},"classes":[]},{"id":96825,"url":"https:\/\/lasprimeras.com.do\/index.php\/2025\/04\/08\/la-tragedia-del-jet-set-es-hasta-ahora-la-segunda-mas-mortal-de-su-tipo-en-los-ultimos-20-anos\/","url_meta":{"origin":55840,"position":1},"title":"La tragedia del Jet Set es, hasta ahora, la segunda m\u00e1s mortal de su tipo en los \u00faltimos 20 a\u00f1os","author":"Nelson Feliz","date":"8 de abril de 2025","format":false,"excerpt":"La cantidad de v\u00edctimas mortales solo es superada por un incendio en la c\u00e1rcel de Hig\u00fcey. La tragedia ocurrida en la madrugada de hoy en la discoteca Jet Set se coloca como la segunda m\u00e1s mort\u00edfera ocurrida en los \u00faltimos 20 a\u00f1os en la Rep\u00fablica Dominicana dentro de los sucesos\u2026","rel":"","context":"En \u00abNACIONALES\u00bb","block_context":{"text":"NACIONALES","link":"https:\/\/lasprimeras.com.do\/index.php\/category\/nacionales\/"},"img":{"alt_text":"","src":"https:\/\/i0.wp.com\/lasprimeras.com.do\/wp-content\/uploads\/2025\/04\/buscan.jpg?resize=350%2C200&ssl=1","width":350,"height":200,"srcset":"https:\/\/i0.wp.com\/lasprimeras.com.do\/wp-content\/uploads\/2025\/04\/buscan.jpg?resize=350%2C200&ssl=1 1x, https:\/\/i0.wp.com\/lasprimeras.com.do\/wp-content\/uploads\/2025\/04\/buscan.jpg?resize=525%2C300&ssl=1 1.5x, https:\/\/i0.wp.com\/lasprimeras.com.do\/wp-content\/uploads\/2025\/04\/buscan.jpg?resize=700%2C400&ssl=1 2x"},"classes":[]},{"id":86462,"url":"https:\/\/lasprimeras.com.do\/index.php\/2024\/07\/25\/un-rayo-y-un-coche-en-llamas-arrojado-a-un-barranco-son-los-responsables-de-los-incendios-forestales-que-asolan-el-oeste\/","url_meta":{"origin":55840,"position":2},"title":"Un rayo y un coche en llamas arrojado a un barranco son los responsables de los incendios forestales que asolan el oeste","author":"Nelson Feliz","date":"25 de julio de 2024","format":false,"excerpt":"POR JOHN ANTCZAK Y HOLLY RAMER Un coche en llamas arrojado a un barranco provoc\u00f3 el mayor incendio forestal del a\u00f1o en California, seg\u00fan informaron las autoridades el jueves, al tiempo que anunciaron el arresto de un sospechoso. Mientras tanto, otros incendios arrasaron el noroeste del Pac\u00edfico. Las llamas del\u2026","rel":"","context":"En \u00abSin categor\u00eda\u00bb","block_context":{"text":"Sin categor\u00eda","link":"https:\/\/lasprimeras.com.do\/index.php\/category\/sin-categoria\/"},"img":{"alt_text":"","src":"https:\/\/i0.wp.com\/lasprimeras.com.do\/wp-content\/uploads\/2024\/07\/incendios-forestales-1.png?resize=350%2C200&ssl=1","width":350,"height":200,"srcset":"https:\/\/i0.wp.com\/lasprimeras.com.do\/wp-content\/uploads\/2024\/07\/incendios-forestales-1.png?resize=350%2C200&ssl=1 1x, https:\/\/i0.wp.com\/lasprimeras.com.do\/wp-content\/uploads\/2024\/07\/incendios-forestales-1.png?resize=525%2C300&ssl=1 1.5x, https:\/\/i0.wp.com\/lasprimeras.com.do\/wp-content\/uploads\/2024\/07\/incendios-forestales-1.png?resize=700%2C400&ssl=1 2x"},"classes":[]},{"id":114007,"url":"https:\/\/lasprimeras.com.do\/index.php\/2025\/11\/07\/ministerio-publico-deposita-acusacion-del-caso-jet-set\/","url_meta":{"origin":55840,"position":3},"title":"Ministerio P\u00fablico deposita acusaci\u00f3n del Caso Jet Set","author":"Nelson Feliz","date":"7 de noviembre de 2025","format":false,"excerpt":"Solicita apertura a juicio contra los hermanos Antonio y Maribel Espaillat, por su participaci\u00f3n en el colapso de la discoteca El Ministerio P\u00fablico present\u00f3 este viernes acusaci\u00f3n formal y requerimiento de apertura a juicio en contra de los hermanos Antonio y Maribel Espaillat, procesados por el colapso del techo de\u2026","rel":"","context":"En \u00abJUSTICIA\u00bb","block_context":{"text":"JUSTICIA","link":"https:\/\/lasprimeras.com.do\/index.php\/category\/justicia\/"},"img":{"alt_text":"","src":"https:\/\/i0.wp.com\/lasprimeras.com.do\/wp-content\/uploads\/2025\/11\/ACUSACION.jpg?resize=350%2C200&ssl=1","width":350,"height":200,"srcset":"https:\/\/i0.wp.com\/lasprimeras.com.do\/wp-content\/uploads\/2025\/11\/ACUSACION.jpg?resize=350%2C200&ssl=1 1x, https:\/\/i0.wp.com\/lasprimeras.com.do\/wp-content\/uploads\/2025\/11\/ACUSACION.jpg?resize=525%2C300&ssl=1 1.5x, https:\/\/i0.wp.com\/lasprimeras.com.do\/wp-content\/uploads\/2025\/11\/ACUSACION.jpg?resize=700%2C400&ssl=1 2x"},"classes":[]},{"id":100875,"url":"https:\/\/lasprimeras.com.do\/index.php\/2025\/06\/12\/ministerio-publico-acusa-negligencia-e-intento-de-manipulacion-de-testigos-en-el-caso-jet-set\/","url_meta":{"origin":55840,"position":4},"title":"Ministerio P\u00fablico acusa negligencia e intento de manipulaci\u00f3n de testigos en el caso Jet Set","author":"Nelson Feliz","date":"12 de junio de 2025","format":false,"excerpt":"Seg\u00fan la investigaci\u00f3n, tambi\u00e9n incurrieron en \"inmensa negligencia\" al no intervenir la estructura del techo que colaps\u00f3. El Ministerio P\u00fablico se\u00f1al\u00f3 a trav\u00e9s de una nota de prensa difundida ayer que Antonio Espaillat L\u00f3pez y su hermana Maribel Espaillat habr\u00edan intentado intimidar o manipular a empleados de la empresa Inversiones\u2026","rel":"","context":"En \u00abJUSTICIA\u00bb","block_context":{"text":"JUSTICIA","link":"https:\/\/lasprimeras.com.do\/index.php\/category\/justicia\/"},"img":{"alt_text":"","src":"","width":0,"height":0},"classes":[]},{"id":100878,"url":"https:\/\/lasprimeras.com.do\/index.php\/2025\/06\/13\/la-procuraduria-detiene-a-los-hermanos-espaillat-por-el-caso-del-jet-set\/","url_meta":{"origin":55840,"position":5},"title":"La Procuradur\u00eda detiene a los hermanos Espaillat por el caso del Jet Set","author":"Nelson Feliz","date":"13 de junio de 2025","format":false,"excerpt":"Su abogado Miguel Valerio explic\u00f3 que no hay ning\u00fan riesgo de fuga. Asegur\u00f3 que tampoco hubo malas intenciones en el suceso. El Ministerio P\u00fablico investiga por el delito de \u201chomicidio involuntario\u201d a Antonio Espaillat y a su hermana, Maribel Espaillat, propietarios de la discoteca Jet Set, cuyo techo se desplom\u00f3\u2026","rel":"","context":"En \u00abJUSTICIA\u00bb","block_context":{"text":"JUSTICIA","link":"https:\/\/lasprimeras.com.do\/index.php\/category\/justicia\/"},"img":{"alt_text":"Miguel Valerio, abogado de Espaillat","src":"https:\/\/i0.wp.com\/lasprimeras.com.do\/wp-content\/uploads\/2025\/06\/Miguel-Valerio-abogado-de-Espaillat.jpeg?resize=350%2C200&ssl=1","width":350,"height":200,"srcset":"https:\/\/i0.wp.com\/lasprimeras.com.do\/wp-content\/uploads\/2025\/06\/Miguel-Valerio-abogado-de-Espaillat.jpeg?resize=350%2C200&ssl=1 1x, https:\/\/i0.wp.com\/lasprimeras.com.do\/wp-content\/uploads\/2025\/06\/Miguel-Valerio-abogado-de-Espaillat.jpeg?resize=525%2C300&ssl=1 1.5x, https:\/\/i0.wp.com\/lasprimeras.com.do\/wp-content\/uploads\/2025\/06\/Miguel-Valerio-abogado-de-Espaillat.jpeg?resize=700%2C400&ssl=1 2x"},"classes":[]}],"jetpack_sharing_enabled":true,"_links":{"self":[{"href":"https:\/\/lasprimeras.com.do\/index.php\/wp-json\/wp\/v2\/posts\/55840","targetHints":{"allow":["GET"]}}],"collection":[{"href":"https:\/\/lasprimeras.com.do\/index.php\/wp-json\/wp\/v2\/posts"}],"about":[{"href":"https:\/\/lasprimeras.com.do\/index.php\/wp-json\/wp\/v2\/types\/post"}],"author":[{"embeddable":true,"href":"https:\/\/lasprimeras.com.do\/index.php\/wp-json\/wp\/v2\/users\/2"}],"replies":[{"embeddable":true,"href":"https:\/\/lasprimeras.com.do\/index.php\/wp-json\/wp\/v2\/comments?post=55840"}],"version-history":[{"count":1,"href":"https:\/\/lasprimeras.com.do\/index.php\/wp-json\/wp\/v2\/posts\/55840\/revisions"}],"predecessor-version":[{"id":55843,"href":"https:\/\/lasprimeras.com.do\/index.php\/wp-json\/wp\/v2\/posts\/55840\/revisions\/55843"}],"wp:featuredmedia":[{"embeddable":true,"href":"https:\/\/lasprimeras.com.do\/index.php\/wp-json\/wp\/v2\/media\/55841"}],"wp:attachment":[{"href":"https:\/\/lasprimeras.com.do\/index.php\/wp-json\/wp\/v2\/media?parent=55840"}],"wp:term":[{"taxonomy":"category","embeddable":true,"href":"https:\/\/lasprimeras.com.do\/index.php\/wp-json\/wp\/v2\/categories?post=55840"},{"taxonomy":"post_tag","embeddable":true,"href":"https:\/\/lasprimeras.com.do\/index.php\/wp-json\/wp\/v2\/tags?post=55840"}],"curies":[{"name":"wp","href":"https:\/\/api.w.org\/{rel}","templated":true}]}}