{"id":55879,"date":"2023-07-26T08:11:14","date_gmt":"2023-07-26T12:11:14","guid":{"rendered":"https:\/\/lasprimeras.com.do\/?p=55879"},"modified":"2023-07-26T08:11:16","modified_gmt":"2023-07-26T12:11:16","slug":"apresan-hombre-que-agredio-adolescente-con-arma-de-fuego","status":"publish","type":"post","link":"https:\/\/lasprimeras.com.do\/index.php\/2023\/07\/26\/apresan-hombre-que-agredio-adolescente-con-arma-de-fuego\/","title":{"rendered":"Apresan hombre que agredi\u00f3 adolescente con arma de fuego"},"content":{"rendered":"\n<p>Miembros policiales, adscritos a la Direcci\u00f3n Regional Sur, apresaron a un hombre que era buscado mediante orden de arresto y conducencia N0.589-2023- AJ-01115, por haber agredido con un arma de fuego a un adolescente de 17 a\u00f1os, en el municipio de Cabral, de la provincia de Barahona.<\/p>\n\n\n\n<p>Se trata de Isaac Urbaez, de 23 a\u00f1os, residente en el sector La Pe\u00f1uela de Cabral, acusado de haber provocado herida de perdigones al menor, cuyo nombre se omite por razones legales, en un hecho ocurrido en fecha 2\/4\/2023, por viejas rencillas personales.<\/p>\n\n\n\n<p>El detenido sera puesto a disposici\u00f3n de la justicia en las pr\u00f3ximas horas, v\u00eda el Ministerio P\u00fablico.<\/p>\n","protected":false},"excerpt":{"rendered":"<p>Miembros policiales, adscritos a la Direcci\u00f3n Regional Sur, apresaron a un hombre que era buscado mediante orden de arresto y conducencia N0.589-2023- AJ-01115, por haber agredido con un arma de&hellip;<\/p>\n","protected":false},"author":2,"featured_media":52882,"comment_status":"open","ping_status":"open","sticky":false,"template":"","format":"standard","meta":{"content-type":"","jetpack_post_was_ever_published":false,"_jetpack_newsletter_access":"","_jetpack_dont_email_post_to_subs":false,"_jetpack_newsletter_tier_id":0,"_jetpack_memberships_contains_paywalled_content":false,"_jetpack_memberships_contains_paid_content":false,"footnotes":""},"categories":[1],"tags":[2974,5343,637,265,46],"class_list":["post-55879","post","type-post","status-publish","format-standard","has-post-thumbnail","hentry","category-sin-categoria","tag-adolescente","tag-agredio","tag-apresan","tag-barahona","tag-hombre"],"jetpack_featured_media_url":"https:\/\/lasprimeras.com.do\/wp-content\/uploads\/2023\/06\/preso-celda.jpg","jetpack-related-posts":[{"id":104057,"url":"https:\/\/lasprimeras.com.do\/index.php\/2025\/07\/21\/apresan-a-dos-hombres-con-arma-de-fuego-ilegal-y-presuntas-sustancias-narcoticas-en-barahona\/","url_meta":{"origin":55879,"position":0},"title":"Apresan a dos hombres con arma de fuego ilegal y presuntas sustancias narc\u00f3ticas en Barahona","author":"Nelson Feliz","date":"21 de julio de 2025","format":false,"excerpt":"Agentes policiales adscritos a los distintos departamentos lograron apresar a dos hombres en el municipio de Cabral, provincia Barahona, por posesi\u00f3n ilegal de arma de fuego y presuntas sustancias narc\u00f3ticas. Seg\u00fan el informe preliminar, los arrestos se produjeron durante un operativo realizado en el sector Los Botaos, donde fueron detenidos\u2026","rel":"","context":"En \u00abMILITARES\u00bb","block_context":{"text":"MILITARES","link":"https:\/\/lasprimeras.com.do\/index.php\/category\/militares\/"},"img":{"alt_text":"","src":"https:\/\/i0.wp.com\/lasprimeras.com.do\/wp-content\/uploads\/2025\/07\/una-2.jpg?resize=350%2C200&ssl=1","width":350,"height":200,"srcset":"https:\/\/i0.wp.com\/lasprimeras.com.do\/wp-content\/uploads\/2025\/07\/una-2.jpg?resize=350%2C200&ssl=1 1x, https:\/\/i0.wp.com\/lasprimeras.com.do\/wp-content\/uploads\/2025\/07\/una-2.jpg?resize=525%2C300&ssl=1 1.5x, https:\/\/i0.wp.com\/lasprimeras.com.do\/wp-content\/uploads\/2025\/07\/una-2.jpg?resize=700%2C400&ssl=1 2x"},"classes":[]},{"id":82658,"url":"https:\/\/lasprimeras.com.do\/index.php\/2024\/05\/06\/policia-nacional-apresa-en-flagrante-delito-a-un-hombre-mientras-agredia-fisicamente-a-su-pareja-en-la-provincia-bahoruco\/","url_meta":{"origin":55879,"position":1},"title":"Polic\u00eda Nacional apresa en flagrante delito a un hombre mientras agredia f\u00edsicamente a su pareja en la provincia Bahoruco","author":"BIMARY DE JES\u00daS Matos","date":"6 de mayo de 2024","format":false,"excerpt":"Bahoruco. -Miembros policiales apresaron en flagrante delito a un hombre que fue sorprendido agrediendo f\u00edsicamente a su pareja sentimental, en un hecho ocurrido en la provincia Bahoruco. Al llegar a la residencia de manera oportuna, tras una alerta, nuestros agentes actuantes pudieron detener la agresi\u00f3n en contra de la v\u00edctima\u2026","rel":"","context":"En \u00abNACIONALES\u00bb","block_context":{"text":"NACIONALES","link":"https:\/\/lasprimeras.com.do\/index.php\/category\/nacionales\/"},"img":{"alt_text":"","src":"https:\/\/i0.wp.com\/lasprimeras.com.do\/wp-content\/uploads\/2024\/05\/IMG-20240506-WA0056.jpg?resize=350%2C200&ssl=1","width":350,"height":200,"srcset":"https:\/\/i0.wp.com\/lasprimeras.com.do\/wp-content\/uploads\/2024\/05\/IMG-20240506-WA0056.jpg?resize=350%2C200&ssl=1 1x, https:\/\/i0.wp.com\/lasprimeras.com.do\/wp-content\/uploads\/2024\/05\/IMG-20240506-WA0056.jpg?resize=525%2C300&ssl=1 1.5x, https:\/\/i0.wp.com\/lasprimeras.com.do\/wp-content\/uploads\/2024\/05\/IMG-20240506-WA0056.jpg?resize=700%2C400&ssl=1 2x"},"classes":[]},{"id":89860,"url":"https:\/\/lasprimeras.com.do\/index.php\/2024\/10\/06\/arrestan-a-francisco-brazoban-acusado-de-varios-delitos-en-sde\/","url_meta":{"origin":55879,"position":2},"title":"Arrestan a Francisco Brazob\u00e1n acusado de varios delitos en SDE","author":"Nelson Feliz","date":"6 de octubre de 2024","format":false,"excerpt":"Apresan hombre acusado de rapto, amenaza con arma de fuego y delito sexual contra una joven en SDE. Agentes policiales, adscritos al Departamento de Investigaci\u00f3n de Delitos Sexuales y Violencia Intrafamiliar, apresaron a Francisco Brazob\u00e1n, alias \"Chiki\" o \"Francis\", de 24 a\u00f1os, acusado de rapto, amenazas con arma de fuego\u2026","rel":"","context":"En \u00abMILITARES\u00bb","block_context":{"text":"MILITARES","link":"https:\/\/lasprimeras.com.do\/index.php\/category\/militares\/"},"img":{"alt_text":"","src":"https:\/\/i0.wp.com\/lasprimeras.com.do\/wp-content\/uploads\/2024\/06\/Esposa.jpg?resize=350%2C200&ssl=1","width":350,"height":200,"srcset":"https:\/\/i0.wp.com\/lasprimeras.com.do\/wp-content\/uploads\/2024\/06\/Esposa.jpg?resize=350%2C200&ssl=1 1x, https:\/\/i0.wp.com\/lasprimeras.com.do\/wp-content\/uploads\/2024\/06\/Esposa.jpg?resize=525%2C300&ssl=1 1.5x, https:\/\/i0.wp.com\/lasprimeras.com.do\/wp-content\/uploads\/2024\/06\/Esposa.jpg?resize=700%2C400&ssl=1 2x"},"classes":[]},{"id":79296,"url":"https:\/\/lasprimeras.com.do\/index.php\/2024\/03\/25\/policia-apresa-en-barahona-a-hombre-captado-en-video-con-pistola-en-mano-amenazando-a-otro\/","url_meta":{"origin":55879,"position":3},"title":"Polic\u00eda apresa en Barahona a hombre captado en video con pistola en mano amenazando a otro","author":"BIMARY DE JES\u00daS Matos","date":"25 de marzo de 2024","format":false,"excerpt":"Martin Restituyo Santo Domingo.-Agentes policiales, pertenecientes a la Direcci\u00f3n Central de Investigaci\u00f3n (DICRIM), apresaron un hombre que fue hecho viral en las redes sociales al ser captado en video portando un arma de fuego y retando de manera agresiva a otro a que saliera de una vivienda en la que\u2026","rel":"","context":"En \u00abNACIONALES\u00bb","block_context":{"text":"NACIONALES","link":"https:\/\/lasprimeras.com.do\/index.php\/category\/nacionales\/"},"img":{"alt_text":"","src":"https:\/\/i0.wp.com\/lasprimeras.com.do\/wp-content\/uploads\/2024\/03\/IMG-20240325-WA0023.jpg?resize=350%2C200&ssl=1","width":350,"height":200,"srcset":"https:\/\/i0.wp.com\/lasprimeras.com.do\/wp-content\/uploads\/2024\/03\/IMG-20240325-WA0023.jpg?resize=350%2C200&ssl=1 1x, https:\/\/i0.wp.com\/lasprimeras.com.do\/wp-content\/uploads\/2024\/03\/IMG-20240325-WA0023.jpg?resize=525%2C300&ssl=1 1.5x, https:\/\/i0.wp.com\/lasprimeras.com.do\/wp-content\/uploads\/2024\/03\/IMG-20240325-WA0023.jpg?resize=700%2C400&ssl=1 2x"},"classes":[]},{"id":99254,"url":"https:\/\/lasprimeras.com.do\/index.php\/2025\/05\/19\/apresan-hombre-por-portar-arma-de-fuego-ilegal-en-neyba\/","url_meta":{"origin":55879,"position":4},"title":"Apresan hombre por portar arma de fuego ilegal en Neyba","author":"Nelson Feliz","date":"19 de mayo de 2025","format":false,"excerpt":"El Departamento de Investigaciones y la unidad de patrullaje preventivo, adscritos a la Direcci\u00f3n Regional Sur de la Polic\u00eda Nacional, apreso un hombre en flagrante delito mientras portaba un arma de fuego sin la documentaci\u00f3n legal correspondiente. El detenido es Epifanio Novas, quien fue interceptado por una patrulla policial tras\u2026","rel":"","context":"En \u00abMILITARES\u00bb","block_context":{"text":"MILITARES","link":"https:\/\/lasprimeras.com.do\/index.php\/category\/militares\/"},"img":{"alt_text":"","src":"https:\/\/i0.wp.com\/lasprimeras.com.do\/wp-content\/uploads\/2025\/05\/uno.jpg?resize=350%2C200&ssl=1","width":350,"height":200,"srcset":"https:\/\/i0.wp.com\/lasprimeras.com.do\/wp-content\/uploads\/2025\/05\/uno.jpg?resize=350%2C200&ssl=1 1x, https:\/\/i0.wp.com\/lasprimeras.com.do\/wp-content\/uploads\/2025\/05\/uno.jpg?resize=525%2C300&ssl=1 1.5x"},"classes":[]},{"id":57634,"url":"https:\/\/lasprimeras.com.do\/index.php\/2023\/08\/14\/apresa-hombre-por-incidente-de-herida-de-arma-de-fuego-en-el-fundo\/","url_meta":{"origin":55879,"position":5},"title":"Apresa hombre por incidente de herida de arma de fuego en El Fundo","author":"Nelson Feliz","date":"14 de agosto de 2023","format":false,"excerpt":"Por F\u00e9lix Julio Ramirez El pasado 29 de abril de 2023, Jos\u00e9 Antonio M\u00e9ndez Brito, de 34 a\u00f1os y residente del sector El Fundo, sufri\u00f3 una herida de arma de fuego en circunstancias que ahora han sido esclarecidas por las autoridades competentes. De acuerdo con el informe m\u00e9dico proporcionado por\u2026","rel":"","context":"En \u00abMILITARES\u00bb","block_context":{"text":"MILITARES","link":"https:\/\/lasprimeras.com.do\/index.php\/category\/militares\/"},"img":{"alt_text":"","src":"","width":0,"height":0},"classes":[]}],"jetpack_sharing_enabled":true,"_links":{"self":[{"href":"https:\/\/lasprimeras.com.do\/index.php\/wp-json\/wp\/v2\/posts\/55879","targetHints":{"allow":["GET"]}}],"collection":[{"href":"https:\/\/lasprimeras.com.do\/index.php\/wp-json\/wp\/v2\/posts"}],"about":[{"href":"https:\/\/lasprimeras.com.do\/index.php\/wp-json\/wp\/v2\/types\/post"}],"author":[{"embeddable":true,"href":"https:\/\/lasprimeras.com.do\/index.php\/wp-json\/wp\/v2\/users\/2"}],"replies":[{"embeddable":true,"href":"https:\/\/lasprimeras.com.do\/index.php\/wp-json\/wp\/v2\/comments?post=55879"}],"version-history":[{"count":1,"href":"https:\/\/lasprimeras.com.do\/index.php\/wp-json\/wp\/v2\/posts\/55879\/revisions"}],"predecessor-version":[{"id":55880,"href":"https:\/\/lasprimeras.com.do\/index.php\/wp-json\/wp\/v2\/posts\/55879\/revisions\/55880"}],"wp:featuredmedia":[{"embeddable":true,"href":"https:\/\/lasprimeras.com.do\/index.php\/wp-json\/wp\/v2\/media\/52882"}],"wp:attachment":[{"href":"https:\/\/lasprimeras.com.do\/index.php\/wp-json\/wp\/v2\/media?parent=55879"}],"wp:term":[{"taxonomy":"category","embeddable":true,"href":"https:\/\/lasprimeras.com.do\/index.php\/wp-json\/wp\/v2\/categories?post=55879"},{"taxonomy":"post_tag","embeddable":true,"href":"https:\/\/lasprimeras.com.do\/index.php\/wp-json\/wp\/v2\/tags?post=55879"}],"curies":[{"name":"wp","href":"https:\/\/api.w.org\/{rel}","templated":true}]}}