{"id":55884,"date":"2023-07-24T20:29:00","date_gmt":"2023-07-25T00:29:00","guid":{"rendered":"https:\/\/lasprimeras.com.do\/?p=55884"},"modified":"2023-07-26T08:41:24","modified_gmt":"2023-07-26T12:41:24","slug":"el-acuerdo-entre-adp-y-educacion-garantiza-aprendizaje-de-estudiantes-dice-abinader","status":"publish","type":"post","link":"https:\/\/lasprimeras.com.do\/index.php\/2023\/07\/24\/el-acuerdo-entre-adp-y-educacion-garantiza-aprendizaje-de-estudiantes-dice-abinader\/","title":{"rendered":"El acuerdo entre ADP y Educaci\u00f3n garantiza aprendizaje de estudiantes, dice Abinader"},"content":{"rendered":"\n<p><strong>En un hist\u00f3rico acuerdo entre ADP y Ministerio de Educaci\u00f3n, se garantiza aprendizaje de estudiantes; reajustar\u00e1n salarios a docentes jubilados y pensionados.<\/strong><\/p>\n\n\n\n<p>El presidente Luis Abinader encabez\u00f3 la firma de un acuerdo hist\u00f3rico entre el Ministerio de Educaci\u00f3n y la Asociaci\u00f3n Dominicana de Profesores (ADP) que persigue mejorar la calidad de la educaci\u00f3n dominicana, impactando positivamente aspectos como el respeto a los horarios de docencia, los salarios, pensiones y acceso a servicios de salud para los maestros.<\/p>\n\n\n\n<p>\u201cEs un acuerdo en que s\u00f3lo gana el pa\u00eds, donde se le lleva justicia al magisterio pero tambi\u00e9n nos lleva tranquilidad al sector educativo para que juntos podamos mejorar la educaci\u00f3n y la calidad educativa\u201d, resalt\u00f3 el jefe de Estado.<\/p>\n\n\n\n<p>En este escenario, el mandatario agradeci\u00f3 a la ADP por el trabajo en defensa de su gremio y asever\u00f3 que de este acuerdo se obtendr\u00e1n \u201cbeneficios sin precedentes\u201d para el magisterio, adem\u00e1s consider\u00f3 son bastante justos dentro de lo que el presupuesto y las circunstancias permiten en este momento.<\/p>\n\n\n\n<p>Su agradecimiento tambi\u00e9n se extendi\u00f3 al defensor del pueblo, Pablo Ulloa por su intermediaci\u00f3n en estas conversaciones, que crean el escenario para poder discutir las inquietudes que puedan surgir con miras a seguir mejorando el sector educativo, primordial para el desarrollo de nuestro pa\u00eds.<\/p>\n\n\n\n<p>\u201cEl \u00e9xito de este acuerdo es que en 15 a\u00f1os nuestros ni\u00f1os y ni\u00f1as agradezcan que todo el sector educativo se ha puesto de acuerdo para tener una mejor educaci\u00f3n\u201d, concluy\u00f3 el presidente Abinader.<\/p>\n\n\n\n<p>En el acuerdo firmado por el ministro de Educaci\u00f3n, \u00c1ngel Hern\u00e1ndez, y el presidente de la ADP, Eduardo Hidalgo, este lunes en el Palacio Nacional, el MINERD y la ADP se comprometen a garantizar de manera efectiva el cumplimiento del calendario y el horario escolar en todos los centros educativos p\u00fablicos del pa\u00eds, evitando toda acci\u00f3n que atente contra el proceso de aprendizaje de los estudiantes.<\/p>\n\n\n\n<p>Esto ser\u00e1 asumido por las direcciones regionales, distritales, de centros y por las Asociaciones de Padres, Madres y Amigos de la Escuela (APMAE).<\/p>\n\n\n\n<p>Asimismo apoyar\u00e1n el Programa de Ampliaci\u00f3n de la cobertura y la calidad en el Segundo Ciclo del Nivel Inicial, de tres a cinco a\u00f1os; el de Alfabetizaci\u00f3n Inicial en la etapa oportuna dirigido a mejorar la lectura, escritura y matem\u00e1tica en el Primer Ciclo de Educaci\u00f3n Primaria; y todas las iniciativas pedag\u00f3gicas, de transformaci\u00f3n y modernizaci\u00f3n institucional que se impulsan desde el Minerd para superar las brechas en el aprendizaje.<\/p>\n\n\n\n<p>De igual forma se acord\u00f3 el incremento del salario a maestros jubilados y pensionados que se realizar\u00e1 de manera escalonada a partir de este 2023, la reorganizaci\u00f3n de personal y el fortalecimiento de las mesas de di\u00e1logo para consensuar las soluciones a los problemas de la educaci\u00f3n.<\/p>\n\n\n\n<p>El MINERD tambi\u00e9n asume el compromiso de realizar un incremento salarial a los docentes del Sistema Educativo Dominicano Preuniversitario en el a\u00f1o 2024, cuyo porcentaje y aplicaci\u00f3n ser\u00e1n discutidos en ese mismo a\u00f1o, as\u00ed como la creaci\u00f3n de un incentivo a los directores de centros.<\/p>\n\n\n\n<p>Entre otros puntos, se acord\u00f3 la construcci\u00f3n de dos hospitales, uno en la regi\u00f3n Sur y otro en la regi\u00f3n Este del pa\u00eds, construidos y administrados por el Servicio Nacional de Salud (SNS), y apoyar el desarrollo de cinco centros recreativos magisteriales.<\/p>\n\n\n\n<p>Para el monitoreo y evaluaci\u00f3n del cumplimiento de todas las iniciativas, las partes se comprometen a crear diversas comisiones bilaterales de car\u00e1cter permanente y reconocen al Defensor del Pueblo conforme con su mandato misional, su calidad de mediador y veedor del cumplimiento de los pactado.<\/p>\n","protected":false},"excerpt":{"rendered":"<p>En un hist\u00f3rico acuerdo entre ADP y Ministerio de Educaci\u00f3n, se garantiza aprendizaje de estudiantes; reajustar\u00e1n salarios a docentes jubilados y pensionados. El presidente Luis Abinader encabez\u00f3 la firma de&hellip;<\/p>\n","protected":false},"author":2,"featured_media":55885,"comment_status":"open","ping_status":"open","sticky":false,"template":"","format":"standard","meta":{"content-type":"","jetpack_post_was_ever_published":false,"_jetpack_newsletter_access":"","_jetpack_dont_email_post_to_subs":false,"_jetpack_newsletter_tier_id":0,"_jetpack_memberships_contains_paywalled_content":false,"_jetpack_memberships_contains_paid_content":false,"footnotes":""},"categories":[35,25],"tags":[521,443,4078,5345,5344],"class_list":["post-55884","post","type-post","status-publish","format-standard","has-post-thumbnail","hentry","category-nacionales","category-portada","tag-acuerdo","tag-justicia","tag-magisterio","tag-sector-educativo","tag-tranquilidad"],"jetpack_featured_media_url":"https:\/\/lasprimeras.com.do\/wp-content\/uploads\/2023\/07\/Luis-Abinader-5.jpg","jetpack-related-posts":[{"id":124789,"url":"https:\/\/lasprimeras.com.do\/index.php\/2026\/03\/17\/adp-convoca-primer-congreso-pedagogico-la-educacion-dominicana-desde-el-magisterio\/","url_meta":{"origin":55884,"position":0},"title":"ADP convoca Primer Congreso Pedag\u00f3gico: La educaci\u00f3n dominicana desde el magisterio","author":"Nelson Feliz","date":"17 de marzo de 2026","format":false,"excerpt":"El Comit\u00e9 Ejecutivo Nacional de la Asociaci\u00f3n Dominicana de Profesores (ADP), anunci\u00f3 la realizaci\u00f3n del Primer Congreso Pedag\u00f3gico bajo el tema: La Educaci\u00f3n Dominicana Pensada Desde el Magisterio. El secretario de Educaci\u00f3n Superior, Ciencia y Tecnolog\u00eda del Comit\u00e9 Ejecutivo Nacional de la Asociaci\u00f3n Dominicana de Profesores, Rafael F\u00e9liz explic\u00f3, que\u2026","rel":"","context":"En \u00abNACIONALES\u00bb","block_context":{"text":"NACIONALES","link":"https:\/\/lasprimeras.com.do\/index.php\/category\/nacionales\/"},"img":{"alt_text":"Rafael F\u00e9liz","src":"https:\/\/i0.wp.com\/lasprimeras.com.do\/wp-content\/uploads\/2026\/03\/Rafael-Feliz.jpg?resize=350%2C200&ssl=1","width":350,"height":200,"srcset":"https:\/\/i0.wp.com\/lasprimeras.com.do\/wp-content\/uploads\/2026\/03\/Rafael-Feliz.jpg?resize=350%2C200&ssl=1 1x, https:\/\/i0.wp.com\/lasprimeras.com.do\/wp-content\/uploads\/2026\/03\/Rafael-Feliz.jpg?resize=525%2C300&ssl=1 1.5x, https:\/\/i0.wp.com\/lasprimeras.com.do\/wp-content\/uploads\/2026\/03\/Rafael-Feliz.jpg?resize=700%2C400&ssl=1 2x"},"classes":[]},{"id":127592,"url":"https:\/\/lasprimeras.com.do\/index.php\/2026\/04\/13\/de-camps-reafirma-compromiso-con-el-magisterio-y-la-educacion\/","url_meta":{"origin":55884,"position":1},"title":"De Camps reafirma compromiso con el magisterio y la educaci\u00f3n","author":"Nelson Feliz","date":"13 de abril de 2026","format":false,"excerpt":"Al conmemorarse hoy el 56 aniversario de la Asociaci\u00f3n Dominicana de Profesores (ADP), el ministro de Educaci\u00f3n, Luis Miguel De Camps, reafirm\u00f3 la importancia del gremio docente como actor clave del sistema educativo y reiter\u00f3 la importancia de mantener una agenda com\u00fan basada en el di\u00e1logo, la corresponsabilidad y los\u2026","rel":"","context":"En \u00abNACIONALES\u00bb","block_context":{"text":"NACIONALES","link":"https:\/\/lasprimeras.com.do\/index.php\/category\/nacionales\/"},"img":{"alt_text":"Luis Miguel De Camps","src":"https:\/\/i0.wp.com\/lasprimeras.com.do\/wp-content\/uploads\/2026\/04\/Luis-Miguel-De-Camps-1.jpg?resize=350%2C200&ssl=1","width":350,"height":200,"srcset":"https:\/\/i0.wp.com\/lasprimeras.com.do\/wp-content\/uploads\/2026\/04\/Luis-Miguel-De-Camps-1.jpg?resize=350%2C200&ssl=1 1x, https:\/\/i0.wp.com\/lasprimeras.com.do\/wp-content\/uploads\/2026\/04\/Luis-Miguel-De-Camps-1.jpg?resize=525%2C300&ssl=1 1.5x, https:\/\/i0.wp.com\/lasprimeras.com.do\/wp-content\/uploads\/2026\/04\/Luis-Miguel-De-Camps-1.jpg?resize=700%2C400&ssl=1 2x"},"classes":[]},{"id":54633,"url":"https:\/\/lasprimeras.com.do\/index.php\/2023\/07\/12\/gobierno-y-adp-anunciaran-gran-acuerdo-en-favor-de-la-educacion-dominicana\/","url_meta":{"origin":55884,"position":2},"title":"Gobierno y ADP anunciar\u00e1n &#8220;gran acuerdo&#8221; en favor de la educaci\u00f3n dominicana","author":"Nelson Feliz","date":"12 de julio de 2023","format":false,"excerpt":"Las partes socializaron 10 puntos sobre la educaci\u00f3n y condici\u00f3n de los docentes. Tras varias reuniones en las que se debat\u00edan 10 puntos claves, el Ministerio de Educaci\u00f3n (Minerd) y la Asociaci\u00f3n Dominicana de Profesores (ADP) arribaron la tarde de este mi\u00e9rcoles a un \"gran acuerdo\" con el objetivo de\u2026","rel":"","context":"En \u00abNACIONALES\u00bb","block_context":{"text":"NACIONALES","link":"https:\/\/lasprimeras.com.do\/index.php\/category\/nacionales\/"},"img":{"alt_text":"Presidente de la Asociaci\u00f3n Dominicana de Profesores (ADP), Eduardo Hidalgo.","src":"https:\/\/i0.wp.com\/lasprimeras.com.do\/wp-content\/uploads\/2023\/06\/Eduardo-Hidalgo.jpeg?resize=350%2C200&ssl=1","width":350,"height":200,"srcset":"https:\/\/i0.wp.com\/lasprimeras.com.do\/wp-content\/uploads\/2023\/06\/Eduardo-Hidalgo.jpeg?resize=350%2C200&ssl=1 1x, https:\/\/i0.wp.com\/lasprimeras.com.do\/wp-content\/uploads\/2023\/06\/Eduardo-Hidalgo.jpeg?resize=525%2C300&ssl=1 1.5x, https:\/\/i0.wp.com\/lasprimeras.com.do\/wp-content\/uploads\/2023\/06\/Eduardo-Hidalgo.jpeg?resize=700%2C400&ssl=1 2x"},"classes":[]},{"id":109943,"url":"https:\/\/lasprimeras.com.do\/index.php\/2025\/09\/23\/adp-defiende-la-educacion-publica-y-el-derecho-de-los-estudiantes\/","url_meta":{"origin":55884,"position":3},"title":"ADP defiende la educaci\u00f3n p\u00fablica y el derecho de los estudiantes","author":"Nelson Feliz","date":"23 de septiembre de 2025","format":false,"excerpt":"La ADP alza su voz frente a: La corrupci\u00f3n. La privatizaci\u00f3n. El abandono del sistema educativo. Los graves problemas educativos. Y propone medidas para enfrentar la crisis educativa. \u201cEl 10% de los estudiantes inscritos en escuelas p\u00fablicas no pudieron iniciar clases el 25 de agosto por falta de condiciones m\u00ednimas,\u2026","rel":"","context":"En \u00abNACIONALES\u00bb","block_context":{"text":"NACIONALES","link":"https:\/\/lasprimeras.com.do\/index.php\/category\/nacionales\/"},"img":{"alt_text":"","src":"https:\/\/i0.wp.com\/lasprimeras.com.do\/wp-content\/uploads\/2025\/09\/ADP-1.jpg?resize=350%2C200&ssl=1","width":350,"height":200,"srcset":"https:\/\/i0.wp.com\/lasprimeras.com.do\/wp-content\/uploads\/2025\/09\/ADP-1.jpg?resize=350%2C200&ssl=1 1x, https:\/\/i0.wp.com\/lasprimeras.com.do\/wp-content\/uploads\/2025\/09\/ADP-1.jpg?resize=525%2C300&ssl=1 1.5x, https:\/\/i0.wp.com\/lasprimeras.com.do\/wp-content\/uploads\/2025\/09\/ADP-1.jpg?resize=700%2C400&ssl=1 2x"},"classes":[]},{"id":124987,"url":"https:\/\/lasprimeras.com.do\/index.php\/2026\/03\/18\/adp-realiza-primer-%c2%a8congreso-pedagogico%c2%a8-en-la-romana\/","url_meta":{"origin":55884,"position":4},"title":"ADP realiza primer \u00a8Congreso Pedag\u00f3gico\u00a8 en La Romana","author":"Nelson Feliz","date":"18 de marzo de 2026","format":false,"excerpt":"La Asociaci\u00f3n Dominicana de Profesores (ADP) imparti\u00f3 este mi\u00e9rcoles a los docentes del pa\u00eds a participar en un congreso pedag\u00f3gico bajo el tema: La Educaci\u00f3n Dominica, pensada desde el magisterio* el marco de las juntas pedag\u00f3gicas que se desarrollan en la jornada de hoy La iniciativa gener\u00f3 diversas opiniones entre\u2026","rel":"","context":"En \u00abNACIONALES\u00bb","block_context":{"text":"NACIONALES","link":"https:\/\/lasprimeras.com.do\/index.php\/category\/nacionales\/"},"img":{"alt_text":"","src":"https:\/\/i0.wp.com\/lasprimeras.com.do\/wp-content\/uploads\/2026\/03\/Profesores.jpg?resize=350%2C200&ssl=1","width":350,"height":200,"srcset":"https:\/\/i0.wp.com\/lasprimeras.com.do\/wp-content\/uploads\/2026\/03\/Profesores.jpg?resize=350%2C200&ssl=1 1x, https:\/\/i0.wp.com\/lasprimeras.com.do\/wp-content\/uploads\/2026\/03\/Profesores.jpg?resize=525%2C300&ssl=1 1.5x, https:\/\/i0.wp.com\/lasprimeras.com.do\/wp-content\/uploads\/2026\/03\/Profesores.jpg?resize=700%2C400&ssl=1 2x"},"classes":[]},{"id":52826,"url":"https:\/\/lasprimeras.com.do\/index.php\/2023\/06\/21\/abinader-impulsa-acuerdo-nacional-entre-adp-y-educacion\/","url_meta":{"origin":55884,"position":5},"title":"Abinader impulsa acuerdo nacional entre ADP y Educaci\u00f3n","author":"Nelson Feliz","date":"21 de junio de 2023","format":false,"excerpt":"El presidente Luis Abinader se reuni\u00f3 con los directivos de la Asociaci\u00f3n Dominicana de Profesores (ADP) Eduardo Hidalgo y el ministro de Educaci\u00f3n \u00c1ngel Hern\u00e1ndez e insta a un gran acuerdo nacional. La informaci\u00f3n la ofreci\u00f3 el Defensor del Pueblo, Pablo Ulloa, al finalizar la reuni\u00f3n de dos horas realizada\u2026","rel":"","context":"En \u00abNACIONALES\u00bb","block_context":{"text":"NACIONALES","link":"https:\/\/lasprimeras.com.do\/index.php\/category\/nacionales\/"},"img":{"alt_text":"Luis Abinader","src":"https:\/\/i0.wp.com\/lasprimeras.com.do\/wp-content\/uploads\/2023\/06\/Luis-Abinader-5.jpg?resize=350%2C200&ssl=1","width":350,"height":200,"srcset":"https:\/\/i0.wp.com\/lasprimeras.com.do\/wp-content\/uploads\/2023\/06\/Luis-Abinader-5.jpg?resize=350%2C200&ssl=1 1x, https:\/\/i0.wp.com\/lasprimeras.com.do\/wp-content\/uploads\/2023\/06\/Luis-Abinader-5.jpg?resize=525%2C300&ssl=1 1.5x, https:\/\/i0.wp.com\/lasprimeras.com.do\/wp-content\/uploads\/2023\/06\/Luis-Abinader-5.jpg?resize=700%2C400&ssl=1 2x"},"classes":[]}],"jetpack_sharing_enabled":true,"_links":{"self":[{"href":"https:\/\/lasprimeras.com.do\/index.php\/wp-json\/wp\/v2\/posts\/55884","targetHints":{"allow":["GET"]}}],"collection":[{"href":"https:\/\/lasprimeras.com.do\/index.php\/wp-json\/wp\/v2\/posts"}],"about":[{"href":"https:\/\/lasprimeras.com.do\/index.php\/wp-json\/wp\/v2\/types\/post"}],"author":[{"embeddable":true,"href":"https:\/\/lasprimeras.com.do\/index.php\/wp-json\/wp\/v2\/users\/2"}],"replies":[{"embeddable":true,"href":"https:\/\/lasprimeras.com.do\/index.php\/wp-json\/wp\/v2\/comments?post=55884"}],"version-history":[{"count":1,"href":"https:\/\/lasprimeras.com.do\/index.php\/wp-json\/wp\/v2\/posts\/55884\/revisions"}],"predecessor-version":[{"id":55886,"href":"https:\/\/lasprimeras.com.do\/index.php\/wp-json\/wp\/v2\/posts\/55884\/revisions\/55886"}],"wp:featuredmedia":[{"embeddable":true,"href":"https:\/\/lasprimeras.com.do\/index.php\/wp-json\/wp\/v2\/media\/55885"}],"wp:attachment":[{"href":"https:\/\/lasprimeras.com.do\/index.php\/wp-json\/wp\/v2\/media?parent=55884"}],"wp:term":[{"taxonomy":"category","embeddable":true,"href":"https:\/\/lasprimeras.com.do\/index.php\/wp-json\/wp\/v2\/categories?post=55884"},{"taxonomy":"post_tag","embeddable":true,"href":"https:\/\/lasprimeras.com.do\/index.php\/wp-json\/wp\/v2\/tags?post=55884"}],"curies":[{"name":"wp","href":"https:\/\/api.w.org\/{rel}","templated":true}]}}