{"id":55893,"date":"2023-07-26T11:20:02","date_gmt":"2023-07-26T15:20:02","guid":{"rendered":"https:\/\/lasprimeras.com.do\/?p=55893"},"modified":"2023-07-26T11:20:04","modified_gmt":"2023-07-26T15:20:04","slug":"apresan-individuo-con-chaleco-y-armamento-ilegal-en-san-cristobal","status":"publish","type":"post","link":"https:\/\/lasprimeras.com.do\/index.php\/2023\/07\/26\/apresan-individuo-con-chaleco-y-armamento-ilegal-en-san-cristobal\/","title":{"rendered":"Apresan individuo con chaleco y armamento ilegal en San Crist\u00f3bal"},"content":{"rendered":"\n<p>Agentes de la Direcci\u00f3n Regional San Crist\u00f3bal de la Polic\u00eda Nacional bajo el liderazgo del coronel Jes\u00fas R. Tejada Tejada, llevaron a cabo un exitoso operativo que condujo al arresto de un individuo involucrado en actividades il\u00edcitas.<\/p>\n\n\n\n<p>El detenido, identificado como Dauris Adames Paniagua, de 31 a\u00f1os y residente en el sector de Madre Vieja Norte en San Crist\u00f3bal, fue detenido por porte ilegal de arma de fuego.<\/p>\n\n\n\n<p>Los hechos ocurrieron en la calle Principal de Playa Linda, en el referido sector, a quien se detect\u00f3 comportamiento sospechoso en el individuo, lo que llev\u00f3 a realizar una revisi\u00f3n corporal.<\/p>\n\n\n\n<p>Durante la requisa, se encontr\u00f3 en su posesi\u00f3n un arma de fuego de marca Carandai, calibre 9 MM, de color Niquelado Oscuro, con numeraci\u00f3n No. G30816, acompa\u00f1ada de dos cargadores, uno niquelado de 30 c\u00e1psulas y otro negro de 13 c\u00e1psulas, as\u00ed como 08 c\u00e1psulas adicionales calibre 9 MM.<\/p>\n\n\n\n<p>Cabe destacar que el detenido no pudo presentar documentaci\u00f3n legal para el porte de dicha arma, lo que agrav\u00f3 su situaci\u00f3n legal.<\/p>\n\n\n\n<p>Adem\u00e1s del arma de fuego ilegal, se incaut\u00f3 un chaleco antibalas de color Negro, lo que suscita a\u00fan m\u00e1s inquietudes acerca de las actividades en las que el individuo podr\u00eda estar involucrado.<\/p>\n\n\n\n<p>En vista de los evidentes indicios de flagrancia y la posesi\u00f3n de pertrecho militar sin autorizaci\u00f3n, el nombrado Dauris Adames Paniagua fue trasladado a las instalaciones del Cuartel General de la Polic\u00eda Nacional en San Crist\u00f3bal para continuar con el debido proceso judicial.<\/p>\n\n\n\n<p>El coronel Tejada Tejada, reitera su compromiso con la seguridad de la comunidad y continuar\u00e1 trabajando incansablemente para prevenir y combatir la criminalidad en todas sus formas. La colaboraci\u00f3n ciudadana es fundamental para mantener la paz y el orden en nuestra sociedad.<\/p>\n","protected":false},"excerpt":{"rendered":"<p>Agentes de la Direcci\u00f3n Regional San Crist\u00f3bal de la Polic\u00eda Nacional bajo el liderazgo del coronel Jes\u00fas R. Tejada Tejada, llevaron a cabo un exitoso operativo que condujo al arresto&hellip;<\/p>\n","protected":false},"author":2,"featured_media":55894,"comment_status":"open","ping_status":"open","sticky":false,"template":"","format":"standard","meta":{"content-type":"","jetpack_post_was_ever_published":false,"_jetpack_newsletter_access":"","_jetpack_dont_email_post_to_subs":false,"_jetpack_newsletter_tier_id":0,"_jetpack_memberships_contains_paywalled_content":false,"_jetpack_memberships_contains_paid_content":false,"footnotes":""},"categories":[3057],"tags":[5351,5350,3966,5349,1157,651],"class_list":["post-55893","post","type-post","status-publish","format-standard","has-post-thumbnail","hentry","category-militares","tag-armamento-ilegal","tag-chaleco","tag-criminalidad","tag-individuo","tag-policia-nacional","tag-san-cristobal"],"jetpack_featured_media_url":"https:\/\/lasprimeras.com.do\/wp-content\/uploads\/2023\/07\/preso.jpg","jetpack-related-posts":[{"id":48448,"url":"https:\/\/lasprimeras.com.do\/index.php\/2023\/05\/01\/policia-de-yaguate-apresa-hombre-con-arma-tipo-belico-ilegal\/","url_meta":{"origin":55893,"position":0},"title":"Polic\u00eda de Yaguate apresa hombre con arma tipo b\u00e9lico ilegal","author":"prenxa100","date":"1 de mayo de 2023","format":false,"excerpt":"San Crist\u00f3bal, RD.-. La Direcci\u00f3n Regional San Crist\u00f3bal de la Polic\u00eda Nacional inform\u00f3 que agentes de puesto en Yaguate ha llevado a cabo la detenci\u00f3n de un individuo identificado como Carlos Manuel G\u00f3mez M\u00e9ndez, mayor de edad, el cual portaba ilegalmente un arma de fuego tipo b\u00e9lico en la calle\u2026","rel":"","context":"En \u00abNACIONALES\u00bb","block_context":{"text":"NACIONALES","link":"https:\/\/lasprimeras.com.do\/index.php\/category\/nacionales\/"},"img":{"alt_text":"","src":"","width":0,"height":0},"classes":[]},{"id":50760,"url":"https:\/\/lasprimeras.com.do\/index.php\/2023\/05\/23\/pn-reporta-la-muerte-de-un-hombre-por-herida-de-arma-de-fuego\/","url_meta":{"origin":55893,"position":1},"title":"PN reporta la muerte de un hombre por herida de arma de fuego","author":"prenxa100","date":"23 de mayo de 2023","format":false,"excerpt":"San Crist\u00f3bal.-.La Direcci\u00f3n Regional de San Crist\u00f3bal de la Polic\u00eda Nacional inform\u00f3 sobre un tr\u00e1gico incidente que tuvo lugar en el Hospital Juan Pablo Pina de San Crist\u00f3bal, en donde se llev\u00f3 a cabo el ingreso de un individuo fallecido a causa de una herida de proyectil de arma de\u2026","rel":"","context":"En \u00abNACIONALES\u00bb","block_context":{"text":"NACIONALES","link":"https:\/\/lasprimeras.com.do\/index.php\/category\/nacionales\/"},"img":{"alt_text":"","src":"","width":0,"height":0},"classes":[]},{"id":61290,"url":"https:\/\/lasprimeras.com.do\/index.php\/2023\/09\/25\/apresan-en-flagrante-delito-dos-individuos-por-trafico-de-drogas-en-bani\/","url_meta":{"origin":55893,"position":2},"title":"Apresan en flagrante delito dos individuos por tr\u00e1fico de drogas en Bani","author":"Nelson Feliz","date":"25 de septiembre de 2023","format":false,"excerpt":"Ocupan arma de fabricaci\u00f3n casera. Por Mart\u00edn Restituyo La Subdirecci\u00f3n de Investigaci\u00f3n de la Polic\u00eda Nacional y los miembros de la Polic\u00eda Preventiva capturar\u00f3n en flagrante delito a dos individuos involucrados en actividades ilegales en la ciudad de Bani. Los detenidos fueron identificados como Juan Jos\u00e9 Arias, de 21 a\u00f1os,\u2026","rel":"","context":"En \u00abMILITARES\u00bb","block_context":{"text":"MILITARES","link":"https:\/\/lasprimeras.com.do\/index.php\/category\/militares\/"},"img":{"alt_text":"drogas","src":"https:\/\/i0.wp.com\/lasprimeras.com.do\/wp-content\/uploads\/2023\/09\/drogas-1.jpg?resize=350%2C200&ssl=1","width":350,"height":200,"srcset":"https:\/\/i0.wp.com\/lasprimeras.com.do\/wp-content\/uploads\/2023\/09\/drogas-1.jpg?resize=350%2C200&ssl=1 1x, https:\/\/i0.wp.com\/lasprimeras.com.do\/wp-content\/uploads\/2023\/09\/drogas-1.jpg?resize=525%2C300&ssl=1 1.5x, https:\/\/i0.wp.com\/lasprimeras.com.do\/wp-content\/uploads\/2023\/09\/drogas-1.jpg?resize=700%2C400&ssl=1 2x"},"classes":[]},{"id":74656,"url":"https:\/\/lasprimeras.com.do\/index.php\/2024\/01\/25\/otro-agresor-sexual-es-apresado-por-la-policia-en-san-cristobal\/","url_meta":{"origin":55893,"position":3},"title":"Otro agresor sexual es apresado por la Polic\u00eda en San Crist\u00f3bal","author":"BIMARY DE JES\u00daS Matos","date":"25 de enero de 2024","format":false,"excerpt":"San Crist\u00f3bal RD. \u2013 La Polic\u00eda Nacional inform\u00f3 que apres\u00f3 a un hombre que era activamente buscado por abusar sexualmente de varias mujeres en la provincia San Crist\u00f3bal, a quien, al momento de su detenci\u00f3n, se le ocup\u00f3 un arma cortopunzante y una porci\u00f3n de presunta marihuana. Se trata de\u2026","rel":"","context":"En \u00abNACIONALES\u00bb","block_context":{"text":"NACIONALES","link":"https:\/\/lasprimeras.com.do\/index.php\/category\/nacionales\/"},"img":{"alt_text":"","src":"https:\/\/i0.wp.com\/lasprimeras.com.do\/wp-content\/uploads\/2024\/01\/WhatsApp-Image-2024-01-25-at-1.42.51-PM-2.jpeg?resize=350%2C200&ssl=1","width":350,"height":200,"srcset":"https:\/\/i0.wp.com\/lasprimeras.com.do\/wp-content\/uploads\/2024\/01\/WhatsApp-Image-2024-01-25-at-1.42.51-PM-2.jpeg?resize=350%2C200&ssl=1 1x, https:\/\/i0.wp.com\/lasprimeras.com.do\/wp-content\/uploads\/2024\/01\/WhatsApp-Image-2024-01-25-at-1.42.51-PM-2.jpeg?resize=525%2C300&ssl=1 1.5x"},"classes":[]},{"id":104484,"url":"https:\/\/lasprimeras.com.do\/index.php\/2025\/07\/24\/tres-personas-detenidas-en-san-cristobal-por-delitos-diversos\/","url_meta":{"origin":55893,"position":4},"title":"Tres personas detenidas en San Crist\u00f3bal por delitos diversos","author":"Nelson Feliz","date":"24 de julio de 2025","format":false,"excerpt":"La Direcci\u00f3n Regional San Crist\u00f3bal de la Polic\u00eda Nacional detuvo tres personas por diferentes hechos durante operativos preventivos en esa provincia. En primer lugar, fue detenido Jhoset Alberto Fr\u00edas de Le\u00f3n, de 44 a\u00f1os, residente en el sector Do\u00f1a Ana, S.C., luego de ser sorprendido en el techo de una\u2026","rel":"","context":"En \u00abMILITARES\u00bb","block_context":{"text":"MILITARES","link":"https:\/\/lasprimeras.com.do\/index.php\/category\/militares\/"},"img":{"alt_text":"","src":"https:\/\/i0.wp.com\/lasprimeras.com.do\/wp-content\/uploads\/2025\/07\/PN-3.jpg?resize=350%2C200&ssl=1","width":350,"height":200,"srcset":"https:\/\/i0.wp.com\/lasprimeras.com.do\/wp-content\/uploads\/2025\/07\/PN-3.jpg?resize=350%2C200&ssl=1 1x, https:\/\/i0.wp.com\/lasprimeras.com.do\/wp-content\/uploads\/2025\/07\/PN-3.jpg?resize=525%2C300&ssl=1 1.5x, https:\/\/i0.wp.com\/lasprimeras.com.do\/wp-content\/uploads\/2025\/07\/PN-3.jpg?resize=700%2C400&ssl=1 2x"},"classes":[]},{"id":59184,"url":"https:\/\/lasprimeras.com.do\/index.php\/2023\/08\/31\/apresan-en-san-cristobal-al-nombrado-calin-zapata-mediante-orden-de-arresto\/","url_meta":{"origin":55893,"position":5},"title":"Apresan en San Crist\u00f3bal al nombrado &#8220;Calin Zapata&#8221; mediante orden de arresto","author":"Nelson Feliz","date":"31 de agosto de 2023","format":false,"excerpt":"La Direcci\u00f3n Regional San Crist\u00f3bal captur\u00f3 a Carlos Manuel Zapata Aybar, mejor conocido como \"Calin Zapata\", de 50 a\u00f1os, residente en Cambita Esterl\u00edn, San Crist\u00f3bal. Este individuo ten\u00eda en su contra la orden de arresto No. 01541-2023-AJOR-01358, emitida por el Ministerio P\u00fablico. La detenci\u00f3n de Carlos Manuel Zapata Aybar se\u2026","rel":"","context":"En \u00abMILITARES\u00bb","block_context":{"text":"MILITARES","link":"https:\/\/lasprimeras.com.do\/index.php\/category\/militares\/"},"img":{"alt_text":"preso-celda","src":"https:\/\/i0.wp.com\/lasprimeras.com.do\/wp-content\/uploads\/2023\/06\/preso-celda.jpg?resize=350%2C200&ssl=1","width":350,"height":200,"srcset":"https:\/\/i0.wp.com\/lasprimeras.com.do\/wp-content\/uploads\/2023\/06\/preso-celda.jpg?resize=350%2C200&ssl=1 1x, https:\/\/i0.wp.com\/lasprimeras.com.do\/wp-content\/uploads\/2023\/06\/preso-celda.jpg?resize=525%2C300&ssl=1 1.5x, https:\/\/i0.wp.com\/lasprimeras.com.do\/wp-content\/uploads\/2023\/06\/preso-celda.jpg?resize=700%2C400&ssl=1 2x"},"classes":[]}],"jetpack_sharing_enabled":true,"_links":{"self":[{"href":"https:\/\/lasprimeras.com.do\/index.php\/wp-json\/wp\/v2\/posts\/55893","targetHints":{"allow":["GET"]}}],"collection":[{"href":"https:\/\/lasprimeras.com.do\/index.php\/wp-json\/wp\/v2\/posts"}],"about":[{"href":"https:\/\/lasprimeras.com.do\/index.php\/wp-json\/wp\/v2\/types\/post"}],"author":[{"embeddable":true,"href":"https:\/\/lasprimeras.com.do\/index.php\/wp-json\/wp\/v2\/users\/2"}],"replies":[{"embeddable":true,"href":"https:\/\/lasprimeras.com.do\/index.php\/wp-json\/wp\/v2\/comments?post=55893"}],"version-history":[{"count":1,"href":"https:\/\/lasprimeras.com.do\/index.php\/wp-json\/wp\/v2\/posts\/55893\/revisions"}],"predecessor-version":[{"id":55895,"href":"https:\/\/lasprimeras.com.do\/index.php\/wp-json\/wp\/v2\/posts\/55893\/revisions\/55895"}],"wp:featuredmedia":[{"embeddable":true,"href":"https:\/\/lasprimeras.com.do\/index.php\/wp-json\/wp\/v2\/media\/55894"}],"wp:attachment":[{"href":"https:\/\/lasprimeras.com.do\/index.php\/wp-json\/wp\/v2\/media?parent=55893"}],"wp:term":[{"taxonomy":"category","embeddable":true,"href":"https:\/\/lasprimeras.com.do\/index.php\/wp-json\/wp\/v2\/categories?post=55893"},{"taxonomy":"post_tag","embeddable":true,"href":"https:\/\/lasprimeras.com.do\/index.php\/wp-json\/wp\/v2\/tags?post=55893"}],"curies":[{"name":"wp","href":"https:\/\/api.w.org\/{rel}","templated":true}]}}